{"id":8512,"date":"2025-12-04T15:34:33","date_gmt":"2025-12-04T14:34:33","guid":{"rendered":"https:\/\/talk.swiss\/?p=8512"},"modified":"2025-12-11T11:41:48","modified_gmt":"2025-12-11T10:41:48","slug":"talkto-retrouver-confiance-liberer-sa-parole","status":"publish","type":"post","link":"https:\/\/talk.swiss\/it\/talkto-retrouver-confiance-liberer-sa-parole\/","title":{"rendered":"TalkTo: ritrovare fiducia, liberare la parola"},"content":{"rendered":"<div data-elementor-type=\"wp-post\" data-elementor-id=\"8512\" class=\"elementor elementor-8512\" data-elementor-post-type=\"post\">\n\t\t\t\t\t\t<section class=\"elementor-section elementor-top-section elementor-element elementor-element-5921726 elementor-section-boxed elementor-section-height-default elementor-section-height-default\" data-id=\"5921726\" data-element_type=\"section\" data-e-type=\"section\">\n\t\t\t\t\t\t<div class=\"elementor-container elementor-column-gap-default\">\n\t\t\t\t\t<div class=\"elementor-column elementor-col-100 elementor-top-column elementor-element elementor-element-62fc3165\" data-id=\"62fc3165\" data-element_type=\"column\" data-e-type=\"column\">\n\t\t\t<div class=\"elementor-widget-wrap elementor-element-populated\">\n\t\t\t\t\t\t<div class=\"elementor-element elementor-element-99098ce elementor-widget elementor-widget-text-editor\" data-id=\"99098ce\" data-element_type=\"widget\" data-e-type=\"widget\" data-widget_type=\"text-editor.default\">\n\t\t\t\t<div class=\"elementor-widget-container\">\n\t\t\t\t\t\t\t\t\t<p>Di Vincent Duport<\/p>\t\t\t\t\t\t\t\t<\/div>\n\t\t\t\t<\/div>\n\t\t\t\t<div class=\"elementor-element elementor-element-5c488380 elementor-widget elementor-widget-text-editor\" data-id=\"5c488380\" data-element_type=\"widget\" data-e-type=\"widget\" data-widget_type=\"text-editor.default\">\n\t\t\t\t<div class=\"elementor-widget-container\">\n\t\t\t\t\t\t\t\t\t<p><b><span data-contrast=\"none\">Chiudere il cerchio: la parola a chi ha vissuto l'esperienza<\/span><\/b><span data-ccp-props=\"{&quot;134233117&quot;:false,&quot;134233118&quot;:false,&quot;201341983&quot;:0,&quot;335559738&quot;:240,&quot;335559739&quot;:240,&quot;335559740&quot;:278}\">\u00a0<\/span><\/p><p><span data-contrast=\"none\">Nell'ambito della nostra serie di interviste agli ex <\/span><b><span data-contrast=\"none\">partecipanti <\/span><\/b><span data-contrast=\"none\">del programma <\/span><b><span data-contrast=\"none\">TalkTo<\/span><\/b><span data-contrast=\"none\">, abbiamo incontrato <\/span><b><span data-contrast=\"none\">Battezzatore<\/span><\/b><span data-contrast=\"none\"> e <\/span><b><span data-contrast=\"none\">Eric<\/span><\/b><span data-contrast=\"none\">, due professionisti che hanno seguito la formazione la scorsa primavera, tra aprile e giugno.<\/span>\u00a0<br \/><span data-contrast=\"none\">L'intervista ripercorre il loro percorso, i momenti decisivi vissuti e l'impatto concreto del dispositivo sul loro modo di comunicare.<\/span><span data-ccp-props=\"{&quot;134233117&quot;:false,&quot;134233118&quot;:false,&quot;201341983&quot;:0,&quot;335559738&quot;:240,&quot;335559739&quot;:240,&quot;335559740&quot;:278}\">\u00a0<\/span><\/p><p><span data-contrast=\"none\">Per i futuri partecipanti, le loro testimonianze offrono una visione sincera di ci\u00f2 che si vive in TalkTo: la <\/span><b><span data-contrast=\"none\">fiducia <\/span><\/b><span data-contrast=\"none\">che sta tornando poco a poco, la <\/span><b><span data-contrast=\"none\">parola <\/span><\/b><span data-contrast=\"none\">che si libera, e il <\/span><b><span data-contrast=\"none\">collettivo <\/span><\/b><span data-contrast=\"none\">che diventa un vero e proprio sostegno nella <\/span><b><span data-contrast=\"none\">trasformazione personale e professionale<\/span><\/b><span data-contrast=\"none\">.<\/span><span data-ccp-props=\"{&quot;134233117&quot;:false,&quot;134233118&quot;:false,&quot;201341983&quot;:0,&quot;335559738&quot;:240,&quot;335559739&quot;:240,&quot;335559740&quot;:278}\">\u00a0<\/span><\/p>\t\t\t\t\t\t\t\t<\/div>\n\t\t\t\t<\/div>\n\t\t\t\t\t<\/div>\n\t\t<\/div>\n\t\t\t\t\t<\/div>\n\t\t<\/section>\n\t\t\t\t<section class=\"elementor-section elementor-top-section elementor-element elementor-element-760fdfc elementor-section-boxed elementor-section-height-default elementor-section-height-default\" data-id=\"760fdfc\" data-element_type=\"section\" data-e-type=\"section\">\n\t\t\t\t\t\t<div class=\"elementor-container elementor-column-gap-default\">\n\t\t\t\t\t<div class=\"elementor-column elementor-col-100 elementor-top-column elementor-element elementor-element-5cfeb86\" data-id=\"5cfeb86\" data-element_type=\"column\" data-e-type=\"column\">\n\t\t\t<div class=\"elementor-widget-wrap elementor-element-populated\">\n\t\t\t\t\t\t<div class=\"elementor-element elementor-element-2332cca elementor-widget elementor-widget-heading\" data-id=\"2332cca\" data-element_type=\"widget\" data-e-type=\"widget\" data-widget_type=\"heading.default\">\n\t\t\t\t<div class=\"elementor-widget-container\">\n\t\t\t\t\t<h2 class=\"elementor-heading-title elementor-size-xl\">Scopri TalkTo: dalla curiosit\u00e0 all'evidenza<\/h2>\t\t\t\t<\/div>\n\t\t\t\t<\/div>\n\t\t\t\t\t<\/div>\n\t\t<\/div>\n\t\t\t\t\t<\/div>\n\t\t<\/section>\n\t\t\t\t<section class=\"elementor-section elementor-top-section elementor-element elementor-element-fa759a3 elementor-section-boxed elementor-section-height-default elementor-section-height-default\" data-id=\"fa759a3\" data-element_type=\"section\" data-e-type=\"section\">\n\t\t\t\t\t\t<div class=\"elementor-container elementor-column-gap-default\">\n\t\t\t\t\t<div class=\"elementor-column elementor-col-100 elementor-top-column elementor-element elementor-element-9747d2f\" data-id=\"9747d2f\" data-element_type=\"column\" data-e-type=\"column\">\n\t\t\t<div class=\"elementor-widget-wrap elementor-element-populated\">\n\t\t\t\t\t\t<div class=\"elementor-element elementor-element-cf4db14 elementor-widget__width-initial elementor-widget elementor-widget-text-editor\" data-id=\"cf4db14\" data-element_type=\"widget\" data-e-type=\"widget\" data-widget_type=\"text-editor.default\">\n\t\t\t\t<div class=\"elementor-widget-container\">\n\t\t\t\t\t\t\t\t\t<p><span data-contrast=\"none\">N\u00e9 Baptiste n\u00e9 \u00c9ric conoscevano il <\/span><b><span data-contrast=\"none\">programma TalkTo, <\/span><\/b><span data-contrast=\"none\">Entrambi si sono iscritti senza particolari aspettative, semplicemente curiosi di scoprire un approccio diverso allo sviluppo professionale.<\/span><span data-ccp-props=\"{&quot;134233117&quot;:false,&quot;134233118&quot;:false,&quot;201341983&quot;:0,&quot;335559738&quot;:240,&quot;335559739&quot;:240,&quot;335559740&quot;:278}\">\u00a0<\/span><\/p><p><span data-contrast=\"none\">Baptiste spiega che stava attraversando un periodo di riflessione: aveva un obiettivo chiaro, ma sentiva che gli mancava un vero valore aggiunto, senza riuscire a identificarlo pienamente. \u00c9ric, invece, si \u00e8 lasciato convincere dalla promessa di un accompagnamento innovativo, che combinava <\/span><b><span data-contrast=\"none\">coaching umano<\/span><\/b><span data-contrast=\"none\"> e <\/span><b><span data-contrast=\"none\">strumenti digitali<\/span><\/b><span data-contrast=\"none\">.<\/span><span data-ccp-props=\"{&quot;134233117&quot;:false,&quot;134233118&quot;:false,&quot;201341983&quot;:0,&quot;335559738&quot;:240,&quot;335559739&quot;:240,&quot;335559740&quot;:278}\">\u00a0<\/span><\/p><p><span data-contrast=\"none\">Ben presto, l'esperienza supera le loro aspettative. L'accoglienza cordiale, la qualit\u00e0 del coaching e la dinamica del gruppo creano un clima di fiducia favorevole al progresso.<\/span>\u00a0<\/p>\t\t\t\t\t\t\t\t<\/div>\n\t\t\t\t<\/div>\n\t\t\t\t\t<\/div>\n\t\t<\/div>\n\t\t\t\t\t<\/div>\n\t\t<\/section>\n\t\t\t\t<section class=\"elementor-section elementor-top-section elementor-element elementor-element-df943c8 elementor-section-boxed elementor-section-height-default elementor-section-height-default\" data-id=\"df943c8\" data-element_type=\"section\" data-e-type=\"section\" data-settings=\"{&quot;background_background&quot;:&quot;classic&quot;}\">\n\t\t\t\t\t\t<div class=\"elementor-container elementor-column-gap-default\">\n\t\t\t\t\t<div class=\"elementor-column elementor-col-100 elementor-top-column elementor-element elementor-element-edb6ddd\" data-id=\"edb6ddd\" data-element_type=\"column\" data-e-type=\"column\" data-settings=\"{&quot;background_background&quot;:&quot;classic&quot;}\">\n\t\t\t<div class=\"elementor-widget-wrap elementor-element-populated\">\n\t\t\t\t\t\t<div class=\"elementor-element elementor-element-52d7881 elementor-widget elementor-widget-heading\" data-id=\"52d7881\" data-element_type=\"widget\" data-e-type=\"widget\" data-widget_type=\"heading.default\">\n\t\t\t\t<div class=\"elementor-widget-container\">\n\t\t\t\t\t<h3 class=\"elementor-heading-title elementor-size-large\">\u00abNon avevo aspettative precise, solo la curiosit\u00e0 di vedere, e alla fine \u00e8 stata una bellissima scoperta. \u00c8 una formazione che mi ha ridato la voglia di andare avanti\u00bb.\u00bb<\/h3>\t\t\t\t<\/div>\n\t\t\t\t<\/div>\n\t\t\t\t<div class=\"elementor-element elementor-element-97dcb3b elementor-widget elementor-widget-heading\" data-id=\"97dcb3b\" data-element_type=\"widget\" data-e-type=\"widget\" data-widget_type=\"heading.default\">\n\t\t\t\t<div class=\"elementor-widget-container\">\n\t\t\t\t\t<h3 class=\"elementor-heading-title elementor-size-medium\">Baptiste \u2013 partecipante<\/h3>\t\t\t\t<\/div>\n\t\t\t\t<\/div>\n\t\t\t\t\t<\/div>\n\t\t<\/div>\n\t\t\t\t\t<\/div>\n\t\t<\/section>\n\t\t\t\t<section class=\"elementor-section elementor-top-section elementor-element elementor-element-5ab85a8 elementor-section-boxed elementor-section-height-default elementor-section-height-default\" data-id=\"5ab85a8\" data-element_type=\"section\" data-e-type=\"section\">\n\t\t\t\t\t\t<div class=\"elementor-container elementor-column-gap-default\">\n\t\t\t\t\t<div class=\"elementor-column elementor-col-100 elementor-top-column elementor-element elementor-element-d0c05da\" data-id=\"d0c05da\" data-element_type=\"column\" data-e-type=\"column\">\n\t\t\t<div class=\"elementor-widget-wrap elementor-element-populated\">\n\t\t\t\t\t\t<div class=\"elementor-element elementor-element-b5c7631 elementor-widget__width-initial elementor-widget elementor-widget-text-editor\" data-id=\"b5c7631\" data-element_type=\"widget\" data-e-type=\"widget\" data-widget_type=\"text-editor.default\">\n\t\t\t\t<div class=\"elementor-widget-container\">\n\t\t\t\t\t\t\t\t\t<p><span data-contrast=\"none\">\u00c9ric ritiene che sia importante prendersi un momento per ricomporsi prima di iniziare il <\/span><b><span data-contrast=\"none\">programma TalkTo<\/span><\/b><span data-contrast=\"none\">, quanto basta per affrontarlo con mente aperta e disponibile.<\/span><span data-ccp-props=\"{&quot;134233117&quot;:false,&quot;134233118&quot;:false,&quot;201341983&quot;:0,&quot;335559738&quot;:240,&quot;335559739&quot;:240,&quot;335559740&quot;:278}\">\u00a0<\/span><\/p><p><span data-contrast=\"none\">Sottolinea inoltre quanto un accompagnamento sin dalle prime fasi di una transizione professionale consenta di trarne il massimo beneficio: ritrovare fiducia, chiarire le proprie priorit\u00e0 e <\/span><b><span data-contrast=\"none\">procedere con maggiore serenit\u00e0 nella costruzione<\/span><\/b><span data-contrast=\"none\"> del suo progetto.<\/span><span data-ccp-props=\"{&quot;134233117&quot;:false,&quot;134233118&quot;:false,&quot;201341983&quot;:0,&quot;335559738&quot;:0,&quot;335559739&quot;:160,&quot;335559740&quot;:278}\">\u00a0<\/span><\/p>\t\t\t\t\t\t\t\t<\/div>\n\t\t\t\t<\/div>\n\t\t\t\t\t<\/div>\n\t\t<\/div>\n\t\t\t\t\t<\/div>\n\t\t<\/section>\n\t\t\t\t<section class=\"elementor-section elementor-top-section elementor-element elementor-element-9df7beb elementor-section-boxed elementor-section-height-default elementor-section-height-default\" data-id=\"9df7beb\" data-element_type=\"section\" data-e-type=\"section\">\n\t\t\t\t\t\t<div class=\"elementor-container elementor-column-gap-default\">\n\t\t\t\t\t<div class=\"elementor-column elementor-col-100 elementor-top-column elementor-element elementor-element-54a3ee4\" data-id=\"54a3ee4\" data-element_type=\"column\" data-e-type=\"column\">\n\t\t\t<div class=\"elementor-widget-wrap elementor-element-populated\">\n\t\t\t\t\t\t<div class=\"elementor-element elementor-element-6655fff elementor-widget elementor-widget-heading\" data-id=\"6655fff\" data-element_type=\"widget\" data-e-type=\"widget\" data-widget_type=\"heading.default\">\n\t\t\t\t<div class=\"elementor-widget-container\">\n\t\t\t\t\t<h2 class=\"elementor-heading-title elementor-size-xl\">I momenti decisivi: una trasformazione graduale e interiore <\/h2>\t\t\t\t<\/div>\n\t\t\t\t<\/div>\n\t\t\t\t\t<\/div>\n\t\t<\/div>\n\t\t\t\t\t<\/div>\n\t\t<\/section>\n\t\t\t\t<section class=\"elementor-section elementor-top-section elementor-element elementor-element-ce5fc5f elementor-section-boxed elementor-section-height-default elementor-section-height-default\" data-id=\"ce5fc5f\" data-element_type=\"section\" data-e-type=\"section\">\n\t\t\t\t\t\t<div class=\"elementor-container elementor-column-gap-default\">\n\t\t\t\t\t<div class=\"elementor-column elementor-col-50 elementor-top-column elementor-element elementor-element-2cf4734\" data-id=\"2cf4734\" data-element_type=\"column\" data-e-type=\"column\">\n\t\t\t<div class=\"elementor-widget-wrap elementor-element-populated\">\n\t\t\t\t\t\t<div class=\"elementor-element elementor-element-6c94c2f elementor-widget elementor-widget-text-editor\" data-id=\"6c94c2f\" data-element_type=\"widget\" data-e-type=\"widget\" data-widget_type=\"text-editor.default\">\n\t\t\t\t<div class=\"elementor-widget-container\">\n\t\t\t\t\t\t\t\t\t<p><span data-contrast=\"none\">I due partecipanti descrivono momenti decisivi diversi, ma complementari.<\/span>\u00a0<br \/><span data-contrast=\"none\">Per Baptiste, la trasformazione \u00e8 stata graduale. Ogni settimana, attraverso gli esercizi, gli scambi e il feedback del gruppo, ha sentito tornare la sua fiducia.<\/span>\u00a0<br \/><span data-contrast=\"none\">\u00abGrazie alla formatrice e al gruppo, ho ritrovato la sicurezza che avevo perso\u00bb, spiega.<\/span><span data-ccp-props=\"{&quot;134233117&quot;:false,&quot;134233118&quot;:false,&quot;201341983&quot;:0,&quot;335559738&quot;:240,&quot;335559739&quot;:240,&quot;335559740&quot;:278}\">\u00a0<\/span><\/p><p>\u00a0<\/p><p><span data-contrast=\"none\">\u00c9ric, dal canto suo, parla di una vera svolta gi\u00e0 dalle prime sedute. Un esercizio incentrato sui <\/span><b><span data-contrast=\"none\">profili di comunicazione lui<\/span><\/b><span data-contrast=\"none\"> ha permesso di comprendere meglio il suo modo di funzionare e quello degli altri.<\/span>\u00a0<\/p>\t\t\t\t\t\t\t\t<\/div>\n\t\t\t\t<\/div>\n\t\t\t\t\t<\/div>\n\t\t<\/div>\n\t\t\t\t<div class=\"elementor-column elementor-col-50 elementor-top-column elementor-element elementor-element-ee9cd5e\" data-id=\"ee9cd5e\" data-element_type=\"column\" data-e-type=\"column\">\n\t\t\t<div class=\"elementor-widget-wrap elementor-element-populated\">\n\t\t\t\t\t\t<div class=\"elementor-element elementor-element-0bfb3aa elementor-widget__width-initial elementor-widget elementor-widget-video\" data-id=\"0bfb3aa\" data-element_type=\"widget\" data-e-type=\"widget\" data-settings=\"{&quot;video_type&quot;:&quot;hosted&quot;,&quot;autoplay&quot;:&quot;yes&quot;,&quot;loop&quot;:&quot;yes&quot;,&quot;play_on_mobile&quot;:&quot;yes&quot;,&quot;mute&quot;:&quot;yes&quot;}\" data-widget_type=\"video.default\">\n\t\t\t\t<div class=\"elementor-widget-container\">\n\t\t\t\t\t\t\t<div class=\"e-hosted-video elementor-wrapper elementor-open-inline\">\n\t\t\t\t\t<video class=\"elementor-video\" src=\"https:\/\/talk.swiss\/wp-content\/uploads\/2025\/12\/VISUEL_1.mp4\" autoplay=\"\" loop=\"\" muted=\"muted\" playsinline=\"\" controlslist=\"nodownload\"><\/video>\n\t\t\t\t<\/div>\n\t\t\t\t\t\t<\/div>\n\t\t\t\t<\/div>\n\t\t\t\t\t<\/div>\n\t\t<\/div>\n\t\t\t\t\t<\/div>\n\t\t<\/section>\n\t\t\t\t<section class=\"elementor-section elementor-top-section elementor-element elementor-element-cc2677b elementor-section-boxed elementor-section-height-default elementor-section-height-default\" data-id=\"cc2677b\" data-element_type=\"section\" data-e-type=\"section\">\n\t\t\t\t\t\t<div class=\"elementor-container elementor-column-gap-default\">\n\t\t\t\t\t<div class=\"elementor-column elementor-col-100 elementor-top-column elementor-element elementor-element-c83f593\" data-id=\"c83f593\" data-element_type=\"column\" data-e-type=\"column\">\n\t\t\t<div class=\"elementor-widget-wrap elementor-element-populated\">\n\t\t\t\t\t\t<div class=\"elementor-element elementor-element-e35be70 elementor-widget elementor-widget-text-editor\" data-id=\"e35be70\" data-element_type=\"widget\" data-e-type=\"widget\" data-widget_type=\"text-editor.default\">\n\t\t\t\t<div class=\"elementor-widget-container\">\n\t\t\t\t\t\t\t\t\t<p><span data-contrast=\"none\">\u00ab\u00c8 stata una rivelazione, ho iniziato a provare un enorme piacere nell'imparare, nel filmarmi, nell'esprimermi davanti alla telecamera\u00bb.\u00bb<\/span><span data-ccp-props=\"{&quot;134233117&quot;:false,&quot;134233118&quot;:false,&quot;201341983&quot;:0,&quot;335559738&quot;:240,&quot;335559739&quot;:240,&quot;335559740&quot;:278}\">\u00a0<\/span><\/p><p><span data-contrast=\"none\">Da allora, questa consapevolezza continua ad alimentare la sua pratica professionale. Dice di applicare quotidianamente ci\u00f2 che ha scoperto nel <\/span><b><span data-contrast=\"none\">programma TalkTo<\/span><\/b><span data-contrast=\"none\"> : una comunicazione pi\u00f9 consapevole, un ascolto pi\u00f9 attento e un sincero piacere nell'accompagnare gli altri nel loro percorso di crescita.<\/span><span data-ccp-props=\"{&quot;134233117&quot;:false,&quot;134233118&quot;:false,&quot;201341983&quot;:0,&quot;335559738&quot;:240,&quot;335559739&quot;:240,&quot;335559740&quot;:278}\">\u00a0<\/span><\/p>\t\t\t\t\t\t\t\t<\/div>\n\t\t\t\t<\/div>\n\t\t\t\t\t<\/div>\n\t\t<\/div>\n\t\t\t\t\t<\/div>\n\t\t<\/section>\n\t\t\t\t<section class=\"elementor-section elementor-top-section elementor-element elementor-element-bb1d37e elementor-section-boxed elementor-section-height-default elementor-section-height-default\" data-id=\"bb1d37e\" data-element_type=\"section\" data-e-type=\"section\">\n\t\t\t\t\t\t<div class=\"elementor-container elementor-column-gap-default\">\n\t\t\t\t\t<div class=\"elementor-column elementor-col-100 elementor-top-column elementor-element elementor-element-0e8b595\" data-id=\"0e8b595\" data-element_type=\"column\" data-e-type=\"column\">\n\t\t\t<div class=\"elementor-widget-wrap elementor-element-populated\">\n\t\t\t\t\t\t<div class=\"elementor-element elementor-element-3bf89d5 elementor-widget elementor-widget-heading\" data-id=\"3bf89d5\" data-element_type=\"widget\" data-e-type=\"widget\" data-widget_type=\"heading.default\">\n\t\t\t\t<div class=\"elementor-widget-container\">\n\t\t\t\t\t<h2 class=\"elementor-heading-title elementor-size-xl\">Ritrovare la fiducia e riappropriarsi della propria comunicazione <\/h2>\t\t\t\t<\/div>\n\t\t\t\t<\/div>\n\t\t\t\t\t<\/div>\n\t\t<\/div>\n\t\t\t\t\t<\/div>\n\t\t<\/section>\n\t\t\t\t<section class=\"elementor-section elementor-top-section elementor-element elementor-element-59c0f3b elementor-section-boxed elementor-section-height-default elementor-section-height-default\" data-id=\"59c0f3b\" data-element_type=\"section\" data-e-type=\"section\">\n\t\t\t\t\t\t<div class=\"elementor-container elementor-column-gap-default\">\n\t\t\t\t\t<div class=\"elementor-column elementor-col-50 elementor-top-column elementor-element elementor-element-d1c37b0\" data-id=\"d1c37b0\" data-element_type=\"column\" data-e-type=\"column\">\n\t\t\t<div class=\"elementor-widget-wrap elementor-element-populated\">\n\t\t\t\t\t\t<div class=\"elementor-element elementor-element-56d4d2b elementor-widget__width-initial elementor-widget elementor-widget-video\" data-id=\"56d4d2b\" data-element_type=\"widget\" data-e-type=\"widget\" data-settings=\"{&quot;video_type&quot;:&quot;hosted&quot;,&quot;autoplay&quot;:&quot;yes&quot;,&quot;loop&quot;:&quot;yes&quot;,&quot;play_on_mobile&quot;:&quot;yes&quot;,&quot;mute&quot;:&quot;yes&quot;}\" data-widget_type=\"video.default\">\n\t\t\t\t<div class=\"elementor-widget-container\">\n\t\t\t\t\t\t\t<div class=\"e-hosted-video elementor-wrapper elementor-open-inline\">\n\t\t\t\t\t<video class=\"elementor-video\" src=\"https:\/\/talk.swiss\/wp-content\/uploads\/2025\/12\/VISUEL_2.mp4\" autoplay=\"\" loop=\"\" muted=\"muted\" playsinline=\"\" controlslist=\"nodownload\"><\/video>\n\t\t\t\t<\/div>\n\t\t\t\t\t\t<\/div>\n\t\t\t\t<\/div>\n\t\t\t\t\t<\/div>\n\t\t<\/div>\n\t\t\t\t<div class=\"elementor-column elementor-col-50 elementor-top-column elementor-element elementor-element-4b54cf6\" data-id=\"4b54cf6\" data-element_type=\"column\" data-e-type=\"column\">\n\t\t\t<div class=\"elementor-widget-wrap elementor-element-populated\">\n\t\t\t\t\t\t<div class=\"elementor-element elementor-element-3607f01 elementor-widget__width-initial elementor-widget elementor-widget-text-editor\" data-id=\"3607f01\" data-element_type=\"widget\" data-e-type=\"widget\" data-widget_type=\"text-editor.default\">\n\t\t\t\t<div class=\"elementor-widget-container\">\n\t\t\t\t\t\t\t\t\t<p><span data-contrast=\"none\">Entrambi parlano di un impatto duraturo sul loro modo di comunicare.<\/span>\u00a0<br \/><span data-contrast=\"none\">Baptiste spiega che il cambiamento pi\u00f9 grande \u00e8 stata la ritrovata sicurezza nell'esprimersi oralmente. Imparare a modulare la voce, strutturare il discorso ed esprimere le proprie idee con chiarezza gli ha ridato sicurezza nei rapporti professionali.<\/span>\u00a0<br \/><span data-contrast=\"none\">\u00abSono competenze sottovalutate, ma che cambiano tutto.\u00bb<\/span><span data-ccp-props=\"{&quot;134233117&quot;:false,&quot;134233118&quot;:false,&quot;201341983&quot;:0,&quot;335559738&quot;:240,&quot;335559739&quot;:240,&quot;335559740&quot;:278}\">\u00a0<\/span><\/p><p>\u00a0<\/p><p><span data-contrast=\"none\">\u00c9ric sottolinea invece che il <\/span><b><span data-contrast=\"none\">programma TalkTo<\/span><\/b><span data-contrast=\"none\"> gli ha permesso di conoscersi meglio e di acquisire maggiore coerenza.<\/span>\u00a0<br \/><span data-contrast=\"none\">\u00abHo imparato a strutturare le mie idee, a dare un senso a ci\u00f2 che dico e a farlo con maggiore naturalezza\u00bb, racconta.<\/span><\/p>\t\t\t\t\t\t\t\t<\/div>\n\t\t\t\t<\/div>\n\t\t\t\t\t<\/div>\n\t\t<\/div>\n\t\t\t\t\t<\/div>\n\t\t<\/section>\n\t\t\t\t<section class=\"elementor-section elementor-top-section elementor-element elementor-element-d2a009a elementor-section-boxed elementor-section-height-default elementor-section-height-default\" data-id=\"d2a009a\" data-element_type=\"section\" data-e-type=\"section\">\n\t\t\t\t\t\t<div class=\"elementor-container elementor-column-gap-default\">\n\t\t\t\t\t<div class=\"elementor-column elementor-col-100 elementor-top-column elementor-element elementor-element-d97f764\" data-id=\"d97f764\" data-element_type=\"column\" data-e-type=\"column\">\n\t\t\t<div class=\"elementor-widget-wrap elementor-element-populated\">\n\t\t\t\t\t\t<div class=\"elementor-element elementor-element-e799c01 elementor-widget elementor-widget-text-editor\" data-id=\"e799c01\" data-element_type=\"widget\" data-e-type=\"widget\" data-widget_type=\"text-editor.default\">\n\t\t\t\t<div class=\"elementor-widget-container\">\n\t\t\t\t\t\t\t\t\t<p><span data-contrast=\"none\">L'impatto si \u00e8 fatto sentire rapidamente. Grazie al programma, \u00c9ric ha trovato un modo pi\u00f9 giusto e autentico di presentarsi.<\/span>\u00a0<br \/><span data-contrast=\"none\">La <\/span><b><span data-contrast=\"none\">video finale<\/span><\/b><span data-contrast=\"none\">, realizzata alla fine del percorso, ha particolarmente colpito i suoi interlocutori. Questo esercizio, una breve presentazione filmata di s\u00e9 stessi, permette di <\/span><b><span data-contrast=\"none\">mettere in risalto i propri punti di forza e il proprio percorso professionale da una prospettiva originale<\/span><\/b><span data-contrast=\"none\">, mentre <\/span><b><span data-contrast=\"none\">attirando l'attenzione e lasciando il segno<\/span><\/b><span data-contrast=\"none\">.<\/span>\u00a0<br \/><span data-contrast=\"none\">\u00abMi hanno detto: una presentazione cos\u00ec chiara e naturale, si distingue dalla massa.\u00bb<\/span><span data-ccp-props=\"{&quot;134233117&quot;:false,&quot;134233118&quot;:false,&quot;201341983&quot;:0,&quot;335559738&quot;:240,&quot;335559739&quot;:240,&quot;335559740&quot;:278}\">\u00a0<\/span><\/p>\t\t\t\t\t\t\t\t<\/div>\n\t\t\t\t<\/div>\n\t\t\t\t\t<\/div>\n\t\t<\/div>\n\t\t\t\t\t<\/div>\n\t\t<\/section>\n\t\t\t\t<section class=\"elementor-section elementor-top-section elementor-element elementor-element-e7df301 elementor-section-boxed elementor-section-height-default elementor-section-height-default\" data-id=\"e7df301\" data-element_type=\"section\" data-e-type=\"section\">\n\t\t\t\t\t\t<div class=\"elementor-container elementor-column-gap-default\">\n\t\t\t\t\t<div class=\"elementor-column elementor-col-100 elementor-top-column elementor-element elementor-element-6079914\" data-id=\"6079914\" data-element_type=\"column\" data-e-type=\"column\">\n\t\t\t<div class=\"elementor-widget-wrap elementor-element-populated\">\n\t\t\t\t\t\t<div class=\"elementor-element elementor-element-798db9f elementor-widget elementor-widget-heading\" data-id=\"798db9f\" data-element_type=\"widget\" data-e-type=\"widget\" data-widget_type=\"heading.default\">\n\t\t\t\t<div class=\"elementor-widget-container\">\n\t\t\t\t\t<h2 class=\"elementor-heading-title elementor-size-xl\">L'importanza del trio: accompagnamento, collettivo e tecnologia<\/h2>\t\t\t\t<\/div>\n\t\t\t\t<\/div>\n\t\t\t\t\t<\/div>\n\t\t<\/div>\n\t\t\t\t\t<\/div>\n\t\t<\/section>\n\t\t\t\t<section class=\"elementor-section elementor-top-section elementor-element elementor-element-9da82f4 elementor-section-boxed elementor-section-height-default elementor-section-height-default\" data-id=\"9da82f4\" data-element_type=\"section\" data-e-type=\"section\">\n\t\t\t\t\t\t<div class=\"elementor-container elementor-column-gap-default\">\n\t\t\t\t\t<div class=\"elementor-column elementor-col-50 elementor-top-column elementor-element elementor-element-382a049\" data-id=\"382a049\" data-element_type=\"column\" data-e-type=\"column\">\n\t\t\t<div class=\"elementor-widget-wrap elementor-element-populated\">\n\t\t\t\t\t\t<div class=\"elementor-element elementor-element-a51aa8a elementor-widget__width-initial elementor-widget elementor-widget-text-editor\" data-id=\"a51aa8a\" data-element_type=\"widget\" data-e-type=\"widget\" data-widget_type=\"text-editor.default\">\n\t\t\t\t<div class=\"elementor-widget-container\">\n\t\t\t\t\t\t\t\t\t<p><span data-contrast=\"none\">I due ex partecipanti concordano su un punto essenziale: l'equilibrio tra i tre pilastri del <\/span><b><span data-contrast=\"none\">programma di apprendimento misto<\/span><\/b><span data-contrast=\"none\">\u00a0<\/span><b><span data-contrast=\"none\"> TalkTo<\/span><\/b><span data-contrast=\"none\">.<\/span><span data-ccp-props=\"{&quot;134233117&quot;:false,&quot;134233118&quot;:false,&quot;201341983&quot;:0,&quot;335559738&quot;:240,&quot;335559739&quot;:240,&quot;335559740&quot;:278}\">\u00a0<\/span><\/p><p><span data-contrast=\"none\">L'accompagnamento, innanzitutto, \u00e8 al centro dell'esperienza. Baptiste parla di un follow-up di rara qualit\u00e0.<\/span>\u00a0<br \/><span data-contrast=\"none\">\u00abI formatori erano esigenti ma anche benevoli. Avrei volentieri prolungato la formazione di una o due settimane.\u00bb<\/span><\/p><p><span class=\"TextRun SCXW126033920 BCX2\" lang=\"FR\" xml:lang=\"FR\" data-contrast=\"none\"><span class=\"NormalTextRun SCXW126033920 BCX2\">\u00c9ric condivide questa sensazione: \u00abIl supporto \u00e8 il vero punto di forza del programma. Si percepisce che i coach credono profondamente in ci\u00f2 che trasmettono, e questo fa venire voglia di crederci anche noi\u00bb.\u00bb<\/span><\/span><\/p>\t\t\t\t\t\t\t\t<\/div>\n\t\t\t\t<\/div>\n\t\t\t\t\t<\/div>\n\t\t<\/div>\n\t\t\t\t<div class=\"elementor-column elementor-col-50 elementor-top-column elementor-element elementor-element-6c372fd\" data-id=\"6c372fd\" data-element_type=\"column\" data-e-type=\"column\">\n\t\t\t<div class=\"elementor-widget-wrap elementor-element-populated\">\n\t\t\t\t\t\t<div class=\"elementor-element elementor-element-70cc163 elementor-widget__width-initial elementor-widget elementor-widget-video\" data-id=\"70cc163\" data-element_type=\"widget\" data-e-type=\"widget\" data-settings=\"{&quot;video_type&quot;:&quot;hosted&quot;,&quot;autoplay&quot;:&quot;yes&quot;,&quot;loop&quot;:&quot;yes&quot;,&quot;play_on_mobile&quot;:&quot;yes&quot;,&quot;mute&quot;:&quot;yes&quot;}\" data-widget_type=\"video.default\">\n\t\t\t\t<div class=\"elementor-widget-container\">\n\t\t\t\t\t\t\t<div class=\"e-hosted-video elementor-wrapper elementor-open-inline\">\n\t\t\t\t\t<video class=\"elementor-video\" src=\"https:\/\/talk.swiss\/wp-content\/uploads\/2025\/12\/POST-4_PARTICIPANT.mp4\" autoplay=\"\" loop=\"\" muted=\"muted\" playsinline=\"\" controlslist=\"nodownload\"><\/video>\n\t\t\t\t<\/div>\n\t\t\t\t\t\t<\/div>\n\t\t\t\t<\/div>\n\t\t\t\t\t<\/div>\n\t\t<\/div>\n\t\t\t\t\t<\/div>\n\t\t<\/section>\n\t\t\t\t<section class=\"elementor-section elementor-top-section elementor-element elementor-element-d2ed1e0 elementor-section-boxed elementor-section-height-default elementor-section-height-default\" data-id=\"d2ed1e0\" data-element_type=\"section\" data-e-type=\"section\" data-settings=\"{&quot;background_background&quot;:&quot;classic&quot;}\">\n\t\t\t\t\t\t<div class=\"elementor-container elementor-column-gap-default\">\n\t\t\t\t\t<div class=\"elementor-column elementor-col-100 elementor-top-column elementor-element elementor-element-2d4febf\" data-id=\"2d4febf\" data-element_type=\"column\" data-e-type=\"column\" data-settings=\"{&quot;background_background&quot;:&quot;classic&quot;}\">\n\t\t\t<div class=\"elementor-widget-wrap elementor-element-populated\">\n\t\t\t\t\t\t<div class=\"elementor-element elementor-element-55dd6b4 elementor-widget elementor-widget-heading\" data-id=\"55dd6b4\" data-element_type=\"widget\" data-e-type=\"widget\" data-widget_type=\"heading.default\">\n\t\t\t\t<div class=\"elementor-widget-container\">\n\t\t\t\t\t<h3 class=\"elementor-heading-title elementor-size-large\">\u00abIl supporto \u00e8 il vero punto di forza del programma. Si percepisce che i coach credono profondamente in ci\u00f2 che trasmettono, e questo fa venire voglia di crederci anche noi.\u00bb\u00a0<\/h3>\t\t\t\t<\/div>\n\t\t\t\t<\/div>\n\t\t\t\t<div class=\"elementor-element elementor-element-fb63035 elementor-widget elementor-widget-heading\" data-id=\"fb63035\" data-element_type=\"widget\" data-e-type=\"widget\" data-widget_type=\"heading.default\">\n\t\t\t\t<div class=\"elementor-widget-container\">\n\t\t\t\t\t<h3 class=\"elementor-heading-title elementor-size-medium\">\u00c9ric \u2013 partecipante<\/h3>\t\t\t\t<\/div>\n\t\t\t\t<\/div>\n\t\t\t\t\t<\/div>\n\t\t<\/div>\n\t\t\t\t\t<\/div>\n\t\t<\/section>\n\t\t\t\t<section class=\"elementor-section elementor-top-section elementor-element elementor-element-7e60c87 elementor-section-boxed elementor-section-height-default elementor-section-height-default\" data-id=\"7e60c87\" data-element_type=\"section\" data-e-type=\"section\">\n\t\t\t\t\t\t<div class=\"elementor-container elementor-column-gap-default\">\n\t\t\t\t\t<div class=\"elementor-column elementor-col-50 elementor-top-column elementor-element elementor-element-d7fe2f3\" data-id=\"d7fe2f3\" data-element_type=\"column\" data-e-type=\"column\">\n\t\t\t<div class=\"elementor-widget-wrap elementor-element-populated\">\n\t\t\t\t\t\t<div class=\"elementor-element elementor-element-9301977 elementor-widget__width-initial elementor-widget elementor-widget-video\" data-id=\"9301977\" data-element_type=\"widget\" data-e-type=\"widget\" data-settings=\"{&quot;video_type&quot;:&quot;hosted&quot;,&quot;autoplay&quot;:&quot;yes&quot;,&quot;loop&quot;:&quot;yes&quot;,&quot;play_on_mobile&quot;:&quot;yes&quot;,&quot;mute&quot;:&quot;yes&quot;}\" data-widget_type=\"video.default\">\n\t\t\t\t<div class=\"elementor-widget-container\">\n\t\t\t\t\t\t\t<div class=\"e-hosted-video elementor-wrapper elementor-open-inline\">\n\t\t\t\t\t<video class=\"elementor-video\" src=\"https:\/\/talk.swiss\/wp-content\/uploads\/2025\/12\/VISUEL_3.mp4\" autoplay=\"\" loop=\"\" muted=\"muted\" playsinline=\"\" controlslist=\"nodownload\"><\/video>\n\t\t\t\t<\/div>\n\t\t\t\t\t\t<\/div>\n\t\t\t\t<\/div>\n\t\t\t\t\t<\/div>\n\t\t<\/div>\n\t\t\t\t<div class=\"elementor-column elementor-col-50 elementor-top-column elementor-element elementor-element-ac1a3ed\" data-id=\"ac1a3ed\" data-element_type=\"column\" data-e-type=\"column\">\n\t\t\t<div class=\"elementor-widget-wrap elementor-element-populated\">\n\t\t\t\t\t\t<div class=\"elementor-element elementor-element-95873a1 elementor-widget elementor-widget-text-editor\" data-id=\"95873a1\" data-element_type=\"widget\" data-e-type=\"widget\" data-widget_type=\"text-editor.default\">\n\t\t\t\t<div class=\"elementor-widget-container\">\n\t\t\t\t\t\t\t\t\t<p><span data-contrast=\"none\">La dinamica di gruppo costituisce un altro potente fattore trainante. Baptiste evoca un'atmosfera unica, fatta di ascolto e aiuto reciproco.<\/span>\u00a0<br \/><span data-contrast=\"none\">\u00abNon ho mai conosciuto un gruppo cos\u00ec benevolo, in cui le critiche erano sempre costruttive. Questo mi ha permesso di uscire dalla mia zona di comfort.\u00bb<\/span>\u00a0<\/p><p><span data-contrast=\"none\">Per \u00c9ric, questa rapida coesione \u00e8 stata determinante:<\/span>\u00a0<br \/><span data-contrast=\"none\">\u00ab Senza questa benevolenza, l'esperienza non sarebbe la stessa. \u00bb<\/span><span data-ccp-props=\"{&quot;134233117&quot;:false,&quot;134233118&quot;:false,&quot;201341983&quot;:0,&quot;335559738&quot;:240,&quot;335559739&quot;:240,&quot;335559740&quot;:278}\">\u00a0<\/span><\/p><p><span data-contrast=\"none\">Nel corso delle sessioni, questa intelligenza collettiva si \u00e8 instaurata naturalmente: ognuno impara dagli altri, trae ispirazione dai loro percorsi e progredisce grazie alla ricchezza degli scambi. \u00c8 questa energia di gruppo che rende il <\/span><b><span data-contrast=\"none\">programma TalkTo<\/span><\/b><span data-contrast=\"none\"> un'esperienza tanto stimolante quanto umana.<\/span><span data-ccp-props=\"{&quot;134233117&quot;:false,&quot;134233118&quot;:false,&quot;201341983&quot;:0,&quot;335559738&quot;:240,&quot;335559739&quot;:240,&quot;335559740&quot;:278}\">\u00a0<\/span><\/p>\t\t\t\t\t\t\t\t<\/div>\n\t\t\t\t<\/div>\n\t\t\t\t\t<\/div>\n\t\t<\/div>\n\t\t\t\t\t<\/div>\n\t\t<\/section>\n\t\t\t\t<section class=\"elementor-section elementor-top-section elementor-element elementor-element-c1a2e88 elementor-section-boxed elementor-section-height-default elementor-section-height-default\" data-id=\"c1a2e88\" data-element_type=\"section\" data-e-type=\"section\">\n\t\t\t\t\t\t<div class=\"elementor-container elementor-column-gap-default\">\n\t\t\t\t\t<div class=\"elementor-column elementor-col-100 elementor-top-column elementor-element elementor-element-fba9a5a\" data-id=\"fba9a5a\" data-element_type=\"column\" data-e-type=\"column\">\n\t\t\t<div class=\"elementor-widget-wrap elementor-element-populated\">\n\t\t\t\t\t\t<div class=\"elementor-element elementor-element-0026ff1 elementor-widget elementor-widget-text-editor\" data-id=\"0026ff1\" data-element_type=\"widget\" data-e-type=\"widget\" data-widget_type=\"text-editor.default\">\n\t\t\t\t<div class=\"elementor-widget-container\">\n\t\t\t\t\t\t\t\t\t<p><span data-contrast=\"none\">Infine, l'applicazione mobile prolunga l'apprendimento acquisito in presenza.<\/span>\u00a0<br \/><span data-contrast=\"none\">Permette di esercitarsi tra una sessione e l'altra e di seguire i propri progressi al proprio ritmo, mantenendo al contempo un legame con la dinamica del gruppo.<\/span>\u00a0<br \/><span data-contrast=\"none\">\u00c9ric confessa: \u00abLo uso ancora oggi per ripassare alcuni esercizi\u00bb.\u00bb<\/span>\u00a0<br \/><span data-contrast=\"none\">Baptiste aggiunge: \u00ab\u00c8 uno strumento giovane, ma con un potenziale reale\u00bb.\u00bb<\/span><span data-ccp-props=\"{&quot;134233117&quot;:false,&quot;134233118&quot;:false,&quot;201341983&quot;:0,&quot;335559738&quot;:240,&quot;335559739&quot;:240,&quot;335559740&quot;:278}\">\u00a0<\/span><\/p><p><span data-contrast=\"none\">I loro commenti illustrano bene lo spirito di <\/span><b><span data-contrast=\"none\">PARLARE<\/span><\/b><span data-contrast=\"none\">\u00a0: un dispositivo ibrido in continua evoluzione, in cui la tecnologia rafforza l'impatto umano della formazione.<\/span>\u00a0<br \/><span data-contrast=\"none\">A partire da gennaio, questo modello sar\u00e0 ulteriormente arricchito con l'introduzione del <\/span><b><span data-contrast=\"none\">coaching individuale<\/span><\/b><span data-contrast=\"none\">, per offrire un accompagnamento pi\u00f9 personalizzato alle prossime promozioni.<\/span><span data-ccp-props=\"{&quot;134233117&quot;:false,&quot;134233118&quot;:false,&quot;201341983&quot;:0,&quot;335559738&quot;:240,&quot;335559739&quot;:240,&quot;335559740&quot;:278}\">\u00a0<\/span><\/p>\t\t\t\t\t\t\t\t<\/div>\n\t\t\t\t<\/div>\n\t\t\t\t\t<\/div>\n\t\t<\/div>\n\t\t\t\t\t<\/div>\n\t\t<\/section>\n\t\t\t\t<section class=\"elementor-section elementor-top-section elementor-element elementor-element-349aaf3 elementor-section-boxed elementor-section-height-default elementor-section-height-default\" data-id=\"349aaf3\" data-element_type=\"section\" data-e-type=\"section\">\n\t\t\t\t\t\t<div class=\"elementor-container elementor-column-gap-default\">\n\t\t\t\t\t<div class=\"elementor-column elementor-col-100 elementor-top-column elementor-element elementor-element-285f445\" data-id=\"285f445\" data-element_type=\"column\" data-e-type=\"column\">\n\t\t\t<div class=\"elementor-widget-wrap elementor-element-populated\">\n\t\t\t\t\t\t<div class=\"elementor-element elementor-element-8d638b0 elementor-widget elementor-widget-heading\" data-id=\"8d638b0\" data-element_type=\"widget\" data-e-type=\"widget\" data-widget_type=\"heading.default\">\n\t\t\t\t<div class=\"elementor-widget-container\">\n\t\t\t\t\t<h2 class=\"elementor-heading-title elementor-size-xl\">Conclusione: ritrovare la propria voce, ritrovare il proprio posto <\/h2>\t\t\t\t<\/div>\n\t\t\t\t<\/div>\n\t\t\t\t<div class=\"elementor-element elementor-element-50d5179 elementor-widget elementor-widget-text-editor\" data-id=\"50d5179\" data-element_type=\"widget\" data-e-type=\"widget\" data-widget_type=\"text-editor.default\">\n\t\t\t\t<div class=\"elementor-widget-container\">\n\t\t\t\t\t\t\t\t\t<p><span data-contrast=\"none\">Con queste testimonianze, il cerchio si chiude. Dopo aver ascoltato i progettisti e i coach, sono i partecipanti a confermare la <\/span><b><span data-contrast=\"none\">potenza <\/span><\/b><span data-contrast=\"none\">del modello TalkTo. Un modello che si basa su tre ingredienti indissociabili: la <\/span><b><span data-contrast=\"none\">tecnologia <\/span><\/b><span data-contrast=\"none\">al servizio dell'uomo, la forza del <\/span><b><span data-contrast=\"none\">collettivo<\/span><\/b><span data-contrast=\"none\">, e l'atteggiamento esigente ma benevolo dei <\/span><b><span data-contrast=\"none\">allenatori<\/span><\/b><span data-contrast=\"none\">.<\/span><span data-ccp-props=\"{&quot;134233117&quot;:false,&quot;134233118&quot;:false,&quot;201341983&quot;:0,&quot;335559738&quot;:240,&quot;335559739&quot;:240,&quot;335559740&quot;:278}\">\u00a0<\/span><\/p><p><span data-contrast=\"none\">TalkTo non \u00e8 solo un programma di comunicazione, \u00e8 un'esperienza di <\/span><b><span data-contrast=\"none\">trasformazione personale<\/span><\/b><span data-contrast=\"none\">, uno spazio di apprendimento vivace dove ognuno impara ad ascoltare, ad affermarsi e a trovare la propria voce.<\/span><span data-ccp-props=\"{&quot;134233117&quot;:false,&quot;134233118&quot;:false,&quot;201341983&quot;:0,&quot;335559738&quot;:240,&quot;335559739&quot;:240,&quot;335559740&quot;:278}\">\u00a0<\/span><\/p><p><span data-contrast=\"none\">E se dovessi scegliere una frase per concludere questa serie, sarebbe questa:<\/span>\u00a0<\/p>\t\t\t\t\t\t\t\t<\/div>\n\t\t\t\t<\/div>\n\t\t\t\t\t<\/div>\n\t\t<\/div>\n\t\t\t\t\t<\/div>\n\t\t<\/section>\n\t\t\t\t<section class=\"elementor-section elementor-top-section elementor-element elementor-element-e055351 elementor-section-boxed elementor-section-height-default elementor-section-height-default\" data-id=\"e055351\" data-element_type=\"section\" data-e-type=\"section\" data-settings=\"{&quot;background_background&quot;:&quot;classic&quot;}\">\n\t\t\t\t\t\t<div class=\"elementor-container elementor-column-gap-default\">\n\t\t\t\t\t<div class=\"elementor-column elementor-col-100 elementor-top-column elementor-element elementor-element-670e576\" data-id=\"670e576\" data-element_type=\"column\" data-e-type=\"column\" data-settings=\"{&quot;background_background&quot;:&quot;classic&quot;}\">\n\t\t\t<div class=\"elementor-widget-wrap elementor-element-populated\">\n\t\t\t\t\t\t<div class=\"elementor-element elementor-element-a63a894 elementor-widget elementor-widget-heading\" data-id=\"a63a894\" data-element_type=\"widget\" data-e-type=\"widget\" data-widget_type=\"heading.default\">\n\t\t\t\t<div class=\"elementor-widget-container\">\n\t\t\t\t\t<h3 class=\"elementor-heading-title elementor-size-large\">\u00abLa vera forza non sta nel parlare pi\u00f9 forte degli altri, ma nel trovare la propria voce e nell'osare farla sentire.\u00bb<br><\/h3>\t\t\t\t<\/div>\n\t\t\t\t<\/div>\n\t\t\t\t\t<\/div>\n\t\t<\/div>\n\t\t\t\t\t<\/div>\n\t\t<\/section>\n\t\t\t\t<section class=\"elementor-section elementor-top-section elementor-element elementor-element-6a68feb elementor-section-boxed elementor-section-height-default elementor-section-height-default\" data-id=\"6a68feb\" data-element_type=\"section\" data-e-type=\"section\">\n\t\t\t\t\t\t<div class=\"elementor-container elementor-column-gap-default\">\n\t\t\t\t\t<div class=\"elementor-column elementor-col-100 elementor-top-column elementor-element elementor-element-179c667\" data-id=\"179c667\" data-element_type=\"column\" data-e-type=\"column\" data-settings=\"{&quot;background_background&quot;:&quot;classic&quot;}\">\n\t\t\t<div class=\"elementor-widget-wrap elementor-element-populated\">\n\t\t\t\t\t<div class=\"elementor-background-overlay\"><\/div>\n\t\t\t\t\t\t<div class=\"elementor-element elementor-element-8f7b648 elementor-widget elementor-widget-heading\" data-id=\"8f7b648\" data-element_type=\"widget\" data-e-type=\"widget\" data-widget_type=\"heading.default\">\n\t\t\t\t<div class=\"elementor-widget-container\">\n\t\t\t\t\t<h2 class=\"elementor-heading-title elementor-size-default\">Volete rimettervi in carreggiata, chiarire i vostri piani e agire?<\/h2>\t\t\t\t<\/div>\n\t\t\t\t<\/div>\n\t\t\t\t<div class=\"elementor-element elementor-element-37d641f elementor-align-center elementor-widget__width-initial elementor-widget elementor-widget-button\" data-id=\"37d641f\" data-element_type=\"widget\" data-e-type=\"widget\" data-widget_type=\"button.default\">\n\t\t\t\t<div class=\"elementor-widget-container\">\n\t\t\t\t\t\t\t\t\t<div class=\"elementor-button-wrapper\">\n\t\t\t\t\t<a class=\"elementor-button elementor-button-link elementor-size-sm\" href=\"https:\/\/talk.swiss\/it\/solution\/\">\n\t\t\t\t\t\t<span class=\"elementor-button-content-wrapper\">\n\t\t\t\t\t\t\t\t\t<span class=\"elementor-button-text\">Il programma TALK \u00e8 pronto. E voi?<\/span>\n\t\t\t\t\t<\/span>\n\t\t\t\t\t<\/a>\n\t\t\t\t<\/div>\n\t\t\t\t\t\t\t\t<\/div>\n\t\t\t\t<\/div>\n\t\t\t\t\t<\/div>\n\t\t<\/div>\n\t\t\t\t\t<\/div>\n\t\t<\/section>\n\t\t\t\t<\/div>","protected":false},"excerpt":{"rendered":"<p>Chiudere il cerchio: la parola a chi ha vissuto l'esperienza <\/p>\n<p>Nell'ambito della nostra serie di interviste agli ex partecipanti al programma TalkTo, abbiamo incontrato Baptiste ed \u00c9ric, due professionisti che hanno seguito la formazione la scorsa primavera, tra aprile e giugno. <\/p>","protected":false},"author":19,"featured_media":8541,"comment_status":"closed","ping_status":"closed","sticky":false,"template":"","format":"standard","meta":{"footnotes":""},"categories":[38,1],"tags":[48,47,49],"class_list":["post-8512","post","type-post","status-publish","format-standard","has-post-thumbnail","hentry","category-actus","category-divers","tag-communication","tag-emotion","tag-prise-de-parole"],"yoast_head":"<!-- This site is optimized with the Yoast SEO plugin v28.3 - https:\/\/yoast.com\/product\/yoast-seo-wordpress\/ -->\n<title>TalkTo : retrouver confiance, lib\u00e9rer sa parole - TALK.SWISS<\/title>\n<meta name=\"robots\" content=\"index, follow, max-snippet:-1, max-image-preview:large, max-video-preview:-1\" \/>\n<link rel=\"canonical\" href=\"https:\/\/talk.swiss\/it\/talkto-retrouver-confiance-liberer-sa-parole\/\" \/>\n<meta property=\"og:locale\" content=\"it_IT\" \/>\n<meta property=\"og:type\" content=\"article\" \/>\n<meta property=\"og:title\" content=\"TalkTo : retrouver confiance, lib\u00e9rer sa parole - TALK.SWISS\" \/>\n<meta property=\"og:description\" content=\"Clore la boucle : la parole \u00e0 celles et ceux qui ont v\u00e9cu l\u2019exp\u00e9rience  Dans le cadre de notre s\u00e9rie d\u2019interviews d\u2019anciens participants du programme TalkTo, nous avons rencontr\u00e9 Baptiste et \u00c9ric, deux professionnels ayant suivi la formation au printemps dernier, entre avril et juin.\" \/>\n<meta property=\"og:url\" content=\"https:\/\/talk.swiss\/it\/talkto-retrouver-confiance-liberer-sa-parole\/\" \/>\n<meta property=\"og:site_name\" content=\"TALK.SWISS\" \/>\n<meta property=\"article:published_time\" content=\"2025-12-04T14:34:33+00:00\" \/>\n<meta property=\"article:modified_time\" content=\"2025-12-11T10:41:48+00:00\" \/>\n<meta property=\"og:image\" content=\"https:\/\/talk.swiss\/wp-content\/uploads\/2025\/12\/talk_bg-scaled.jpg\" \/>\n\t<meta property=\"og:image:width\" content=\"2560\" \/>\n\t<meta property=\"og:image:height\" content=\"1435\" \/>\n\t<meta property=\"og:image:type\" content=\"image\/jpeg\" \/>\n<meta name=\"author\" content=\"Margaux Fazio\" \/>\n<meta name=\"twitter:card\" content=\"summary_large_image\" \/>\n<meta name=\"twitter:label1\" content=\"Scritto da\" \/>\n\t<meta name=\"twitter:data1\" content=\"Margaux Fazio\" \/>\n\t<meta name=\"twitter:label2\" content=\"Tempo di lettura stimato\" \/>\n\t<meta name=\"twitter:data2\" content=\"6 minuti\" \/>\n<script type=\"application\/ld+json\" class=\"yoast-schema-graph\">{\"@context\":\"https:\\\/\\\/schema.org\",\"@graph\":[{\"@type\":\"Article\",\"@id\":\"https:\\\/\\\/talk.swiss\\\/talkto-retrouver-confiance-liberer-sa-parole\\\/#article\",\"isPartOf\":{\"@id\":\"https:\\\/\\\/talk.swiss\\\/talkto-retrouver-confiance-liberer-sa-parole\\\/\"},\"author\":{\"name\":\"Margaux Fazio\",\"@id\":\"https:\\\/\\\/talk.swiss\\\/#\\\/schema\\\/person\\\/e561e8c726fba568eaa4ee2712b1f043\"},\"headline\":\"TalkTo : retrouver confiance, lib\u00e9rer sa parole\",\"datePublished\":\"2025-12-04T14:34:33+00:00\",\"dateModified\":\"2025-12-11T10:41:48+00:00\",\"mainEntityOfPage\":{\"@id\":\"https:\\\/\\\/talk.swiss\\\/talkto-retrouver-confiance-liberer-sa-parole\\\/\"},\"wordCount\":1296,\"publisher\":{\"@id\":\"https:\\\/\\\/talk.swiss\\\/#organization\"},\"image\":{\"@id\":\"https:\\\/\\\/talk.swiss\\\/talkto-retrouver-confiance-liberer-sa-parole\\\/#primaryimage\"},\"thumbnailUrl\":\"https:\\\/\\\/talk.swiss\\\/wp-content\\\/uploads\\\/2025\\\/12\\\/talk_bg-scaled.jpg\",\"keywords\":[\"Communication\",\"Emotion\",\"Prise de parole\"],\"articleSection\":[\"Blog\",\"Divers\"],\"inLanguage\":\"it-IT\"},{\"@type\":\"WebPage\",\"@id\":\"https:\\\/\\\/talk.swiss\\\/talkto-retrouver-confiance-liberer-sa-parole\\\/\",\"url\":\"https:\\\/\\\/talk.swiss\\\/talkto-retrouver-confiance-liberer-sa-parole\\\/\",\"name\":\"TalkTo : retrouver confiance, lib\u00e9rer sa parole - TALK.SWISS\",\"isPartOf\":{\"@id\":\"https:\\\/\\\/talk.swiss\\\/#website\"},\"primaryImageOfPage\":{\"@id\":\"https:\\\/\\\/talk.swiss\\\/talkto-retrouver-confiance-liberer-sa-parole\\\/#primaryimage\"},\"image\":{\"@id\":\"https:\\\/\\\/talk.swiss\\\/talkto-retrouver-confiance-liberer-sa-parole\\\/#primaryimage\"},\"thumbnailUrl\":\"https:\\\/\\\/talk.swiss\\\/wp-content\\\/uploads\\\/2025\\\/12\\\/talk_bg-scaled.jpg\",\"datePublished\":\"2025-12-04T14:34:33+00:00\",\"dateModified\":\"2025-12-11T10:41:48+00:00\",\"breadcrumb\":{\"@id\":\"https:\\\/\\\/talk.swiss\\\/talkto-retrouver-confiance-liberer-sa-parole\\\/#breadcrumb\"},\"inLanguage\":\"it-IT\",\"potentialAction\":[{\"@type\":\"ReadAction\",\"target\":[\"https:\\\/\\\/talk.swiss\\\/talkto-retrouver-confiance-liberer-sa-parole\\\/\"]}]},{\"@type\":\"ImageObject\",\"inLanguage\":\"it-IT\",\"@id\":\"https:\\\/\\\/talk.swiss\\\/talkto-retrouver-confiance-liberer-sa-parole\\\/#primaryimage\",\"url\":\"https:\\\/\\\/talk.swiss\\\/wp-content\\\/uploads\\\/2025\\\/12\\\/talk_bg-scaled.jpg\",\"contentUrl\":\"https:\\\/\\\/talk.swiss\\\/wp-content\\\/uploads\\\/2025\\\/12\\\/talk_bg-scaled.jpg\",\"width\":2560,\"height\":1435,\"caption\":\"Screenshot\"},{\"@type\":\"BreadcrumbList\",\"@id\":\"https:\\\/\\\/talk.swiss\\\/talkto-retrouver-confiance-liberer-sa-parole\\\/#breadcrumb\",\"itemListElement\":[{\"@type\":\"ListItem\",\"position\":1,\"name\":\"Accueil\",\"item\":\"https:\\\/\\\/talk.swiss\\\/\"},{\"@type\":\"ListItem\",\"position\":2,\"name\":\"TalkTo : retrouver confiance, lib\u00e9rer sa parole\"}]},{\"@type\":\"WebSite\",\"@id\":\"https:\\\/\\\/talk.swiss\\\/#website\",\"url\":\"https:\\\/\\\/talk.swiss\\\/\",\"name\":\"TALK.SWISS\",\"description\":\"Talk, la parole au centre\",\"publisher\":{\"@id\":\"https:\\\/\\\/talk.swiss\\\/#organization\"},\"potentialAction\":[{\"@type\":\"SearchAction\",\"target\":{\"@type\":\"EntryPoint\",\"urlTemplate\":\"https:\\\/\\\/talk.swiss\\\/?s={search_term_string}\"},\"query-input\":{\"@type\":\"PropertyValueSpecification\",\"valueRequired\":true,\"valueName\":\"search_term_string\"}}],\"inLanguage\":\"it-IT\"},{\"@type\":\"Organization\",\"@id\":\"https:\\\/\\\/talk.swiss\\\/#organization\",\"name\":\"TALK.SWISS\",\"url\":\"https:\\\/\\\/talk.swiss\\\/\",\"logo\":{\"@type\":\"ImageObject\",\"inLanguage\":\"it-IT\",\"@id\":\"https:\\\/\\\/talk.swiss\\\/#\\\/schema\\\/logo\\\/image\\\/\",\"url\":\"https:\\\/\\\/talk.swiss\\\/wp-content\\\/uploads\\\/2022\\\/08\\\/cropped-Talk_logo.png\",\"contentUrl\":\"https:\\\/\\\/talk.swiss\\\/wp-content\\\/uploads\\\/2022\\\/08\\\/cropped-Talk_logo.png\",\"width\":400,\"height\":400,\"caption\":\"TALK.SWISS\"},\"image\":{\"@id\":\"https:\\\/\\\/talk.swiss\\\/#\\\/schema\\\/logo\\\/image\\\/\"}},{\"@type\":\"Person\",\"@id\":\"https:\\\/\\\/talk.swiss\\\/#\\\/schema\\\/person\\\/e561e8c726fba568eaa4ee2712b1f043\",\"name\":\"Margaux Fazio\",\"image\":{\"@type\":\"ImageObject\",\"inLanguage\":\"it-IT\",\"@id\":\"https:\\\/\\\/secure.gravatar.com\\\/avatar\\\/c48efacdbd92c7c5165220228cede76810391f66ffa18c221c28729c5ce1bab9?s=96&d=mm&r=g\",\"url\":\"https:\\\/\\\/secure.gravatar.com\\\/avatar\\\/c48efacdbd92c7c5165220228cede76810391f66ffa18c221c28729c5ce1bab9?s=96&d=mm&r=g\",\"contentUrl\":\"https:\\\/\\\/secure.gravatar.com\\\/avatar\\\/c48efacdbd92c7c5165220228cede76810391f66ffa18c221c28729c5ce1bab9?s=96&d=mm&r=g\",\"caption\":\"Margaux Fazio\"},\"url\":\"https:\\\/\\\/talk.swiss\\\/it\\\/author\\\/margaux-faziotalk-swiss\\\/\"}]}<\/script>\n<!-- \/ Yoast SEO plugin. -->","yoast_head_json":{"title":"TalkTo : retrouver confiance, lib\u00e9rer sa parole - TALK.SWISS","robots":{"index":"index","follow":"follow","max-snippet":"max-snippet:-1","max-image-preview":"max-image-preview:large","max-video-preview":"max-video-preview:-1"},"canonical":"https:\/\/talk.swiss\/it\/talkto-retrouver-confiance-liberer-sa-parole\/","og_locale":"it_IT","og_type":"article","og_title":"TalkTo : retrouver confiance, lib\u00e9rer sa parole - TALK.SWISS","og_description":"Clore la boucle : la parole \u00e0 celles et ceux qui ont v\u00e9cu l\u2019exp\u00e9rience  Dans le cadre de notre s\u00e9rie d\u2019interviews d\u2019anciens participants du programme TalkTo, nous avons rencontr\u00e9 Baptiste et \u00c9ric, deux professionnels ayant suivi la formation au printemps dernier, entre avril et juin.","og_url":"https:\/\/talk.swiss\/it\/talkto-retrouver-confiance-liberer-sa-parole\/","og_site_name":"TALK.SWISS","article_published_time":"2025-12-04T14:34:33+00:00","article_modified_time":"2025-12-11T10:41:48+00:00","og_image":[{"width":2560,"height":1435,"url":"https:\/\/talk.swiss\/wp-content\/uploads\/2025\/12\/talk_bg-scaled.jpg","type":"image\/jpeg"}],"author":"Margaux Fazio","twitter_card":"summary_large_image","twitter_misc":{"Scritto da":"Margaux Fazio","Tempo di lettura stimato":"6 minuti"},"schema":{"@context":"https:\/\/schema.org","@graph":[{"@type":"Article","@id":"https:\/\/talk.swiss\/talkto-retrouver-confiance-liberer-sa-parole\/#article","isPartOf":{"@id":"https:\/\/talk.swiss\/talkto-retrouver-confiance-liberer-sa-parole\/"},"author":{"name":"Margaux Fazio","@id":"https:\/\/talk.swiss\/#\/schema\/person\/e561e8c726fba568eaa4ee2712b1f043"},"headline":"TalkTo : retrouver confiance, lib\u00e9rer sa parole","datePublished":"2025-12-04T14:34:33+00:00","dateModified":"2025-12-11T10:41:48+00:00","mainEntityOfPage":{"@id":"https:\/\/talk.swiss\/talkto-retrouver-confiance-liberer-sa-parole\/"},"wordCount":1296,"publisher":{"@id":"https:\/\/talk.swiss\/#organization"},"image":{"@id":"https:\/\/talk.swiss\/talkto-retrouver-confiance-liberer-sa-parole\/#primaryimage"},"thumbnailUrl":"https:\/\/talk.swiss\/wp-content\/uploads\/2025\/12\/talk_bg-scaled.jpg","keywords":["Communication","Emotion","Prise de parole"],"articleSection":["Blog","Divers"],"inLanguage":"it-IT"},{"@type":"WebPage","@id":"https:\/\/talk.swiss\/talkto-retrouver-confiance-liberer-sa-parole\/","url":"https:\/\/talk.swiss\/talkto-retrouver-confiance-liberer-sa-parole\/","name":"TalkTo : retrouver confiance, lib\u00e9rer sa parole - TALK.SWISS","isPartOf":{"@id":"https:\/\/talk.swiss\/#website"},"primaryImageOfPage":{"@id":"https:\/\/talk.swiss\/talkto-retrouver-confiance-liberer-sa-parole\/#primaryimage"},"image":{"@id":"https:\/\/talk.swiss\/talkto-retrouver-confiance-liberer-sa-parole\/#primaryimage"},"thumbnailUrl":"https:\/\/talk.swiss\/wp-content\/uploads\/2025\/12\/talk_bg-scaled.jpg","datePublished":"2025-12-04T14:34:33+00:00","dateModified":"2025-12-11T10:41:48+00:00","breadcrumb":{"@id":"https:\/\/talk.swiss\/talkto-retrouver-confiance-liberer-sa-parole\/#breadcrumb"},"inLanguage":"it-IT","potentialAction":[{"@type":"ReadAction","target":["https:\/\/talk.swiss\/talkto-retrouver-confiance-liberer-sa-parole\/"]}]},{"@type":"ImageObject","inLanguage":"it-IT","@id":"https:\/\/talk.swiss\/talkto-retrouver-confiance-liberer-sa-parole\/#primaryimage","url":"https:\/\/talk.swiss\/wp-content\/uploads\/2025\/12\/talk_bg-scaled.jpg","contentUrl":"https:\/\/talk.swiss\/wp-content\/uploads\/2025\/12\/talk_bg-scaled.jpg","width":2560,"height":1435,"caption":"Screenshot"},{"@type":"BreadcrumbList","@id":"https:\/\/talk.swiss\/talkto-retrouver-confiance-liberer-sa-parole\/#breadcrumb","itemListElement":[{"@type":"ListItem","position":1,"name":"Accueil","item":"https:\/\/talk.swiss\/"},{"@type":"ListItem","position":2,"name":"TalkTo : retrouver confiance, lib\u00e9rer sa parole"}]},{"@type":"WebSite","@id":"https:\/\/talk.swiss\/#website","url":"https:\/\/talk.swiss\/","name":"TALK.SWISS","description":"Parlare, la parola al centro","publisher":{"@id":"https:\/\/talk.swiss\/#organization"},"potentialAction":[{"@type":"SearchAction","target":{"@type":"EntryPoint","urlTemplate":"https:\/\/talk.swiss\/?s={search_term_string}"},"query-input":{"@type":"PropertyValueSpecification","valueRequired":true,"valueName":"search_term_string"}}],"inLanguage":"it-IT"},{"@type":"Organization","@id":"https:\/\/talk.swiss\/#organization","name":"TALK.SWISS","url":"https:\/\/talk.swiss\/","logo":{"@type":"ImageObject","inLanguage":"it-IT","@id":"https:\/\/talk.swiss\/#\/schema\/logo\/image\/","url":"https:\/\/talk.swiss\/wp-content\/uploads\/2022\/08\/cropped-Talk_logo.png","contentUrl":"https:\/\/talk.swiss\/wp-content\/uploads\/2022\/08\/cropped-Talk_logo.png","width":400,"height":400,"caption":"TALK.SWISS"},"image":{"@id":"https:\/\/talk.swiss\/#\/schema\/logo\/image\/"}},{"@type":"Person","@id":"https:\/\/talk.swiss\/#\/schema\/person\/e561e8c726fba568eaa4ee2712b1f043","name":"Margaux Fazio","image":{"@type":"ImageObject","inLanguage":"it-IT","@id":"https:\/\/secure.gravatar.com\/avatar\/c48efacdbd92c7c5165220228cede76810391f66ffa18c221c28729c5ce1bab9?s=96&d=mm&r=g","url":"https:\/\/secure.gravatar.com\/avatar\/c48efacdbd92c7c5165220228cede76810391f66ffa18c221c28729c5ce1bab9?s=96&d=mm&r=g","contentUrl":"https:\/\/secure.gravatar.com\/avatar\/c48efacdbd92c7c5165220228cede76810391f66ffa18c221c28729c5ce1bab9?s=96&d=mm&r=g","caption":"Margaux Fazio"},"url":"https:\/\/talk.swiss\/it\/author\/margaux-faziotalk-swiss\/"}]}},"_links":{"self":[{"href":"https:\/\/talk.swiss\/it\/wp-json\/wp\/v2\/posts\/8512","targetHints":{"allow":["GET"]}}],"collection":[{"href":"https:\/\/talk.swiss\/it\/wp-json\/wp\/v2\/posts"}],"about":[{"href":"https:\/\/talk.swiss\/it\/wp-json\/wp\/v2\/types\/post"}],"author":[{"embeddable":true,"href":"https:\/\/talk.swiss\/it\/wp-json\/wp\/v2\/users\/19"}],"replies":[{"embeddable":true,"href":"https:\/\/talk.swiss\/it\/wp-json\/wp\/v2\/comments?post=8512"}],"version-history":[{"count":17,"href":"https:\/\/talk.swiss\/it\/wp-json\/wp\/v2\/posts\/8512\/revisions"}],"predecessor-version":[{"id":8544,"href":"https:\/\/talk.swiss\/it\/wp-json\/wp\/v2\/posts\/8512\/revisions\/8544"}],"wp:featuredmedia":[{"embeddable":true,"href":"https:\/\/talk.swiss\/it\/wp-json\/wp\/v2\/media\/8541"}],"wp:attachment":[{"href":"https:\/\/talk.swiss\/it\/wp-json\/wp\/v2\/media?parent=8512"}],"wp:term":[{"taxonomy":"category","embeddable":true,"href":"https:\/\/talk.swiss\/it\/wp-json\/wp\/v2\/categories?post=8512"},{"taxonomy":"post_tag","embeddable":true,"href":"https:\/\/talk.swiss\/it\/wp-json\/wp\/v2\/tags?post=8512"}],"curies":[{"name":"wp","href":"https:\/\/api.w.org\/{rel}","templated":true}]}}