{"id":8442,"date":"2025-10-23T12:30:48","date_gmt":"2025-10-23T10:30:48","guid":{"rendered":"https:\/\/talk.swiss\/?p=8442"},"modified":"2025-10-28T08:40:34","modified_gmt":"2025-10-28T07:40:34","slug":"talk-a-lehl-quand-la-parole-devient-une-force-de-leadership","status":"publish","type":"post","link":"https:\/\/talk.swiss\/it\/talk-a-lehl-quand-la-parole-devient-une-force-de-leadership\/","title":{"rendered":"TALK a EHL: quando la parola parlata diventa una forza per la leadership"},"content":{"rendered":"\t\t<div data-elementor-type=\"wp-post\" data-elementor-id=\"8442\" class=\"elementor elementor-8442\" data-elementor-post-type=\"post\">\n\t\t\t\t\t\t<section class=\"elementor-section elementor-top-section elementor-element elementor-element-5921726 elementor-section-boxed elementor-section-height-default elementor-section-height-default\" data-id=\"5921726\" data-element_type=\"section\" data-e-type=\"section\">\n\t\t\t\t\t\t<div class=\"elementor-container elementor-column-gap-default\">\n\t\t\t\t\t<div class=\"elementor-column elementor-col-100 elementor-top-column elementor-element elementor-element-62fc3165\" data-id=\"62fc3165\" data-element_type=\"column\" data-e-type=\"column\">\n\t\t\t<div class=\"elementor-widget-wrap elementor-element-populated\">\n\t\t\t\t\t\t<div class=\"elementor-element elementor-element-99098ce elementor-widget elementor-widget-text-editor\" data-id=\"99098ce\" data-element_type=\"widget\" data-e-type=\"widget\" data-widget_type=\"text-editor.default\">\n\t\t\t\t<div class=\"elementor-widget-container\">\n\t\t\t\t\t\t\t\t\t<p>Par Vincent Duport<\/p>\t\t\t\t\t\t\t\t<\/div>\n\t\t\t\t<\/div>\n\t\t\t\t<div class=\"elementor-element elementor-element-5c488380 elementor-widget elementor-widget-text-editor\" data-id=\"5c488380\" data-element_type=\"widget\" data-e-type=\"widget\" data-widget_type=\"text-editor.default\">\n\t\t\t\t<div class=\"elementor-widget-container\">\n\t\t\t\t\t\t\t\t\t<p><span data-contrast=\"auto\">\u00c0 l\u2019\u00c9cole H\u00f4teli\u00e8re de Lausanne, TALK anime depuis plusieurs ann\u00e9es des masterclass in\u00e9dites consacr\u00e9es \u00e0 la prise de parole et au leadership. Pendant deux jours sur le campus, dix jours en digital et une restitution finale, les participant\u00b7e\u00b7s vivent un parcours transformateur.<\/span>\u00a0<br \/><span data-contrast=\"auto\">Le r\u00e9sultat : des progr\u00e8s visibles, une confiance renforc\u00e9e, une parole plus claire, plus incarn\u00e9e, plus inspirante.<\/span>\u00a0<br \/><span data-contrast=\"auto\">Cette exp\u00e9rience prouve qu\u2019avec la bonne m\u00e9thode, les soft skills ne sont plus des aptitudes floues : <\/span><b><span data-contrast=\"auto\">ils deviennent une v\u00e9ritable force \u2014 mesurable, entra\u00eenable et durable.<\/span><\/b><\/p><p><span data-ccp-props=\"{&quot;335559738&quot;:240,&quot;335559739&quot;:240}\">\u00a0<\/span><\/p><p><span data-contrast=\"auto\">\ud83d\udc49 <\/span><b><span data-contrast=\"auto\">Vous voulez des \u00e9quipes qui inspirent, f\u00e9d\u00e8rent et portent vos projets avec impact ?<\/span><\/b><\/p><p><b><span data-contrast=\"auto\">TALK transforme la parole en force de leadership.<\/span><\/b><span data-ccp-props=\"{&quot;335559738&quot;:240,&quot;335559739&quot;:240}\">\u00a0<\/span><\/p>\t\t\t\t\t\t\t\t<\/div>\n\t\t\t\t<\/div>\n\t\t\t\t\t<\/div>\n\t\t<\/div>\n\t\t\t\t\t<\/div>\n\t\t<\/section>\n\t\t\t\t<section class=\"elementor-section elementor-top-section elementor-element elementor-element-760fdfc elementor-section-boxed elementor-section-height-default elementor-section-height-default\" data-id=\"760fdfc\" data-element_type=\"section\" data-e-type=\"section\">\n\t\t\t\t\t\t<div class=\"elementor-container elementor-column-gap-default\">\n\t\t\t\t\t<div class=\"elementor-column elementor-col-100 elementor-top-column elementor-element elementor-element-5cfeb86\" data-id=\"5cfeb86\" data-element_type=\"column\" data-e-type=\"column\">\n\t\t\t<div class=\"elementor-widget-wrap elementor-element-populated\">\n\t\t\t\t\t\t<div class=\"elementor-element elementor-element-2332cca elementor-widget elementor-widget-heading\" data-id=\"2332cca\" data-element_type=\"widget\" data-e-type=\"widget\" data-widget_type=\"heading.default\">\n\t\t\t\t<div class=\"elementor-widget-container\">\n\t\t\t\t\t<h2 class=\"elementor-heading-title elementor-size-xl\">Prendre la parole : plus qu\u2019un savoir-faire, une force de leadership <\/h2>\t\t\t\t<\/div>\n\t\t\t\t<\/div>\n\t\t\t\t\t<\/div>\n\t\t<\/div>\n\t\t\t\t\t<\/div>\n\t\t<\/section>\n\t\t\t\t<section class=\"elementor-section elementor-top-section elementor-element elementor-element-fa759a3 elementor-section-boxed elementor-section-height-default elementor-section-height-default\" data-id=\"fa759a3\" data-element_type=\"section\" data-e-type=\"section\">\n\t\t\t\t\t\t<div class=\"elementor-container elementor-column-gap-default\">\n\t\t\t\t\t<div class=\"elementor-column elementor-col-50 elementor-top-column elementor-element elementor-element-9747d2f\" data-id=\"9747d2f\" data-element_type=\"column\" data-e-type=\"column\">\n\t\t\t<div class=\"elementor-widget-wrap elementor-element-populated\">\n\t\t\t\t\t\t<div class=\"elementor-element elementor-element-cf4db14 elementor-widget__width-initial elementor-widget elementor-widget-text-editor\" data-id=\"cf4db14\" data-element_type=\"widget\" data-e-type=\"widget\" data-widget_type=\"text-editor.default\">\n\t\t\t\t<div class=\"elementor-widget-container\">\n\t\t\t\t\t\t\t\t\t<p><span data-contrast=\"auto\">Aujourd\u2019hui, bien parler ne suffit plus. <\/span>\u00a0<br \/><span data-contrast=\"auto\">Ce qui compte, c\u2019est la capacit\u00e9 \u00e0 cr\u00e9er du lien, \u00e0 transmettre une \u00e9nergie, \u00e0 inspirer confiance et \u00e0 embarquer les autres. La communication n\u2019est plus un simple atout : elle est devenue une <\/span><b><span data-contrast=\"auto\">force strat\u00e9gique<\/span><\/b><span data-contrast=\"auto\"> pour diriger, convaincre, n\u00e9gocier, vendre.<\/span><span data-ccp-props=\"{&quot;335559738&quot;:240,&quot;335559739&quot;:240}\">\u00a0<\/span><\/p><p><span data-contrast=\"auto\">\u00c0 l\u2019EHL, institution de r\u00e9f\u00e9rence mondiale, TALK propose une masterclass pens\u00e9e pour ce nouveau contexte. Pas une formation descendante, mais une <\/span><b><span data-contrast=\"auto\">exp\u00e9rience compl\u00e8te<\/span><\/b><span data-contrast=\"auto\"> qui permet \u00e0 chacun\u00b7e de tester, pratiquer, mesurer et progresser.<\/span>\u00a0<br \/><span data-contrast=\"auto\">Derri\u00e8re chaque exercice, un m\u00eame objectif : faire \u00e9merger une parole vivante, cr\u00e9dible et puissante.<\/span><span data-ccp-props=\"{&quot;335559738&quot;:240,&quot;335559739&quot;:240}\">\u00a0<\/span><\/p>\t\t\t\t\t\t\t\t<\/div>\n\t\t\t\t<\/div>\n\t\t\t\t\t<\/div>\n\t\t<\/div>\n\t\t\t\t<div class=\"elementor-column elementor-col-50 elementor-top-column elementor-element elementor-element-7287893\" data-id=\"7287893\" data-element_type=\"column\" data-e-type=\"column\">\n\t\t\t<div class=\"elementor-widget-wrap elementor-element-populated\">\n\t\t\t\t\t\t<div class=\"elementor-element elementor-element-9243e48 elementor-widget__width-initial elementor-widget elementor-widget-video\" data-id=\"9243e48\" data-element_type=\"widget\" data-e-type=\"widget\" data-settings=\"{&quot;video_type&quot;:&quot;hosted&quot;,&quot;controls&quot;:&quot;yes&quot;}\" data-widget_type=\"video.default\">\n\t\t\t\t<div class=\"elementor-widget-container\">\n\t\t\t\t\t\t\t<div class=\"e-hosted-video elementor-wrapper elementor-open-inline\">\n\t\t\t\t\t<video class=\"elementor-video\" src=\"https:\/\/talk.swiss\/wp-content\/uploads\/2025\/10\/EHL_CAPSULE-1.mov\" controls=\"\" preload=\"metadata\" controlsList=\"nodownload\" poster=\"https:\/\/talk.swiss\/wp-content\/uploads\/2025\/10\/Screenshot-2025-10-20-at-11.20.42.png\"><\/video>\n\t\t\t\t<\/div>\n\t\t\t\t\t\t<\/div>\n\t\t\t\t<\/div>\n\t\t\t\t\t<\/div>\n\t\t<\/div>\n\t\t\t\t\t<\/div>\n\t\t<\/section>\n\t\t\t\t<section class=\"elementor-section elementor-top-section elementor-element elementor-element-9df7beb elementor-section-boxed elementor-section-height-default elementor-section-height-default\" data-id=\"9df7beb\" data-element_type=\"section\" data-e-type=\"section\">\n\t\t\t\t\t\t<div class=\"elementor-container elementor-column-gap-default\">\n\t\t\t\t\t<div class=\"elementor-column elementor-col-100 elementor-top-column elementor-element elementor-element-54a3ee4\" data-id=\"54a3ee4\" data-element_type=\"column\" data-e-type=\"column\">\n\t\t\t<div class=\"elementor-widget-wrap elementor-element-populated\">\n\t\t\t\t\t\t<div class=\"elementor-element elementor-element-15bdde2 elementor-widget elementor-widget-spacer\" data-id=\"15bdde2\" data-element_type=\"widget\" data-e-type=\"widget\" data-widget_type=\"spacer.default\">\n\t\t\t\t<div class=\"elementor-widget-container\">\n\t\t\t\t\t\t\t<div class=\"elementor-spacer\">\n\t\t\t<div class=\"elementor-spacer-inner\"><\/div>\n\t\t<\/div>\n\t\t\t\t\t\t<\/div>\n\t\t\t\t<\/div>\n\t\t\t\t<div class=\"elementor-element elementor-element-6655fff elementor-widget elementor-widget-heading\" data-id=\"6655fff\" data-element_type=\"widget\" data-e-type=\"widget\" data-widget_type=\"heading.default\">\n\t\t\t\t<div class=\"elementor-widget-container\">\n\t\t\t\t\t<h2 class=\"elementor-heading-title elementor-size-xl\">Une m\u00e9thode hybride : le meilleur du collectif, de l\u2019humain et du digital<\/h2>\t\t\t\t<\/div>\n\t\t\t\t<\/div>\n\t\t\t\t<div class=\"elementor-element elementor-element-790ae45 elementor-widget elementor-widget-text-editor\" data-id=\"790ae45\" data-element_type=\"widget\" data-e-type=\"widget\" data-widget_type=\"text-editor.default\">\n\t\t\t\t<div class=\"elementor-widget-container\">\n\t\t\t\t\t\t\t\t\t<p><span data-contrast=\"auto\">La masterclass TALK repose sur une p\u00e9dagogie unique qui s\u2019appuie sur trois leviers compl\u00e9mentaires :<\/span><span data-ccp-props=\"{&quot;335559738&quot;:240,&quot;335559739&quot;:240}\">\u00a0<\/span><\/p><ul><li aria-setsize=\"-1\" data-leveltext=\"\uf0b7\" data-font=\"Symbol\" data-listid=\"4\" data-list-defn-props=\"{&quot;335552541&quot;:1,&quot;335559685&quot;:720,&quot;335559991&quot;:360,&quot;469769226&quot;:&quot;Symbol&quot;,&quot;469769242&quot;:[8226],&quot;469777803&quot;:&quot;left&quot;,&quot;469777804&quot;:&quot;\uf0b7&quot;,&quot;469777815&quot;:&quot;hybridMultilevel&quot;}\" data-aria-posinset=\"1\" data-aria-level=\"1\"><b><span data-contrast=\"auto\">L\u2019immersion en pr\u00e9sentiel<\/span><\/b><span data-contrast=\"auto\"> : vivre l\u2019exp\u00e9rience dans son corps, sa voix, son \u00e9nergie.<\/span><span data-ccp-props=\"{&quot;335559738&quot;:240,&quot;335559739&quot;:240}\">\u00a0<\/span><\/li><\/ul><ul><li aria-setsize=\"-1\" data-leveltext=\"\uf0b7\" data-font=\"Symbol\" data-listid=\"4\" data-list-defn-props=\"{&quot;335552541&quot;:1,&quot;335559685&quot;:720,&quot;335559991&quot;:360,&quot;469769226&quot;:&quot;Symbol&quot;,&quot;469769242&quot;:[8226],&quot;469777803&quot;:&quot;left&quot;,&quot;469777804&quot;:&quot;\uf0b7&quot;,&quot;469777815&quot;:&quot;hybridMultilevel&quot;}\" data-aria-posinset=\"2\" data-aria-level=\"1\"><b><span data-contrast=\"auto\">La force du collectif<\/span><\/b><span data-contrast=\"auto\"> : progresser gr\u00e2ce aux regards et aux retours des autres.<\/span><span data-ccp-props=\"{&quot;335559738&quot;:240,&quot;335559739&quot;:240}\">\u00a0<\/span><\/li><\/ul><ul><li aria-setsize=\"-1\" data-leveltext=\"\uf0b7\" data-font=\"Symbol\" data-listid=\"4\" data-list-defn-props=\"{&quot;335552541&quot;:1,&quot;335559685&quot;:720,&quot;335559991&quot;:360,&quot;469769226&quot;:&quot;Symbol&quot;,&quot;469769242&quot;:[8226],&quot;469777803&quot;:&quot;left&quot;,&quot;469777804&quot;:&quot;\uf0b7&quot;,&quot;469777815&quot;:&quot;hybridMultilevel&quot;}\" data-aria-posinset=\"3\" data-aria-level=\"1\"><b><span data-contrast=\"auto\">L\u2019entra\u00eenement digital<\/span><\/b><span data-contrast=\"auto\"> : consolider les acquis au quotidien et mesurer ses progr\u00e8s.<\/span><span data-ccp-props=\"{&quot;335559738&quot;:240,&quot;335559739&quot;:240}\">\u00a0<\/span><\/li><\/ul><p><span data-contrast=\"auto\">Cette combinaison cr\u00e9e une dynamique puissante. On sort du mod\u00e8le classique \u201cformation de deux jours et c\u2019est fini\u201d. Ici, le processus continue, s\u2019ancre, et change durablement la mani\u00e8re dont chacun prend la parole.<\/span><\/p>\t\t\t\t\t\t\t\t<\/div>\n\t\t\t\t<\/div>\n\t\t\t\t\t<\/div>\n\t\t<\/div>\n\t\t\t\t\t<\/div>\n\t\t<\/section>\n\t\t\t\t<section class=\"elementor-section elementor-top-section elementor-element elementor-element-e75b952 elementor-section-boxed elementor-section-height-default elementor-section-height-default\" data-id=\"e75b952\" data-element_type=\"section\" data-e-type=\"section\">\n\t\t\t\t\t\t<div class=\"elementor-container elementor-column-gap-default\">\n\t\t\t\t\t<div class=\"elementor-column elementor-col-33 elementor-top-column elementor-element elementor-element-9173655\" data-id=\"9173655\" data-element_type=\"column\" data-e-type=\"column\" data-settings=\"{&quot;background_background&quot;:&quot;classic&quot;}\">\n\t\t\t<div class=\"elementor-widget-wrap elementor-element-populated\">\n\t\t\t\t\t<div class=\"elementor-background-overlay\"><\/div>\n\t\t\t\t\t\t<div class=\"elementor-element elementor-element-91d6a8d elementor-widget elementor-widget-image\" data-id=\"91d6a8d\" data-element_type=\"widget\" data-e-type=\"widget\" data-widget_type=\"image.default\">\n\t\t\t\t<div class=\"elementor-widget-container\">\n\t\t\t\t\t\t\t\t\t\t\t\t\t\t\t<img fetchpriority=\"high\" decoding=\"async\" width=\"800\" height=\"800\" src=\"https:\/\/talk.swiss\/wp-content\/uploads\/2025\/10\/2-1024x1024.jpg\" class=\"attachment-large size-large wp-image-8474\" alt=\"\" srcset=\"https:\/\/talk.swiss\/wp-content\/uploads\/2025\/10\/2-1024x1024.jpg 1024w, https:\/\/talk.swiss\/wp-content\/uploads\/2025\/10\/2-300x300.jpg 300w, https:\/\/talk.swiss\/wp-content\/uploads\/2025\/10\/2-150x150.jpg 150w, https:\/\/talk.swiss\/wp-content\/uploads\/2025\/10\/2-768x768.jpg 768w, https:\/\/talk.swiss\/wp-content\/uploads\/2025\/10\/2-12x12.jpg 12w, https:\/\/talk.swiss\/wp-content\/uploads\/2025\/10\/2.jpg 1080w\" sizes=\"(max-width: 800px) 100vw, 800px\" \/>\t\t\t\t\t\t\t\t\t\t\t\t\t\t\t<\/div>\n\t\t\t\t<\/div>\n\t\t\t\t\t<\/div>\n\t\t<\/div>\n\t\t\t\t<div class=\"elementor-column elementor-col-33 elementor-top-column elementor-element elementor-element-8f245bf\" data-id=\"8f245bf\" data-element_type=\"column\" data-e-type=\"column\">\n\t\t\t<div class=\"elementor-widget-wrap elementor-element-populated\">\n\t\t\t\t\t\t<div class=\"elementor-element elementor-element-823b6af elementor-widget elementor-widget-image\" data-id=\"823b6af\" data-element_type=\"widget\" data-e-type=\"widget\" data-widget_type=\"image.default\">\n\t\t\t\t<div class=\"elementor-widget-container\">\n\t\t\t\t\t\t\t\t\t\t\t\t\t\t\t<img decoding=\"async\" width=\"800\" height=\"800\" src=\"https:\/\/talk.swiss\/wp-content\/uploads\/2025\/10\/3-1024x1024.jpg\" class=\"attachment-large size-large wp-image-8475\" alt=\"\" srcset=\"https:\/\/talk.swiss\/wp-content\/uploads\/2025\/10\/3-1024x1024.jpg 1024w, https:\/\/talk.swiss\/wp-content\/uploads\/2025\/10\/3-300x300.jpg 300w, https:\/\/talk.swiss\/wp-content\/uploads\/2025\/10\/3-150x150.jpg 150w, https:\/\/talk.swiss\/wp-content\/uploads\/2025\/10\/3-768x768.jpg 768w, https:\/\/talk.swiss\/wp-content\/uploads\/2025\/10\/3-12x12.jpg 12w, https:\/\/talk.swiss\/wp-content\/uploads\/2025\/10\/3.jpg 1080w\" sizes=\"(max-width: 800px) 100vw, 800px\" \/>\t\t\t\t\t\t\t\t\t\t\t\t\t\t\t<\/div>\n\t\t\t\t<\/div>\n\t\t\t\t\t<\/div>\n\t\t<\/div>\n\t\t\t\t<div class=\"elementor-column elementor-col-33 elementor-top-column elementor-element elementor-element-e1699e6\" data-id=\"e1699e6\" data-element_type=\"column\" data-e-type=\"column\">\n\t\t\t<div class=\"elementor-widget-wrap elementor-element-populated\">\n\t\t\t\t\t\t<div class=\"elementor-element elementor-element-81fd7e4 elementor-widget elementor-widget-image\" data-id=\"81fd7e4\" data-element_type=\"widget\" data-e-type=\"widget\" data-widget_type=\"image.default\">\n\t\t\t\t<div class=\"elementor-widget-container\">\n\t\t\t\t\t\t\t\t\t\t\t\t\t\t\t<img decoding=\"async\" width=\"800\" height=\"800\" src=\"https:\/\/talk.swiss\/wp-content\/uploads\/2025\/10\/4-1024x1024.jpg\" class=\"attachment-large size-large wp-image-8476\" alt=\"\" srcset=\"https:\/\/talk.swiss\/wp-content\/uploads\/2025\/10\/4-1024x1024.jpg 1024w, https:\/\/talk.swiss\/wp-content\/uploads\/2025\/10\/4-300x300.jpg 300w, https:\/\/talk.swiss\/wp-content\/uploads\/2025\/10\/4-150x150.jpg 150w, https:\/\/talk.swiss\/wp-content\/uploads\/2025\/10\/4-768x768.jpg 768w, https:\/\/talk.swiss\/wp-content\/uploads\/2025\/10\/4-12x12.jpg 12w, https:\/\/talk.swiss\/wp-content\/uploads\/2025\/10\/4.jpg 1080w\" sizes=\"(max-width: 800px) 100vw, 800px\" \/>\t\t\t\t\t\t\t\t\t\t\t\t\t\t\t<\/div>\n\t\t\t\t<\/div>\n\t\t\t\t\t<\/div>\n\t\t<\/div>\n\t\t\t\t\t<\/div>\n\t\t<\/section>\n\t\t\t\t<section class=\"elementor-section elementor-top-section elementor-element elementor-element-bb1d37e elementor-section-boxed elementor-section-height-default elementor-section-height-default\" data-id=\"bb1d37e\" data-element_type=\"section\" data-e-type=\"section\">\n\t\t\t\t\t\t<div class=\"elementor-container elementor-column-gap-default\">\n\t\t\t\t\t<div class=\"elementor-column elementor-col-100 elementor-top-column elementor-element elementor-element-0e8b595\" data-id=\"0e8b595\" data-element_type=\"column\" data-e-type=\"column\">\n\t\t\t<div class=\"elementor-widget-wrap elementor-element-populated\">\n\t\t\t\t\t\t<div class=\"elementor-element elementor-element-3bf89d5 elementor-widget elementor-widget-heading\" data-id=\"3bf89d5\" data-element_type=\"widget\" data-e-type=\"widget\" data-widget_type=\"heading.default\">\n\t\t\t\t<div class=\"elementor-widget-container\">\n\t\t\t\t\t<h2 class=\"elementor-heading-title elementor-size-xl\">Trois \u00e9tapes pour transformer la communication <\/h2>\t\t\t\t<\/div>\n\t\t\t\t<\/div>\n\t\t\t\t<div class=\"elementor-element elementor-element-164e6a5 animated-slow elementor-list-item-link-inline elementor-icon-list--layout-traditional elementor-widget elementor-widget-icon-list\" data-id=\"164e6a5\" data-element_type=\"widget\" data-e-type=\"widget\" data-settings=\"{&quot;_animation&quot;:&quot;none&quot;}\" data-widget_type=\"icon-list.default\">\n\t\t\t\t<div class=\"elementor-widget-container\">\n\t\t\t\t\t\t\t<ul class=\"elementor-icon-list-items\">\n\t\t\t\t\t\t\t<li class=\"elementor-icon-list-item\">\n\t\t\t\t\t\t\t\t\t\t\t<span class=\"elementor-icon-list-icon\">\n\t\t\t\t\t\t\t<i aria-hidden=\"true\" class=\"fas fa-chevron-right\"><\/i>\t\t\t\t\t\t<\/span>\n\t\t\t\t\t\t\t\t\t\t<span class=\"elementor-icon-list-text\">1. Deux jours immersifs \u00e0 l\u2019EHL <\/span>\n\t\t\t\t\t\t\t\t\t<\/li>\n\t\t\t\t\t\t<\/ul>\n\t\t\t\t\t\t<\/div>\n\t\t\t\t<\/div>\n\t\t\t\t<div class=\"elementor-element elementor-element-25418b6 elementor-widget elementor-widget-text-editor\" data-id=\"25418b6\" data-element_type=\"widget\" data-e-type=\"widget\" data-widget_type=\"text-editor.default\">\n\t\t\t\t<div class=\"elementor-widget-container\">\n\t\t\t\t\t\t\t\t\t<p><span data-contrast=\"auto\">D\u00e8s les premi\u00e8res heures, les participants s\u2019exercent \u00e0 incarner leur communication. Ils travaillent leur message mais aussi leur voix, leur posture, leur \u00e9nergie et leur intelligence \u00e9motionnelle.<\/span>\u00a0<br \/><span data-contrast=\"auto\">Les exercices film\u00e9s, les feedbacks bienveillants et les outils concrets acc\u00e9l\u00e8rent la progression.<\/span><\/p>\t\t\t\t\t\t\t\t<\/div>\n\t\t\t\t<\/div>\n\t\t\t\t\t<\/div>\n\t\t<\/div>\n\t\t\t\t\t<\/div>\n\t\t<\/section>\n\t\t\t\t<section class=\"elementor-section elementor-top-section elementor-element elementor-element-7ac0d08 elementor-section-boxed elementor-section-height-default elementor-section-height-default\" data-id=\"7ac0d08\" data-element_type=\"section\" data-e-type=\"section\">\n\t\t\t\t\t\t<div class=\"elementor-container elementor-column-gap-default\">\n\t\t\t\t\t<div class=\"elementor-column elementor-col-50 elementor-top-column elementor-element elementor-element-9277db9\" data-id=\"9277db9\" data-element_type=\"column\" data-e-type=\"column\" data-settings=\"{&quot;background_background&quot;:&quot;classic&quot;}\">\n\t\t\t<div class=\"elementor-widget-wrap elementor-element-populated\">\n\t\t\t\t\t<div class=\"elementor-background-overlay\"><\/div>\n\t\t\t\t\t\t<div class=\"elementor-element elementor-element-2eea53b elementor-widget elementor-widget-image\" data-id=\"2eea53b\" data-element_type=\"widget\" data-e-type=\"widget\" data-widget_type=\"image.default\">\n\t\t\t\t<div class=\"elementor-widget-container\">\n\t\t\t\t\t\t\t\t\t\t\t\t\t\t\t<img decoding=\"async\" src=\"https:\/\/talk.swiss\/wp-content\/uploads\/elementor\/thumbs\/lionel-rdmiwo0tm9gq92gok83ohtmllp03ch2l41n6rmyenc.png\" title=\"\" alt=\"\" loading=\"lazy\" \/>\t\t\t\t\t\t\t\t\t\t\t\t\t\t\t<\/div>\n\t\t\t\t<\/div>\n\t\t\t\t\t<\/div>\n\t\t<\/div>\n\t\t\t\t<div class=\"elementor-column elementor-col-50 elementor-top-column elementor-element elementor-element-d0866e5\" data-id=\"d0866e5\" data-element_type=\"column\" data-e-type=\"column\">\n\t\t\t<div class=\"elementor-widget-wrap elementor-element-populated\">\n\t\t\t\t\t\t<div class=\"elementor-element elementor-element-3ac9761 elementor-widget elementor-widget-heading\" data-id=\"3ac9761\" data-element_type=\"widget\" data-e-type=\"widget\" data-widget_type=\"heading.default\">\n\t\t\t\t<div class=\"elementor-widget-container\">\n\t\t\t\t\t<h3 class=\"elementor-heading-title elementor-size-large\">\u00ab \u00c0 l\u2019EHL, on cultive l\u2019excellence par l\u2019exp\u00e9rience entre les gens. Le digital ne remplace pas cela, il vient enrichir cette exp\u00e9rience. \u00bb<\/h3>\t\t\t\t<\/div>\n\t\t\t\t<\/div>\n\t\t\t\t<div class=\"elementor-element elementor-element-17b67d6 elementor-widget elementor-widget-heading\" data-id=\"17b67d6\" data-element_type=\"widget\" data-e-type=\"widget\" data-widget_type=\"heading.default\">\n\t\t\t\t<div class=\"elementor-widget-container\">\n\t\t\t\t\t<h3 class=\"elementor-heading-title elementor-size-medium\">\u2014 Lionel Crottaz, Head of People Development<\/h3>\t\t\t\t<\/div>\n\t\t\t\t<\/div>\n\t\t\t\t\t<\/div>\n\t\t<\/div>\n\t\t\t\t\t<\/div>\n\t\t<\/section>\n\t\t\t\t<section class=\"elementor-section elementor-top-section elementor-element elementor-element-152fa8a elementor-section-boxed elementor-section-height-default elementor-section-height-default\" data-id=\"152fa8a\" data-element_type=\"section\" data-e-type=\"section\">\n\t\t\t\t\t\t<div class=\"elementor-container elementor-column-gap-default\">\n\t\t\t\t\t<div class=\"elementor-column elementor-col-100 elementor-top-column elementor-element elementor-element-46b8296\" data-id=\"46b8296\" data-element_type=\"column\" data-e-type=\"column\">\n\t\t\t<div class=\"elementor-widget-wrap elementor-element-populated\">\n\t\t\t\t\t\t<div class=\"elementor-element elementor-element-781e6d6 animated-slow elementor-list-item-link-inline elementor-icon-list--layout-traditional elementor-widget elementor-widget-icon-list\" data-id=\"781e6d6\" data-element_type=\"widget\" data-e-type=\"widget\" data-settings=\"{&quot;_animation&quot;:&quot;none&quot;}\" data-widget_type=\"icon-list.default\">\n\t\t\t\t<div class=\"elementor-widget-container\">\n\t\t\t\t\t\t\t<ul class=\"elementor-icon-list-items\">\n\t\t\t\t\t\t\t<li class=\"elementor-icon-list-item\">\n\t\t\t\t\t\t\t\t\t\t\t<span class=\"elementor-icon-list-icon\">\n\t\t\t\t\t\t\t<i aria-hidden=\"true\" class=\"fas fa-chevron-right\"><\/i>\t\t\t\t\t\t<\/span>\n\t\t\t\t\t\t\t\t\t\t<span class=\"elementor-icon-list-text\">2. Dix jours d\u2019entra\u00eenement digital avec TALK <\/span>\n\t\t\t\t\t\t\t\t\t<\/li>\n\t\t\t\t\t\t<\/ul>\n\t\t\t\t\t\t<\/div>\n\t\t\t\t<\/div>\n\t\t\t\t\t<\/div>\n\t\t<\/div>\n\t\t\t\t\t<\/div>\n\t\t<\/section>\n\t\t\t\t<section class=\"elementor-section elementor-top-section elementor-element elementor-element-59c0f3b elementor-section-boxed elementor-section-height-default elementor-section-height-default\" data-id=\"59c0f3b\" data-element_type=\"section\" data-e-type=\"section\">\n\t\t\t\t\t\t<div class=\"elementor-container elementor-column-gap-default\">\n\t\t\t\t\t<div class=\"elementor-column elementor-col-50 elementor-top-column elementor-element elementor-element-4b54cf6\" data-id=\"4b54cf6\" data-element_type=\"column\" data-e-type=\"column\">\n\t\t\t<div class=\"elementor-widget-wrap elementor-element-populated\">\n\t\t\t\t\t\t<div class=\"elementor-element elementor-element-3607f01 elementor-widget__width-initial elementor-widget elementor-widget-text-editor\" data-id=\"3607f01\" data-element_type=\"widget\" data-e-type=\"widget\" data-widget_type=\"text-editor.default\">\n\t\t\t\t<div class=\"elementor-widget-container\">\n\t\t\t\t\t\t\t\t\t<p><span data-contrast=\"auto\">L\u2019apprentissage continue au-del\u00e0 du campus gr\u00e2ce \u00e0 l\u2019application <\/span><b><span data-contrast=\"auto\">TALK<\/span><\/b><span data-contrast=\"auto\">.<\/span>\u00a0<br \/><span data-contrast=\"auto\">Chaque jour, les participants s\u2019entra\u00eenent en conditions r\u00e9elles : un pitch \u00e0 enregistrer, un exercice d\u2019intonation, une r\u00e9ponse \u00e0 une question difficile. L\u2019application analyse, compare et mesure les progr\u00e8s.<\/span><span data-ccp-props=\"{&quot;335559738&quot;:240,&quot;335559739&quot;:240}\">\u00a0<\/span><\/p><p><span data-contrast=\"auto\">Ce qui fait la diff\u00e9rence ?<\/span><span data-ccp-props=\"{&quot;335559738&quot;:240,&quot;335559739&quot;:240}\">\u00a0<\/span><\/p><ul><li aria-setsize=\"-1\" data-leveltext=\"\uf0b7\" data-font=\"Symbol\" data-listid=\"3\" data-list-defn-props=\"{&quot;335552541&quot;:1,&quot;335559685&quot;:720,&quot;335559991&quot;:360,&quot;469769226&quot;:&quot;Symbol&quot;,&quot;469769242&quot;:[8226],&quot;469777803&quot;:&quot;left&quot;,&quot;469777804&quot;:&quot;\uf0b7&quot;,&quot;469777815&quot;:&quot;hybridMultilevel&quot;}\" data-aria-posinset=\"1\" data-aria-level=\"1\"><b><span data-contrast=\"auto\">Des micro-le\u00e7ons cibl\u00e9es<\/span><\/b><span data-contrast=\"auto\"> qui tiennent en quelques minutes.<\/span><span data-ccp-props=\"{&quot;335559738&quot;:240,&quot;335559739&quot;:240}\">\u00a0<\/span><\/li><\/ul><ul><li aria-setsize=\"-1\" data-leveltext=\"\uf0b7\" data-font=\"Symbol\" data-listid=\"3\" data-list-defn-props=\"{&quot;335552541&quot;:1,&quot;335559685&quot;:720,&quot;335559991&quot;:360,&quot;469769226&quot;:&quot;Symbol&quot;,&quot;469769242&quot;:[8226],&quot;469777803&quot;:&quot;left&quot;,&quot;469777804&quot;:&quot;\uf0b7&quot;,&quot;469777815&quot;:&quot;hybridMultilevel&quot;}\" data-aria-posinset=\"2\" data-aria-level=\"1\"><b><span data-contrast=\"auto\">Des indicateurs pr\u00e9cis<\/span><\/b><span data-contrast=\"auto\"> pour voir l\u2019\u00e9volution de la voix, du rythme, de l\u2019impact.<\/span><span data-ccp-props=\"{&quot;335559738&quot;:240,&quot;335559739&quot;:240}\">\u00a0<\/span><\/li><li aria-setsize=\"-1\" data-leveltext=\"\uf0b7\" data-font=\"Symbol\" data-listid=\"3\" data-list-defn-props=\"{&quot;335552541&quot;:1,&quot;335559685&quot;:720,&quot;335559991&quot;:360,&quot;469769226&quot;:&quot;Symbol&quot;,&quot;469769242&quot;:[8226],&quot;469777803&quot;:&quot;left&quot;,&quot;469777804&quot;:&quot;\uf0b7&quot;,&quot;469777815&quot;:&quot;hybridMultilevel&quot;}\" data-aria-posinset=\"3\" data-aria-level=\"1\"><b><span data-contrast=\"auto\">La possibilit\u00e9 de refaire et comparer<\/span><\/b><span data-contrast=\"auto\">, jusqu\u2019\u00e0 trouver le ton juste.<\/span><span data-ccp-props=\"{&quot;335559738&quot;:240,&quot;335559739&quot;:240}\">\u00a0<\/span><\/li><\/ul><p>\u00a0<\/p><p><span data-contrast=\"auto\">Avec TALK, la communication n\u2019est plus une question de ressenti : elle devient <\/span><b><span data-contrast=\"auto\">une force tangible et mesurable<\/span><\/b><span data-contrast=\"auto\">.<\/span><span data-ccp-props=\"{&quot;335559738&quot;:240,&quot;335559739&quot;:240}\">\u00a0<\/span><\/p>\t\t\t\t\t\t\t\t<\/div>\n\t\t\t\t<\/div>\n\t\t\t\t\t<\/div>\n\t\t<\/div>\n\t\t\t\t<div class=\"elementor-column elementor-col-50 elementor-top-column elementor-element elementor-element-d1c37b0\" data-id=\"d1c37b0\" data-element_type=\"column\" data-e-type=\"column\">\n\t\t\t<div class=\"elementor-widget-wrap elementor-element-populated\">\n\t\t\t\t\t\t<div class=\"elementor-element elementor-element-56d4d2b elementor-widget__width-initial elementor-widget elementor-widget-video\" data-id=\"56d4d2b\" data-element_type=\"widget\" data-e-type=\"widget\" data-settings=\"{&quot;video_type&quot;:&quot;hosted&quot;,&quot;controls&quot;:&quot;yes&quot;}\" data-widget_type=\"video.default\">\n\t\t\t\t<div class=\"elementor-widget-container\">\n\t\t\t\t\t\t\t<div class=\"e-hosted-video elementor-wrapper elementor-open-inline\">\n\t\t\t\t\t<video class=\"elementor-video\" src=\"https:\/\/talk.swiss\/wp-content\/uploads\/2025\/10\/EHL_CAPSULE-2.mov\" controls=\"\" preload=\"metadata\" controlsList=\"nodownload\" poster=\"https:\/\/talk.swiss\/wp-content\/uploads\/2025\/10\/Screenshot-2025-10-20-at-11.19.02.png\"><\/video>\n\t\t\t\t<\/div>\n\t\t\t\t\t\t<\/div>\n\t\t\t\t<\/div>\n\t\t\t\t\t<\/div>\n\t\t<\/div>\n\t\t\t\t\t<\/div>\n\t\t<\/section>\n\t\t\t\t<section class=\"elementor-section elementor-top-section elementor-element elementor-element-4748012 elementor-section-boxed elementor-section-height-default elementor-section-height-default\" data-id=\"4748012\" data-element_type=\"section\" data-e-type=\"section\">\n\t\t\t\t\t\t<div class=\"elementor-container elementor-column-gap-default\">\n\t\t\t\t\t<div class=\"elementor-column elementor-col-100 elementor-top-column elementor-element elementor-element-04a213a\" data-id=\"04a213a\" data-element_type=\"column\" data-e-type=\"column\" data-settings=\"{&quot;background_background&quot;:&quot;classic&quot;}\">\n\t\t\t<div class=\"elementor-widget-wrap elementor-element-populated\">\n\t\t\t\t\t<div class=\"elementor-background-overlay\"><\/div>\n\t\t\t\t\t\t<div class=\"elementor-element elementor-element-9486b35 elementor-testimonial--skin-default elementor-testimonial--layout-image_inline elementor-testimonial--align-center elementor-arrows-yes elementor-pagination-type-bullets elementor-widget elementor-widget-testimonial-carousel\" data-id=\"9486b35\" data-element_type=\"widget\" data-e-type=\"widget\" data-settings=\"{&quot;show_arrows&quot;:&quot;yes&quot;,&quot;pagination&quot;:&quot;bullets&quot;,&quot;speed&quot;:500,&quot;autoplay&quot;:&quot;yes&quot;,&quot;autoplay_speed&quot;:5000,&quot;loop&quot;:&quot;yes&quot;,&quot;space_between&quot;:{&quot;unit&quot;:&quot;px&quot;,&quot;size&quot;:10,&quot;sizes&quot;:[]},&quot;space_between_tablet_extra&quot;:{&quot;unit&quot;:&quot;px&quot;,&quot;size&quot;:10,&quot;sizes&quot;:[]},&quot;space_between_tablet&quot;:{&quot;unit&quot;:&quot;px&quot;,&quot;size&quot;:10,&quot;sizes&quot;:[]},&quot;space_between_mobile_extra&quot;:{&quot;unit&quot;:&quot;px&quot;,&quot;size&quot;:10,&quot;sizes&quot;:[]},&quot;space_between_mobile&quot;:{&quot;unit&quot;:&quot;px&quot;,&quot;size&quot;:10,&quot;sizes&quot;:[]}}\" data-widget_type=\"testimonial-carousel.default\">\n\t\t\t\t<div class=\"elementor-widget-container\">\n\t\t\t\t\t\t\t\t\t<div class=\"elementor-swiper\">\n\t\t\t\t\t<div class=\"elementor-main-swiper swiper\" role=\"region\" aria-roledescription=\"carousel\" aria-label=\"Diapositives\">\n\t\t\t\t<div class=\"swiper-wrapper\">\n\t\t\t\t\t\t\t\t\t\t\t<div class=\"swiper-slide\" role=\"group\" aria-roledescription=\"slide\">\n\t\t\t\t\t\t\t\t\t<div class=\"elementor-testimonial\">\n\t\t\t\t\t\t\t<div class=\"elementor-testimonial__content\">\n\t\t\t\t\t<div class=\"elementor-testimonial__text\">\n\t\t\t\t\t\t\u00ab L\u2019application est ludique et apprenante.<br> Elle trace un chemin clair avec des exercices vari\u00e9s et un feedback continu. \u00bb\t\t\t\t\t<\/div>\n\t\t\t\t\t\t\t\t\t<\/div>\n\t\t\t\t\t\t<div class=\"elementor-testimonial__footer\">\n\t\t\t\t\t\t\t\t\t<div class=\"elementor-testimonial__image\">\n\t\t\t\t\t\t<img decoding=\"async\" src=\"https:\/\/talk.swiss\/wp-content\/uploads\/2025\/10\/el-onore-homasson-1728350961.jpg\" alt=\"\u00c9l\u00e9onore Homasson\">\n\t\t\t\t\t\t\t\t\t\t\t<\/div>\n\t\t\t\t\t\t\t\t<cite class=\"elementor-testimonial__cite\"><span class=\"elementor-testimonial__name\">\u00c9l\u00e9onore Homasson<\/span><span class=\"elementor-testimonial__title\">participante, Student Recruitment Program Advisor<\/span><\/cite>\t\t\t<\/div>\n\t\t<\/div>\n\t\t\t\t\t\t\t\t<\/div>\n\t\t\t\t\t\t\t\t\t\t\t<div class=\"swiper-slide\" role=\"group\" aria-roledescription=\"slide\">\n\t\t\t\t\t\t\t\t\t<div class=\"elementor-testimonial\">\n\t\t\t\t\t\t\t<div class=\"elementor-testimonial__content\">\n\t\t\t\t\t<div class=\"elementor-testimonial__text\">\n\t\t\t\t\t\t\u00ab J\u2019aime vraiment les indicateurs. Pour la premi\u00e8re fois,<br> je vois mes progr\u00e8s et je peux m\u2019am\u00e9liorer entre deux essais. \u00bb\t\t\t\t\t<\/div>\n\t\t\t\t\t\t\t\t\t<\/div>\n\t\t\t\t\t\t<div class=\"elementor-testimonial__footer\">\n\t\t\t\t\t\t\t\t\t<div class=\"elementor-testimonial__image\">\n\t\t\t\t\t\t<img decoding=\"async\" src=\"https:\/\/talk.swiss\/wp-content\/uploads\/2025\/10\/Hospitality_Insights_EHL_Martha_Sandoval_Alvarado_Authors.jpg\" alt=\"Martha Sandoval\">\n\t\t\t\t\t\t\t\t\t\t\t<\/div>\n\t\t\t\t\t\t\t\t<cite class=\"elementor-testimonial__cite\"><span class=\"elementor-testimonial__name\">Martha Sandoval<\/span><span class=\"elementor-testimonial__title\">participante, Faculty Learning & Development Specialist<\/span><\/cite>\t\t\t<\/div>\n\t\t<\/div>\n\t\t\t\t\t\t\t\t<\/div>\n\t\t\t\t\t\t\t\t\t\t\t<div class=\"swiper-slide\" role=\"group\" aria-roledescription=\"slide\">\n\t\t\t\t\t\t\t\t\t<div class=\"elementor-testimonial\">\n\t\t\t\t\t\t\t<div class=\"elementor-testimonial__content\">\n\t\t\t\t\t<div class=\"elementor-testimonial__text\">\n\t\t\t\t\t\t\u00ab Digitaliser les soft skills, les rendre mesurables, c\u2019est ce qui permet de voir concr\u00e8tement<br> comment on avance, \u00e0 quel rythme, et si l\u2019on est sur la bonne voie. \u00bb\t\t\t\t\t<\/div>\n\t\t\t\t\t\t\t\t\t<\/div>\n\t\t\t\t\t\t<div class=\"elementor-testimonial__footer\">\n\t\t\t\t\t\t\t\t\t<div class=\"elementor-testimonial__image\">\n\t\t\t\t\t\t<img decoding=\"async\" src=\"https:\/\/talk.swiss\/wp-content\/uploads\/2025\/10\/1689835250750.jpg\" alt=\"Lionel Crottaz,\">\n\t\t\t\t\t\t\t\t\t\t\t<\/div>\n\t\t\t\t\t\t\t\t<cite class=\"elementor-testimonial__cite\"><span class=\"elementor-testimonial__name\">Lionel Crottaz,<\/span><span class=\"elementor-testimonial__title\">Head of People Development<\/span><\/cite>\t\t\t<\/div>\n\t\t<\/div>\n\t\t\t\t\t\t\t\t<\/div>\n\t\t\t\t\t\t\t\t\t<\/div>\n\t\t\t\t\t\t\t\t\t\t\t\t\t\t\t<div class=\"elementor-swiper-button elementor-swiper-button-prev\" role=\"button\" tabindex=\"0\" aria-label=\"Pr\u00e9c\u00e9dent\">\n\t\t\t\t\t\t\t<i aria-hidden=\"true\" class=\"eicon-chevron-left\"><\/i>\t\t\t\t\t\t<\/div>\n\t\t\t\t\t\t<div class=\"elementor-swiper-button elementor-swiper-button-next\" role=\"button\" tabindex=\"0\" aria-label=\"Suivant\">\n\t\t\t\t\t\t\t<i aria-hidden=\"true\" class=\"eicon-chevron-right\"><\/i>\t\t\t\t\t\t<\/div>\n\t\t\t\t\t\t\t\t\t\t\t\t\t\t\t\t<div class=\"swiper-pagination\"><\/div>\n\t\t\t\t\t\t\t\t\t\t\t\t<\/div>\n\t\t\t\t<\/div>\n\t\t\t\t\t\t\t\t<\/div>\n\t\t\t\t<\/div>\n\t\t\t\t\t<\/div>\n\t\t<\/div>\n\t\t\t\t\t<\/div>\n\t\t<\/section>\n\t\t\t\t<section class=\"elementor-section elementor-top-section elementor-element elementor-element-e7df301 elementor-section-boxed elementor-section-height-default elementor-section-height-default\" data-id=\"e7df301\" data-element_type=\"section\" data-e-type=\"section\">\n\t\t\t\t\t\t<div class=\"elementor-container elementor-column-gap-default\">\n\t\t\t\t\t<div class=\"elementor-column elementor-col-100 elementor-top-column elementor-element elementor-element-6079914\" data-id=\"6079914\" data-element_type=\"column\" data-e-type=\"column\">\n\t\t\t<div class=\"elementor-widget-wrap elementor-element-populated\">\n\t\t\t\t\t\t<div class=\"elementor-element elementor-element-db6089f animated-slow elementor-list-item-link-inline elementor-icon-list--layout-traditional elementor-widget elementor-widget-icon-list\" data-id=\"db6089f\" data-element_type=\"widget\" data-e-type=\"widget\" data-settings=\"{&quot;_animation&quot;:&quot;none&quot;}\" data-widget_type=\"icon-list.default\">\n\t\t\t\t<div class=\"elementor-widget-container\">\n\t\t\t\t\t\t\t<ul class=\"elementor-icon-list-items\">\n\t\t\t\t\t\t\t<li class=\"elementor-icon-list-item\">\n\t\t\t\t\t\t\t\t\t\t\t<span class=\"elementor-icon-list-icon\">\n\t\t\t\t\t\t\t<i aria-hidden=\"true\" class=\"fas fa-chevron-right\"><\/i>\t\t\t\t\t\t<\/span>\n\t\t\t\t\t\t\t\t\t\t<span class=\"elementor-icon-list-text\">3. Une restitution, et surtout un d\u00e9clic <\/span>\n\t\t\t\t\t\t\t\t\t<\/li>\n\t\t\t\t\t\t<\/ul>\n\t\t\t\t\t\t<\/div>\n\t\t\t\t<\/div>\n\t\t\t\t<div class=\"elementor-element elementor-element-19b9de4 elementor-widget elementor-widget-text-editor\" data-id=\"19b9de4\" data-element_type=\"widget\" data-e-type=\"widget\" data-widget_type=\"text-editor.default\">\n\t\t\t\t<div class=\"elementor-widget-container\">\n\t\t\t\t\t\t\t\t\t<p><span data-contrast=\"auto\">La fin du parcours agit comme un r\u00e9v\u00e9lateur.<\/span>\u00a0<br \/><span data-contrast=\"auto\">Chaque participant reprend la parole \u2013 cette fois avec plus d\u2019assurance, une \u00e9nergie nouvelle, une clart\u00e9 retrouv\u00e9e.<\/span><\/p><p><span data-contrast=\"auto\">Les progr\u00e8s sont visibles : messages mieux structur\u00e9s, \u00e9motions ma\u00eetris\u00e9es, pr\u00e9sence affirm\u00e9e. Pour beaucoup, c\u2019est un v\u00e9ritable d\u00e9clic, une prise de conscience durable.<\/span><\/p>\t\t\t\t\t\t\t\t<\/div>\n\t\t\t\t<\/div>\n\t\t\t\t\t<\/div>\n\t\t<\/div>\n\t\t\t\t\t<\/div>\n\t\t<\/section>\n\t\t\t\t<section class=\"elementor-section elementor-top-section elementor-element elementor-element-df943c8 elementor-section-boxed elementor-section-height-default elementor-section-height-default\" data-id=\"df943c8\" data-element_type=\"section\" data-e-type=\"section\" data-settings=\"{&quot;background_background&quot;:&quot;classic&quot;}\">\n\t\t\t\t\t\t<div class=\"elementor-container elementor-column-gap-default\">\n\t\t\t\t\t<div class=\"elementor-column elementor-col-100 elementor-top-column elementor-element elementor-element-edb6ddd\" data-id=\"edb6ddd\" data-element_type=\"column\" data-e-type=\"column\" data-settings=\"{&quot;background_background&quot;:&quot;classic&quot;}\">\n\t\t\t<div class=\"elementor-widget-wrap elementor-element-populated\">\n\t\t\t\t\t\t<div class=\"elementor-element elementor-element-52d7881 elementor-widget elementor-widget-heading\" data-id=\"52d7881\" data-element_type=\"widget\" data-e-type=\"widget\" data-widget_type=\"heading.default\">\n\t\t\t\t<div class=\"elementor-widget-container\">\n\t\t\t\t\t<h3 class=\"elementor-heading-title elementor-size-large\">\u00ab Les participants adorent. Ils en parlent autour d\u2019eux et \u00e7a cr\u00e9e un bouche-\u00e0-oreille puissant. C\u2019est une exp\u00e9rience unique, qui combine la technologie, l\u2019IA et l\u2019accompagnement humain propos\u00e9 par votre \u00e9quipe. Merci. \u00bb<\/h3>\t\t\t\t<\/div>\n\t\t\t\t<\/div>\n\t\t\t\t<div class=\"elementor-element elementor-element-97dcb3b elementor-widget elementor-widget-heading\" data-id=\"97dcb3b\" data-element_type=\"widget\" data-e-type=\"widget\" data-widget_type=\"heading.default\">\n\t\t\t\t<div class=\"elementor-widget-container\">\n\t\t\t\t\t<h3 class=\"elementor-heading-title elementor-size-medium\">\u2014 Lionel Crottaz, Head of People Development<\/h3>\t\t\t\t<\/div>\n\t\t\t\t<\/div>\n\t\t\t\t\t<\/div>\n\t\t<\/div>\n\t\t\t\t\t<\/div>\n\t\t<\/section>\n\t\t\t\t<section class=\"elementor-section elementor-top-section elementor-element elementor-element-7e60c87 elementor-section-boxed elementor-section-height-default elementor-section-height-default\" data-id=\"7e60c87\" data-element_type=\"section\" data-e-type=\"section\">\n\t\t\t\t\t\t<div class=\"elementor-container elementor-column-gap-default\">\n\t\t\t\t\t<div class=\"elementor-column elementor-col-50 elementor-top-column elementor-element elementor-element-ac1a3ed\" data-id=\"ac1a3ed\" data-element_type=\"column\" data-e-type=\"column\">\n\t\t\t<div class=\"elementor-widget-wrap elementor-element-populated\">\n\t\t\t\t\t\t<div class=\"elementor-element elementor-element-6bb3784 elementor-widget elementor-widget-heading\" data-id=\"6bb3784\" data-element_type=\"widget\" data-e-type=\"widget\" data-widget_type=\"heading.default\">\n\t\t\t\t<div class=\"elementor-widget-container\">\n\t\t\t\t\t<h2 class=\"elementor-heading-title elementor-size-xl\">Les b\u00e9n\u00e9fices pour les participants <\/h2>\t\t\t\t<\/div>\n\t\t\t\t<\/div>\n\t\t\t\t<div class=\"elementor-element elementor-element-95873a1 elementor-widget elementor-widget-text-editor\" data-id=\"95873a1\" data-element_type=\"widget\" data-e-type=\"widget\" data-widget_type=\"text-editor.default\">\n\t\t\t\t<div class=\"elementor-widget-container\">\n\t\t\t\t\t\t\t\t\t<p><span data-contrast=\"auto\">Au terme de la masterclass, chacun repart avec :<\/span><span data-ccp-props=\"{&quot;335559738&quot;:240,&quot;335559739&quot;:240}\">\u00a0<\/span><\/p><ul><li aria-setsize=\"-1\" data-leveltext=\"\uf0b7\" data-font=\"Symbol\" data-listid=\"2\" data-list-defn-props=\"{&quot;335552541&quot;:1,&quot;335559685&quot;:720,&quot;335559991&quot;:360,&quot;469769226&quot;:&quot;Symbol&quot;,&quot;469769242&quot;:[8226],&quot;469777803&quot;:&quot;left&quot;,&quot;469777804&quot;:&quot;\uf0b7&quot;,&quot;469777815&quot;:&quot;hybridMultilevel&quot;}\" data-aria-posinset=\"1\" data-aria-level=\"1\"><span data-contrast=\"auto\">Une <\/span><b><span data-contrast=\"auto\">parole claire et structur\u00e9e<\/span><\/b><span data-contrast=\"auto\">,<\/span><span data-ccp-props=\"{&quot;335559738&quot;:240,&quot;335559739&quot;:240}\">\u00a0<\/span><\/li><\/ul><ul><li aria-setsize=\"-1\" data-leveltext=\"\uf0b7\" data-font=\"Symbol\" data-listid=\"2\" data-list-defn-props=\"{&quot;335552541&quot;:1,&quot;335559685&quot;:720,&quot;335559991&quot;:360,&quot;469769226&quot;:&quot;Symbol&quot;,&quot;469769242&quot;:[8226],&quot;469777803&quot;:&quot;left&quot;,&quot;469777804&quot;:&quot;\uf0b7&quot;,&quot;469777815&quot;:&quot;hybridMultilevel&quot;}\" data-aria-posinset=\"2\" data-aria-level=\"1\"><span data-contrast=\"auto\">Une <\/span><b><span data-contrast=\"auto\">posture confiante et align\u00e9e<\/span><\/b><span data-contrast=\"auto\">,<\/span><span data-ccp-props=\"{&quot;335559738&quot;:240,&quot;335559739&quot;:240}\">\u00a0<\/span><\/li><\/ul><ul><li aria-setsize=\"-1\" data-leveltext=\"\uf0b7\" data-font=\"Symbol\" data-listid=\"2\" data-list-defn-props=\"{&quot;335552541&quot;:1,&quot;335559685&quot;:720,&quot;335559991&quot;:360,&quot;469769226&quot;:&quot;Symbol&quot;,&quot;469769242&quot;:[8226],&quot;469777803&quot;:&quot;left&quot;,&quot;469777804&quot;:&quot;\uf0b7&quot;,&quot;469777815&quot;:&quot;hybridMultilevel&quot;}\" data-aria-posinset=\"3\" data-aria-level=\"1\"><span data-contrast=\"auto\">Une <\/span><b><span data-contrast=\"auto\">meilleure gestion des \u00e9motions et du stress<\/span><\/b><span data-contrast=\"auto\">,<\/span><span data-ccp-props=\"{&quot;335559738&quot;:240,&quot;335559739&quot;:240}\">\u00a0<\/span><\/li><\/ul><ul><li aria-setsize=\"-1\" data-leveltext=\"\uf0b7\" data-font=\"Symbol\" data-listid=\"2\" data-list-defn-props=\"{&quot;335552541&quot;:1,&quot;335559685&quot;:720,&quot;335559991&quot;:360,&quot;469769226&quot;:&quot;Symbol&quot;,&quot;469769242&quot;:[8226],&quot;469777803&quot;:&quot;left&quot;,&quot;469777804&quot;:&quot;\uf0b7&quot;,&quot;469777815&quot;:&quot;hybridMultilevel&quot;}\" data-aria-posinset=\"4\" data-aria-level=\"1\"><span data-contrast=\"auto\">Des <\/span><b><span data-contrast=\"auto\">indicateurs objectifs<\/span><\/b><span data-contrast=\"auto\"> pour mesurer ses progr\u00e8s,<\/span><span data-ccp-props=\"{&quot;335559738&quot;:240,&quot;335559739&quot;:240}\">\u00a0<\/span><\/li><\/ul><ul><li aria-setsize=\"-1\" data-leveltext=\"\uf0b7\" data-font=\"Symbol\" data-listid=\"2\" data-list-defn-props=\"{&quot;335552541&quot;:1,&quot;335559685&quot;:720,&quot;335559991&quot;:360,&quot;469769226&quot;:&quot;Symbol&quot;,&quot;469769242&quot;:[8226],&quot;469777803&quot;:&quot;left&quot;,&quot;469777804&quot;:&quot;\uf0b7&quot;,&quot;469777815&quot;:&quot;hybridMultilevel&quot;}\" data-aria-posinset=\"5\" data-aria-level=\"1\"><span data-contrast=\"auto\">Et surtout, le <\/span><b><span data-contrast=\"auto\">plaisir retrouv\u00e9 de s\u2019exprimer avec force et impact<\/span><\/b><span data-contrast=\"auto\">.<\/span><span data-ccp-props=\"{&quot;335559738&quot;:240,&quot;335559739&quot;:240}\">\u00a0<\/span><\/li><\/ul>\t\t\t\t\t\t\t\t<\/div>\n\t\t\t\t<\/div>\n\t\t\t\t\t<\/div>\n\t\t<\/div>\n\t\t\t\t<div class=\"elementor-column elementor-col-50 elementor-top-column elementor-element elementor-element-d7fe2f3\" data-id=\"d7fe2f3\" data-element_type=\"column\" data-e-type=\"column\">\n\t\t\t<div class=\"elementor-widget-wrap elementor-element-populated\">\n\t\t\t\t\t\t<div class=\"elementor-element elementor-element-9301977 elementor-widget__width-initial elementor-widget elementor-widget-video\" data-id=\"9301977\" data-element_type=\"widget\" data-e-type=\"widget\" data-settings=\"{&quot;video_type&quot;:&quot;hosted&quot;,&quot;controls&quot;:&quot;yes&quot;}\" data-widget_type=\"video.default\">\n\t\t\t\t<div class=\"elementor-widget-container\">\n\t\t\t\t\t\t\t<div class=\"e-hosted-video elementor-wrapper elementor-open-inline\">\n\t\t\t\t\t<video class=\"elementor-video\" src=\"https:\/\/talk.swiss\/wp-content\/uploads\/2025\/10\/EHL_CAPSULE-3.mov\" controls=\"\" preload=\"metadata\" controlsList=\"nodownload\" poster=\"https:\/\/talk.swiss\/wp-content\/uploads\/2025\/10\/Screenshot-2025-10-20-at-11.20.19.png\"><\/video>\n\t\t\t\t<\/div>\n\t\t\t\t\t\t<\/div>\n\t\t\t\t<\/div>\n\t\t\t\t\t<\/div>\n\t\t<\/div>\n\t\t\t\t\t<\/div>\n\t\t<\/section>\n\t\t\t\t<section class=\"elementor-section elementor-top-section elementor-element elementor-element-349aaf3 elementor-section-boxed elementor-section-height-default elementor-section-height-default\" data-id=\"349aaf3\" data-element_type=\"section\" data-e-type=\"section\">\n\t\t\t\t\t\t<div class=\"elementor-container elementor-column-gap-default\">\n\t\t\t\t\t<div class=\"elementor-column elementor-col-100 elementor-top-column elementor-element elementor-element-285f445\" data-id=\"285f445\" data-element_type=\"column\" data-e-type=\"column\">\n\t\t\t<div class=\"elementor-widget-wrap elementor-element-populated\">\n\t\t\t\t\t\t<div class=\"elementor-element elementor-element-8d638b0 elementor-widget elementor-widget-heading\" data-id=\"8d638b0\" data-element_type=\"widget\" data-e-type=\"widget\" data-widget_type=\"heading.default\">\n\t\t\t\t<div class=\"elementor-widget-container\">\n\t\t\t\t\t<h2 class=\"elementor-heading-title elementor-size-xl\">Les b\u00e9n\u00e9fices pour les entreprises <\/h2>\t\t\t\t<\/div>\n\t\t\t\t<\/div>\n\t\t\t\t<div class=\"elementor-element elementor-element-50d5179 elementor-widget elementor-widget-text-editor\" data-id=\"50d5179\" data-element_type=\"widget\" data-e-type=\"widget\" data-widget_type=\"text-editor.default\">\n\t\t\t\t<div class=\"elementor-widget-container\">\n\t\t\t\t\t\t\t\t\t<p><span data-contrast=\"auto\">Cette masterclass va au-del\u00e0 des individus : elle r\u00e9pond directement aux besoins actuels des organisations.<\/span>\u00a0<br \/><span data-contrast=\"auto\">Elle permet de :<\/span><span data-ccp-props=\"{&quot;335559738&quot;:240,&quot;335559739&quot;:240}\">\u00a0<\/span><\/p><ul><li aria-setsize=\"-1\" data-leveltext=\"\uf0b7\" data-font=\"Symbol\" data-listid=\"1\" data-list-defn-props=\"{&quot;335552541&quot;:1,&quot;335559685&quot;:720,&quot;335559991&quot;:360,&quot;469769226&quot;:&quot;Symbol&quot;,&quot;469769242&quot;:[8226],&quot;469777803&quot;:&quot;left&quot;,&quot;469777804&quot;:&quot;\uf0b7&quot;,&quot;469777815&quot;:&quot;hybridMultilevel&quot;}\" data-aria-posinset=\"1\" data-aria-level=\"1\"><span data-contrast=\"auto\">Renforcer le <\/span><b><span data-contrast=\"auto\">leadership incarn\u00e9<\/span><\/b><span data-contrast=\"auto\">,<\/span><span data-ccp-props=\"{&quot;335559738&quot;:240,&quot;335559739&quot;:240}\">\u00a0<\/span><\/li><\/ul><ul><li aria-setsize=\"-1\" data-leveltext=\"\uf0b7\" data-font=\"Symbol\" data-listid=\"1\" data-list-defn-props=\"{&quot;335552541&quot;:1,&quot;335559685&quot;:720,&quot;335559991&quot;:360,&quot;469769226&quot;:&quot;Symbol&quot;,&quot;469769242&quot;:[8226],&quot;469777803&quot;:&quot;left&quot;,&quot;469777804&quot;:&quot;\uf0b7&quot;,&quot;469777815&quot;:&quot;hybridMultilevel&quot;}\" data-aria-posinset=\"2\" data-aria-level=\"1\"><span data-contrast=\"auto\">D\u00e9velopper l\u2019<\/span><b><span data-contrast=\"auto\">intelligence \u00e9motionnelle et relationnelle<\/span><\/b><span data-contrast=\"auto\">,<\/span><span data-ccp-props=\"{&quot;335559738&quot;:240,&quot;335559739&quot;:240}\">\u00a0<\/span><\/li><\/ul><ul><li aria-setsize=\"-1\" data-leveltext=\"\uf0b7\" data-font=\"Symbol\" data-listid=\"1\" data-list-defn-props=\"{&quot;335552541&quot;:1,&quot;335559685&quot;:720,&quot;335559991&quot;:360,&quot;469769226&quot;:&quot;Symbol&quot;,&quot;469769242&quot;:[8226],&quot;469777803&quot;:&quot;left&quot;,&quot;469777804&quot;:&quot;\uf0b7&quot;,&quot;469777815&quot;:&quot;hybridMultilevel&quot;}\" data-aria-posinset=\"3\" data-aria-level=\"1\"><span data-contrast=\"auto\">Am\u00e9liorer la <\/span><b><span data-contrast=\"auto\">communication interne<\/span><\/b><span data-contrast=\"auto\">,<\/span><span data-ccp-props=\"{&quot;335559738&quot;:240,&quot;335559739&quot;:240}\">\u00a0<\/span><\/li><\/ul><ul><li aria-setsize=\"-1\" data-leveltext=\"\uf0b7\" data-font=\"Symbol\" data-listid=\"1\" data-list-defn-props=\"{&quot;335552541&quot;:1,&quot;335559685&quot;:720,&quot;335559991&quot;:360,&quot;469769226&quot;:&quot;Symbol&quot;,&quot;469769242&quot;:[8226],&quot;469777803&quot;:&quot;left&quot;,&quot;469777804&quot;:&quot;\uf0b7&quot;,&quot;469777815&quot;:&quot;hybridMultilevel&quot;}\" data-aria-posinset=\"4\" data-aria-level=\"1\"><span data-contrast=\"auto\">F\u00e9d\u00e9rer les \u00e9quipes autour d\u2019une <\/span><b><span data-contrast=\"auto\">vision claire.<\/span><\/b><span data-ccp-props=\"{&quot;335559738&quot;:240,&quot;335559739&quot;:240}\">\u00a0<\/span><\/li><\/ul>\t\t\t\t\t\t\t\t<\/div>\n\t\t\t\t<\/div>\n\t\t\t\t\t<\/div>\n\t\t<\/div>\n\t\t\t\t\t<\/div>\n\t\t<\/section>\n\t\t\t\t<section class=\"elementor-section elementor-top-section elementor-element elementor-element-e055351 elementor-section-boxed elementor-section-height-default elementor-section-height-default\" data-id=\"e055351\" data-element_type=\"section\" data-e-type=\"section\" data-settings=\"{&quot;background_background&quot;:&quot;classic&quot;}\">\n\t\t\t\t\t\t<div class=\"elementor-container elementor-column-gap-default\">\n\t\t\t\t\t<div class=\"elementor-column elementor-col-100 elementor-top-column elementor-element elementor-element-670e576\" data-id=\"670e576\" data-element_type=\"column\" data-e-type=\"column\" data-settings=\"{&quot;background_background&quot;:&quot;classic&quot;}\">\n\t\t\t<div class=\"elementor-widget-wrap elementor-element-populated\">\n\t\t\t\t\t\t<div class=\"elementor-element elementor-element-a63a894 elementor-widget elementor-widget-heading\" data-id=\"a63a894\" data-element_type=\"widget\" data-e-type=\"widget\" data-widget_type=\"heading.default\">\n\t\t\t\t<div class=\"elementor-widget-container\">\n\t\t\t\t\t<h3 class=\"elementor-heading-title elementor-size-large\">\u00ab Les soft skills, tout le monde sait que c\u2019est difficile. En r\u00e9alit\u00e9, ce sont des hard skills. Les mesurer, les digitaliser, c\u2019est rendre l\u2019invisible visible. \u00bb<\/h3>\t\t\t\t<\/div>\n\t\t\t\t<\/div>\n\t\t\t\t<div class=\"elementor-element elementor-element-f8fe34f elementor-widget elementor-widget-heading\" data-id=\"f8fe34f\" data-element_type=\"widget\" data-e-type=\"widget\" data-widget_type=\"heading.default\">\n\t\t\t\t<div class=\"elementor-widget-container\">\n\t\t\t\t\t<h3 class=\"elementor-heading-title elementor-size-medium\">\u2014 Lionel Crottaz, Head of People Development<\/h3>\t\t\t\t<\/div>\n\t\t\t\t<\/div>\n\t\t\t\t\t<\/div>\n\t\t<\/div>\n\t\t\t\t\t<\/div>\n\t\t<\/section>\n\t\t\t\t<section class=\"elementor-section elementor-top-section elementor-element elementor-element-2556fd4 elementor-section-boxed elementor-section-height-default elementor-section-height-default\" data-id=\"2556fd4\" data-element_type=\"section\" data-e-type=\"section\">\n\t\t\t\t\t\t<div class=\"elementor-container elementor-column-gap-default\">\n\t\t\t\t\t<div class=\"elementor-column elementor-col-100 elementor-top-column elementor-element elementor-element-06d7ec0\" data-id=\"06d7ec0\" data-element_type=\"column\" data-e-type=\"column\">\n\t\t\t<div class=\"elementor-widget-wrap elementor-element-populated\">\n\t\t\t\t\t\t<div class=\"elementor-element elementor-element-3ec9878 elementor-widget elementor-widget-heading\" data-id=\"3ec9878\" data-element_type=\"widget\" data-e-type=\"widget\" data-widget_type=\"heading.default\">\n\t\t\t\t<div class=\"elementor-widget-container\">\n\t\t\t\t\t<h2 class=\"elementor-heading-title elementor-size-xl\">Parce qu\u2019aujourd\u2019hui, bien parler ne suffit plus <\/h2>\t\t\t\t<\/div>\n\t\t\t\t<\/div>\n\t\t\t\t\t<\/div>\n\t\t<\/div>\n\t\t\t\t\t<\/div>\n\t\t<\/section>\n\t\t\t\t<section class=\"elementor-section elementor-top-section elementor-element elementor-element-00220cd elementor-section-boxed elementor-section-height-default elementor-section-height-default\" data-id=\"00220cd\" data-element_type=\"section\" data-e-type=\"section\">\n\t\t\t\t\t\t<div class=\"elementor-container elementor-column-gap-default\">\n\t\t\t\t\t<div class=\"elementor-column elementor-col-50 elementor-top-column elementor-element elementor-element-629181e\" data-id=\"629181e\" data-element_type=\"column\" data-e-type=\"column\">\n\t\t\t<div class=\"elementor-widget-wrap elementor-element-populated\">\n\t\t\t\t\t\t<div class=\"elementor-element elementor-element-83e96d5 elementor-widget__width-initial elementor-widget elementor-widget-text-editor\" data-id=\"83e96d5\" data-element_type=\"widget\" data-e-type=\"widget\" data-widget_type=\"text-editor.default\">\n\t\t\t\t<div class=\"elementor-widget-container\">\n\t\t\t\t\t\t\t\t\t<p><span data-contrast=\"auto\">Dans un monde o\u00f9 chaque message se perd dans le bruit, chaque prise de parole devient strat\u00e9gique.<\/span>\u00a0<br \/><span data-contrast=\"auto\">Avec TALK, les leaders ne se contentent pas de bien parler : ils transforment leur communication en une <\/span><b><span data-contrast=\"auto\">force capable d\u2019inspirer, d\u2019influencer et de f\u00e9d\u00e9rer<\/span><\/b><span data-contrast=\"auto\">.<\/span><span data-ccp-props=\"{&quot;335559738&quot;:240,&quot;335559739&quot;:240}\">\u00a0<\/span><\/p><p>\u00a0<\/p><p><span data-contrast=\"auto\">\ud83d\udc49 <\/span><b><span data-contrast=\"auto\">Pr\u00eat \u00e0 franchir le cap ? La masterclass TALK est pr\u00eate. Et vous ?<\/span><\/b><span data-ccp-props=\"{&quot;335559738&quot;:240,&quot;335559739&quot;:240}\">\u00a0<\/span><\/p>\t\t\t\t\t\t\t\t<\/div>\n\t\t\t\t<\/div>\n\t\t\t\t\t<\/div>\n\t\t<\/div>\n\t\t\t\t<div class=\"elementor-column elementor-col-50 elementor-top-column elementor-element elementor-element-6a3c987\" data-id=\"6a3c987\" data-element_type=\"column\" data-e-type=\"column\">\n\t\t\t<div class=\"elementor-widget-wrap elementor-element-populated\">\n\t\t\t\t\t\t<div class=\"elementor-element elementor-element-897ce5d elementor-widget__width-initial elementor-widget elementor-widget-video\" data-id=\"897ce5d\" data-element_type=\"widget\" data-e-type=\"widget\" data-settings=\"{&quot;video_type&quot;:&quot;hosted&quot;,&quot;controls&quot;:&quot;yes&quot;}\" data-widget_type=\"video.default\">\n\t\t\t\t<div class=\"elementor-widget-container\">\n\t\t\t\t\t\t\t<div class=\"e-hosted-video elementor-wrapper elementor-open-inline\">\n\t\t\t\t\t<video class=\"elementor-video\" src=\"https:\/\/talk.swiss\/wp-content\/uploads\/2025\/10\/EHL_CAPSULE-4.mov\" controls=\"\" preload=\"metadata\" controlsList=\"nodownload\" poster=\"https:\/\/talk.swiss\/wp-content\/uploads\/2025\/10\/Screenshot-2025-10-20-at-11.20.42.png\"><\/video>\n\t\t\t\t<\/div>\n\t\t\t\t\t\t<\/div>\n\t\t\t\t<\/div>\n\t\t\t\t\t<\/div>\n\t\t<\/div>\n\t\t\t\t\t<\/div>\n\t\t<\/section>\n\t\t\t\t<section class=\"elementor-section elementor-top-section elementor-element elementor-element-6a68feb elementor-section-boxed elementor-section-height-default elementor-section-height-default\" data-id=\"6a68feb\" data-element_type=\"section\" data-e-type=\"section\">\n\t\t\t\t\t\t<div class=\"elementor-container elementor-column-gap-default\">\n\t\t\t\t\t<div class=\"elementor-column elementor-col-100 elementor-top-column elementor-element elementor-element-179c667\" data-id=\"179c667\" data-element_type=\"column\" data-e-type=\"column\" data-settings=\"{&quot;background_background&quot;:&quot;classic&quot;}\">\n\t\t\t<div class=\"elementor-widget-wrap elementor-element-populated\">\n\t\t\t\t\t<div class=\"elementor-background-overlay\"><\/div>\n\t\t\t\t\t\t<div class=\"elementor-element elementor-element-8f7b648 elementor-widget elementor-widget-heading\" data-id=\"8f7b648\" data-element_type=\"widget\" data-e-type=\"widget\" data-widget_type=\"heading.default\">\n\t\t\t\t<div class=\"elementor-widget-container\">\n\t\t\t\t\t<h2 class=\"elementor-heading-title elementor-size-default\">Envie de reprendre la parole, de clarifier ton projet, de passer \u00e0 l\u2019action ?<\/h2>\t\t\t\t<\/div>\n\t\t\t\t<\/div>\n\t\t\t\t<div class=\"elementor-element elementor-element-37d641f elementor-align-center elementor-widget__width-initial elementor-widget elementor-widget-button\" data-id=\"37d641f\" data-element_type=\"widget\" data-e-type=\"widget\" data-widget_type=\"button.default\">\n\t\t\t\t<div class=\"elementor-widget-container\">\n\t\t\t\t\t\t\t\t\t<div class=\"elementor-button-wrapper\">\n\t\t\t\t\t<a class=\"elementor-button elementor-button-link elementor-size-sm\" href=\"https:\/\/talk.swiss\/solution\/\">\n\t\t\t\t\t\t<span class=\"elementor-button-content-wrapper\">\n\t\t\t\t\t\t\t\t\t<span class=\"elementor-button-text\">Le programme TALK est pr\u00eat. Et vous ?<\/span>\n\t\t\t\t\t<\/span>\n\t\t\t\t\t<\/a>\n\t\t\t\t<\/div>\n\t\t\t\t\t\t\t\t<\/div>\n\t\t\t\t<\/div>\n\t\t\t\t\t<\/div>\n\t\t<\/div>\n\t\t\t\t\t<\/div>\n\t\t<\/section>\n\t\t\t\t<\/div>\n\t\t","protected":false},"excerpt":{"rendered":"<p>Da diversi anni TALK organizza presso l'\u00c9cole H\u00f4teli\u00e8re de Lausanne masterclass uniche nel loro genere dedicate al public speaking e alla leadership. Per due giorni nel campus, dieci giorni in formato digitale e una sessione finale di feedback, i partecipanti sperimentano un viaggio trasformativo. <\/p>","protected":false},"author":19,"featured_media":8478,"comment_status":"closed","ping_status":"closed","sticky":false,"template":"","format":"standard","meta":{"footnotes":""},"categories":[38,1],"tags":[48,47,49],"class_list":["post-8442","post","type-post","status-publish","format-standard","has-post-thumbnail","hentry","category-actus","category-divers","tag-communication","tag-emotion","tag-prise-de-parole"],"yoast_head":"<!-- This site is optimized with the Yoast SEO plugin v28.3 - https:\/\/yoast.com\/product\/yoast-seo-wordpress\/ -->\n<title>TALK \u00e0 l\u2019EHL : quand la parole devient une force de leadership - TALK.SWISS<\/title>\n<meta name=\"robots\" content=\"index, follow, max-snippet:-1, max-image-preview:large, max-video-preview:-1\" \/>\n<link rel=\"canonical\" href=\"https:\/\/talk.swiss\/it\/talk-a-lehl-quand-la-parole-devient-une-force-de-leadership\/\" \/>\n<meta property=\"og:locale\" content=\"it_IT\" \/>\n<meta property=\"og:type\" content=\"article\" \/>\n<meta property=\"og:title\" content=\"TALK \u00e0 l\u2019EHL : quand la parole devient une force de leadership - TALK.SWISS\" \/>\n<meta property=\"og:description\" content=\"\u00c0 l\u2019\u00c9cole H\u00f4teli\u00e8re de Lausanne, TALK anime depuis plusieurs ann\u00e9es des masterclass in\u00e9dites consacr\u00e9es \u00e0 la prise de parole et au leadership. Pendant deux jours sur le campus, dix jours en digital et une restitution finale, les participant\u00b7e\u00b7s vivent un parcours transformateur.\" \/>\n<meta property=\"og:url\" content=\"https:\/\/talk.swiss\/it\/talk-a-lehl-quand-la-parole-devient-une-force-de-leadership\/\" \/>\n<meta property=\"og:site_name\" content=\"TALK.SWISS\" \/>\n<meta property=\"article:published_time\" content=\"2025-10-23T10:30:48+00:00\" \/>\n<meta property=\"article:modified_time\" content=\"2025-10-28T07:40:34+00:00\" \/>\n<meta property=\"og:image\" content=\"https:\/\/talk.swiss\/wp-content\/uploads\/2025\/10\/pexels-diva-plavalaguna-6147031-1.jpg\" \/>\n\t<meta property=\"og:image:width\" content=\"2000\" \/>\n\t<meta property=\"og:image:height\" content=\"1073\" \/>\n\t<meta property=\"og:image:type\" content=\"image\/jpeg\" \/>\n<meta name=\"author\" content=\"Margaux Fazio\" \/>\n<meta name=\"twitter:card\" content=\"summary_large_image\" \/>\n<meta name=\"twitter:label1\" content=\"Scritto da\" \/>\n\t<meta name=\"twitter:data1\" content=\"Margaux Fazio\" \/>\n\t<meta name=\"twitter:label2\" content=\"Tempo di lettura stimato\" \/>\n\t<meta name=\"twitter:data2\" content=\"7 minuti\" \/>\n<script type=\"application\/ld+json\" class=\"yoast-schema-graph\">{\"@context\":\"https:\\\/\\\/schema.org\",\"@graph\":[{\"@type\":\"Article\",\"@id\":\"https:\\\/\\\/talk.swiss\\\/talk-a-lehl-quand-la-parole-devient-une-force-de-leadership\\\/#article\",\"isPartOf\":{\"@id\":\"https:\\\/\\\/talk.swiss\\\/talk-a-lehl-quand-la-parole-devient-une-force-de-leadership\\\/\"},\"author\":{\"name\":\"Margaux Fazio\",\"@id\":\"https:\\\/\\\/talk.swiss\\\/#\\\/schema\\\/person\\\/e561e8c726fba568eaa4ee2712b1f043\"},\"headline\":\"TALK \u00e0 l\u2019EHL : quand la parole devient une force de leadership\",\"datePublished\":\"2025-10-23T10:30:48+00:00\",\"dateModified\":\"2025-10-28T07:40:34+00:00\",\"mainEntityOfPage\":{\"@id\":\"https:\\\/\\\/talk.swiss\\\/talk-a-lehl-quand-la-parole-devient-une-force-de-leadership\\\/\"},\"wordCount\":1027,\"publisher\":{\"@id\":\"https:\\\/\\\/talk.swiss\\\/#organization\"},\"image\":{\"@id\":\"https:\\\/\\\/talk.swiss\\\/talk-a-lehl-quand-la-parole-devient-une-force-de-leadership\\\/#primaryimage\"},\"thumbnailUrl\":\"https:\\\/\\\/talk.swiss\\\/wp-content\\\/uploads\\\/2025\\\/10\\\/pexels-diva-plavalaguna-6147031-1.jpg\",\"keywords\":[\"Communication\",\"Emotion\",\"Prise de parole\"],\"articleSection\":[\"Blog\",\"Divers\"],\"inLanguage\":\"it-IT\"},{\"@type\":\"WebPage\",\"@id\":\"https:\\\/\\\/talk.swiss\\\/talk-a-lehl-quand-la-parole-devient-une-force-de-leadership\\\/\",\"url\":\"https:\\\/\\\/talk.swiss\\\/talk-a-lehl-quand-la-parole-devient-une-force-de-leadership\\\/\",\"name\":\"TALK \u00e0 l\u2019EHL : quand la parole devient une force de leadership - TALK.SWISS\",\"isPartOf\":{\"@id\":\"https:\\\/\\\/talk.swiss\\\/#website\"},\"primaryImageOfPage\":{\"@id\":\"https:\\\/\\\/talk.swiss\\\/talk-a-lehl-quand-la-parole-devient-une-force-de-leadership\\\/#primaryimage\"},\"image\":{\"@id\":\"https:\\\/\\\/talk.swiss\\\/talk-a-lehl-quand-la-parole-devient-une-force-de-leadership\\\/#primaryimage\"},\"thumbnailUrl\":\"https:\\\/\\\/talk.swiss\\\/wp-content\\\/uploads\\\/2025\\\/10\\\/pexels-diva-plavalaguna-6147031-1.jpg\",\"datePublished\":\"2025-10-23T10:30:48+00:00\",\"dateModified\":\"2025-10-28T07:40:34+00:00\",\"breadcrumb\":{\"@id\":\"https:\\\/\\\/talk.swiss\\\/talk-a-lehl-quand-la-parole-devient-une-force-de-leadership\\\/#breadcrumb\"},\"inLanguage\":\"it-IT\",\"potentialAction\":[{\"@type\":\"ReadAction\",\"target\":[\"https:\\\/\\\/talk.swiss\\\/talk-a-lehl-quand-la-parole-devient-une-force-de-leadership\\\/\"]}]},{\"@type\":\"ImageObject\",\"inLanguage\":\"it-IT\",\"@id\":\"https:\\\/\\\/talk.swiss\\\/talk-a-lehl-quand-la-parole-devient-une-force-de-leadership\\\/#primaryimage\",\"url\":\"https:\\\/\\\/talk.swiss\\\/wp-content\\\/uploads\\\/2025\\\/10\\\/pexels-diva-plavalaguna-6147031-1.jpg\",\"contentUrl\":\"https:\\\/\\\/talk.swiss\\\/wp-content\\\/uploads\\\/2025\\\/10\\\/pexels-diva-plavalaguna-6147031-1.jpg\",\"width\":2000,\"height\":1073},{\"@type\":\"BreadcrumbList\",\"@id\":\"https:\\\/\\\/talk.swiss\\\/talk-a-lehl-quand-la-parole-devient-une-force-de-leadership\\\/#breadcrumb\",\"itemListElement\":[{\"@type\":\"ListItem\",\"position\":1,\"name\":\"Accueil\",\"item\":\"https:\\\/\\\/talk.swiss\\\/\"},{\"@type\":\"ListItem\",\"position\":2,\"name\":\"TALK \u00e0 l\u2019EHL : quand la parole devient une force de leadership\"}]},{\"@type\":\"WebSite\",\"@id\":\"https:\\\/\\\/talk.swiss\\\/#website\",\"url\":\"https:\\\/\\\/talk.swiss\\\/\",\"name\":\"TALK.SWISS\",\"description\":\"Talk, la parole au centre\",\"publisher\":{\"@id\":\"https:\\\/\\\/talk.swiss\\\/#organization\"},\"potentialAction\":[{\"@type\":\"SearchAction\",\"target\":{\"@type\":\"EntryPoint\",\"urlTemplate\":\"https:\\\/\\\/talk.swiss\\\/?s={search_term_string}\"},\"query-input\":{\"@type\":\"PropertyValueSpecification\",\"valueRequired\":true,\"valueName\":\"search_term_string\"}}],\"inLanguage\":\"it-IT\"},{\"@type\":\"Organization\",\"@id\":\"https:\\\/\\\/talk.swiss\\\/#organization\",\"name\":\"TALK.SWISS\",\"url\":\"https:\\\/\\\/talk.swiss\\\/\",\"logo\":{\"@type\":\"ImageObject\",\"inLanguage\":\"it-IT\",\"@id\":\"https:\\\/\\\/talk.swiss\\\/#\\\/schema\\\/logo\\\/image\\\/\",\"url\":\"https:\\\/\\\/talk.swiss\\\/wp-content\\\/uploads\\\/2022\\\/08\\\/cropped-Talk_logo.png\",\"contentUrl\":\"https:\\\/\\\/talk.swiss\\\/wp-content\\\/uploads\\\/2022\\\/08\\\/cropped-Talk_logo.png\",\"width\":400,\"height\":400,\"caption\":\"TALK.SWISS\"},\"image\":{\"@id\":\"https:\\\/\\\/talk.swiss\\\/#\\\/schema\\\/logo\\\/image\\\/\"}},{\"@type\":\"Person\",\"@id\":\"https:\\\/\\\/talk.swiss\\\/#\\\/schema\\\/person\\\/e561e8c726fba568eaa4ee2712b1f043\",\"name\":\"Margaux Fazio\",\"image\":{\"@type\":\"ImageObject\",\"inLanguage\":\"it-IT\",\"@id\":\"https:\\\/\\\/secure.gravatar.com\\\/avatar\\\/c48efacdbd92c7c5165220228cede76810391f66ffa18c221c28729c5ce1bab9?s=96&d=mm&r=g\",\"url\":\"https:\\\/\\\/secure.gravatar.com\\\/avatar\\\/c48efacdbd92c7c5165220228cede76810391f66ffa18c221c28729c5ce1bab9?s=96&d=mm&r=g\",\"contentUrl\":\"https:\\\/\\\/secure.gravatar.com\\\/avatar\\\/c48efacdbd92c7c5165220228cede76810391f66ffa18c221c28729c5ce1bab9?s=96&d=mm&r=g\",\"caption\":\"Margaux Fazio\"},\"url\":\"https:\\\/\\\/talk.swiss\\\/it\\\/author\\\/margaux-faziotalk-swiss\\\/\"}]}<\/script>\n<!-- \/ Yoast SEO plugin. -->","yoast_head_json":{"title":"TALK \u00e0 l\u2019EHL : quand la parole devient une force de leadership - TALK.SWISS","robots":{"index":"index","follow":"follow","max-snippet":"max-snippet:-1","max-image-preview":"max-image-preview:large","max-video-preview":"max-video-preview:-1"},"canonical":"https:\/\/talk.swiss\/it\/talk-a-lehl-quand-la-parole-devient-une-force-de-leadership\/","og_locale":"it_IT","og_type":"article","og_title":"TALK \u00e0 l\u2019EHL : quand la parole devient une force de leadership - TALK.SWISS","og_description":"\u00c0 l\u2019\u00c9cole H\u00f4teli\u00e8re de Lausanne, TALK anime depuis plusieurs ann\u00e9es des masterclass in\u00e9dites consacr\u00e9es \u00e0 la prise de parole et au leadership. Pendant deux jours sur le campus, dix jours en digital et une restitution finale, les participant\u00b7e\u00b7s vivent un parcours transformateur.","og_url":"https:\/\/talk.swiss\/it\/talk-a-lehl-quand-la-parole-devient-une-force-de-leadership\/","og_site_name":"TALK.SWISS","article_published_time":"2025-10-23T10:30:48+00:00","article_modified_time":"2025-10-28T07:40:34+00:00","og_image":[{"width":2000,"height":1073,"url":"https:\/\/talk.swiss\/wp-content\/uploads\/2025\/10\/pexels-diva-plavalaguna-6147031-1.jpg","type":"image\/jpeg"}],"author":"Margaux Fazio","twitter_card":"summary_large_image","twitter_misc":{"Scritto da":"Margaux Fazio","Tempo di lettura stimato":"7 minuti"},"schema":{"@context":"https:\/\/schema.org","@graph":[{"@type":"Article","@id":"https:\/\/talk.swiss\/talk-a-lehl-quand-la-parole-devient-une-force-de-leadership\/#article","isPartOf":{"@id":"https:\/\/talk.swiss\/talk-a-lehl-quand-la-parole-devient-une-force-de-leadership\/"},"author":{"name":"Margaux Fazio","@id":"https:\/\/talk.swiss\/#\/schema\/person\/e561e8c726fba568eaa4ee2712b1f043"},"headline":"TALK \u00e0 l\u2019EHL : quand la parole devient une force de leadership","datePublished":"2025-10-23T10:30:48+00:00","dateModified":"2025-10-28T07:40:34+00:00","mainEntityOfPage":{"@id":"https:\/\/talk.swiss\/talk-a-lehl-quand-la-parole-devient-une-force-de-leadership\/"},"wordCount":1027,"publisher":{"@id":"https:\/\/talk.swiss\/#organization"},"image":{"@id":"https:\/\/talk.swiss\/talk-a-lehl-quand-la-parole-devient-une-force-de-leadership\/#primaryimage"},"thumbnailUrl":"https:\/\/talk.swiss\/wp-content\/uploads\/2025\/10\/pexels-diva-plavalaguna-6147031-1.jpg","keywords":["Communication","Emotion","Prise de parole"],"articleSection":["Blog","Divers"],"inLanguage":"it-IT"},{"@type":"WebPage","@id":"https:\/\/talk.swiss\/talk-a-lehl-quand-la-parole-devient-une-force-de-leadership\/","url":"https:\/\/talk.swiss\/talk-a-lehl-quand-la-parole-devient-une-force-de-leadership\/","name":"TALK \u00e0 l\u2019EHL : quand la parole devient une force de leadership - TALK.SWISS","isPartOf":{"@id":"https:\/\/talk.swiss\/#website"},"primaryImageOfPage":{"@id":"https:\/\/talk.swiss\/talk-a-lehl-quand-la-parole-devient-une-force-de-leadership\/#primaryimage"},"image":{"@id":"https:\/\/talk.swiss\/talk-a-lehl-quand-la-parole-devient-une-force-de-leadership\/#primaryimage"},"thumbnailUrl":"https:\/\/talk.swiss\/wp-content\/uploads\/2025\/10\/pexels-diva-plavalaguna-6147031-1.jpg","datePublished":"2025-10-23T10:30:48+00:00","dateModified":"2025-10-28T07:40:34+00:00","breadcrumb":{"@id":"https:\/\/talk.swiss\/talk-a-lehl-quand-la-parole-devient-une-force-de-leadership\/#breadcrumb"},"inLanguage":"it-IT","potentialAction":[{"@type":"ReadAction","target":["https:\/\/talk.swiss\/talk-a-lehl-quand-la-parole-devient-une-force-de-leadership\/"]}]},{"@type":"ImageObject","inLanguage":"it-IT","@id":"https:\/\/talk.swiss\/talk-a-lehl-quand-la-parole-devient-une-force-de-leadership\/#primaryimage","url":"https:\/\/talk.swiss\/wp-content\/uploads\/2025\/10\/pexels-diva-plavalaguna-6147031-1.jpg","contentUrl":"https:\/\/talk.swiss\/wp-content\/uploads\/2025\/10\/pexels-diva-plavalaguna-6147031-1.jpg","width":2000,"height":1073},{"@type":"BreadcrumbList","@id":"https:\/\/talk.swiss\/talk-a-lehl-quand-la-parole-devient-une-force-de-leadership\/#breadcrumb","itemListElement":[{"@type":"ListItem","position":1,"name":"Accueil","item":"https:\/\/talk.swiss\/"},{"@type":"ListItem","position":2,"name":"TALK \u00e0 l\u2019EHL : quand la parole devient une force de leadership"}]},{"@type":"WebSite","@id":"https:\/\/talk.swiss\/#website","url":"https:\/\/talk.swiss\/","name":"TALK.SWISS","description":"Parlare, la parola al centro","publisher":{"@id":"https:\/\/talk.swiss\/#organization"},"potentialAction":[{"@type":"SearchAction","target":{"@type":"EntryPoint","urlTemplate":"https:\/\/talk.swiss\/?s={search_term_string}"},"query-input":{"@type":"PropertyValueSpecification","valueRequired":true,"valueName":"search_term_string"}}],"inLanguage":"it-IT"},{"@type":"Organization","@id":"https:\/\/talk.swiss\/#organization","name":"TALK.SWISS","url":"https:\/\/talk.swiss\/","logo":{"@type":"ImageObject","inLanguage":"it-IT","@id":"https:\/\/talk.swiss\/#\/schema\/logo\/image\/","url":"https:\/\/talk.swiss\/wp-content\/uploads\/2022\/08\/cropped-Talk_logo.png","contentUrl":"https:\/\/talk.swiss\/wp-content\/uploads\/2022\/08\/cropped-Talk_logo.png","width":400,"height":400,"caption":"TALK.SWISS"},"image":{"@id":"https:\/\/talk.swiss\/#\/schema\/logo\/image\/"}},{"@type":"Person","@id":"https:\/\/talk.swiss\/#\/schema\/person\/e561e8c726fba568eaa4ee2712b1f043","name":"Margaux Fazio","image":{"@type":"ImageObject","inLanguage":"it-IT","@id":"https:\/\/secure.gravatar.com\/avatar\/c48efacdbd92c7c5165220228cede76810391f66ffa18c221c28729c5ce1bab9?s=96&d=mm&r=g","url":"https:\/\/secure.gravatar.com\/avatar\/c48efacdbd92c7c5165220228cede76810391f66ffa18c221c28729c5ce1bab9?s=96&d=mm&r=g","contentUrl":"https:\/\/secure.gravatar.com\/avatar\/c48efacdbd92c7c5165220228cede76810391f66ffa18c221c28729c5ce1bab9?s=96&d=mm&r=g","caption":"Margaux Fazio"},"url":"https:\/\/talk.swiss\/it\/author\/margaux-faziotalk-swiss\/"}]}},"_links":{"self":[{"href":"https:\/\/talk.swiss\/it\/wp-json\/wp\/v2\/posts\/8442","targetHints":{"allow":["GET"]}}],"collection":[{"href":"https:\/\/talk.swiss\/it\/wp-json\/wp\/v2\/posts"}],"about":[{"href":"https:\/\/talk.swiss\/it\/wp-json\/wp\/v2\/types\/post"}],"author":[{"embeddable":true,"href":"https:\/\/talk.swiss\/it\/wp-json\/wp\/v2\/users\/19"}],"replies":[{"embeddable":true,"href":"https:\/\/talk.swiss\/it\/wp-json\/wp\/v2\/comments?post=8442"}],"version-history":[{"count":27,"href":"https:\/\/talk.swiss\/it\/wp-json\/wp\/v2\/posts\/8442\/revisions"}],"predecessor-version":[{"id":8491,"href":"https:\/\/talk.swiss\/it\/wp-json\/wp\/v2\/posts\/8442\/revisions\/8491"}],"wp:featuredmedia":[{"embeddable":true,"href":"https:\/\/talk.swiss\/it\/wp-json\/wp\/v2\/media\/8478"}],"wp:attachment":[{"href":"https:\/\/talk.swiss\/it\/wp-json\/wp\/v2\/media?parent=8442"}],"wp:term":[{"taxonomy":"category","embeddable":true,"href":"https:\/\/talk.swiss\/it\/wp-json\/wp\/v2\/categories?post=8442"},{"taxonomy":"post_tag","embeddable":true,"href":"https:\/\/talk.swiss\/it\/wp-json\/wp\/v2\/tags?post=8442"}],"curies":[{"name":"wp","href":"https:\/\/api.w.org\/{rel}","templated":true}]}}