{"id":8386,"date":"2025-09-02T16:47:13","date_gmt":"2025-09-02T14:47:13","guid":{"rendered":"https:\/\/talk.swiss\/?p=8386"},"modified":"2025-10-28T08:41:25","modified_gmt":"2025-10-28T07:41:25","slug":"talkto-eveiller-sa-communication-et-sa-confiance-grace-a-lelan-du-collectif-et-de-lhumain","status":"publish","type":"post","link":"https:\/\/talk.swiss\/it\/talkto-eveiller-sa-communication-et-sa-confiance-grace-a-lelan-du-collectif-et-de-lhumain\/","title":{"rendered":"TalkTo: risvegliare la comunicazione e la fiducia attraverso lo slancio collettivo e umano"},"content":{"rendered":"<div data-elementor-type=\"wp-post\" data-elementor-id=\"8386\" class=\"elementor elementor-8386\" data-elementor-post-type=\"post\">\n\t\t\t\t\t\t<section class=\"elementor-section elementor-top-section elementor-element elementor-element-5921726 elementor-section-boxed elementor-section-height-default elementor-section-height-default\" data-id=\"5921726\" data-element_type=\"section\" data-e-type=\"section\">\n\t\t\t\t\t\t<div class=\"elementor-container elementor-column-gap-default\">\n\t\t\t\t\t<div class=\"elementor-column elementor-col-100 elementor-top-column elementor-element elementor-element-62fc3165\" data-id=\"62fc3165\" data-element_type=\"column\" data-e-type=\"column\">\n\t\t\t<div class=\"elementor-widget-wrap elementor-element-populated\">\n\t\t\t\t\t\t<div class=\"elementor-element elementor-element-99098ce elementor-widget elementor-widget-text-editor\" data-id=\"99098ce\" data-element_type=\"widget\" data-e-type=\"widget\" data-widget_type=\"text-editor.default\">\n\t\t\t\t<div class=\"elementor-widget-container\">\n\t\t\t\t\t\t\t\t\t<p>Di Vincent Duport<\/p>\t\t\t\t\t\t\t\t<\/div>\n\t\t\t\t<\/div>\n\t\t\t\t\t<\/div>\n\t\t<\/div>\n\t\t\t\t\t<\/div>\n\t\t<\/section>\n\t\t\t\t<section class=\"elementor-section elementor-top-section elementor-element elementor-element-fa759a3 elementor-section-boxed elementor-section-height-default elementor-section-height-default\" data-id=\"fa759a3\" data-element_type=\"section\" data-e-type=\"section\">\n\t\t\t\t\t\t<div class=\"elementor-container elementor-column-gap-default\">\n\t\t\t\t\t<div class=\"elementor-column elementor-col-100 elementor-top-column elementor-element elementor-element-9747d2f\" data-id=\"9747d2f\" data-element_type=\"column\" data-e-type=\"column\">\n\t\t\t<div class=\"elementor-widget-wrap elementor-element-populated\">\n\t\t\t\t\t\t<div class=\"elementor-element elementor-element-2332cca elementor-widget elementor-widget-heading\" data-id=\"2332cca\" data-element_type=\"widget\" data-e-type=\"widget\" data-widget_type=\"heading.default\">\n\t\t\t\t<div class=\"elementor-widget-container\">\n\t\t\t\t\t<h2 class=\"elementor-heading-title elementor-size-xl\">Un supporto che amplifica la potenza della nostra tecnologia<\/h2>\t\t\t\t<\/div>\n\t\t\t\t<\/div>\n\t\t\t\t<div class=\"elementor-element elementor-element-cf4db14 elementor-widget elementor-widget-text-editor\" data-id=\"cf4db14\" data-element_type=\"widget\" data-e-type=\"widget\" data-widget_type=\"text-editor.default\">\n\t\t\t\t<div class=\"elementor-widget-container\">\n\t\t\t\t\t\t\t\t\t<p aria-level=\"2\"><b><span data-contrast=\"none\">TalkTo<\/span><\/b><span data-contrast=\"none\">\u00e8 molto pi\u00f9 di un corso di formazione: \u00e8 un viaggio che trasforma profondamente il nostro modo di fare business. <\/span><b><span data-contrast=\"none\">comunicare<\/span><\/b><span data-contrast=\"none\">osare <\/span><b><span data-contrast=\"none\">prendere il tuo posto<\/span><\/b><span data-contrast=\"none\"> e rafforzare il suo <\/span><b><span data-contrast=\"none\">fiducia<\/span><\/b><span data-contrast=\"none\">. Lungi dall'avere un approccio puramente tecnico, il programma si basa su un modello di <\/span><b><span data-contrast=\"none\">apprendimento misto<\/span><\/b><span data-contrast=\"none\"> che combina tre dimensioni complementari: il supporto di coach-facilitatori, le dinamiche di gruppo e un'applicazione mobile sviluppata internamente. In particolare, l'applicazione incorpora funzioni di intelligenza artificiale che consentono un monitoraggio personalizzato, un feedback istantaneo e la continuit\u00e0 tra le sessioni. Questa combinazione unica permette ai partecipanti di sperimentare, autovalutarsi e ricevere un feedback regolare, in modo da consolidare gradualmente il proprio apprendimento e radicare il cambiamento nel tempo.<\/span><span data-ccp-props=\"{&quot;134245418&quot;:true,&quot;134245529&quot;:true,&quot;335559738&quot;:160,&quot;335559739&quot;:80}\">\u00a0<\/span><\/p>\t\t\t\t\t\t\t\t<\/div>\n\t\t\t\t<\/div>\n\t\t\t\t<div class=\"elementor-element elementor-element-147422e elementor-widget elementor-widget-image\" data-id=\"147422e\" data-element_type=\"widget\" data-e-type=\"widget\" data-widget_type=\"image.default\">\n\t\t\t\t<div class=\"elementor-widget-container\">\n\t\t\t\t\t\t\t\t\t\t\t\t\t\t\t<img fetchpriority=\"high\" decoding=\"async\" width=\"768\" height=\"402\" src=\"https:\/\/talk.swiss\/wp-content\/uploads\/2025\/09\/TALK_1-768x402.jpg\" class=\"attachment-medium_large size-medium_large wp-image-8393\" alt=\"\" srcset=\"https:\/\/talk.swiss\/wp-content\/uploads\/2025\/09\/TALK_1-768x402.jpg 768w, https:\/\/talk.swiss\/wp-content\/uploads\/2025\/09\/TALK_1-300x157.jpg 300w, https:\/\/talk.swiss\/wp-content\/uploads\/2025\/09\/TALK_1-18x9.jpg 18w, https:\/\/talk.swiss\/wp-content\/uploads\/2025\/09\/TALK_1.jpg 1000w\" sizes=\"(max-width: 768px) 100vw, 768px\" \/>\t\t\t\t\t\t\t\t\t\t\t\t\t\t\t<\/div>\n\t\t\t\t<\/div>\n\t\t\t\t<div class=\"elementor-element elementor-element-c6bda5a elementor-widget elementor-widget-text-editor\" data-id=\"c6bda5a\" data-element_type=\"widget\" data-e-type=\"widget\" data-widget_type=\"text-editor.default\">\n\t\t\t\t<div class=\"elementor-widget-container\">\n\t\t\t\t\t\t\t\t\t<p><span data-contrast=\"auto\">Nel <\/span><span data-contrast=\"none\">primo articolo di questa serie<\/span><span data-contrast=\"auto\">abbiamo esplorato questo <\/span><b><span data-contrast=\"auto\">visione globale<\/span><\/b><span data-contrast=\"auto\"> e ha mostrato come <\/span><b><span data-contrast=\"auto\">TalkTo <\/span><\/b><span data-contrast=\"auto\">sostiene i professionisti nel loro sviluppo. Oggi, stiamo intraprendendo un percorso di <\/span><b><span data-contrast=\"auto\">dimensione <\/span><\/b><span data-contrast=\"auto\">complementare: quello di <\/span><b><span data-contrast=\"auto\">facilitatori<\/span><\/b><span data-contrast=\"auto\">. Il loro ruolo non si limita alla conduzione dei workshop. Sono presenti durante tutto il processo, assicurando che si instauri un clima di fiducia e che le persone abbiano lo spazio per ascoltare, in modo da aumentare la consapevolezza.\u00a0<\/span><span data-ccp-props=\"{&quot;335559738&quot;:240,&quot;335559739&quot;:240}\">\u00a0<\/span><\/p><p><span data-contrast=\"auto\">Questo ritmo graduale offre lo spazio necessario affinch\u00e9 i cambiamenti si affermino a lungo termine.<\/span><span data-ccp-props=\"{&quot;335559738&quot;:240,&quot;335559739&quot;:240}\">\u00a0<\/span><\/p><p><span data-contrast=\"auto\">Come riassume Tanguy: \"Non cerco di ispirare le persone. Il mio obiettivo \u00e8 che trovino la propria ispirazione\". <\/span><span data-ccp-props=\"{&quot;335559738&quot;:240,&quot;335559739&quot;:240}\">\u00a0<\/span><\/p><p><span data-contrast=\"auto\">Questa frase dice tutto. Qui, il <\/span><b><span data-contrast=\"auto\">trasformazione <\/span><\/b><span data-contrast=\"auto\">non deriva da una conoscenza trasmessa verticalmente. <\/span><b><span data-contrast=\"auto\">emerge dall'interno<\/span><\/b><span data-contrast=\"auto\">. Ed \u00e8 proprio questa postura dei facilitatori, a met\u00e0 tra l'esigente e il benevolo, che esploreremo nelle righe che seguono.<\/span><span data-ccp-props=\"{&quot;335559738&quot;:240,&quot;335559739&quot;:240}\">\u00a0<\/span><\/p><p><span data-contrast=\"auto\">Le testimonianze provengono da <\/span><span data-contrast=\"auto\">tre coach-facilitatori<\/span><span data-contrast=\"auto\"> TALK: Ivana, Natacha e Tanguy, dell'intero team di supporto. Sebbene ognuno abbia espresso le proprie opinioni, i loro commenti riflettono lo spirito collettivo e l'approccio condiviso che sono alla base del programma TalkTo.<\/span><span data-ccp-props=\"{&quot;335551550&quot;:0,&quot;335551620&quot;:0}\">\u00a0<\/span><\/p><p><i><span data-contrast=\"auto\">Infine, il terzo e ultimo articolo di questa serie dar\u00e0 la parola al <\/span><\/i><b><i><span data-contrast=\"auto\">partecipanti <\/span><\/i><\/b><i><span data-contrast=\"auto\">loro stessi. Le loro testimonianze chiuderanno questo ciclo mostrando, dall'interno, tutta la potenza dell'esperienza TalkTo.<\/span><\/i><span data-ccp-props=\"{&quot;335559738&quot;:240,&quot;335559739&quot;:240}\">\u00a0<\/span><\/p>\t\t\t\t\t\t\t\t<\/div>\n\t\t\t\t<\/div>\n\t\t\t\t\t<\/div>\n\t\t<\/div>\n\t\t\t\t\t<\/div>\n\t\t<\/section>\n\t\t\t\t<section class=\"elementor-section elementor-top-section elementor-element elementor-element-98ce7a4 elementor-section-content-middle elementor-section-boxed elementor-section-height-default elementor-section-height-default\" data-id=\"98ce7a4\" data-element_type=\"section\" data-e-type=\"section\" data-settings=\"{&quot;shape_divider_top&quot;:&quot;mountains&quot;}\">\n\t\t\t\t\t<div class=\"elementor-shape elementor-shape-top\" aria-hidden=\"true\" data-negative=\"false\">\n\t\t\t<svg xmlns=\"http:\/\/www.w3.org\/2000\/svg\" viewbox=\"0 0 1000 100\" preserveaspectratio=\"none\">\n\t<path class=\"elementor-shape-fill\" opacity=\"0.33\" d=\"M473,67.3c-203.9,88.3-263.1-34-320.3,0C66,119.1,0,59.7,0,59.7V0h1000v59.7 c0,0-62.1,26.1-94.9,29.3c-32.8,3.3-62.8-12.3-75.8-22.1C806,49.6,745.3,8.7,694.9,4.7S492.4,59,473,67.3z\"\/>\n\t<path class=\"elementor-shape-fill\" opacity=\"0.66\" d=\"M734,67.3c-45.5,0-77.2-23.2-129.1-39.1c-28.6-8.7-150.3-10.1-254,39.1 s-91.7-34.4-149.2,0C115.7,118.3,0,39.8,0,39.8V0h1000v36.5c0,0-28.2-18.5-92.1-18.5C810.2,18.1,775.7,67.3,734,67.3z\"\/>\n\t<path class=\"elementor-shape-fill\" d=\"M766.1,28.9c-200-57.5-266,65.5-395.1,19.5C242,1.8,242,5.4,184.8,20.6C128,35.8,132.3,44.9,89.9,52.5C28.6,63.7,0,0,0,0 h1000c0,0-9.9,40.9-83.6,48.1S829.6,47,766.1,28.9z\"\/>\n<\/svg>\t\t<\/div>\n\t\t\t\t\t<div class=\"elementor-container elementor-column-gap-default\">\n\t\t\t\t\t<div class=\"elementor-column elementor-col-50 elementor-top-column elementor-element elementor-element-c35d83e\" data-id=\"c35d83e\" data-element_type=\"column\" data-e-type=\"column\">\n\t\t\t<div class=\"elementor-widget-wrap elementor-element-populated\">\n\t\t\t\t\t\t<div class=\"elementor-element elementor-element-fce95c3 elementor-widget elementor-widget-image\" data-id=\"fce95c3\" data-element_type=\"widget\" data-e-type=\"widget\" data-widget_type=\"image.default\">\n\t\t\t\t<div class=\"elementor-widget-container\">\n\t\t\t\t\t\t\t\t\t\t\t\t\t\t\t<img decoding=\"async\" width=\"300\" height=\"300\" src=\"https:\/\/talk.swiss\/wp-content\/uploads\/2025\/09\/tanguy_1-300x300.png\" class=\"attachment-medium size-medium wp-image-8395\" alt=\"\" srcset=\"https:\/\/talk.swiss\/wp-content\/uploads\/2025\/09\/tanguy_1-300x300.png 300w, https:\/\/talk.swiss\/wp-content\/uploads\/2025\/09\/tanguy_1-1024x1024.png 1024w, https:\/\/talk.swiss\/wp-content\/uploads\/2025\/09\/tanguy_1-150x150.png 150w, https:\/\/talk.swiss\/wp-content\/uploads\/2025\/09\/tanguy_1-768x768.png 768w, https:\/\/talk.swiss\/wp-content\/uploads\/2025\/09\/tanguy_1-12x12.png 12w, https:\/\/talk.swiss\/wp-content\/uploads\/2025\/09\/tanguy_1.png 1114w\" sizes=\"(max-width: 300px) 100vw, 300px\" \/>\t\t\t\t\t\t\t\t\t\t\t\t\t\t\t<\/div>\n\t\t\t\t<\/div>\n\t\t\t\t\t<\/div>\n\t\t<\/div>\n\t\t\t\t<div class=\"elementor-column elementor-col-50 elementor-top-column elementor-element elementor-element-58a7b11\" data-id=\"58a7b11\" data-element_type=\"column\" data-e-type=\"column\">\n\t\t\t<div class=\"elementor-widget-wrap elementor-element-populated\">\n\t\t\t\t\t\t<div class=\"elementor-element elementor-element-b6b0cc9 elementor-widget elementor-widget-heading\" data-id=\"b6b0cc9\" data-element_type=\"widget\" data-e-type=\"widget\" data-widget_type=\"heading.default\">\n\t\t\t\t<div class=\"elementor-widget-container\">\n\t\t\t\t\t<h3 class=\"elementor-heading-title elementor-size-large\">\"Non cerco di ispirare le persone. Il mio obiettivo \u00e8 che trovino la propria ispirazione.<\/h3>\t\t\t\t<\/div>\n\t\t\t\t<\/div>\n\t\t\t\t<div class=\"elementor-element elementor-element-49e7925 elementor-widget elementor-widget-heading\" data-id=\"49e7925\" data-element_type=\"widget\" data-e-type=\"widget\" data-widget_type=\"heading.default\">\n\t\t\t\t<div class=\"elementor-widget-container\">\n\t\t\t\t\t<h3 class=\"elementor-heading-title elementor-size-medium\"><i>- Tanguy Laurent<\/i><\/h3>\t\t\t\t<\/div>\n\t\t\t\t<\/div>\n\t\t\t\t\t<\/div>\n\t\t<\/div>\n\t\t\t\t\t<\/div>\n\t\t<\/section>\n\t\t\t\t<section class=\"elementor-section elementor-top-section elementor-element elementor-element-9df7beb elementor-section-boxed elementor-section-height-default elementor-section-height-default\" data-id=\"9df7beb\" data-element_type=\"section\" data-e-type=\"section\">\n\t\t\t\t\t\t<div class=\"elementor-container elementor-column-gap-default\">\n\t\t\t\t\t<div class=\"elementor-column elementor-col-100 elementor-top-column elementor-element elementor-element-54a3ee4\" data-id=\"54a3ee4\" data-element_type=\"column\" data-e-type=\"column\">\n\t\t\t<div class=\"elementor-widget-wrap elementor-element-populated\">\n\t\t\t\t\t\t<div class=\"elementor-element elementor-element-6655fff elementor-widget elementor-widget-heading\" data-id=\"6655fff\" data-element_type=\"widget\" data-e-type=\"widget\" data-widget_type=\"heading.default\">\n\t\t\t\t<div class=\"elementor-widget-container\">\n\t\t\t\t\t<h2 class=\"elementor-heading-title elementor-size-xl\">La posizione del facilitatore: un quadro che rassicura e libera<\/h2>\t\t\t\t<\/div>\n\t\t\t\t<\/div>\n\t\t\t\t<div class=\"elementor-element elementor-element-790ae45 elementor-widget elementor-widget-text-editor\" data-id=\"790ae45\" data-element_type=\"widget\" data-e-type=\"widget\" data-widget_type=\"text-editor.default\">\n\t\t\t\t<div class=\"elementor-widget-container\">\n\t\t\t\t\t\t\t\t\t<p><span data-contrast=\"auto\">Essere un facilitatore di TALK significa soprattutto incarnare un atteggiamento singolare: una presenza discreta ma decisa, dove <\/span><b><span data-contrast=\"auto\">esigente e benevolo<\/span><\/b><span data-contrast=\"auto\"> coesistere. Questa postura richiede una grande flessibilit\u00e0: oscillare tra un quadro strutturante e uno spazio di libert\u00e0, ascoltare profondamente, percepire i bisogni del gruppo, saper stimolare o, al contrario, rimanere in silenzio.<\/span><span data-ccp-props=\"{&quot;335559738&quot;:240,&quot;335559739&quot;:240}\">\u00a0<\/span><\/p><p><span data-contrast=\"auto\">Per Ivana, la sfida \u00e8 quella di incoraggiare una <\/span><b><span data-contrast=\"auto\">discorso vero<\/span><\/b><span data-contrast=\"auto\"> :<\/span>\u00a0<br \/><span data-contrast=\"auto\">\"Comunicazione non perfetta o formale<\/span><span data-contrast=\"auto\">\u00c8 questa sincerit\u00e0 che crea il legame di fiducia con se stessi e con l'altro. Alla fine, \u00e8 questa sincerit\u00e0 che crea il legame di fiducia con noi stessi e con gli altri.<\/span><span data-ccp-props=\"{&quot;335559738&quot;:240,&quot;335559739&quot;:240}\">\u00a0<\/span><\/p><p><span data-contrast=\"auto\">Per Natacha, si tratta di \"mettersi in gioco\". <\/span><b><span data-contrast=\"auto\">al servizio<\/span><\/b><span data-contrast=\"auto\"> Il \"leader\" del gruppo, che guida con precisione ma senza mai prendere il potere:<\/span>\u00a0<br \/><span data-contrast=\"auto\">\"Osserviamo, guidiamo, accompagniamo. Ma sono i partecipanti ad andare avanti.<\/span><span data-ccp-props=\"{&quot;335559738&quot;:240,&quot;335559739&quot;:240}\">\u00a0<\/span><\/p><p><span data-contrast=\"auto\">Tanguy si concentra su <\/span><b><span data-contrast=\"auto\">coerenza <\/span><\/b><span data-contrast=\"auto\">:<\/span>\u00a0<br \/><span data-contrast=\"auto\">\"Siate chiari e incisivi, lasciando a ciascuno lo spazio per far emergere la propria motivazione intrinseca\".<\/span><span data-ccp-props=\"{&quot;335559738&quot;:240,&quot;335559739&quot;:240}\">\u00a0<\/span><\/p><p><span data-contrast=\"auto\">In concreto, questa postura prende forma fin dal primo giorno, quando i partecipanti e i coach co-costruiscono una \"visione\" del futuro. <\/span><b><span data-contrast=\"auto\">Carta comune<\/span><\/b><span data-contrast=\"auto\">. Pi\u00f9 che un semplice insieme di regole, la Carta diventa il fondamento di un'economia di mercato.\u00a0<\/span><b><span data-contrast=\"auto\">microsociet\u00e0 in miniatura<\/span><\/b><span data-contrast=\"auto\">\u00a0\u00c8 un luogo in cui le persone sperimentano modi nuovi e talvolta insoliti di stare insieme. Come dice Natacha, \u00e8 un luogo di\u00a0<\/span><b><span data-contrast=\"auto\">laboratorio dei gesti comuni, <\/span><\/b><span data-contrast=\"auto\">ascoltare senza giudicare, rispettare incondizionatamente, parlare con sincerit\u00e0. Sono gesti semplici, ma che messi insieme danno vita a una piccola comunit\u00e0 capace di dimostrare che si pu\u00f2 vivere insieme in modo diverso, in armonia nonostante le differenze.<\/span><span data-ccp-props=\"{&quot;335551550&quot;:0,&quot;335551620&quot;:0}\">\u00a0<\/span><\/p><p><span data-contrast=\"auto\">E per illustrare il ruolo del facilitatore, viene spesso in mente un'immagine, citata sia da Natacha che da Tanguy: quella del \" <\/span><b><span data-contrast=\"auto\">cane da pastore<\/span><\/b><span data-contrast=\"auto\"> \".<\/span>\u00a0<br \/><span data-contrast=\"auto\">\"Il nostro ruolo \u00e8 quello di garantire con discrezione il rispetto del quadro normativo. Quando qualcuno infrange le regole, non lo puniamo, ma lo interroghiamo. La persona \u00e8 consapevole di ci\u00f2 che sta accadendo? Cosa propone di fare per rientrare nel quadro? L'individuo rimane l'attore della propria vita.<\/span><span data-ccp-props=\"{&quot;335559738&quot;:240,&quot;335559739&quot;:240}\">\u00a0<\/span><\/p><p><span data-contrast=\"auto\">Questo quadro fermo ma benevolo \u00e8 rassicurante. I partecipanti si rendono subito conto che le loro parole saranno ascoltate senza giudizio. Ed \u00e8 questo clima di fiducia che permette loro di osare, sperimentare, osare.<\/span><span data-ccp-props=\"{&quot;335559738&quot;:240,&quot;335559739&quot;:240}\">\u00a0<\/span><\/p>\t\t\t\t\t\t\t\t<\/div>\n\t\t\t\t<\/div>\n\t\t\t\t\t<\/div>\n\t\t<\/div>\n\t\t\t\t\t<\/div>\n\t\t<\/section>\n\t\t\t\t<section class=\"elementor-section elementor-top-section elementor-element elementor-element-8be9361 elementor-section-content-middle elementor-section-boxed elementor-section-height-default elementor-section-height-default\" data-id=\"8be9361\" data-element_type=\"section\" data-e-type=\"section\" data-settings=\"{&quot;shape_divider_top&quot;:&quot;mountains&quot;}\">\n\t\t\t\t\t<div class=\"elementor-shape elementor-shape-top\" aria-hidden=\"true\" data-negative=\"false\">\n\t\t\t<svg xmlns=\"http:\/\/www.w3.org\/2000\/svg\" viewbox=\"0 0 1000 100\" preserveaspectratio=\"none\">\n\t<path class=\"elementor-shape-fill\" opacity=\"0.33\" d=\"M473,67.3c-203.9,88.3-263.1-34-320.3,0C66,119.1,0,59.7,0,59.7V0h1000v59.7 c0,0-62.1,26.1-94.9,29.3c-32.8,3.3-62.8-12.3-75.8-22.1C806,49.6,745.3,8.7,694.9,4.7S492.4,59,473,67.3z\"\/>\n\t<path class=\"elementor-shape-fill\" opacity=\"0.66\" d=\"M734,67.3c-45.5,0-77.2-23.2-129.1-39.1c-28.6-8.7-150.3-10.1-254,39.1 s-91.7-34.4-149.2,0C115.7,118.3,0,39.8,0,39.8V0h1000v36.5c0,0-28.2-18.5-92.1-18.5C810.2,18.1,775.7,67.3,734,67.3z\"\/>\n\t<path class=\"elementor-shape-fill\" d=\"M766.1,28.9c-200-57.5-266,65.5-395.1,19.5C242,1.8,242,5.4,184.8,20.6C128,35.8,132.3,44.9,89.9,52.5C28.6,63.7,0,0,0,0 h1000c0,0-9.9,40.9-83.6,48.1S829.6,47,766.1,28.9z\"\/>\n<\/svg>\t\t<\/div>\n\t\t\t\t\t<div class=\"elementor-container elementor-column-gap-default\">\n\t\t\t\t\t<div class=\"elementor-column elementor-col-50 elementor-top-column elementor-element elementor-element-fadfa0d\" data-id=\"fadfa0d\" data-element_type=\"column\" data-e-type=\"column\">\n\t\t\t<div class=\"elementor-widget-wrap elementor-element-populated\">\n\t\t\t\t\t\t<div class=\"elementor-element elementor-element-a6b8223 elementor-widget elementor-widget-heading\" data-id=\"a6b8223\" data-element_type=\"widget\" data-e-type=\"widget\" data-widget_type=\"heading.default\">\n\t\t\t\t<div class=\"elementor-widget-container\">\n\t\t\t\t\t<h3 class=\"elementor-heading-title elementor-size-large\"><span data-contrast=\"auto\">\"Osserviamo, guidiamo, accompagniamo. Ma sono i partecipanti ad andare avanti.<\/span><span data-ccp-props=\"{&quot;335559738&quot;:240,&quot;335559739&quot;:240}\">&nbsp;<\/span><\/h3>\t\t\t\t<\/div>\n\t\t\t\t<\/div>\n\t\t\t\t<div class=\"elementor-element elementor-element-e57f769 elementor-widget elementor-widget-heading\" data-id=\"e57f769\" data-element_type=\"widget\" data-e-type=\"widget\" data-widget_type=\"heading.default\">\n\t\t\t\t<div class=\"elementor-widget-container\">\n\t\t\t\t\t<h3 class=\"elementor-heading-title elementor-size-medium\"><i>- Natacha Kmarin<\/i><\/h3>\t\t\t\t<\/div>\n\t\t\t\t<\/div>\n\t\t\t\t\t<\/div>\n\t\t<\/div>\n\t\t\t\t<div class=\"elementor-column elementor-col-50 elementor-top-column elementor-element elementor-element-bcb4eba\" data-id=\"bcb4eba\" data-element_type=\"column\" data-e-type=\"column\">\n\t\t\t<div class=\"elementor-widget-wrap elementor-element-populated\">\n\t\t\t\t\t\t<div class=\"elementor-element elementor-element-5f8fac7 elementor-widget elementor-widget-image\" data-id=\"5f8fac7\" data-element_type=\"widget\" data-e-type=\"widget\" data-widget_type=\"image.default\">\n\t\t\t\t<div class=\"elementor-widget-container\">\n\t\t\t\t\t\t\t\t\t\t\t\t\t\t\t<img decoding=\"async\" width=\"300\" height=\"300\" src=\"https:\/\/talk.swiss\/wp-content\/uploads\/2025\/09\/natacha_2-300x300.png\" class=\"attachment-medium size-medium wp-image-8392\" alt=\"\" srcset=\"https:\/\/talk.swiss\/wp-content\/uploads\/2025\/09\/natacha_2-300x300.png 300w, https:\/\/talk.swiss\/wp-content\/uploads\/2025\/09\/natacha_2-1024x1024.png 1024w, https:\/\/talk.swiss\/wp-content\/uploads\/2025\/09\/natacha_2-150x150.png 150w, https:\/\/talk.swiss\/wp-content\/uploads\/2025\/09\/natacha_2-768x768.png 768w, https:\/\/talk.swiss\/wp-content\/uploads\/2025\/09\/natacha_2-12x12.png 12w, https:\/\/talk.swiss\/wp-content\/uploads\/2025\/09\/natacha_2.png 1114w\" sizes=\"(max-width: 300px) 100vw, 300px\" \/>\t\t\t\t\t\t\t\t\t\t\t\t\t\t\t<\/div>\n\t\t\t\t<\/div>\n\t\t\t\t\t<\/div>\n\t\t<\/div>\n\t\t\t\t\t<\/div>\n\t\t<\/section>\n\t\t\t\t<section class=\"elementor-section elementor-top-section elementor-element elementor-element-6c73696 elementor-section-boxed elementor-section-height-default elementor-section-height-default\" data-id=\"6c73696\" data-element_type=\"section\" data-e-type=\"section\">\n\t\t\t\t\t\t<div class=\"elementor-container elementor-column-gap-default\">\n\t\t\t\t\t<div class=\"elementor-column elementor-col-100 elementor-top-column elementor-element elementor-element-5a9c0f0\" data-id=\"5a9c0f0\" data-element_type=\"column\" data-e-type=\"column\">\n\t\t\t<div class=\"elementor-widget-wrap elementor-element-populated\">\n\t\t\t\t\t\t<div class=\"elementor-element elementor-element-3d732bc elementor-widget elementor-widget-heading\" data-id=\"3d732bc\" data-element_type=\"widget\" data-e-type=\"widget\" data-widget_type=\"heading.default\">\n\t\t\t\t<div class=\"elementor-widget-container\">\n\t\t\t\t\t<h2 class=\"elementor-heading-title elementor-size-xl\">Momenti chiave: dalla terza alla quarta settimana <\/h2>\t\t\t\t<\/div>\n\t\t\t\t<\/div>\n\t\t\t\t<div class=\"elementor-element elementor-element-5e069e4 elementor-widget elementor-widget-text-editor\" data-id=\"5e069e4\" data-element_type=\"widget\" data-e-type=\"widget\" data-widget_type=\"text-editor.default\">\n\t\t\t\t<div class=\"elementor-widget-container\">\n\t\t\t\t\t\t\t\t\t<p><i>Gli allenatori sono unanimi: ci sono punti di svolta decisivi in tutto il programma.<\/i><\/p>\t\t\t\t\t\t\t\t<\/div>\n\t\t\t\t<\/div>\n\t\t\t\t<div class=\"elementor-element elementor-element-11069c6 elementor-widget elementor-widget-text-editor\" data-id=\"11069c6\" data-element_type=\"widget\" data-e-type=\"widget\" data-widget_type=\"text-editor.default\">\n\t\t\t\t<div class=\"elementor-widget-container\">\n\t\t\t\t\t\t\t\t\t<p><b><span data-contrast=\"auto\">Le settimane 1 e 2 servono come base.<\/span><\/b><span data-contrast=\"auto\"> Pongono le basi, stabiliscono la dinamica del gruppo e portano tutti a confrontarsi con le proprie emozioni. Alcuni sono sorpresi dalla profondit\u00e0 del lavoro: non si tratta solo di tecnica, ma di postura e fiducia.<\/span><span data-ccp-props=\"{&quot;335559738&quot;:240,&quot;335559739&quot;:240}\">\u00a0<\/span><\/p><p><b><span data-contrast=\"auto\">La terza settimana segna il primo grande punto di svolta<\/span><\/b><span data-contrast=\"auto\">. Il riserbo dei primi giorni scompare. I partecipanti iniziano a incoraggiarsi a vicenda, ad aprirsi, a parlare con pi\u00f9 sicurezza. Natacha parla di un \"interruttore\": una presa di coscienza personale che porta a un cambiamento collettivo.<\/span><span data-ccp-props=\"{&quot;335559738&quot;:240,&quot;335559739&quot;:240}\">\u00a0<\/span><\/p><p><b><span data-contrast=\"auto\">La quarta settimana \u00e8 il punto di riferimento per questi cambiamenti. <\/span><\/b><span data-contrast=\"auto\">Lavoriamo sull'ascolto attivo, sulla formulazione di bisogni e sulla risposta a domande scomode. Questo lavoro si alimenta facendo la spola tra l'app e i workshop: gli esercizi svolti individualmente trovano eco nei feedback dei coach e del gruppo. Per Ivana, questo \u00e8 un momento chiave:<\/span>\u00a0<br \/><span data-contrast=\"auto\">\"\u00c8 in questa fase che molti si rendono conto che non stanno solo imparando a presentare un progetto, ma che ora sanno come impegnarsi in un dialogo approfondito.<\/span><span data-ccp-props=\"{&quot;335559738&quot;:240,&quot;335559739&quot;:240}\">\u00a0<\/span><\/p><p><span data-contrast=\"auto\">Ma la trasformazione non si ferma qui. <\/span><b><span data-contrast=\"auto\">Le settimane 5 e 6 giocano un ruolo altrettanto vitale <\/span><\/b><span data-contrast=\"auto\">Permettono ai partecipanti di integrare ci\u00f2 che hanno imparato e di metterlo in pratica in situazioni pi\u00f9 complesse e realistiche. Gradualmente, il gruppo raggiunge una sinergia: i partecipanti si sostengono a vicenda, forniscono feedback costruttivi e mettono alla prova le loro nuove competenze in situazioni reali.<\/span><span data-ccp-props=\"{&quot;335559738&quot;:240,&quot;335559739&quot;:240}\">\u00a0<\/span><\/p><p><span data-contrast=\"auto\">Come sottolinea Tanguy, \"\u00e8 in queste ultime settimane che vediamo emergere la coerenza tra ci\u00f2 che i partecipanti dicono, ci\u00f2 che fanno e ci\u00f2 che incarnano\". Questo processo graduale \u00e8 necessario per consolidare quanto appreso e permettere ai cambiamenti di radicarsi a lungo termine.<\/span><span data-ccp-props=\"{&quot;335559738&quot;:240,&quot;335559739&quot;:240}\">\u00a0<\/span><\/p>\t\t\t\t\t\t\t\t<\/div>\n\t\t\t\t<\/div>\n\t\t\t\t\t<\/div>\n\t\t<\/div>\n\t\t\t\t\t<\/div>\n\t\t<\/section>\n\t\t\t\t<section class=\"elementor-section elementor-top-section elementor-element elementor-element-813caae elementor-section-boxed elementor-section-height-default elementor-section-height-default\" data-id=\"813caae\" data-element_type=\"section\" data-e-type=\"section\">\n\t\t\t\t\t\t<div class=\"elementor-container elementor-column-gap-default\">\n\t\t\t\t\t<div class=\"elementor-column elementor-col-100 elementor-top-column elementor-element elementor-element-c7bbfdb\" data-id=\"c7bbfdb\" data-element_type=\"column\" data-e-type=\"column\">\n\t\t\t<div class=\"elementor-widget-wrap elementor-element-populated\">\n\t\t\t\t\t\t<div class=\"elementor-element elementor-element-d4bd3a5 elementor-widget elementor-widget-heading\" data-id=\"d4bd3a5\" data-element_type=\"widget\" data-e-type=\"widget\" data-widget_type=\"heading.default\">\n\t\t\t\t<div class=\"elementor-widget-container\">\n\t\t\t\t\t<h2 class=\"elementor-heading-title elementor-size-xl\">Storie che lasciano il segno<\/h2>\t\t\t\t<\/div>\n\t\t\t\t<\/div>\n\t\t\t\t<div class=\"elementor-element elementor-element-297d477 elementor-widget elementor-widget-text-editor\" data-id=\"297d477\" data-element_type=\"widget\" data-e-type=\"widget\" data-widget_type=\"text-editor.default\">\n\t\t\t\t<div class=\"elementor-widget-container\">\n\t\t\t\t\t\t\t\t\t<p><span data-contrast=\"auto\">Ogni gruppo lascia i facilitatori con ricordi indimenticabili.<\/span><span data-ccp-props=\"{&quot;335559738&quot;:240,&quot;335559739&quot;:240}\">\u00a0<\/span><\/p><p><span data-contrast=\"auto\">Natacha ricorda una partecipante che \u00e8 arrivata \"stanca, indebolita, quasi spenta\". Con il passare delle settimane, ha ritrovato la sua energia e il suo desiderio di creare: \"Un giorno mi ha detto: \"Ecco, \u00e8 tornato\". \u00c8 stato travolgente vederla <\/span><b><span data-contrast=\"auto\">accendersi di nuovo<\/span><\/b><span data-contrast=\"auto\">Si tratta di trovare nuovi progetti e nuovi desideri.<\/span><span data-ccp-props=\"{&quot;335559738&quot;:240,&quot;335559739&quot;:240}\">\u00a0<\/span><\/p><p><span data-contrast=\"auto\">Racconta anche la storia di un <\/span><b><span data-contrast=\"auto\">partecipante<\/span><\/b><span data-contrast=\"auto\">inizialmente riservato, che ha <\/span><b><span data-contrast=\"auto\">si \u00e8 aperto gradualmente<\/span><\/b><span data-contrast=\"auto\">\u00a0<\/span><span data-contrast=\"auto\">come un fiore<\/span><span data-contrast=\"auto\">. Non sentendosi a proprio agio con l'idea di filmare una presentazione video, alla fine ha trovato una metafora azzeccata: si \u00e8 descritto come un\u00a0<\/span><b><span data-contrast=\"auto\">conduttore<\/span><\/b><span data-contrast=\"auto\">giocando con l'idea di armonia e di note false. \"\u00c8 stato magnifico\", dice.<\/span><span data-ccp-props=\"{&quot;335551550&quot;:0,&quot;335551620&quot;:0}\">\u00a0<\/span><\/p><p><span data-contrast=\"auto\">Tanguy ricorda un partecipante che stava attraversando un blocco emotivo. \"Le abbiamo semplicemente offerto silenzio e ascolto. Pochi minuti dopo, aveva voltato pagina. Aveva dimostrato a se stessa che poteva<\/span><b><span data-contrast=\"auto\"> vai a <\/span><\/b><span data-contrast=\"auto\">questo <\/span><b><span data-contrast=\"auto\">difficolt\u00e0<\/span><\/b><span data-contrast=\"auto\">. \"<\/span><span data-ccp-props=\"{&quot;335559738&quot;:240,&quot;335559739&quot;:240}\">\u00a0<\/span><\/p><p><span data-contrast=\"auto\">Questi aneddoti raccontano la storia essenziale: TalkTo non \u00e8 un corso accademico. \u00c8 un luogo in cui si scopre di essere capaci di<\/span><b><span data-contrast=\"auto\"> superare le proprie paure<\/span><\/b><span data-contrast=\"auto\">inventare nuovi <\/span><b><span data-contrast=\"auto\">nuovi modi di presentarsi,<\/span><\/b><span data-contrast=\"auto\"> a <\/span><b><span data-contrast=\"auto\">riconnettersi con la propria energia vitale<\/span><\/b><span data-contrast=\"auto\">.<\/span><span data-ccp-props=\"{&quot;335559738&quot;:240,&quot;335559739&quot;:240}\">\u00a0<\/span><\/p>\t\t\t\t\t\t\t\t<\/div>\n\t\t\t\t<\/div>\n\t\t\t\t<div class=\"elementor-element elementor-element-a9cecca elementor-widget elementor-widget-image\" data-id=\"a9cecca\" data-element_type=\"widget\" data-e-type=\"widget\" data-widget_type=\"image.default\">\n\t\t\t\t<div class=\"elementor-widget-container\">\n\t\t\t\t\t\t\t\t\t\t\t\t\t\t\t<img loading=\"lazy\" decoding=\"async\" width=\"768\" height=\"432\" src=\"https:\/\/talk.swiss\/wp-content\/uploads\/2025\/09\/TALK_2-768x432.jpg\" class=\"attachment-medium_large size-medium_large wp-image-8394\" alt=\"\" srcset=\"https:\/\/talk.swiss\/wp-content\/uploads\/2025\/09\/TALK_2-768x432.jpg 768w, https:\/\/talk.swiss\/wp-content\/uploads\/2025\/09\/TALK_2-300x169.jpg 300w, https:\/\/talk.swiss\/wp-content\/uploads\/2025\/09\/TALK_2-18x10.jpg 18w, https:\/\/talk.swiss\/wp-content\/uploads\/2025\/09\/TALK_2.jpg 1000w\" sizes=\"(max-width: 768px) 100vw, 768px\" \/>\t\t\t\t\t\t\t\t\t\t\t\t\t\t\t<\/div>\n\t\t\t\t<\/div>\n\t\t\t\t\t<\/div>\n\t\t<\/div>\n\t\t\t\t\t<\/div>\n\t\t<\/section>\n\t\t\t\t<section class=\"elementor-section elementor-top-section elementor-element elementor-element-0fe57e6 elementor-section-boxed elementor-section-height-default elementor-section-height-default\" data-id=\"0fe57e6\" data-element_type=\"section\" data-e-type=\"section\">\n\t\t\t\t\t\t<div class=\"elementor-container elementor-column-gap-default\">\n\t\t\t\t\t<div class=\"elementor-column elementor-col-100 elementor-top-column elementor-element elementor-element-611d724\" data-id=\"611d724\" data-element_type=\"column\" data-e-type=\"column\">\n\t\t\t<div class=\"elementor-widget-wrap elementor-element-populated\">\n\t\t\t\t\t\t<div class=\"elementor-element elementor-element-03e0d54 elementor-widget elementor-widget-heading\" data-id=\"03e0d54\" data-element_type=\"widget\" data-e-type=\"widget\" data-widget_type=\"heading.default\">\n\t\t\t\t<div class=\"elementor-widget-container\">\n\t\t\t\t\t<h2 class=\"elementor-heading-title elementor-size-xl\">Le relazioni chiave che rendono TalkTo cos\u00ec potente <\/h2>\t\t\t\t<\/div>\n\t\t\t\t<\/div>\n\t\t\t\t<div class=\"elementor-element elementor-element-9ad46ab elementor-widget elementor-widget-text-editor\" data-id=\"9ad46ab\" data-element_type=\"widget\" data-e-type=\"widget\" data-widget_type=\"text-editor.default\">\n\t\t\t\t<div class=\"elementor-widget-container\">\n\t\t\t\t\t\t\t\t\t<p><span data-contrast=\"auto\">Oltre alle capacit\u00e0 comunicative e all'intelligenza emotiva, il programma TalkTo sviluppa anche le seguenti competenze <\/span><b><span data-contrast=\"auto\">potenti capacit\u00e0 interpersonali<\/span><\/b><span data-contrast=\"auto\"> che stanno trasformando il modo in cui collaboriamo e interagiamo con gli altri.<\/span><span data-ccp-props=\"{&quot;335559738&quot;:240,&quot;335559739&quot;:240}\">\u00a0<\/span><\/p><p><span data-contrast=\"auto\">Tra questi, gli allenatori evidenziano all'unanimit\u00e0 :<\/span><\/p>\t\t\t\t\t\t\t\t<\/div>\n\t\t\t\t<\/div>\n\t\t\t\t<div class=\"elementor-element elementor-element-1f3047c animated-slow elementor-list-item-link-inline elementor-icon-list--layout-traditional elementor-widget elementor-widget-icon-list\" data-id=\"1f3047c\" data-element_type=\"widget\" data-e-type=\"widget\" data-settings=\"{&quot;_animation&quot;:&quot;none&quot;}\" data-widget_type=\"icon-list.default\">\n\t\t\t\t<div class=\"elementor-widget-container\">\n\t\t\t\t\t\t\t<ul class=\"elementor-icon-list-items\">\n\t\t\t\t\t\t\t<li class=\"elementor-icon-list-item\">\n\t\t\t\t\t\t\t\t\t\t\t<span class=\"elementor-icon-list-icon\">\n\t\t\t\t\t\t\t<i aria-hidden=\"true\" class=\"fas fa-chevron-right\"><\/i>\t\t\t\t\t\t<\/span>\n\t\t\t\t\t\t\t\t\t\t<span class=\"elementor-icon-list-text\"><b>Ascolto attivo,<\/b> non per rispondere, ma per capire davvero l'altra persona.&nbsp;<\/span>\n\t\t\t\t\t\t\t\t\t<\/li>\n\t\t\t\t\t\t\t\t<li class=\"elementor-icon-list-item\">\n\t\t\t\t\t\t\t\t\t\t\t<span class=\"elementor-icon-list-icon\">\n\t\t\t\t\t\t\t<i aria-hidden=\"true\" class=\"fas fa-chevron-right\"><\/i>\t\t\t\t\t\t<\/span>\n\t\t\t\t\t\t\t\t\t\t<span class=\"elementor-icon-list-text\"><b>Apertura e umanesimo,<\/b> una posizione che valorizza e rispetta la diversit\u00e0.&nbsp;<\/span>\n\t\t\t\t\t\t\t\t\t<\/li>\n\t\t\t\t\t\t\t\t<li class=\"elementor-icon-list-item\">\n\t\t\t\t\t\t\t\t\t\t\t<span class=\"elementor-icon-list-icon\">\n\t\t\t\t\t\t\t<i aria-hidden=\"true\" class=\"fas fa-chevron-right\"><\/i>\t\t\t\t\t\t<\/span>\n\t\t\t\t\t\t\t\t\t\t<span class=\"elementor-icon-list-text\"><b>Rispetto di s\u00e9 e degli altri,<\/b> la base di ogni interazione costruttiva.&nbsp;<\/span>\n\t\t\t\t\t\t\t\t\t<\/li>\n\t\t\t\t\t\t<\/ul>\n\t\t\t\t\t\t<\/div>\n\t\t\t\t<\/div>\n\t\t\t\t<div class=\"elementor-element elementor-element-4547cc3 elementor-widget elementor-widget-text-editor\" data-id=\"4547cc3\" data-element_type=\"widget\" data-e-type=\"widget\" data-widget_type=\"text-editor.default\">\n\t\t\t\t<div class=\"elementor-widget-container\">\n\t\t\t\t\t\t\t\t\t<p><span data-contrast=\"auto\">Queste abilit\u00e0 non vengono trattate in teoria, ma sperimentate nella pratica, con feedback benevoli, interviste simulate e discussioni di gruppo. Diventano leve tangibili per migliorare la persuasione, la cooperazione e il dialogo.<\/span><span data-ccp-props=\"{&quot;335559738&quot;:240,&quot;335559739&quot;:240}\">\u00a0<\/span><\/p><p><span data-contrast=\"auto\">Questo \u00e8 uno dei punti di forza di TalkTo: in un panorama in cui i corsi di formazione abbondano, la <\/span><b><span data-contrast=\"auto\">Il programma presenta una serie di caratteristiche uniche<\/span><\/b><span data-contrast=\"auto\"> :<\/span><\/p>\t\t\t\t\t\t\t\t<\/div>\n\t\t\t\t<\/div>\n\t\t\t\t<div class=\"elementor-element elementor-element-f7c59a5 animated-slow elementor-list-item-link-inline elementor-icon-list--layout-traditional elementor-widget elementor-widget-icon-list\" data-id=\"f7c59a5\" data-element_type=\"widget\" data-e-type=\"widget\" data-settings=\"{&quot;_animation&quot;:&quot;none&quot;}\" data-widget_type=\"icon-list.default\">\n\t\t\t\t<div class=\"elementor-widget-container\">\n\t\t\t\t\t\t\t<ul class=\"elementor-icon-list-items\">\n\t\t\t\t\t\t\t<li class=\"elementor-icon-list-item\">\n\t\t\t\t\t\t\t\t\t\t\t<span class=\"elementor-icon-list-icon\">\n\t\t\t\t\t\t\t<i aria-hidden=\"true\" class=\"fas fa-chevron-right\"><\/i>\t\t\t\t\t\t<\/span>\n\t\t\t\t\t\t\t\t\t\t<span class=\"elementor-icon-list-text\"><b>Un approccio interdisciplinare e olistico:<\/b> non lavoriamo solo sull'esecuzione di un passo, ma anche sull'identit\u00e0, le emozioni, la postura, l'ascolto e l'espressione.&nbsp;<\/span>\n\t\t\t\t\t\t\t\t\t<\/li>\n\t\t\t\t\t\t\t\t<li class=\"elementor-icon-list-item\">\n\t\t\t\t\t\t\t\t\t\t\t<span class=\"elementor-icon-list-icon\">\n\t\t\t\t\t\t\t<i aria-hidden=\"true\" class=\"fas fa-chevron-right\"><\/i>\t\t\t\t\t\t<\/span>\n\t\t\t\t\t\t\t\t\t\t<span class=\"elementor-icon-list-text\"><b>Dedicate del tempo a voi stessi:<\/b> un ritmo graduale che permetta alla consapevolezza di maturare e all'apprendimento di radicarsi.&nbsp;<\/span>\n\t\t\t\t\t\t\t\t\t<\/li>\n\t\t\t\t\t\t\t\t<li class=\"elementor-icon-list-item\">\n\t\t\t\t\t\t\t\t\t\t\t<span class=\"elementor-icon-list-icon\">\n\t\t\t\t\t\t\t<i aria-hidden=\"true\" class=\"fas fa-chevron-right\"><\/i>\t\t\t\t\t\t<\/span>\n\t\t\t\t\t\t\t\t\t\t<span class=\"elementor-icon-list-text\"><b>Un team coerente :<\/b> Tutti gli allenatori condividono gli stessi valori e lo stesso approccio, il che conferisce una particolare forza all'esperienza.&nbsp;<\/span>\n\t\t\t\t\t\t\t\t\t<\/li>\n\t\t\t\t\t\t\t\t<li class=\"elementor-icon-list-item\">\n\t\t\t\t\t\t\t\t\t\t\t<span class=\"elementor-icon-list-icon\">\n\t\t\t\t\t\t\t<i aria-hidden=\"true\" class=\"fas fa-chevron-right\"><\/i>\t\t\t\t\t\t<\/span>\n\t\t\t\t\t\t\t\t\t\t<span class=\"elementor-icon-list-text\"><b>L'alleanza tra persone e tecnologia:<\/b> I workshop faccia a faccia sono ampliati da un'applicazione mobile sviluppata internamente, con esercizi, feedback e autovalutazione per rafforzare l'apprendimento quotidiano.&nbsp;<\/span>\n\t\t\t\t\t\t\t\t\t<\/li>\n\t\t\t\t\t\t\t\t<li class=\"elementor-icon-list-item\">\n\t\t\t\t\t\t\t\t\t\t\t<span class=\"elementor-icon-list-icon\">\n\t\t\t\t\t\t\t<i aria-hidden=\"true\" class=\"fas fa-chevron-right\"><\/i>\t\t\t\t\t\t<\/span>\n\t\t\t\t\t\t\t\t\t\t<span class=\"elementor-icon-list-text\"><b>Un impatto che va oltre il professionista:<\/b> le competenze sviluppate vengono utilizzate in tutte le sfere della vita, comprese le relazioni, la famiglia e la vita sociale.&nbsp;<\/span>\n\t\t\t\t\t\t\t\t\t<\/li>\n\t\t\t\t\t\t<\/ul>\n\t\t\t\t\t\t<\/div>\n\t\t\t\t<\/div>\n\t\t\t\t<div class=\"elementor-element elementor-element-7ca35b8 elementor-widget elementor-widget-text-editor\" data-id=\"7ca35b8\" data-element_type=\"widget\" data-e-type=\"widget\" data-widget_type=\"text-editor.default\">\n\t\t\t\t<div class=\"elementor-widget-container\">\n\t\t\t\t\t\t\t\t\t<p><b><span data-contrast=\"auto\">TalkTo \u00e8 un programma per lo sviluppo delle capacit\u00e0 di comunicazione che aumenta la fiducia, la postura e le abilit\u00e0 interpersonali.<\/span><\/b><span data-ccp-props=\"{}\">\u00a0<\/span><\/p>\t\t\t\t\t\t\t\t<\/div>\n\t\t\t\t<\/div>\n\t\t\t\t\t<\/div>\n\t\t<\/div>\n\t\t\t\t\t<\/div>\n\t\t<\/section>\n\t\t\t\t<section class=\"elementor-section elementor-top-section elementor-element elementor-element-ba681c5 elementor-section-boxed elementor-section-height-default elementor-section-height-default\" data-id=\"ba681c5\" data-element_type=\"section\" data-e-type=\"section\">\n\t\t\t\t\t\t<div class=\"elementor-container elementor-column-gap-default\">\n\t\t\t\t\t<div class=\"elementor-column elementor-col-100 elementor-top-column elementor-element elementor-element-1c0def7\" data-id=\"1c0def7\" data-element_type=\"column\" data-e-type=\"column\">\n\t\t\t<div class=\"elementor-widget-wrap elementor-element-populated\">\n\t\t\t\t\t\t<div class=\"elementor-element elementor-element-4d18f50 elementor-widget elementor-widget-heading\" data-id=\"4d18f50\" data-element_type=\"widget\" data-e-type=\"widget\" data-widget_type=\"heading.default\">\n\t\t\t\t<div class=\"elementor-widget-container\">\n\t\t\t\t\t<h2 class=\"elementor-heading-title elementor-size-xl\">Una trasformazione condivisa <\/h2>\t\t\t\t<\/div>\n\t\t\t\t<\/div>\n\t\t\t\t<div class=\"elementor-element elementor-element-efea3d4 elementor-widget elementor-widget-text-editor\" data-id=\"efea3d4\" data-element_type=\"widget\" data-e-type=\"widget\" data-widget_type=\"text-editor.default\">\n\t\t\t\t<div class=\"elementor-widget-container\">\n\t\t\t\t\t\t\t\t\t<p><span data-contrast=\"auto\">L'impatto di TalkTo non \u00e8 limitato solo a <\/span><b><span data-contrast=\"auto\">partecipanti<\/span><\/b><span data-contrast=\"auto\">. Il <\/span><b><span data-contrast=\"auto\">allenatori <\/span><\/b><span data-contrast=\"auto\">cambiare nel corso delle sessioni.<\/span><span data-ccp-props=\"{&quot;335559738&quot;:240,&quot;335559739&quot;:240}\">\u00a0<\/span><\/p><p><span data-contrast=\"auto\">Spiega Ivana:<\/span>\u00a0<br \/><span data-contrast=\"auto\">\"Mi ha insegnato a coltivare <\/span><b><span data-contrast=\"auto\">umilt\u00e0<\/span><\/b><span data-contrast=\"auto\">. Ogni persona<\/span><span data-contrast=\"auto\">uno ha punti di forza insospettabili. Cresco con ogni gruppo. L'umilt\u00e0 nel nostro supporto migliora il percorso del discente, ascoltando la sua voce, incoraggiando la collaborazione e il dialogo aperto\".<\/span><span data-ccp-props=\"{&quot;335559738&quot;:240,&quot;335559739&quot;:240}\">\u00a0<\/span><\/p><p><span data-contrast=\"auto\">Per Tanguy si tratta di una missione profondamente allineata con il suo <\/span><b><span data-contrast=\"auto\">valori <\/span><\/b><span data-contrast=\"auto\">:<\/span>\u00a0<br \/><span data-contrast=\"auto\">\"Ho bisogno di essere al servizio degli altri. Questo ruolo mi permette di portare avanti questa missione, che per me ha un significato profondo.<\/span><span data-ccp-props=\"{&quot;335559738&quot;:240,&quot;335559739&quot;:240}\">\u00a0<\/span><\/p><p><span data-contrast=\"auto\">Per Natacha, non c'\u00e8 dubbio:<\/span>\u00a0<br \/><span data-contrast=\"auto\">\"Mi sento <\/span><b><span data-contrast=\"auto\">il mio posto legittimo<\/span><\/b><span data-contrast=\"auto\">. Pi\u00f9 che un lavoro, \u00e8 una vocazione.<\/span><span data-ccp-props=\"{&quot;335559738&quot;:240,&quot;335559739&quot;:240}\">\u00a0<\/span><\/p><p><span data-contrast=\"auto\">Questa reciprocit\u00e0 \u00e8 il cuore di TalkTo: la trasformazione fluisce in entrambe le direzioni. Ci\u00f2 che i partecipanti scoprono si riflette sui coach e viceversa.<\/span><span data-ccp-props=\"{&quot;335559738&quot;:240,&quot;335559739&quot;:240}\">\u00a0<\/span><\/p>\t\t\t\t\t\t\t\t<\/div>\n\t\t\t\t<\/div>\n\t\t\t\t\t<\/div>\n\t\t<\/div>\n\t\t\t\t\t<\/div>\n\t\t<\/section>\n\t\t\t\t<section class=\"elementor-section elementor-top-section elementor-element elementor-element-1692aac elementor-section-content-middle elementor-section-boxed elementor-section-height-default elementor-section-height-default\" data-id=\"1692aac\" data-element_type=\"section\" data-e-type=\"section\" data-settings=\"{&quot;shape_divider_top&quot;:&quot;mountains&quot;}\">\n\t\t\t\t\t<div class=\"elementor-shape elementor-shape-top\" aria-hidden=\"true\" data-negative=\"false\">\n\t\t\t<svg xmlns=\"http:\/\/www.w3.org\/2000\/svg\" viewbox=\"0 0 1000 100\" preserveaspectratio=\"none\">\n\t<path class=\"elementor-shape-fill\" opacity=\"0.33\" d=\"M473,67.3c-203.9,88.3-263.1-34-320.3,0C66,119.1,0,59.7,0,59.7V0h1000v59.7 c0,0-62.1,26.1-94.9,29.3c-32.8,3.3-62.8-12.3-75.8-22.1C806,49.6,745.3,8.7,694.9,4.7S492.4,59,473,67.3z\"\/>\n\t<path class=\"elementor-shape-fill\" opacity=\"0.66\" d=\"M734,67.3c-45.5,0-77.2-23.2-129.1-39.1c-28.6-8.7-150.3-10.1-254,39.1 s-91.7-34.4-149.2,0C115.7,118.3,0,39.8,0,39.8V0h1000v36.5c0,0-28.2-18.5-92.1-18.5C810.2,18.1,775.7,67.3,734,67.3z\"\/>\n\t<path class=\"elementor-shape-fill\" d=\"M766.1,28.9c-200-57.5-266,65.5-395.1,19.5C242,1.8,242,5.4,184.8,20.6C128,35.8,132.3,44.9,89.9,52.5C28.6,63.7,0,0,0,0 h1000c0,0-9.9,40.9-83.6,48.1S829.6,47,766.1,28.9z\"\/>\n<\/svg>\t\t<\/div>\n\t\t\t\t\t<div class=\"elementor-container elementor-column-gap-default\">\n\t\t\t\t\t<div class=\"elementor-column elementor-col-50 elementor-top-column elementor-element elementor-element-a289fbe\" data-id=\"a289fbe\" data-element_type=\"column\" data-e-type=\"column\">\n\t\t\t<div class=\"elementor-widget-wrap elementor-element-populated\">\n\t\t\t\t\t\t<div class=\"elementor-element elementor-element-ed9f0a2 elementor-widget elementor-widget-image\" data-id=\"ed9f0a2\" data-element_type=\"widget\" data-e-type=\"widget\" data-widget_type=\"image.default\">\n\t\t\t\t<div class=\"elementor-widget-container\">\n\t\t\t\t\t\t\t\t\t\t\t\t\t\t\t<img loading=\"lazy\" decoding=\"async\" width=\"300\" height=\"300\" src=\"https:\/\/talk.swiss\/wp-content\/uploads\/2025\/09\/ivana_1-300x300.png\" class=\"attachment-medium size-medium wp-image-8391\" alt=\"\" srcset=\"https:\/\/talk.swiss\/wp-content\/uploads\/2025\/09\/ivana_1-300x300.png 300w, https:\/\/talk.swiss\/wp-content\/uploads\/2025\/09\/ivana_1-1024x1024.png 1024w, https:\/\/talk.swiss\/wp-content\/uploads\/2025\/09\/ivana_1-150x150.png 150w, https:\/\/talk.swiss\/wp-content\/uploads\/2025\/09\/ivana_1-768x768.png 768w, https:\/\/talk.swiss\/wp-content\/uploads\/2025\/09\/ivana_1-12x12.png 12w, https:\/\/talk.swiss\/wp-content\/uploads\/2025\/09\/ivana_1.png 1114w\" sizes=\"(max-width: 300px) 100vw, 300px\" \/>\t\t\t\t\t\t\t\t\t\t\t\t\t\t\t<\/div>\n\t\t\t\t<\/div>\n\t\t\t\t\t<\/div>\n\t\t<\/div>\n\t\t\t\t<div class=\"elementor-column elementor-col-50 elementor-top-column elementor-element elementor-element-72b3f21\" data-id=\"72b3f21\" data-element_type=\"column\" data-e-type=\"column\">\n\t\t\t<div class=\"elementor-widget-wrap elementor-element-populated\">\n\t\t\t\t\t\t<div class=\"elementor-element elementor-element-4f3b7c0 elementor-widget elementor-widget-heading\" data-id=\"4f3b7c0\" data-element_type=\"widget\" data-e-type=\"widget\" data-widget_type=\"heading.default\">\n\t\t\t\t<div class=\"elementor-widget-container\">\n\t\t\t\t\t<h3 class=\"elementor-heading-title elementor-size-large\">\"Mi ha insegnato a coltivare l'umilt\u00e0. Ogni persona ha punti di forza insospettabili. Cresco con ogni gruppo. L'umilt\u00e0 nel coaching migliora il percorso dell'allievo ascoltando la sua voce, incoraggiando la collaborazione e il dialogo aperto\".<\/h3>\t\t\t\t<\/div>\n\t\t\t\t<\/div>\n\t\t\t\t<div class=\"elementor-element elementor-element-b9d1eb3 elementor-widget elementor-widget-heading\" data-id=\"b9d1eb3\" data-element_type=\"widget\" data-e-type=\"widget\" data-widget_type=\"heading.default\">\n\t\t\t\t<div class=\"elementor-widget-container\">\n\t\t\t\t\t<h3 class=\"elementor-heading-title elementor-size-medium\"><i>- Ivana Dugalic Montefusco<\/i><\/h3>\t\t\t\t<\/div>\n\t\t\t\t<\/div>\n\t\t\t\t\t<\/div>\n\t\t<\/div>\n\t\t\t\t\t<\/div>\n\t\t<\/section>\n\t\t\t\t<section class=\"elementor-section elementor-top-section elementor-element elementor-element-3e2e588 elementor-section-boxed elementor-section-height-default elementor-section-height-default\" data-id=\"3e2e588\" data-element_type=\"section\" data-e-type=\"section\">\n\t\t\t\t\t\t<div class=\"elementor-container elementor-column-gap-default\">\n\t\t\t\t\t<div class=\"elementor-column elementor-col-100 elementor-top-column elementor-element elementor-element-c27f754\" data-id=\"c27f754\" data-element_type=\"column\" data-e-type=\"column\">\n\t\t\t<div class=\"elementor-widget-wrap elementor-element-populated\">\n\t\t\t\t\t\t<div class=\"elementor-element elementor-element-6d15644 elementor-widget elementor-widget-spacer\" data-id=\"6d15644\" data-element_type=\"widget\" data-e-type=\"widget\" data-widget_type=\"spacer.default\">\n\t\t\t\t<div class=\"elementor-widget-container\">\n\t\t\t\t\t\t\t<div class=\"elementor-spacer\">\n\t\t\t<div class=\"elementor-spacer-inner\"><\/div>\n\t\t<\/div>\n\t\t\t\t\t\t<\/div>\n\t\t\t\t<\/div>\n\t\t\t\t<div class=\"elementor-element elementor-element-deb4670 elementor-widget elementor-widget-text-editor\" data-id=\"deb4670\" data-element_type=\"widget\" data-e-type=\"widget\" data-widget_type=\"text-editor.default\">\n\t\t\t\t<div class=\"elementor-widget-container\">\n\t\t\t\t\t\t\t\t\t<p><b><span data-contrast=\"auto\">In breve, TalkTo \u00e8 molto pi\u00f9 di un programma: \u00e8 uno spazio esigente e attento dove ognuno impara ad ascoltare, esprimersi e agire in modo coerente con ci\u00f2 che \u00e8 realmente.<\/span><\/b><span data-ccp-props=\"{&quot;335559738&quot;:240,&quot;335559739&quot;:240}\">\u00a0<\/span><\/p><p><span data-contrast=\"auto\">E se una frase dovesse riassumere questo spirito, sarebbe questa, condivisa durante le interviste:<\/span><\/p>\t\t\t\t\t\t\t\t<\/div>\n\t\t\t\t<\/div>\n\t\t\t\t<div class=\"elementor-element elementor-element-3e0f725 elementor-widget elementor-widget-text-editor\" data-id=\"3e0f725\" data-element_type=\"widget\" data-e-type=\"widget\" data-widget_type=\"text-editor.default\">\n\t\t\t\t<div class=\"elementor-widget-container\">\n\t\t\t\t\t\t\t\t\t<p><strong>\"La vera forza non sta nel parlare pi\u00f9 forte degli altri, ma nel trovare la propria voce e osare farla sentire\".<\/strong><\/p>\t\t\t\t\t\t\t\t<\/div>\n\t\t\t\t<\/div>\n\t\t\t\t<div class=\"elementor-element elementor-element-68bf3e0 elementor-widget elementor-widget-spacer\" data-id=\"68bf3e0\" data-element_type=\"widget\" data-e-type=\"widget\" data-widget_type=\"spacer.default\">\n\t\t\t\t<div class=\"elementor-widget-container\">\n\t\t\t\t\t\t\t<div class=\"elementor-spacer\">\n\t\t\t<div class=\"elementor-spacer-inner\"><\/div>\n\t\t<\/div>\n\t\t\t\t\t\t<\/div>\n\t\t\t\t<\/div>\n\t\t\t\t\t<\/div>\n\t\t<\/div>\n\t\t\t\t\t<\/div>\n\t\t<\/section>\n\t\t\t\t<section class=\"elementor-section elementor-top-section elementor-element elementor-element-53bcb2f elementor-section-boxed elementor-section-height-default elementor-section-height-default\" data-id=\"53bcb2f\" data-element_type=\"section\" data-e-type=\"section\">\n\t\t\t\t\t\t<div class=\"elementor-container elementor-column-gap-default\">\n\t\t\t\t\t<div class=\"elementor-column elementor-col-100 elementor-top-column elementor-element elementor-element-0385e00\" data-id=\"0385e00\" data-element_type=\"column\" data-e-type=\"column\" data-settings=\"{&quot;background_background&quot;:&quot;classic&quot;}\">\n\t\t\t<div class=\"elementor-widget-wrap elementor-element-populated\">\n\t\t\t\t\t<div class=\"elementor-background-overlay\"><\/div>\n\t\t\t\t\t\t<div class=\"elementor-element elementor-element-f00586f elementor-widget elementor-widget-heading\" data-id=\"f00586f\" data-element_type=\"widget\" data-e-type=\"widget\" data-widget_type=\"heading.default\">\n\t\t\t\t<div class=\"elementor-widget-container\">\n\t\t\t\t\t<h2 class=\"elementor-heading-title elementor-size-default\">Volete rimettervi in carreggiata, chiarire i vostri piani e agire?<\/h2>\t\t\t\t<\/div>\n\t\t\t\t<\/div>\n\t\t\t\t<div class=\"elementor-element elementor-element-9cc31b2 elementor-align-center elementor-widget__width-initial elementor-widget elementor-widget-button\" data-id=\"9cc31b2\" data-element_type=\"widget\" data-e-type=\"widget\" data-widget_type=\"button.default\">\n\t\t\t\t<div class=\"elementor-widget-container\">\n\t\t\t\t\t\t\t\t\t<div class=\"elementor-button-wrapper\">\n\t\t\t\t\t<a class=\"elementor-button elementor-button-link elementor-size-sm\" href=\"https:\/\/talk.swiss\/it\/solution\/\">\n\t\t\t\t\t\t<span class=\"elementor-button-content-wrapper\">\n\t\t\t\t\t\t\t\t\t<span class=\"elementor-button-text\">Il programma TalkTo \u00e8 pronto. E voi?<\/span>\n\t\t\t\t\t<\/span>\n\t\t\t\t\t<\/a>\n\t\t\t\t<\/div>\n\t\t\t\t\t\t\t\t<\/div>\n\t\t\t\t<\/div>\n\t\t\t\t\t<\/div>\n\t\t<\/div>\n\t\t\t\t\t<\/div>\n\t\t<\/section>\n\t\t\t\t<\/div>","protected":false},"excerpt":{"rendered":"<p>Le emozioni sono spesso percepite come inappropriate in un contesto professionale. L'intelligenza emotiva, tuttavia, pu\u00f2 portare molti vantaggi.<\/p>","protected":false},"author":19,"featured_media":7084,"comment_status":"closed","ping_status":"closed","sticky":false,"template":"","format":"standard","meta":{"footnotes":""},"categories":[38,1],"tags":[48,47,49],"class_list":["post-8386","post","type-post","status-publish","format-standard","has-post-thumbnail","hentry","category-actus","category-divers","tag-communication","tag-emotion","tag-prise-de-parole"],"yoast_head":"<!-- This site is optimized with the Yoast SEO plugin v28.3 - https:\/\/yoast.com\/product\/yoast-seo-wordpress\/ -->\n<title>TalkTo : \u00e9veiller sa communication et sa confiance gr\u00e2ce \u00e0 l\u2019\u00e9lan du collectif et de l\u2019humain - TALK.SWISS<\/title>\n<meta name=\"robots\" content=\"index, follow, max-snippet:-1, max-image-preview:large, max-video-preview:-1\" \/>\n<link rel=\"canonical\" href=\"https:\/\/talk.swiss\/it\/talkto-eveiller-sa-communication-et-sa-confiance-grace-a-lelan-du-collectif-et-de-lhumain\/\" \/>\n<meta property=\"og:locale\" content=\"it_IT\" \/>\n<meta property=\"og:type\" content=\"article\" \/>\n<meta property=\"og:title\" content=\"TalkTo : \u00e9veiller sa communication et sa confiance gr\u00e2ce \u00e0 l\u2019\u00e9lan du collectif et de l\u2019humain - TALK.SWISS\" \/>\n<meta property=\"og:description\" content=\"Les \u00e9motions sont souvent per\u00e7ues comme inappropri\u00e9e dans le contexte professionnel. Cependant l\u2019intelligence \u00e9motionnelle permet d\u2019en tirer de nombreux b\u00e9n\u00e9fices.\" \/>\n<meta property=\"og:url\" content=\"https:\/\/talk.swiss\/it\/talkto-eveiller-sa-communication-et-sa-confiance-grace-a-lelan-du-collectif-et-de-lhumain\/\" \/>\n<meta property=\"og:site_name\" content=\"TALK.SWISS\" \/>\n<meta property=\"article:published_time\" content=\"2025-09-02T14:47:13+00:00\" \/>\n<meta property=\"article:modified_time\" content=\"2025-10-28T07:41:25+00:00\" \/>\n<meta property=\"og:image\" content=\"https:\/\/talk.swiss\/wp-content\/uploads\/2024\/04\/Visuel_blog_LS.jpg\" \/>\n\t<meta property=\"og:image:width\" content=\"1200\" \/>\n\t<meta property=\"og:image:height\" content=\"627\" \/>\n\t<meta property=\"og:image:type\" content=\"image\/jpeg\" \/>\n<meta name=\"author\" content=\"Margaux Fazio\" \/>\n<meta name=\"twitter:card\" content=\"summary_large_image\" \/>\n<meta name=\"twitter:label1\" content=\"Scritto da\" \/>\n\t<meta name=\"twitter:data1\" content=\"Margaux Fazio\" \/>\n\t<meta name=\"twitter:label2\" content=\"Tempo di lettura stimato\" \/>\n\t<meta name=\"twitter:data2\" content=\"11 minuti\" \/>\n<script type=\"application\/ld+json\" class=\"yoast-schema-graph\">{\"@context\":\"https:\\\/\\\/schema.org\",\"@graph\":[{\"@type\":\"Article\",\"@id\":\"https:\\\/\\\/talk.swiss\\\/talkto-eveiller-sa-communication-et-sa-confiance-grace-a-lelan-du-collectif-et-de-lhumain\\\/#article\",\"isPartOf\":{\"@id\":\"https:\\\/\\\/talk.swiss\\\/talkto-eveiller-sa-communication-et-sa-confiance-grace-a-lelan-du-collectif-et-de-lhumain\\\/\"},\"author\":{\"name\":\"Margaux Fazio\",\"@id\":\"https:\\\/\\\/talk.swiss\\\/#\\\/schema\\\/person\\\/e561e8c726fba568eaa4ee2712b1f043\"},\"headline\":\"TalkTo : \u00e9veiller sa communication et sa confiance gr\u00e2ce \u00e0 l\u2019\u00e9lan du collectif et de l\u2019humain\",\"datePublished\":\"2025-09-02T14:47:13+00:00\",\"dateModified\":\"2025-10-28T07:41:25+00:00\",\"mainEntityOfPage\":{\"@id\":\"https:\\\/\\\/talk.swiss\\\/talkto-eveiller-sa-communication-et-sa-confiance-grace-a-lelan-du-collectif-et-de-lhumain\\\/\"},\"wordCount\":2023,\"publisher\":{\"@id\":\"https:\\\/\\\/talk.swiss\\\/#organization\"},\"image\":{\"@id\":\"https:\\\/\\\/talk.swiss\\\/talkto-eveiller-sa-communication-et-sa-confiance-grace-a-lelan-du-collectif-et-de-lhumain\\\/#primaryimage\"},\"thumbnailUrl\":\"https:\\\/\\\/talk.swiss\\\/wp-content\\\/uploads\\\/2024\\\/04\\\/Visuel_blog_LS.jpg\",\"keywords\":[\"Communication\",\"Emotion\",\"Prise de parole\"],\"articleSection\":[\"Blog\",\"Divers\"],\"inLanguage\":\"it-IT\"},{\"@type\":\"WebPage\",\"@id\":\"https:\\\/\\\/talk.swiss\\\/talkto-eveiller-sa-communication-et-sa-confiance-grace-a-lelan-du-collectif-et-de-lhumain\\\/\",\"url\":\"https:\\\/\\\/talk.swiss\\\/talkto-eveiller-sa-communication-et-sa-confiance-grace-a-lelan-du-collectif-et-de-lhumain\\\/\",\"name\":\"TalkTo : \u00e9veiller sa communication et sa confiance gr\u00e2ce \u00e0 l\u2019\u00e9lan du collectif et de l\u2019humain - TALK.SWISS\",\"isPartOf\":{\"@id\":\"https:\\\/\\\/talk.swiss\\\/#website\"},\"primaryImageOfPage\":{\"@id\":\"https:\\\/\\\/talk.swiss\\\/talkto-eveiller-sa-communication-et-sa-confiance-grace-a-lelan-du-collectif-et-de-lhumain\\\/#primaryimage\"},\"image\":{\"@id\":\"https:\\\/\\\/talk.swiss\\\/talkto-eveiller-sa-communication-et-sa-confiance-grace-a-lelan-du-collectif-et-de-lhumain\\\/#primaryimage\"},\"thumbnailUrl\":\"https:\\\/\\\/talk.swiss\\\/wp-content\\\/uploads\\\/2024\\\/04\\\/Visuel_blog_LS.jpg\",\"datePublished\":\"2025-09-02T14:47:13+00:00\",\"dateModified\":\"2025-10-28T07:41:25+00:00\",\"breadcrumb\":{\"@id\":\"https:\\\/\\\/talk.swiss\\\/talkto-eveiller-sa-communication-et-sa-confiance-grace-a-lelan-du-collectif-et-de-lhumain\\\/#breadcrumb\"},\"inLanguage\":\"it-IT\",\"potentialAction\":[{\"@type\":\"ReadAction\",\"target\":[\"https:\\\/\\\/talk.swiss\\\/talkto-eveiller-sa-communication-et-sa-confiance-grace-a-lelan-du-collectif-et-de-lhumain\\\/\"]}]},{\"@type\":\"ImageObject\",\"inLanguage\":\"it-IT\",\"@id\":\"https:\\\/\\\/talk.swiss\\\/talkto-eveiller-sa-communication-et-sa-confiance-grace-a-lelan-du-collectif-et-de-lhumain\\\/#primaryimage\",\"url\":\"https:\\\/\\\/talk.swiss\\\/wp-content\\\/uploads\\\/2024\\\/04\\\/Visuel_blog_LS.jpg\",\"contentUrl\":\"https:\\\/\\\/talk.swiss\\\/wp-content\\\/uploads\\\/2024\\\/04\\\/Visuel_blog_LS.jpg\",\"width\":1200,\"height\":627},{\"@type\":\"BreadcrumbList\",\"@id\":\"https:\\\/\\\/talk.swiss\\\/talkto-eveiller-sa-communication-et-sa-confiance-grace-a-lelan-du-collectif-et-de-lhumain\\\/#breadcrumb\",\"itemListElement\":[{\"@type\":\"ListItem\",\"position\":1,\"name\":\"Accueil\",\"item\":\"https:\\\/\\\/talk.swiss\\\/\"},{\"@type\":\"ListItem\",\"position\":2,\"name\":\"TalkTo : \u00e9veiller sa communication et sa confiance gr\u00e2ce \u00e0 l\u2019\u00e9lan du collectif et de l\u2019humain\"}]},{\"@type\":\"WebSite\",\"@id\":\"https:\\\/\\\/talk.swiss\\\/#website\",\"url\":\"https:\\\/\\\/talk.swiss\\\/\",\"name\":\"TALK.SWISS\",\"description\":\"Talk, la parole au centre\",\"publisher\":{\"@id\":\"https:\\\/\\\/talk.swiss\\\/#organization\"},\"potentialAction\":[{\"@type\":\"SearchAction\",\"target\":{\"@type\":\"EntryPoint\",\"urlTemplate\":\"https:\\\/\\\/talk.swiss\\\/?s={search_term_string}\"},\"query-input\":{\"@type\":\"PropertyValueSpecification\",\"valueRequired\":true,\"valueName\":\"search_term_string\"}}],\"inLanguage\":\"it-IT\"},{\"@type\":\"Organization\",\"@id\":\"https:\\\/\\\/talk.swiss\\\/#organization\",\"name\":\"TALK.SWISS\",\"url\":\"https:\\\/\\\/talk.swiss\\\/\",\"logo\":{\"@type\":\"ImageObject\",\"inLanguage\":\"it-IT\",\"@id\":\"https:\\\/\\\/talk.swiss\\\/#\\\/schema\\\/logo\\\/image\\\/\",\"url\":\"https:\\\/\\\/talk.swiss\\\/wp-content\\\/uploads\\\/2022\\\/08\\\/cropped-Talk_logo.png\",\"contentUrl\":\"https:\\\/\\\/talk.swiss\\\/wp-content\\\/uploads\\\/2022\\\/08\\\/cropped-Talk_logo.png\",\"width\":400,\"height\":400,\"caption\":\"TALK.SWISS\"},\"image\":{\"@id\":\"https:\\\/\\\/talk.swiss\\\/#\\\/schema\\\/logo\\\/image\\\/\"}},{\"@type\":\"Person\",\"@id\":\"https:\\\/\\\/talk.swiss\\\/#\\\/schema\\\/person\\\/e561e8c726fba568eaa4ee2712b1f043\",\"name\":\"Margaux Fazio\",\"image\":{\"@type\":\"ImageObject\",\"inLanguage\":\"it-IT\",\"@id\":\"https:\\\/\\\/secure.gravatar.com\\\/avatar\\\/c48efacdbd92c7c5165220228cede76810391f66ffa18c221c28729c5ce1bab9?s=96&d=mm&r=g\",\"url\":\"https:\\\/\\\/secure.gravatar.com\\\/avatar\\\/c48efacdbd92c7c5165220228cede76810391f66ffa18c221c28729c5ce1bab9?s=96&d=mm&r=g\",\"contentUrl\":\"https:\\\/\\\/secure.gravatar.com\\\/avatar\\\/c48efacdbd92c7c5165220228cede76810391f66ffa18c221c28729c5ce1bab9?s=96&d=mm&r=g\",\"caption\":\"Margaux Fazio\"},\"url\":\"https:\\\/\\\/talk.swiss\\\/it\\\/author\\\/margaux-faziotalk-swiss\\\/\"}]}<\/script>\n<!-- \/ Yoast SEO plugin. -->","yoast_head_json":{"title":"TalkTo : \u00e9veiller sa communication et sa confiance gr\u00e2ce \u00e0 l\u2019\u00e9lan du collectif et de l\u2019humain - TALK.SWISS","robots":{"index":"index","follow":"follow","max-snippet":"max-snippet:-1","max-image-preview":"max-image-preview:large","max-video-preview":"max-video-preview:-1"},"canonical":"https:\/\/talk.swiss\/it\/talkto-eveiller-sa-communication-et-sa-confiance-grace-a-lelan-du-collectif-et-de-lhumain\/","og_locale":"it_IT","og_type":"article","og_title":"TalkTo : \u00e9veiller sa communication et sa confiance gr\u00e2ce \u00e0 l\u2019\u00e9lan du collectif et de l\u2019humain - TALK.SWISS","og_description":"Les \u00e9motions sont souvent per\u00e7ues comme inappropri\u00e9e dans le contexte professionnel. Cependant l\u2019intelligence \u00e9motionnelle permet d\u2019en tirer de nombreux b\u00e9n\u00e9fices.","og_url":"https:\/\/talk.swiss\/it\/talkto-eveiller-sa-communication-et-sa-confiance-grace-a-lelan-du-collectif-et-de-lhumain\/","og_site_name":"TALK.SWISS","article_published_time":"2025-09-02T14:47:13+00:00","article_modified_time":"2025-10-28T07:41:25+00:00","og_image":[{"width":1200,"height":627,"url":"https:\/\/talk.swiss\/wp-content\/uploads\/2024\/04\/Visuel_blog_LS.jpg","type":"image\/jpeg"}],"author":"Margaux Fazio","twitter_card":"summary_large_image","twitter_misc":{"Scritto da":"Margaux Fazio","Tempo di lettura stimato":"11 minuti"},"schema":{"@context":"https:\/\/schema.org","@graph":[{"@type":"Article","@id":"https:\/\/talk.swiss\/talkto-eveiller-sa-communication-et-sa-confiance-grace-a-lelan-du-collectif-et-de-lhumain\/#article","isPartOf":{"@id":"https:\/\/talk.swiss\/talkto-eveiller-sa-communication-et-sa-confiance-grace-a-lelan-du-collectif-et-de-lhumain\/"},"author":{"name":"Margaux Fazio","@id":"https:\/\/talk.swiss\/#\/schema\/person\/e561e8c726fba568eaa4ee2712b1f043"},"headline":"TalkTo : \u00e9veiller sa communication et sa confiance gr\u00e2ce \u00e0 l\u2019\u00e9lan du collectif et de l\u2019humain","datePublished":"2025-09-02T14:47:13+00:00","dateModified":"2025-10-28T07:41:25+00:00","mainEntityOfPage":{"@id":"https:\/\/talk.swiss\/talkto-eveiller-sa-communication-et-sa-confiance-grace-a-lelan-du-collectif-et-de-lhumain\/"},"wordCount":2023,"publisher":{"@id":"https:\/\/talk.swiss\/#organization"},"image":{"@id":"https:\/\/talk.swiss\/talkto-eveiller-sa-communication-et-sa-confiance-grace-a-lelan-du-collectif-et-de-lhumain\/#primaryimage"},"thumbnailUrl":"https:\/\/talk.swiss\/wp-content\/uploads\/2024\/04\/Visuel_blog_LS.jpg","keywords":["Communication","Emotion","Prise de parole"],"articleSection":["Blog","Divers"],"inLanguage":"it-IT"},{"@type":"WebPage","@id":"https:\/\/talk.swiss\/talkto-eveiller-sa-communication-et-sa-confiance-grace-a-lelan-du-collectif-et-de-lhumain\/","url":"https:\/\/talk.swiss\/talkto-eveiller-sa-communication-et-sa-confiance-grace-a-lelan-du-collectif-et-de-lhumain\/","name":"TalkTo : \u00e9veiller sa communication et sa confiance gr\u00e2ce \u00e0 l\u2019\u00e9lan du collectif et de l\u2019humain - TALK.SWISS","isPartOf":{"@id":"https:\/\/talk.swiss\/#website"},"primaryImageOfPage":{"@id":"https:\/\/talk.swiss\/talkto-eveiller-sa-communication-et-sa-confiance-grace-a-lelan-du-collectif-et-de-lhumain\/#primaryimage"},"image":{"@id":"https:\/\/talk.swiss\/talkto-eveiller-sa-communication-et-sa-confiance-grace-a-lelan-du-collectif-et-de-lhumain\/#primaryimage"},"thumbnailUrl":"https:\/\/talk.swiss\/wp-content\/uploads\/2024\/04\/Visuel_blog_LS.jpg","datePublished":"2025-09-02T14:47:13+00:00","dateModified":"2025-10-28T07:41:25+00:00","breadcrumb":{"@id":"https:\/\/talk.swiss\/talkto-eveiller-sa-communication-et-sa-confiance-grace-a-lelan-du-collectif-et-de-lhumain\/#breadcrumb"},"inLanguage":"it-IT","potentialAction":[{"@type":"ReadAction","target":["https:\/\/talk.swiss\/talkto-eveiller-sa-communication-et-sa-confiance-grace-a-lelan-du-collectif-et-de-lhumain\/"]}]},{"@type":"ImageObject","inLanguage":"it-IT","@id":"https:\/\/talk.swiss\/talkto-eveiller-sa-communication-et-sa-confiance-grace-a-lelan-du-collectif-et-de-lhumain\/#primaryimage","url":"https:\/\/talk.swiss\/wp-content\/uploads\/2024\/04\/Visuel_blog_LS.jpg","contentUrl":"https:\/\/talk.swiss\/wp-content\/uploads\/2024\/04\/Visuel_blog_LS.jpg","width":1200,"height":627},{"@type":"BreadcrumbList","@id":"https:\/\/talk.swiss\/talkto-eveiller-sa-communication-et-sa-confiance-grace-a-lelan-du-collectif-et-de-lhumain\/#breadcrumb","itemListElement":[{"@type":"ListItem","position":1,"name":"Accueil","item":"https:\/\/talk.swiss\/"},{"@type":"ListItem","position":2,"name":"TalkTo : \u00e9veiller sa communication et sa confiance gr\u00e2ce \u00e0 l\u2019\u00e9lan du collectif et de l\u2019humain"}]},{"@type":"WebSite","@id":"https:\/\/talk.swiss\/#website","url":"https:\/\/talk.swiss\/","name":"TALK.SWISS","description":"Parlare, la parola al centro","publisher":{"@id":"https:\/\/talk.swiss\/#organization"},"potentialAction":[{"@type":"SearchAction","target":{"@type":"EntryPoint","urlTemplate":"https:\/\/talk.swiss\/?s={search_term_string}"},"query-input":{"@type":"PropertyValueSpecification","valueRequired":true,"valueName":"search_term_string"}}],"inLanguage":"it-IT"},{"@type":"Organization","@id":"https:\/\/talk.swiss\/#organization","name":"TALK.SWISS","url":"https:\/\/talk.swiss\/","logo":{"@type":"ImageObject","inLanguage":"it-IT","@id":"https:\/\/talk.swiss\/#\/schema\/logo\/image\/","url":"https:\/\/talk.swiss\/wp-content\/uploads\/2022\/08\/cropped-Talk_logo.png","contentUrl":"https:\/\/talk.swiss\/wp-content\/uploads\/2022\/08\/cropped-Talk_logo.png","width":400,"height":400,"caption":"TALK.SWISS"},"image":{"@id":"https:\/\/talk.swiss\/#\/schema\/logo\/image\/"}},{"@type":"Person","@id":"https:\/\/talk.swiss\/#\/schema\/person\/e561e8c726fba568eaa4ee2712b1f043","name":"Margaux Fazio","image":{"@type":"ImageObject","inLanguage":"it-IT","@id":"https:\/\/secure.gravatar.com\/avatar\/c48efacdbd92c7c5165220228cede76810391f66ffa18c221c28729c5ce1bab9?s=96&d=mm&r=g","url":"https:\/\/secure.gravatar.com\/avatar\/c48efacdbd92c7c5165220228cede76810391f66ffa18c221c28729c5ce1bab9?s=96&d=mm&r=g","contentUrl":"https:\/\/secure.gravatar.com\/avatar\/c48efacdbd92c7c5165220228cede76810391f66ffa18c221c28729c5ce1bab9?s=96&d=mm&r=g","caption":"Margaux Fazio"},"url":"https:\/\/talk.swiss\/it\/author\/margaux-faziotalk-swiss\/"}]}},"_links":{"self":[{"href":"https:\/\/talk.swiss\/it\/wp-json\/wp\/v2\/posts\/8386","targetHints":{"allow":["GET"]}}],"collection":[{"href":"https:\/\/talk.swiss\/it\/wp-json\/wp\/v2\/posts"}],"about":[{"href":"https:\/\/talk.swiss\/it\/wp-json\/wp\/v2\/types\/post"}],"author":[{"embeddable":true,"href":"https:\/\/talk.swiss\/it\/wp-json\/wp\/v2\/users\/19"}],"replies":[{"embeddable":true,"href":"https:\/\/talk.swiss\/it\/wp-json\/wp\/v2\/comments?post=8386"}],"version-history":[{"count":7,"href":"https:\/\/talk.swiss\/it\/wp-json\/wp\/v2\/posts\/8386\/revisions"}],"predecessor-version":[{"id":8435,"href":"https:\/\/talk.swiss\/it\/wp-json\/wp\/v2\/posts\/8386\/revisions\/8435"}],"wp:featuredmedia":[{"embeddable":true,"href":"https:\/\/talk.swiss\/it\/wp-json\/wp\/v2\/media\/7084"}],"wp:attachment":[{"href":"https:\/\/talk.swiss\/it\/wp-json\/wp\/v2\/media?parent=8386"}],"wp:term":[{"taxonomy":"category","embeddable":true,"href":"https:\/\/talk.swiss\/it\/wp-json\/wp\/v2\/categories?post=8386"},{"taxonomy":"post_tag","embeddable":true,"href":"https:\/\/talk.swiss\/it\/wp-json\/wp\/v2\/tags?post=8386"}],"curies":[{"name":"wp","href":"https:\/\/api.w.org\/{rel}","templated":true}]}}