{"id":7238,"date":"2024-04-30T13:31:02","date_gmt":"2024-04-30T11:31:02","guid":{"rendered":"https:\/\/talk.swiss\/?p=7238"},"modified":"2024-05-13T19:10:41","modified_gmt":"2024-05-13T17:10:41","slug":"lorganisation-face-a-ses-emotions-un-voyage-initiatique","status":"publish","type":"post","link":"https:\/\/talk.swiss\/it\/lorganisation-face-a-ses-emotions-un-voyage-initiatique\/","title":{"rendered":"L'organizzazione e le sue emozioni: un viaggio di iniziazione"},"content":{"rendered":"<div data-elementor-type=\"wp-post\" data-elementor-id=\"7238\" class=\"elementor elementor-7238\" data-elementor-post-type=\"post\">\n\t\t\t\t\t\t<section class=\"elementor-section elementor-top-section elementor-element elementor-element-5921726 elementor-section-boxed elementor-section-height-default elementor-section-height-default\" data-id=\"5921726\" data-element_type=\"section\" data-e-type=\"section\">\n\t\t\t\t\t\t<div class=\"elementor-container elementor-column-gap-default\">\n\t\t\t\t\t<div class=\"elementor-column elementor-col-100 elementor-top-column elementor-element elementor-element-62fc3165\" data-id=\"62fc3165\" data-element_type=\"column\" data-e-type=\"column\">\n\t\t\t<div class=\"elementor-widget-wrap elementor-element-populated\">\n\t\t\t\t\t\t<div class=\"elementor-element elementor-element-99098ce elementor-widget elementor-widget-text-editor\" data-id=\"99098ce\" data-element_type=\"widget\" data-e-type=\"widget\" data-widget_type=\"text-editor.default\">\n\t\t\t\t<div class=\"elementor-widget-container\">\n\t\t\t\t\t\t\t\t\t<p>Di Laurent Sch\u00fctz<\/p>\t\t\t\t\t\t\t\t<\/div>\n\t\t\t\t<\/div>\n\t\t\t\t<div class=\"elementor-element elementor-element-5c488380 elementor-widget elementor-widget-text-editor\" data-id=\"5c488380\" data-element_type=\"widget\" data-e-type=\"widget\" data-widget_type=\"text-editor.default\">\n\t\t\t\t<div class=\"elementor-widget-container\">\n\t\t\t\t\t\t\t\t\t<p><span class=\"TextRun MacChromeBold SCXW25202821 BCX0\" lang=\"FR-FR\" xml:lang=\"FR-FR\" data-contrast=\"auto\"><span class=\"NormalTextRun SCXW25202821 BCX0\" data-ccp-parastyle=\"Title\">Nella prima parte del nostro articolo abbiamo delineato i principi fondamentali dell'intelligenza emotiva e sognato di poterli applicare alle nostre organizzazioni. Ma come possiamo mettere in pratica questa intuizione?<\/span><\/span><span class=\"TextRun MacChromeBold SCXW25202821 BCX0\" lang=\"FR-FR\" xml:lang=\"FR-FR\" data-contrast=\"auto\"><span class=\"NormalTextRun SCXW25202821 BCX0\" data-ccp-parastyle=\"Title\">\u202f<\/span><\/span><span class=\"TextRun MacChromeBold SCXW25202821 BCX0\" lang=\"FR-FR\" xml:lang=\"FR-FR\" data-contrast=\"auto\"><span class=\"NormalTextRun SCXW25202821 BCX0\" data-ccp-parastyle=\"Title\">?<\/span> <span class=\"NormalTextRun SCXW25202821 BCX0\" data-ccp-parastyle=\"Title\">\u00c8 una bella sfida! <\/span><span class=\"NormalTextRun SCXW25202821 BCX0\" data-ccp-parastyle=\"Title\">Tuttavia, q<\/span><span class=\"NormalTextRun SCXW25202821 BCX0\" data-ccp-parastyle=\"Title\">ome <\/span><span class=\"NormalTextRun SCXW25202821 BCX0\" data-ccp-parastyle=\"Title\">azioni<\/span><span class=\"NormalTextRun SCXW25202821 BCX0\" data-ccp-parastyle=\"Title\"> semplice e accessibile <\/span><span class=\"NormalTextRun SCXW25202821 BCX0\" data-ccp-parastyle=\"Title\">permette<\/span><span class=\"NormalTextRun SCXW25202821 BCX0\" data-ccp-parastyle=\"Title\">tenda <\/span><span class=\"NormalTextRun SCXW25202821 BCX0\" data-ccp-parastyle=\"Title\">gi\u00e0<\/span><span class=\"NormalTextRun SCXW25202821 BCX0\" data-ccp-parastyle=\"Title\">avviare un progetto concreto e promettente. <\/span><span class=\"NormalTextRun SCXW25202821 BCX0\" data-ccp-parastyle=\"Title\">E\u00a0<\/span> <span class=\"NormalTextRun SCXW25202821 BCX0\" data-ccp-parastyle=\"Title\">i nostri luoghi lontani <\/span><span class=\"NormalTextRun SCXW25202821 BCX0\" data-ccp-parastyle=\"Title\">antenati<\/span><span class=\"NormalTextRun SCXW25202821 BCX0\" data-ccp-parastyle=\"Title\">narratori senza pari<\/span><span class=\"NormalTextRun SCXW25202821 BCX0\" data-ccp-parastyle=\"Title\">,<\/span><span class=\"NormalTextRun SCXW25202821 BCX0\" data-ccp-parastyle=\"Title\"> che ci hanno trasmesso<\/span> <span class=\"NormalTextRun SCXW25202821 BCX0\" data-ccp-parastyle=\"Title\">l<\/span><span class=\"NormalTextRun SCXW25202821 BCX0\" data-ccp-parastyle=\"Title\">racconti e <\/span><span class=\"NormalTextRun SCXW25202821 BCX0\" data-ccp-parastyle=\"Title\">l<\/span><span class=\"NormalTextRun SCXW25202821 BCX0\" data-ccp-parastyle=\"Title\">miti <\/span><span class=\"NormalTextRun SCXW25202821 BCX0\" data-ccp-parastyle=\"Title\">che <\/span><span class=\"NormalTextRun SCXW25202821 BCX0\" data-ccp-parastyle=\"Title\">popolano ancora la nostra immaginazione<\/span><span class=\"NormalTextRun SCXW25202821 BCX0\" data-ccp-parastyle=\"Title\"> collettivo<\/span><span class=\"NormalTextRun SCXW25202821 BCX0\" data-ccp-parastyle=\"Title\"> sussurrano una pista promettente.<\/span><\/span><span class=\"EOP SCXW25202821 BCX0\" data-ccp-props=\"{&quot;201341983&quot;:0,&quot;335559739&quot;:80,&quot;335559740&quot;:240}\">\u00a0<\/span><\/p>\t\t\t\t\t\t\t\t<\/div>\n\t\t\t\t<\/div>\n\t\t\t\t\t<\/div>\n\t\t<\/div>\n\t\t\t\t\t<\/div>\n\t\t<\/section>\n\t\t\t\t<section class=\"elementor-section elementor-top-section elementor-element elementor-element-fa759a3 elementor-section-boxed elementor-section-height-default elementor-section-height-default\" data-id=\"fa759a3\" data-element_type=\"section\" data-e-type=\"section\">\n\t\t\t\t\t\t<div class=\"elementor-container elementor-column-gap-default\">\n\t\t\t\t\t<div class=\"elementor-column elementor-col-100 elementor-top-column elementor-element elementor-element-9747d2f\" data-id=\"9747d2f\" data-element_type=\"column\" data-e-type=\"column\">\n\t\t\t<div class=\"elementor-widget-wrap elementor-element-populated\">\n\t\t\t\t\t\t<div class=\"elementor-element elementor-element-2332cca elementor-widget elementor-widget-heading\" data-id=\"2332cca\" data-element_type=\"widget\" data-e-type=\"widget\" data-widget_type=\"heading.default\">\n\t\t\t\t<div class=\"elementor-widget-container\">\n\t\t\t\t\t<h2 class=\"elementor-heading-title elementor-size-xl\">Lo stato emotivo della vostra organizzazione<\/h2>\t\t\t\t<\/div>\n\t\t\t\t<\/div>\n\t\t\t\t<div class=\"elementor-element elementor-element-cf4db14 elementor-widget elementor-widget-text-editor\" data-id=\"cf4db14\" data-element_type=\"widget\" data-e-type=\"widget\" data-widget_type=\"text-editor.default\">\n\t\t\t\t<div class=\"elementor-widget-container\">\n\t\t\t\t\t\t\t\t\t<p><span data-contrast=\"auto\">Porre la questione dell'intelligenza emotiva di un'organizzazione non significa solo valutare la sua capacit\u00e0 di mettere al primo posto le emozioni delle persone che la compongono. Significa soprattutto chiedersi:\u00a0<\/span><span data-ccp-props=\"{&quot;201341983&quot;:0,&quot;335551550&quot;:6,&quot;335551620&quot;:6,&quot;335559739&quot;:160,&quot;335559740&quot;:259}\">\u00a0<\/span><\/p><p>\u00a0<\/p>\t\t\t\t\t\t\t\t<\/div>\n\t\t\t\t<\/div>\n\t\t\t\t<div class=\"elementor-element elementor-element-f73b66a animated-slow elementor-list-item-link-inline elementor-icon-list--layout-traditional elementor-widget elementor-widget-icon-list\" data-id=\"f73b66a\" data-element_type=\"widget\" data-e-type=\"widget\" data-settings=\"{&quot;_animation&quot;:&quot;none&quot;}\" data-widget_type=\"icon-list.default\">\n\t\t\t\t<div class=\"elementor-widget-container\">\n\t\t\t\t\t\t\t<ul class=\"elementor-icon-list-items\">\n\t\t\t\t\t\t\t<li class=\"elementor-icon-list-item\">\n\t\t\t\t\t\t\t\t\t\t\t<span class=\"elementor-icon-list-icon\">\n\t\t\t\t\t\t\t<i aria-hidden=\"true\" class=\"fas fa-chevron-right\"><\/i>\t\t\t\t\t\t<\/span>\n\t\t\t\t\t\t\t\t\t\t<span class=\"elementor-icon-list-text\">Qual \u00e8 lo stato emotivo dell'organizzazione stessa?\u00a0<\/span>\n\t\t\t\t\t\t\t\t\t<\/li>\n\t\t\t\t\t\t\t\t<li class=\"elementor-icon-list-item\">\n\t\t\t\t\t\t\t\t\t\t\t<span class=\"elementor-icon-list-icon\">\n\t\t\t\t\t\t\t<i aria-hidden=\"true\" class=\"fas fa-chevron-right\"><\/i>\t\t\t\t\t\t<\/span>\n\t\t\t\t\t\t\t\t\t\t<span class=\"elementor-icon-list-text\">E qual \u00e8 la sua capacit\u00e0 di gestire e utilizzare questa dimensione in modo costruttivo?\u00a0<\/span>\n\t\t\t\t\t\t\t\t\t<\/li>\n\t\t\t\t\t\t<\/ul>\n\t\t\t\t\t\t<\/div>\n\t\t\t\t<\/div>\n\t\t\t\t<div class=\"elementor-element elementor-element-4e796c8 elementor-widget elementor-widget-text-editor\" data-id=\"4e796c8\" data-element_type=\"widget\" data-e-type=\"widget\" data-widget_type=\"text-editor.default\">\n\t\t\t\t<div class=\"elementor-widget-container\">\n\t\t\t\t\t\t\t\t\t<p><span data-contrast=\"auto\">Sappiamo per esperienza che le emozioni sono contagiose! E nelle nostre aziende, questo contagio prende il pi\u00f9 delle volte una strada informale e circolare. \u00c8 molto pi\u00f9 probabile trovarlo nei corridoi e nelle caffetterie che nei circoli ufficiali. Cos\u00ec, proprio come le nostre emozioni si impongono su di noi senza che ce ne rendiamo conto, lo stato emotivo dell'organizzazione si costruisce al di l\u00e0 della sua consapevolezza e ben oltre il suo controllo.<\/span><\/p>\t\t\t\t\t\t\t\t<\/div>\n\t\t\t\t<\/div>\n\t\t\t\t\t<\/div>\n\t\t<\/div>\n\t\t\t\t\t<\/div>\n\t\t<\/section>\n\t\t\t\t<section class=\"elementor-section elementor-top-section elementor-element elementor-element-9df7beb elementor-section-boxed elementor-section-height-default elementor-section-height-default\" data-id=\"9df7beb\" data-element_type=\"section\" data-e-type=\"section\">\n\t\t\t\t\t\t<div class=\"elementor-container elementor-column-gap-default\">\n\t\t\t\t\t<div class=\"elementor-column elementor-col-100 elementor-top-column elementor-element elementor-element-54a3ee4\" data-id=\"54a3ee4\" data-element_type=\"column\" data-e-type=\"column\">\n\t\t\t<div class=\"elementor-widget-wrap elementor-element-populated\">\n\t\t\t\t\t\t<div class=\"elementor-element elementor-element-6655fff elementor-widget elementor-widget-heading\" data-id=\"6655fff\" data-element_type=\"widget\" data-e-type=\"widget\" data-widget_type=\"heading.default\">\n\t\t\t\t<div class=\"elementor-widget-container\">\n\t\t\t\t\t<h2 class=\"elementor-heading-title elementor-size-xl\">Sviluppare una consapevolezza emotiva collettiva<\/h2>\t\t\t\t<\/div>\n\t\t\t\t<\/div>\n\t\t\t\t<div class=\"elementor-element elementor-element-790ae45 elementor-widget elementor-widget-text-editor\" data-id=\"790ae45\" data-element_type=\"widget\" data-e-type=\"widget\" data-widget_type=\"text-editor.default\">\n\t\t\t\t<div class=\"elementor-widget-container\">\n\t\t\t\t\t\t\t\t\t<p><span data-contrast=\"auto\">Rendere questi flussi pi\u00f9 trasparenti, diventare pi\u00f9 attenti e integrare le emozioni come informazioni essenziali sarebbe quindi un primo passo utile. Se le emozioni fossero rese visibili, sarebbero meglio accolte e quindi pi\u00f9 facilmente integrate nel nostro modo di pensare la vita quotidiana.\u00a0<\/span><span data-ccp-props=\"{&quot;201341983&quot;:0,&quot;335551550&quot;:6,&quot;335551620&quot;:6,&quot;335559739&quot;:160,&quot;335559740&quot;:259}\">\u00a0<\/span><\/p>\t\t\t\t\t\t\t\t<\/div>\n\t\t\t\t<\/div>\n\t\t\t\t\t<\/div>\n\t\t<\/div>\n\t\t\t\t\t<\/div>\n\t\t<\/section>\n\t\t\t\t<section class=\"elementor-section elementor-top-section elementor-element elementor-element-7ac0d08 elementor-section-boxed elementor-section-height-default elementor-section-height-default\" data-id=\"7ac0d08\" data-element_type=\"section\" data-e-type=\"section\">\n\t\t\t\t\t\t<div class=\"elementor-container elementor-column-gap-default\">\n\t\t\t\t\t<div class=\"elementor-column elementor-col-50 elementor-top-column elementor-element elementor-element-1090b38\" data-id=\"1090b38\" data-element_type=\"column\" data-e-type=\"column\">\n\t\t\t<div class=\"elementor-widget-wrap elementor-element-populated\">\n\t\t\t\t\t\t<div class=\"elementor-element elementor-element-b53a26c elementor-widget__width-initial elementor-widget elementor-widget-text-editor\" data-id=\"b53a26c\" data-element_type=\"widget\" data-e-type=\"widget\" data-widget_type=\"text-editor.default\">\n\t\t\t\t<div class=\"elementor-widget-container\">\n\t\t\t\t\t\t\t\t\t<p><span data-contrast=\"auto\">Rafforzare la consapevolezza emotiva dell'organizzazione significa quindi gi\u00e0 dare a questa dimensione il posto che le spetta, essere un buon ascoltatore, verbalizzare apertamente i sentimenti e sviluppare un modo di parlarne che sia direttamente collegato alle azioni e agli obiettivi dell'organizzazione. <\/span><span data-contrast=\"auto\">decisioni<\/span><span data-contrast=\"auto\"> prendiamo.\u00a0<\/span><span data-ccp-props=\"{&quot;201341983&quot;:0,&quot;335551550&quot;:6,&quot;335551620&quot;:6,&quot;335559739&quot;:160,&quot;335559740&quot;:259}\">\u00a0<\/span><\/p><p><span data-contrast=\"auto\">N<\/span><span data-contrast=\"none\">a nostra scommessa \u00e8 che deve essere possibile creare questi spazi in cui le persone possano esprimersi liberamente ed essere aperte ai loro sentimenti - spazi per fare, per agire, per lavorare e per incontrarsi.<\/span><span data-ccp-props=\"{&quot;201341983&quot;:0,&quot;335551550&quot;:6,&quot;335551620&quot;:6,&quot;335559739&quot;:160,&quot;335559740&quot;:259}\">\u00a0<\/span><\/p>\t\t\t\t\t\t\t\t<\/div>\n\t\t\t\t<\/div>\n\t\t\t\t\t<\/div>\n\t\t<\/div>\n\t\t\t\t<div class=\"elementor-column elementor-col-50 elementor-top-column elementor-element elementor-element-9277db9\" data-id=\"9277db9\" data-element_type=\"column\" data-e-type=\"column\" data-settings=\"{&quot;background_background&quot;:&quot;classic&quot;}\">\n\t\t\t<div class=\"elementor-widget-wrap elementor-element-populated\">\n\t\t\t\t\t<div class=\"elementor-background-overlay\"><\/div>\n\t\t\t\t\t\t\t<\/div>\n\t\t<\/div>\n\t\t\t\t\t<\/div>\n\t\t<\/section>\n\t\t\t\t<section class=\"elementor-section elementor-top-section elementor-element elementor-element-92db3a0 elementor-section-boxed elementor-section-height-default elementor-section-height-default\" data-id=\"92db3a0\" data-element_type=\"section\" data-e-type=\"section\">\n\t\t\t\t\t\t<div class=\"elementor-container elementor-column-gap-default\">\n\t\t\t\t\t<div class=\"elementor-column elementor-col-100 elementor-top-column elementor-element elementor-element-0ff942f\" data-id=\"0ff942f\" data-element_type=\"column\" data-e-type=\"column\">\n\t\t\t<div class=\"elementor-widget-wrap elementor-element-populated\">\n\t\t\t\t\t\t<div class=\"elementor-element elementor-element-f70c78d elementor-widget elementor-widget-heading\" data-id=\"f70c78d\" data-element_type=\"widget\" data-e-type=\"widget\" data-widget_type=\"heading.default\">\n\t\t\t\t<div class=\"elementor-widget-container\">\n\t\t\t\t\t<h2 class=\"elementor-heading-title elementor-size-xl\">Il potere trasformativo delle storie<\/h2>\t\t\t\t<\/div>\n\t\t\t\t<\/div>\n\t\t\t\t<div class=\"elementor-element elementor-element-f5bf181 elementor-widget elementor-widget-text-editor\" data-id=\"f5bf181\" data-element_type=\"widget\" data-e-type=\"widget\" data-widget_type=\"text-editor.default\">\n\t\t\t\t<div class=\"elementor-widget-container\">\n\t\t\t\t\t\t\t\t\t<p><span data-contrast=\"auto\">Armata della sua nuova consapevolezza emotiva, l'organizzazione potrebbe iniziare a sviluppare strategie per gestire meglio le sue sfide. In primo luogo, scegliere meglio il momento emotivamente propizio per agire o prendere una decisione. In secondo luogo, approcciare le cose con pi\u00f9 finezza per suscitare emozioni costruttive o prevenire danni.\u00a0<\/span><span data-ccp-props=\"{&quot;201341983&quot;:0,&quot;335551550&quot;:6,&quot;335551620&quot;:6,&quot;335559739&quot;:160,&quot;335559740&quot;:259}\">\u00a0<\/span><\/p><p><span data-contrast=\"auto\">Ma c'\u00e8 una leva pi\u00f9 potente che accompagna la nostra avventura umana fin dalla notte dei tempi e a cui noi di Talk diamo grande importanza: la narrazione. Al di l\u00e0 degli eventi che raccontano, le storie che condividiamo trasmettono anche emozioni che lasciano un segno duraturo nella nostra cultura e nelle nostre rappresentazioni.<\/span><span data-ccp-props=\"{&quot;201341983&quot;:0,&quot;335551550&quot;:6,&quot;335551620&quot;:6,&quot;335559739&quot;:160,&quot;335559740&quot;:259}\">\u00a0<\/span><\/p><p><span data-contrast=\"auto\">\u00a0<\/span><span data-contrast=\"auto\">Condividere potenti storie di fondazione, trasformare i punti di svolta strategici in epopee, ma anche ascoltare ci\u00f2 che accade quotidianamente.<\/span><span data-contrast=\"auto\">. Questo<\/span><span data-contrast=\"auto\"> incarna l'orgoglio dei team e i valori del lavoro <\/span><span data-contrast=\"auto\">in <\/span><span data-contrast=\"auto\">l'organizzazione<\/span><span data-contrast=\"auto\">. Questo ha <\/span><span data-contrast=\"auto\">un impatto importante sullo sviluppo delle capacit\u00e0 di gestione emotiva delle nostre aziende.<\/span><span data-ccp-props=\"{&quot;201341983&quot;:0,&quot;335551550&quot;:6,&quot;335551620&quot;:6,&quot;335559739&quot;:160,&quot;335559740&quot;:259}\">\u00a0<\/span><\/p>\t\t\t\t\t\t\t\t<\/div>\n\t\t\t\t<\/div>\n\t\t\t\t\t<\/div>\n\t\t<\/div>\n\t\t\t\t\t<\/div>\n\t\t<\/section>\n\t\t\t\t<section class=\"elementor-section elementor-top-section elementor-element elementor-element-5a8704f elementor-section-boxed elementor-section-height-default elementor-section-height-default\" data-id=\"5a8704f\" data-element_type=\"section\" data-e-type=\"section\">\n\t\t\t\t\t\t<div class=\"elementor-container elementor-column-gap-default\">\n\t\t\t\t\t<div class=\"elementor-column elementor-col-100 elementor-top-column elementor-element elementor-element-7bdef56\" data-id=\"7bdef56\" data-element_type=\"column\" data-e-type=\"column\" data-settings=\"{&quot;background_background&quot;:&quot;classic&quot;}\">\n\t\t\t<div class=\"elementor-widget-wrap elementor-element-populated\">\n\t\t\t\t\t<div class=\"elementor-background-overlay\"><\/div>\n\t\t\t\t\t\t<div class=\"elementor-element elementor-element-724916a elementor-widget elementor-widget-heading\" data-id=\"724916a\" data-element_type=\"widget\" data-e-type=\"widget\" data-widget_type=\"heading.default\">\n\t\t\t\t<div class=\"elementor-widget-container\">\n\t\t\t\t\t<h2 class=\"elementor-heading-title elementor-size-default\">Fate spazio alle emozioni in azienda, ascoltatele ed esprimetele apertamente.<\/h2>\t\t\t\t<\/div>\n\t\t\t\t<\/div>\n\t\t\t\t\t<\/div>\n\t\t<\/div>\n\t\t\t\t\t<\/div>\n\t\t<\/section>\n\t\t\t\t<section class=\"elementor-section elementor-top-section elementor-element elementor-element-16b465c elementor-section-boxed elementor-section-height-default elementor-section-height-default\" data-id=\"16b465c\" data-element_type=\"section\" data-e-type=\"section\">\n\t\t\t\t\t\t<div class=\"elementor-container elementor-column-gap-default\">\n\t\t\t\t\t<div class=\"elementor-column elementor-col-100 elementor-top-column elementor-element elementor-element-f35774f\" data-id=\"f35774f\" data-element_type=\"column\" data-e-type=\"column\">\n\t\t\t<div class=\"elementor-widget-wrap elementor-element-populated\">\n\t\t\t\t\t\t<div class=\"elementor-element elementor-element-ccbd065 elementor-widget elementor-widget-heading\" data-id=\"ccbd065\" data-element_type=\"widget\" data-e-type=\"widget\" data-widget_type=\"heading.default\">\n\t\t\t\t<div class=\"elementor-widget-container\">\n\t\t\t\t\t<h2 class=\"elementor-heading-title elementor-size-xl\">Verso una nuova visione delle emozioni nel business<\/h2>\t\t\t\t<\/div>\n\t\t\t\t<\/div>\n\t\t\t\t<div class=\"elementor-element elementor-element-2f66fe2 elementor-widget elementor-widget-text-editor\" data-id=\"2f66fe2\" data-element_type=\"widget\" data-e-type=\"widget\" data-widget_type=\"text-editor.default\">\n\t\t\t\t<div class=\"elementor-widget-container\">\n\t\t\t\t\t\t\t\t\t<p><span data-contrast=\"none\">Pu\u00f2 un'organizzazione osare cambiare il proprio paradigma e accogliere le emozioni come risorsa e patrimonio?<\/span> <span data-contrast=\"none\">Vogliamo credere che sia possibile!\u00a0<\/span><span data-ccp-props=\"{&quot;201341983&quot;:0,&quot;335551550&quot;:6,&quot;335551620&quot;:6,&quot;335559739&quot;:160,&quot;335559740&quot;:259}\">\u00a0<\/span><\/p><p><span data-contrast=\"none\">Grazie alla nostra tecnologia e al nostro lavoro pluriennale sulle emozioni, siamo stati in grado di misurare l'impatto sugli individui e sulle collettivit\u00e0.<\/span><span data-contrast=\"none\">. Noi\u00a0<\/span><span data-contrast=\"none\">sono convinti che un processo attento, supportato da potenti strumenti e metodi di apprendimento, possa portare a questa evoluzione verso una maturit\u00e0 emotiva collettiva.<\/span><span data-ccp-props=\"{&quot;201341983&quot;:0,&quot;335551550&quot;:6,&quot;335551620&quot;:6,&quot;335559739&quot;:160,&quot;335559740&quot;:259}\">\u00a0<\/span><\/p><p><span data-contrast=\"none\">Al di l\u00e0 di queste poche strade, siamo convinti che ci sia ancora molto da scoprire insieme e da immaginare. <\/span><span data-contrast=\"none\">R<\/span><span data-contrast=\"none\">assemblare<\/span><span data-contrast=\"none\">-e lasciarsi ispirare da <\/span><span data-contrast=\"none\">da <\/span><span data-contrast=\"none\">idee e <\/span><span data-contrast=\"none\">da <\/span><span data-contrast=\"none\">il 30 maggio.<\/span><\/p>\t\t\t\t\t\t\t\t<\/div>\n\t\t\t\t<\/div>\n\t\t\t\t\t<\/div>\n\t\t<\/div>\n\t\t\t\t\t<\/div>\n\t\t<\/section>\n\t\t\t\t<section class=\"elementor-section elementor-top-section elementor-element elementor-element-5736b3f elementor-section-boxed elementor-section-height-default elementor-section-height-default\" data-id=\"5736b3f\" data-element_type=\"section\" data-e-type=\"section\">\n\t\t\t\t\t\t<div class=\"elementor-container elementor-column-gap-default\">\n\t\t\t\t\t<div class=\"elementor-column elementor-col-100 elementor-top-column elementor-element elementor-element-aa22c2c\" data-id=\"aa22c2c\" data-element_type=\"column\" data-e-type=\"column\">\n\t\t\t<div class=\"elementor-widget-wrap elementor-element-populated\">\n\t\t\t\t\t\t<div class=\"elementor-element elementor-element-50ae48c elementor-widget elementor-widget-image\" data-id=\"50ae48c\" data-element_type=\"widget\" data-e-type=\"widget\" data-widget_type=\"image.default\">\n\t\t\t\t<div class=\"elementor-widget-container\">\n\t\t\t\t\t\t\t\t\t\t\t\t\t\t\t\t<a href=\"https:\/\/infomaniak.events\/shop\/iqKAvq5nR2\/?utm_source=Site+web_+talk.swiss+&#038;utm_medium=site+web&#038;utm_campaign=Ev%C3%A9nement+talk+30+mai+%20\">\n\t\t\t\t\t\t\t<img fetchpriority=\"high\" decoding=\"async\" width=\"2048\" height=\"570\" src=\"https:\/\/talk.swiss\/wp-content\/uploads\/2024\/04\/banner_article.jpg\" class=\"attachment-full size-full wp-image-7144\" alt=\"\" srcset=\"https:\/\/talk.swiss\/wp-content\/uploads\/2024\/04\/banner_article.jpg 2048w, https:\/\/talk.swiss\/wp-content\/uploads\/2024\/04\/banner_article-300x83.jpg 300w, https:\/\/talk.swiss\/wp-content\/uploads\/2024\/04\/banner_article-1024x285.jpg 1024w, https:\/\/talk.swiss\/wp-content\/uploads\/2024\/04\/banner_article-768x214.jpg 768w, https:\/\/talk.swiss\/wp-content\/uploads\/2024\/04\/banner_article-1536x428.jpg 1536w, https:\/\/talk.swiss\/wp-content\/uploads\/2024\/04\/banner_article-18x5.jpg 18w\" sizes=\"(max-width: 2048px) 100vw, 2048px\" \/>\t\t\t\t\t\t\t\t<\/a>\n\t\t\t\t\t\t\t\t\t\t\t\t\t\t\t<\/div>\n\t\t\t\t<\/div>\n\t\t\t\t\t<\/div>\n\t\t<\/div>\n\t\t\t\t\t<\/div>\n\t\t<\/section>\n\t\t\t\t<section class=\"elementor-section elementor-top-section elementor-element elementor-element-3d69224 elementor-section-boxed elementor-section-height-default elementor-section-height-default\" data-id=\"3d69224\" data-element_type=\"section\" data-e-type=\"section\">\n\t\t\t\t\t\t<div class=\"elementor-container elementor-column-gap-default\">\n\t\t\t\t\t<div class=\"elementor-column elementor-col-100 elementor-top-column elementor-element elementor-element-b3e011f\" data-id=\"b3e011f\" data-element_type=\"column\" data-e-type=\"column\">\n\t\t\t<div class=\"elementor-widget-wrap elementor-element-populated\">\n\t\t\t\t\t\t<div class=\"elementor-element elementor-element-797716f elementor-align-left elementor-widget__width-initial elementor-widget elementor-widget-button\" data-id=\"797716f\" data-element_type=\"widget\" data-e-type=\"widget\" data-widget_type=\"button.default\">\n\t\t\t\t<div class=\"elementor-widget-container\">\n\t\t\t\t\t\t\t\t\t<div class=\"elementor-button-wrapper\">\n\t\t\t\t\t<a class=\"elementor-button elementor-button-link elementor-size-sm\" href=\"https:\/\/talk.swiss\/it\/solution\/\">\n\t\t\t\t\t\t<span class=\"elementor-button-content-wrapper\">\n\t\t\t\t\t\t\t\t\t<span class=\"elementor-button-text\">Scoprite la nostra soluzione<\/span>\n\t\t\t\t\t<\/span>\n\t\t\t\t\t<\/a>\n\t\t\t\t<\/div>\n\t\t\t\t\t\t\t\t<\/div>\n\t\t\t\t<\/div>\n\t\t\t\t\t<\/div>\n\t\t<\/div>\n\t\t\t\t\t<\/div>\n\t\t<\/section>\n\t\t\t\t<section class=\"elementor-section elementor-top-section elementor-element elementor-element-a93c517 elementor-section-boxed elementor-section-height-default elementor-section-height-default\" data-id=\"a93c517\" data-element_type=\"section\" data-e-type=\"section\">\n\t\t\t\t\t\t<div class=\"elementor-container elementor-column-gap-default\">\n\t\t\t\t\t<div class=\"elementor-column elementor-col-100 elementor-top-column elementor-element elementor-element-7a65565\" data-id=\"7a65565\" data-element_type=\"column\" data-e-type=\"column\">\n\t\t\t<div class=\"elementor-widget-wrap elementor-element-populated\">\n\t\t\t\t\t\t<div class=\"elementor-element elementor-element-e08f1e6 elementor-widget elementor-widget-spacer\" data-id=\"e08f1e6\" data-element_type=\"widget\" data-e-type=\"widget\" data-widget_type=\"spacer.default\">\n\t\t\t\t<div class=\"elementor-widget-container\">\n\t\t\t\t\t\t\t<div class=\"elementor-spacer\">\n\t\t\t<div class=\"elementor-spacer-inner\"><\/div>\n\t\t<\/div>\n\t\t\t\t\t\t<\/div>\n\t\t\t\t<\/div>\n\t\t\t\t\t<\/div>\n\t\t<\/div>\n\t\t\t\t\t<\/div>\n\t\t<\/section>\n\t\t\t\t<section class=\"elementor-section elementor-top-section elementor-element elementor-element-bf571a6 elementor-section-boxed elementor-section-height-default elementor-section-height-default\" data-id=\"bf571a6\" data-element_type=\"section\" data-e-type=\"section\">\n\t\t\t\t\t\t<div class=\"elementor-container elementor-column-gap-default\">\n\t\t\t\t\t<div class=\"elementor-column elementor-col-50 elementor-top-column elementor-element elementor-element-046daa4\" data-id=\"046daa4\" data-element_type=\"column\" data-e-type=\"column\">\n\t\t\t<div class=\"elementor-widget-wrap elementor-element-populated\">\n\t\t\t\t\t\t<div class=\"elementor-element elementor-element-171160a elementor-widget elementor-widget-image\" data-id=\"171160a\" data-element_type=\"widget\" data-e-type=\"widget\" data-widget_type=\"image.default\">\n\t\t\t\t<div class=\"elementor-widget-container\">\n\t\t\t\t\t\t\t\t\t\t\t\t\t\t\t<img decoding=\"async\" width=\"1118\" height=\"1118\" src=\"https:\/\/talk.swiss\/wp-content\/uploads\/2023\/12\/Team-Laurent-Schutz.webp\" class=\"attachment-full size-full wp-image-5697\" alt=\"Laurent Sch\u00fctz\" srcset=\"https:\/\/talk.swiss\/wp-content\/uploads\/2023\/12\/Team-Laurent-Schutz.webp 1118w, https:\/\/talk.swiss\/wp-content\/uploads\/2023\/12\/Team-Laurent-Schutz-300x300.webp 300w, https:\/\/talk.swiss\/wp-content\/uploads\/2023\/12\/Team-Laurent-Schutz-1024x1024.webp 1024w, https:\/\/talk.swiss\/wp-content\/uploads\/2023\/12\/Team-Laurent-Schutz-150x150.webp 150w, https:\/\/talk.swiss\/wp-content\/uploads\/2023\/12\/Team-Laurent-Schutz-768x768.webp 768w, https:\/\/talk.swiss\/wp-content\/uploads\/2023\/12\/Team-Laurent-Schutz-12x12.webp 12w, https:\/\/talk.swiss\/wp-content\/uploads\/2023\/12\/Team-Laurent-Schutz-1000x1000.webp 1000w, https:\/\/talk.swiss\/wp-content\/uploads\/2023\/12\/Team-Laurent-Schutz-100x100.webp 100w\" sizes=\"(max-width: 1118px) 100vw, 1118px\" \/>\t\t\t\t\t\t\t\t\t\t\t\t\t\t\t<\/div>\n\t\t\t\t<\/div>\n\t\t\t\t\t<\/div>\n\t\t<\/div>\n\t\t\t\t<div class=\"elementor-column elementor-col-50 elementor-top-column elementor-element elementor-element-9a31647\" data-id=\"9a31647\" data-element_type=\"column\" data-e-type=\"column\">\n\t\t\t<div class=\"elementor-widget-wrap elementor-element-populated\">\n\t\t\t\t\t\t<div class=\"elementor-element elementor-element-8b16b8f elementor-widget elementor-widget-text-editor\" data-id=\"8b16b8f\" data-element_type=\"widget\" data-e-type=\"widget\" data-widget_type=\"text-editor.default\">\n\t\t\t\t<div class=\"elementor-widget-container\">\n\t\t\t\t\t\t\t\t\t<p>Articolo presentato da Laurent Sch\u00fctz<\/p>\t\t\t\t\t\t\t\t<\/div>\n\t\t\t\t<\/div>\n\t\t\t\t<div class=\"elementor-element elementor-element-5b3e518 elementor-widget elementor-widget-text-editor\" data-id=\"5b3e518\" data-element_type=\"widget\" data-e-type=\"widget\" data-widget_type=\"text-editor.default\">\n\t\t\t\t<div class=\"elementor-widget-container\">\n\t\t\t\t\t\t\t\t\t<p><span data-contrast=\"auto\">Psicologo specializzato in psicologia del lavoro e sociologia organizzativa, Laurent ha ricoperto diverse posizioni di gestione e sviluppo delle risorse umane, nonch\u00e9 ruoli dirigenziali nel settore pubblico e privato, prima di concentrarsi completamente sul miglioramento delle relazioni aziendali attraverso lo sviluppo di una cultura di partnership e di leadership umanistica.<\/span><\/p><p><span data-contrast=\"auto\">Ex responsabile della formazione e dello sviluppo presso RTS e c<\/span><span data-contrast=\"auto\">responsabile del programma di formazione dei conduttori radiofonici presso il Centre Romand de Formation des Journalistes, nel suo coaching attribuisce particolare importanza alla parola e alla comunicazione. Relatore specializzato in relazioni umane e cofondatore del metodo Equites equicoaching, lavora da oltre 18 anni come coach e formatore senior in organizzazioni e aziende per favorire il cambiamento della cultura manageriale, realizzare sistemi innovativi di governance condivisa e rafforzare la resilienza e l'impegno dei team. Il suo lavoro, che combina la relazione tra persone e cavalli, \u00e8 guidato dalla convinzione che un legame di cura e compassione sia alla base di ogni successo duraturo.<\/span><span data-ccp-props=\"{}\">\u00a0<\/span><\/p>\t\t\t\t\t\t\t\t<\/div>\n\t\t\t\t<\/div>\n\t\t\t\t\t<\/div>\n\t\t<\/div>\n\t\t\t\t\t<\/div>\n\t\t<\/section>\n\t\t\t\t<\/div>","protected":false},"excerpt":{"rendered":"<p>Come si integrano le emozioni nella propria attivit\u00e0? \u00c8 una bella sfida! Eppure, alcune azioni semplici e accessibili possono gi\u00e0 dare il via al processo. E i nostri lontani antenati, impareggiabili narratori che ci hanno tramandato i racconti e i miti che ancora popolano il nostro immaginario collettivo, ci stanno sussurrando una pista promettente. <\/p>","protected":false},"author":18,"featured_media":7242,"comment_status":"closed","ping_status":"closed","sticky":false,"template":"","format":"standard","meta":{"footnotes":""},"categories":[38,1],"tags":[48,47,49],"class_list":["post-7238","post","type-post","status-publish","format-standard","has-post-thumbnail","hentry","category-actus","category-divers","tag-communication","tag-emotion","tag-prise-de-parole"],"yoast_head":"<!-- This site is optimized with the Yoast SEO plugin v28.3 - https:\/\/yoast.com\/product\/yoast-seo-wordpress\/ -->\n<title>L&#039;organisation face \u00e0 ses \u00e9motions : un voyage initiatique - TALK.SWISS<\/title>\n<meta name=\"robots\" content=\"index, follow, max-snippet:-1, max-image-preview:large, max-video-preview:-1\" \/>\n<link rel=\"canonical\" href=\"https:\/\/talk.swiss\/it\/lorganisation-face-a-ses-emotions-un-voyage-initiatique\/\" \/>\n<meta property=\"og:locale\" content=\"it_IT\" \/>\n<meta property=\"og:type\" content=\"article\" \/>\n<meta property=\"og:title\" content=\"L&#039;organisation face \u00e0 ses \u00e9motions : un voyage initiatique - TALK.SWISS\" \/>\n<meta property=\"og:description\" content=\"Comment int\u00e9grer les \u00e9motions dans son entreprise ? Voil\u00e0 un sacr\u00e9 d\u00e9fi\u202f! Pourtant, quelques actions simples et accessibles permettent d\u00e9j\u00e0 d\u2019initier un travail concret et porteur. Et nos lointains anc\u00eatres, conteurs hors pair, qui nous ont transmis les r\u00e9cits et les mythes qui peuplent encore notre imaginaire collectif nous murmurent une piste prometteuse.\" \/>\n<meta property=\"og:url\" content=\"https:\/\/talk.swiss\/it\/lorganisation-face-a-ses-emotions-un-voyage-initiatique\/\" \/>\n<meta property=\"og:site_name\" content=\"TALK.SWISS\" \/>\n<meta property=\"article:published_time\" content=\"2024-04-30T11:31:02+00:00\" \/>\n<meta property=\"article:modified_time\" content=\"2024-05-13T17:10:41+00:00\" \/>\n<meta property=\"og:image\" content=\"https:\/\/talk.swiss\/wp-content\/uploads\/2024\/04\/Visue_blog4.png\" \/>\n\t<meta property=\"og:image:width\" content=\"1200\" \/>\n\t<meta property=\"og:image:height\" content=\"627\" \/>\n\t<meta property=\"og:image:type\" content=\"image\/png\" \/>\n<meta name=\"author\" content=\"TALK\" \/>\n<meta name=\"twitter:card\" content=\"summary_large_image\" \/>\n<meta name=\"twitter:label1\" content=\"Scritto da\" \/>\n\t<meta name=\"twitter:data1\" content=\"TALK\" \/>\n\t<meta name=\"twitter:label2\" content=\"Tempo di lettura stimato\" \/>\n\t<meta name=\"twitter:data2\" content=\"5 minuti\" \/>\n<script type=\"application\/ld+json\" class=\"yoast-schema-graph\">{\"@context\":\"https:\\\/\\\/schema.org\",\"@graph\":[{\"@type\":\"Article\",\"@id\":\"https:\\\/\\\/talk.swiss\\\/lorganisation-face-a-ses-emotions-un-voyage-initiatique\\\/#article\",\"isPartOf\":{\"@id\":\"https:\\\/\\\/talk.swiss\\\/lorganisation-face-a-ses-emotions-un-voyage-initiatique\\\/\"},\"author\":{\"name\":\"TALK\",\"@id\":\"https:\\\/\\\/talk.swiss\\\/#\\\/schema\\\/person\\\/1881fee19cecd45279fad94065e432cf\"},\"headline\":\"L&rsquo;organisation face \u00e0 ses \u00e9motions : un voyage initiatique\",\"datePublished\":\"2024-04-30T11:31:02+00:00\",\"dateModified\":\"2024-05-13T17:10:41+00:00\",\"mainEntityOfPage\":{\"@id\":\"https:\\\/\\\/talk.swiss\\\/lorganisation-face-a-ses-emotions-un-voyage-initiatique\\\/\"},\"wordCount\":911,\"publisher\":{\"@id\":\"https:\\\/\\\/talk.swiss\\\/#organization\"},\"image\":{\"@id\":\"https:\\\/\\\/talk.swiss\\\/lorganisation-face-a-ses-emotions-un-voyage-initiatique\\\/#primaryimage\"},\"thumbnailUrl\":\"https:\\\/\\\/talk.swiss\\\/wp-content\\\/uploads\\\/2024\\\/04\\\/Visue_blog4.png\",\"keywords\":[\"Communication\",\"Emotion\",\"Prise de parole\"],\"articleSection\":[\"Blog\",\"Divers\"],\"inLanguage\":\"it-IT\"},{\"@type\":\"WebPage\",\"@id\":\"https:\\\/\\\/talk.swiss\\\/lorganisation-face-a-ses-emotions-un-voyage-initiatique\\\/\",\"url\":\"https:\\\/\\\/talk.swiss\\\/lorganisation-face-a-ses-emotions-un-voyage-initiatique\\\/\",\"name\":\"L'organisation face \u00e0 ses \u00e9motions : un voyage initiatique - TALK.SWISS\",\"isPartOf\":{\"@id\":\"https:\\\/\\\/talk.swiss\\\/#website\"},\"primaryImageOfPage\":{\"@id\":\"https:\\\/\\\/talk.swiss\\\/lorganisation-face-a-ses-emotions-un-voyage-initiatique\\\/#primaryimage\"},\"image\":{\"@id\":\"https:\\\/\\\/talk.swiss\\\/lorganisation-face-a-ses-emotions-un-voyage-initiatique\\\/#primaryimage\"},\"thumbnailUrl\":\"https:\\\/\\\/talk.swiss\\\/wp-content\\\/uploads\\\/2024\\\/04\\\/Visue_blog4.png\",\"datePublished\":\"2024-04-30T11:31:02+00:00\",\"dateModified\":\"2024-05-13T17:10:41+00:00\",\"breadcrumb\":{\"@id\":\"https:\\\/\\\/talk.swiss\\\/lorganisation-face-a-ses-emotions-un-voyage-initiatique\\\/#breadcrumb\"},\"inLanguage\":\"it-IT\",\"potentialAction\":[{\"@type\":\"ReadAction\",\"target\":[\"https:\\\/\\\/talk.swiss\\\/lorganisation-face-a-ses-emotions-un-voyage-initiatique\\\/\"]}]},{\"@type\":\"ImageObject\",\"inLanguage\":\"it-IT\",\"@id\":\"https:\\\/\\\/talk.swiss\\\/lorganisation-face-a-ses-emotions-un-voyage-initiatique\\\/#primaryimage\",\"url\":\"https:\\\/\\\/talk.swiss\\\/wp-content\\\/uploads\\\/2024\\\/04\\\/Visue_blog4.png\",\"contentUrl\":\"https:\\\/\\\/talk.swiss\\\/wp-content\\\/uploads\\\/2024\\\/04\\\/Visue_blog4.png\",\"width\":1200,\"height\":627},{\"@type\":\"BreadcrumbList\",\"@id\":\"https:\\\/\\\/talk.swiss\\\/lorganisation-face-a-ses-emotions-un-voyage-initiatique\\\/#breadcrumb\",\"itemListElement\":[{\"@type\":\"ListItem\",\"position\":1,\"name\":\"Accueil\",\"item\":\"https:\\\/\\\/talk.swiss\\\/\"},{\"@type\":\"ListItem\",\"position\":2,\"name\":\"L&#8217;organisation face \u00e0 ses \u00e9motions : un voyage initiatique\"}]},{\"@type\":\"WebSite\",\"@id\":\"https:\\\/\\\/talk.swiss\\\/#website\",\"url\":\"https:\\\/\\\/talk.swiss\\\/\",\"name\":\"TALK.SWISS\",\"description\":\"Talk, la parole au centre\",\"publisher\":{\"@id\":\"https:\\\/\\\/talk.swiss\\\/#organization\"},\"potentialAction\":[{\"@type\":\"SearchAction\",\"target\":{\"@type\":\"EntryPoint\",\"urlTemplate\":\"https:\\\/\\\/talk.swiss\\\/?s={search_term_string}\"},\"query-input\":{\"@type\":\"PropertyValueSpecification\",\"valueRequired\":true,\"valueName\":\"search_term_string\"}}],\"inLanguage\":\"it-IT\"},{\"@type\":\"Organization\",\"@id\":\"https:\\\/\\\/talk.swiss\\\/#organization\",\"name\":\"TALK.SWISS\",\"url\":\"https:\\\/\\\/talk.swiss\\\/\",\"logo\":{\"@type\":\"ImageObject\",\"inLanguage\":\"it-IT\",\"@id\":\"https:\\\/\\\/talk.swiss\\\/#\\\/schema\\\/logo\\\/image\\\/\",\"url\":\"https:\\\/\\\/talk.swiss\\\/wp-content\\\/uploads\\\/2022\\\/08\\\/cropped-Talk_logo.png\",\"contentUrl\":\"https:\\\/\\\/talk.swiss\\\/wp-content\\\/uploads\\\/2022\\\/08\\\/cropped-Talk_logo.png\",\"width\":400,\"height\":400,\"caption\":\"TALK.SWISS\"},\"image\":{\"@id\":\"https:\\\/\\\/talk.swiss\\\/#\\\/schema\\\/logo\\\/image\\\/\"}},{\"@type\":\"Person\",\"@id\":\"https:\\\/\\\/talk.swiss\\\/#\\\/schema\\\/person\\\/1881fee19cecd45279fad94065e432cf\",\"name\":\"TALK\",\"image\":{\"@type\":\"ImageObject\",\"inLanguage\":\"it-IT\",\"@id\":\"https:\\\/\\\/secure.gravatar.com\\\/avatar\\\/a844e88bbef9d283565411206105d6790df914da829c2400e7bde0f0ddb2e2e9?s=96&d=mm&r=g\",\"url\":\"https:\\\/\\\/secure.gravatar.com\\\/avatar\\\/a844e88bbef9d283565411206105d6790df914da829c2400e7bde0f0ddb2e2e9?s=96&d=mm&r=g\",\"contentUrl\":\"https:\\\/\\\/secure.gravatar.com\\\/avatar\\\/a844e88bbef9d283565411206105d6790df914da829c2400e7bde0f0ddb2e2e9?s=96&d=mm&r=g\",\"caption\":\"TALK\"},\"url\":\"https:\\\/\\\/talk.swiss\\\/it\\\/author\\\/talktalk-swiss\\\/\"}]}<\/script>\n<!-- \/ Yoast SEO plugin. -->","yoast_head_json":{"title":"L'organizzazione e le sue emozioni: un viaggio di iniziazione - TALK.SWISS","robots":{"index":"index","follow":"follow","max-snippet":"max-snippet:-1","max-image-preview":"max-image-preview:large","max-video-preview":"max-video-preview:-1"},"canonical":"https:\/\/talk.swiss\/it\/lorganisation-face-a-ses-emotions-un-voyage-initiatique\/","og_locale":"it_IT","og_type":"article","og_title":"L'organisation face \u00e0 ses \u00e9motions : un voyage initiatique - TALK.SWISS","og_description":"Comment int\u00e9grer les \u00e9motions dans son entreprise ? Voil\u00e0 un sacr\u00e9 d\u00e9fi\u202f! Pourtant, quelques actions simples et accessibles permettent d\u00e9j\u00e0 d\u2019initier un travail concret et porteur. Et nos lointains anc\u00eatres, conteurs hors pair, qui nous ont transmis les r\u00e9cits et les mythes qui peuplent encore notre imaginaire collectif nous murmurent une piste prometteuse.","og_url":"https:\/\/talk.swiss\/it\/lorganisation-face-a-ses-emotions-un-voyage-initiatique\/","og_site_name":"TALK.SWISS","article_published_time":"2024-04-30T11:31:02+00:00","article_modified_time":"2024-05-13T17:10:41+00:00","og_image":[{"width":1200,"height":627,"url":"https:\/\/talk.swiss\/wp-content\/uploads\/2024\/04\/Visue_blog4.png","type":"image\/png"}],"author":"TALK","twitter_card":"summary_large_image","twitter_misc":{"Scritto da":"TALK","Tempo di lettura stimato":"5 minuti"},"schema":{"@context":"https:\/\/schema.org","@graph":[{"@type":"Article","@id":"https:\/\/talk.swiss\/lorganisation-face-a-ses-emotions-un-voyage-initiatique\/#article","isPartOf":{"@id":"https:\/\/talk.swiss\/lorganisation-face-a-ses-emotions-un-voyage-initiatique\/"},"author":{"name":"TALK","@id":"https:\/\/talk.swiss\/#\/schema\/person\/1881fee19cecd45279fad94065e432cf"},"headline":"L&rsquo;organisation face \u00e0 ses \u00e9motions : un voyage initiatique","datePublished":"2024-04-30T11:31:02+00:00","dateModified":"2024-05-13T17:10:41+00:00","mainEntityOfPage":{"@id":"https:\/\/talk.swiss\/lorganisation-face-a-ses-emotions-un-voyage-initiatique\/"},"wordCount":911,"publisher":{"@id":"https:\/\/talk.swiss\/#organization"},"image":{"@id":"https:\/\/talk.swiss\/lorganisation-face-a-ses-emotions-un-voyage-initiatique\/#primaryimage"},"thumbnailUrl":"https:\/\/talk.swiss\/wp-content\/uploads\/2024\/04\/Visue_blog4.png","keywords":["Communication","Emotion","Prise de parole"],"articleSection":["Blog","Divers"],"inLanguage":"it-IT"},{"@type":"WebPage","@id":"https:\/\/talk.swiss\/lorganisation-face-a-ses-emotions-un-voyage-initiatique\/","url":"https:\/\/talk.swiss\/lorganisation-face-a-ses-emotions-un-voyage-initiatique\/","name":"L'organizzazione e le sue emozioni: un viaggio di iniziazione - TALK.SWISS","isPartOf":{"@id":"https:\/\/talk.swiss\/#website"},"primaryImageOfPage":{"@id":"https:\/\/talk.swiss\/lorganisation-face-a-ses-emotions-un-voyage-initiatique\/#primaryimage"},"image":{"@id":"https:\/\/talk.swiss\/lorganisation-face-a-ses-emotions-un-voyage-initiatique\/#primaryimage"},"thumbnailUrl":"https:\/\/talk.swiss\/wp-content\/uploads\/2024\/04\/Visue_blog4.png","datePublished":"2024-04-30T11:31:02+00:00","dateModified":"2024-05-13T17:10:41+00:00","breadcrumb":{"@id":"https:\/\/talk.swiss\/lorganisation-face-a-ses-emotions-un-voyage-initiatique\/#breadcrumb"},"inLanguage":"it-IT","potentialAction":[{"@type":"ReadAction","target":["https:\/\/talk.swiss\/lorganisation-face-a-ses-emotions-un-voyage-initiatique\/"]}]},{"@type":"ImageObject","inLanguage":"it-IT","@id":"https:\/\/talk.swiss\/lorganisation-face-a-ses-emotions-un-voyage-initiatique\/#primaryimage","url":"https:\/\/talk.swiss\/wp-content\/uploads\/2024\/04\/Visue_blog4.png","contentUrl":"https:\/\/talk.swiss\/wp-content\/uploads\/2024\/04\/Visue_blog4.png","width":1200,"height":627},{"@type":"BreadcrumbList","@id":"https:\/\/talk.swiss\/lorganisation-face-a-ses-emotions-un-voyage-initiatique\/#breadcrumb","itemListElement":[{"@type":"ListItem","position":1,"name":"Accueil","item":"https:\/\/talk.swiss\/"},{"@type":"ListItem","position":2,"name":"L&#8217;organisation face \u00e0 ses \u00e9motions : un voyage initiatique"}]},{"@type":"WebSite","@id":"https:\/\/talk.swiss\/#website","url":"https:\/\/talk.swiss\/","name":"TALK.SWISS","description":"Parlare, la parola al centro","publisher":{"@id":"https:\/\/talk.swiss\/#organization"},"potentialAction":[{"@type":"SearchAction","target":{"@type":"EntryPoint","urlTemplate":"https:\/\/talk.swiss\/?s={search_term_string}"},"query-input":{"@type":"PropertyValueSpecification","valueRequired":true,"valueName":"search_term_string"}}],"inLanguage":"it-IT"},{"@type":"Organization","@id":"https:\/\/talk.swiss\/#organization","name":"TALK.SWISS","url":"https:\/\/talk.swiss\/","logo":{"@type":"ImageObject","inLanguage":"it-IT","@id":"https:\/\/talk.swiss\/#\/schema\/logo\/image\/","url":"https:\/\/talk.swiss\/wp-content\/uploads\/2022\/08\/cropped-Talk_logo.png","contentUrl":"https:\/\/talk.swiss\/wp-content\/uploads\/2022\/08\/cropped-Talk_logo.png","width":400,"height":400,"caption":"TALK.SWISS"},"image":{"@id":"https:\/\/talk.swiss\/#\/schema\/logo\/image\/"}},{"@type":"Person","@id":"https:\/\/talk.swiss\/#\/schema\/person\/1881fee19cecd45279fad94065e432cf","name":"PARLARE","image":{"@type":"ImageObject","inLanguage":"it-IT","@id":"https:\/\/secure.gravatar.com\/avatar\/a844e88bbef9d283565411206105d6790df914da829c2400e7bde0f0ddb2e2e9?s=96&d=mm&r=g","url":"https:\/\/secure.gravatar.com\/avatar\/a844e88bbef9d283565411206105d6790df914da829c2400e7bde0f0ddb2e2e9?s=96&d=mm&r=g","contentUrl":"https:\/\/secure.gravatar.com\/avatar\/a844e88bbef9d283565411206105d6790df914da829c2400e7bde0f0ddb2e2e9?s=96&d=mm&r=g","caption":"TALK"},"url":"https:\/\/talk.swiss\/it\/author\/talktalk-swiss\/"}]}},"_links":{"self":[{"href":"https:\/\/talk.swiss\/it\/wp-json\/wp\/v2\/posts\/7238","targetHints":{"allow":["GET"]}}],"collection":[{"href":"https:\/\/talk.swiss\/it\/wp-json\/wp\/v2\/posts"}],"about":[{"href":"https:\/\/talk.swiss\/it\/wp-json\/wp\/v2\/types\/post"}],"author":[{"embeddable":true,"href":"https:\/\/talk.swiss\/it\/wp-json\/wp\/v2\/users\/18"}],"replies":[{"embeddable":true,"href":"https:\/\/talk.swiss\/it\/wp-json\/wp\/v2\/comments?post=7238"}],"version-history":[{"count":10,"href":"https:\/\/talk.swiss\/it\/wp-json\/wp\/v2\/posts\/7238\/revisions"}],"predecessor-version":[{"id":7267,"href":"https:\/\/talk.swiss\/it\/wp-json\/wp\/v2\/posts\/7238\/revisions\/7267"}],"wp:featuredmedia":[{"embeddable":true,"href":"https:\/\/talk.swiss\/it\/wp-json\/wp\/v2\/media\/7242"}],"wp:attachment":[{"href":"https:\/\/talk.swiss\/it\/wp-json\/wp\/v2\/media?parent=7238"}],"wp:term":[{"taxonomy":"category","embeddable":true,"href":"https:\/\/talk.swiss\/it\/wp-json\/wp\/v2\/categories?post=7238"},{"taxonomy":"post_tag","embeddable":true,"href":"https:\/\/talk.swiss\/it\/wp-json\/wp\/v2\/tags?post=7238"}],"curies":[{"name":"wp","href":"https:\/\/api.w.org\/{rel}","templated":true}]}}