{"id":6929,"date":"2024-03-21T23:48:20","date_gmt":"2024-03-21T22:48:20","guid":{"rendered":"https:\/\/talk.swiss\/?p=6929"},"modified":"2024-05-07T12:31:57","modified_gmt":"2024-05-07T10:31:57","slug":"emotions-communication-impactante","status":"publish","type":"post","link":"https:\/\/talk.swiss\/it\/emotions-communication-impactante\/","title":{"rendered":"Le mie emozioni: un valore aggiunto per una comunicazione d'impatto"},"content":{"rendered":"<div data-elementor-type=\"wp-post\" data-elementor-id=\"6929\" class=\"elementor elementor-6929\" data-elementor-post-type=\"post\">\n\t\t\t\t\t\t<section class=\"elementor-section elementor-top-section elementor-element elementor-element-5921726 elementor-section-boxed elementor-section-height-default elementor-section-height-default\" data-id=\"5921726\" data-element_type=\"section\" data-e-type=\"section\">\n\t\t\t\t\t\t<div class=\"elementor-container elementor-column-gap-default\">\n\t\t\t\t\t<div class=\"elementor-column elementor-col-100 elementor-top-column elementor-element elementor-element-62fc3165\" data-id=\"62fc3165\" data-element_type=\"column\" data-e-type=\"column\">\n\t\t\t<div class=\"elementor-widget-wrap elementor-element-populated\">\n\t\t\t\t\t\t<div class=\"elementor-element elementor-element-99098ce elementor-widget elementor-widget-text-editor\" data-id=\"99098ce\" data-element_type=\"widget\" data-e-type=\"widget\" data-widget_type=\"text-editor.default\">\n\t\t\t\t<div class=\"elementor-widget-container\">\n\t\t\t\t\t\t\t\t\t<p>Di Laurent Vuarraz<\/p>\t\t\t\t\t\t\t\t<\/div>\n\t\t\t\t<\/div>\n\t\t\t\t<div class=\"elementor-element elementor-element-5c488380 elementor-widget elementor-widget-text-editor\" data-id=\"5c488380\" data-element_type=\"widget\" data-e-type=\"widget\" data-widget_type=\"text-editor.default\">\n\t\t\t\t<div class=\"elementor-widget-container\">\n\t\t\t\t\t\t\t\t\t<p>Cosa fa la differenza tra una passeggiata impegnativa nel bosco, una cerimonia funebre, una spedizione emozionante, un matrimonio o perdersi nel bosco al tramonto?  Le diverse emozioni che queste esperienze mi fanno provare.<\/p>\t\t\t\t\t\t\t\t<\/div>\n\t\t\t\t<\/div>\n\t\t\t\t\t<\/div>\n\t\t<\/div>\n\t\t\t\t\t<\/div>\n\t\t<\/section>\n\t\t\t\t<section class=\"elementor-section elementor-top-section elementor-element elementor-element-05a3924 elementor-section-boxed elementor-section-height-default elementor-section-height-default\" data-id=\"05a3924\" data-element_type=\"section\" data-e-type=\"section\">\n\t\t\t\t\t\t<div class=\"elementor-container elementor-column-gap-default\">\n\t\t\t\t\t<div class=\"elementor-column elementor-col-50 elementor-top-column elementor-element elementor-element-c1085e4\" data-id=\"c1085e4\" data-element_type=\"column\" data-e-type=\"column\">\n\t\t\t<div class=\"elementor-widget-wrap elementor-element-populated\">\n\t\t\t\t\t\t<div class=\"elementor-element elementor-element-daeb67a elementor-widget__width-initial elementor-widget elementor-widget-image\" data-id=\"daeb67a\" data-element_type=\"widget\" data-e-type=\"widget\" data-widget_type=\"image.default\">\n\t\t\t\t<div class=\"elementor-widget-container\">\n\t\t\t\t\t\t\t\t\t\t\t\t<figure class=\"wp-caption\">\n\t\t\t\t\t\t\t\t\t\t<img fetchpriority=\"high\" decoding=\"async\" width=\"1006\" height=\"822\" src=\"https:\/\/talk.swiss\/wp-content\/uploads\/2024\/03\/Laurent_pres.jpg\" class=\"attachment-full size-full wp-image-7067\" alt=\"\" srcset=\"https:\/\/talk.swiss\/wp-content\/uploads\/2024\/03\/Laurent_pres.jpg 1006w, https:\/\/talk.swiss\/wp-content\/uploads\/2024\/03\/Laurent_pres-300x245.jpg 300w, https:\/\/talk.swiss\/wp-content\/uploads\/2024\/03\/Laurent_pres-768x628.jpg 768w, https:\/\/talk.swiss\/wp-content\/uploads\/2024\/03\/Laurent_pres-15x12.jpg 15w\" sizes=\"(max-width: 1006px) 100vw, 1006px\" \/>\t\t\t\t\t\t\t\t\t\t\t<figcaption class=\"widget-image-caption wp-caption-text\">Laurent Vuarraz, CEO e fondatore <\/figcaption>\n\t\t\t\t\t\t\t\t\t\t<\/figure>\n\t\t\t\t\t\t\t\t\t<\/div>\n\t\t\t\t<\/div>\n\t\t\t\t\t<\/div>\n\t\t<\/div>\n\t\t\t\t<div class=\"elementor-column elementor-col-50 elementor-top-column elementor-element elementor-element-5279fe5\" data-id=\"5279fe5\" data-element_type=\"column\" data-e-type=\"column\">\n\t\t\t<div class=\"elementor-widget-wrap elementor-element-populated\">\n\t\t\t\t\t\t<div class=\"elementor-element elementor-element-fe50d8d elementor-widget__width-initial elementor-widget elementor-widget-text-editor\" data-id=\"fe50d8d\" data-element_type=\"widget\" data-e-type=\"widget\" data-widget_type=\"text-editor.default\">\n\t\t\t\t<div class=\"elementor-widget-container\">\n\t\t\t\t\t\t\t\t\t<p>Se da un lato le emozioni sono associate ai momenti pi\u00f9 belli della nostra vita, dall'altro possono essere terrificanti a causa delle reazioni che scatenano in noi. Ecco perch\u00e9, in tutti i corsi di formazione che ho tenuto negli ultimi 20 anni, le persone vogliono sistematicamente gestire meglio le emozioni nella loro comunicazione. Allora chiedo loro: \"Perch\u00e9? Perch\u00e9 devo controllarmi, sono troppo sensibile, perdo il controllo e sono impotente\".<\/p>\t\t\t\t\t\t\t\t<\/div>\n\t\t\t\t<\/div>\n\t\t\t\t\t<\/div>\n\t\t<\/div>\n\t\t\t\t\t<\/div>\n\t\t<\/section>\n\t\t\t\t<section class=\"elementor-section elementor-top-section elementor-element elementor-element-bb1d37e elementor-section-boxed elementor-section-height-default elementor-section-height-default\" data-id=\"bb1d37e\" data-element_type=\"section\" data-e-type=\"section\">\n\t\t\t\t\t\t<div class=\"elementor-container elementor-column-gap-default\">\n\t\t\t\t\t<div class=\"elementor-column elementor-col-100 elementor-top-column elementor-element elementor-element-0e8b595\" data-id=\"0e8b595\" data-element_type=\"column\" data-e-type=\"column\">\n\t\t\t<div class=\"elementor-widget-wrap elementor-element-populated\">\n\t\t\t\t\t\t<div class=\"elementor-element elementor-element-6655fff elementor-widget elementor-widget-heading\" data-id=\"6655fff\" data-element_type=\"widget\" data-e-type=\"widget\" data-widget_type=\"heading.default\">\n\t\t\t\t<div class=\"elementor-widget-container\">\n\t\t\t\t\t<h2 class=\"elementor-heading-title elementor-size-xl\">L'illusione del controllo emotivo<\/h2>\t\t\t\t<\/div>\n\t\t\t\t<\/div>\n\t\t\t\t<div class=\"elementor-element elementor-element-cf4db14 elementor-widget elementor-widget-text-editor\" data-id=\"cf4db14\" data-element_type=\"widget\" data-e-type=\"widget\" data-widget_type=\"text-editor.default\">\n\t\t\t\t<div class=\"elementor-widget-container\">\n\t\t\t\t\t\t\t\t\t<p>Le nostre forti emozioni possono generare reazioni e comportamenti spaventosi. Possono essere dolorose e talvolta pericolose. Spesso sono un ostacolo alle buone relazioni. Ci feriscono, ci fanno sentire ridicoli, deboli e incompetenti. Ci stringono lo stomaco, ci impediscono di dormire, ci fanno urlare e a volte anche piangere... E la loro dimensione incontrollabile ci fa dubitare di noi stessi. Ecco perch\u00e9, a prima vista, tutti vogliamo controllare le nostre emozioni. Vogliamo essere in grado di gestirle, di controllarle.<\/p><p>Riteniamo che una persona con un buon autocontrollo sappia gestire le proprie emozioni e neutralizzare le proprie reazioni. Alcune persone arrivano a sognare di poter sopprimere le proprie emozioni. Il controllo delle emozioni significherebbe quindi essere in grado di frenare un'azione inopportuna, o addirittura di non provare alcun sentimento.  Ma se faccio cos\u00ec... agisco a favore o contro me stesso?<\/p>\t\t\t\t\t\t\t\t<\/div>\n\t\t\t\t<\/div>\n\t\t\t\t\t<\/div>\n\t\t<\/div>\n\t\t\t\t\t<\/div>\n\t\t<\/section>\n\t\t\t\t<section class=\"elementor-section elementor-top-section elementor-element elementor-element-92c62b6 elementor-section-boxed elementor-section-height-default elementor-section-height-default\" data-id=\"92c62b6\" data-element_type=\"section\" data-e-type=\"section\">\n\t\t\t\t\t\t<div class=\"elementor-container elementor-column-gap-default\">\n\t\t\t\t\t<div class=\"elementor-column elementor-col-100 elementor-top-column elementor-element elementor-element-24fcce2\" data-id=\"24fcce2\" data-element_type=\"column\" data-e-type=\"column\" data-settings=\"{&quot;background_background&quot;:&quot;classic&quot;}\">\n\t\t\t<div class=\"elementor-widget-wrap elementor-element-populated\">\n\t\t\t\t\t<div class=\"elementor-background-overlay\"><\/div>\n\t\t\t\t\t\t<div class=\"elementor-element elementor-element-b90bb0c elementor-widget elementor-widget-heading\" data-id=\"b90bb0c\" data-element_type=\"widget\" data-e-type=\"widget\" data-widget_type=\"heading.default\">\n\t\t\t\t<div class=\"elementor-widget-container\">\n\t\t\t\t\t<h2 class=\"elementor-heading-title elementor-size-default\">Piuttosto che cercare di domare le nostre emozioni, dobbiamo capirle meglio.<\/h2>\t\t\t\t<\/div>\n\t\t\t\t<\/div>\n\t\t\t\t\t<\/div>\n\t\t<\/div>\n\t\t\t\t\t<\/div>\n\t\t<\/section>\n\t\t\t\t<section class=\"elementor-section elementor-top-section elementor-element elementor-element-ae5f9ba elementor-section-boxed elementor-section-height-default elementor-section-height-default\" data-id=\"ae5f9ba\" data-element_type=\"section\" data-e-type=\"section\">\n\t\t\t\t\t\t<div class=\"elementor-container elementor-column-gap-default\">\n\t\t\t\t\t<div class=\"elementor-column elementor-col-100 elementor-top-column elementor-element elementor-element-0afb8fb\" data-id=\"0afb8fb\" data-element_type=\"column\" data-e-type=\"column\">\n\t\t\t<div class=\"elementor-widget-wrap elementor-element-populated\">\n\t\t\t\t\t\t<div class=\"elementor-element elementor-element-2047df0 elementor-widget elementor-widget-heading\" data-id=\"2047df0\" data-element_type=\"widget\" data-e-type=\"widget\" data-widget_type=\"heading.default\">\n\t\t\t\t<div class=\"elementor-widget-container\">\n\t\t\t\t\t<h2 class=\"elementor-heading-title elementor-size-xl\">Identificare e comprendere le emozioni\n<\/h2>\t\t\t\t<\/div>\n\t\t\t\t<\/div>\n\t\t\t\t<div class=\"elementor-element elementor-element-2bd88e0 elementor-widget elementor-widget-text-editor\" data-id=\"2bd88e0\" data-element_type=\"widget\" data-e-type=\"widget\" data-widget_type=\"text-editor.default\">\n\t\t\t\t<div class=\"elementor-widget-container\">\n\t\t\t\t\t\t\t\t\t<p>Le emozioni sono un riflesso autentico di ci\u00f2 che accade nel profondo di noi stessi. Non si tratta di domarle o reprimerle, ma di comprenderle meglio. La nostra tecnologia Talk.Swiss vi offre l'opportunit\u00e0 di catturare le vostre emozioni e di domarle in un ambiente sicuro. La nostra ragion d'essere \u00e8 supportarvi affinch\u00e9 possiate utilizzarle con talento. Il nostro specchio magico vi permette di conoscere le vostre emozioni in un ambiente sicuro.<\/p><p>Diventando dinamicamente consapevole del mio universo emozionale, posso interagire con le emozioni negative e positive che sorgono dentro di me. Poi imparo a collegarle in modo che comunichino tra loro per facilitare l'accesso al movimento e all'energia vitale. Questo mi permette di guidare la mia intenzione nella consapevolezza che non possiamo vivere solo di emozioni positive. Le emozioni negative sono essenziali per la nostra sopravvivenza: tracciano un percorso e danno sicurezza.<\/p>\t\t\t\t\t\t\t\t<\/div>\n\t\t\t\t<\/div>\n\t\t\t\t\t<\/div>\n\t\t<\/div>\n\t\t\t\t\t<\/div>\n\t\t<\/section>\n\t\t\t\t<section class=\"elementor-section elementor-top-section elementor-element elementor-element-f2e4f43 elementor-section-boxed elementor-section-height-default elementor-section-height-default\" data-id=\"f2e4f43\" data-element_type=\"section\" data-e-type=\"section\">\n\t\t\t\t\t\t<div class=\"elementor-container elementor-column-gap-default\">\n\t\t\t\t\t<div class=\"elementor-column elementor-col-50 elementor-top-column elementor-element elementor-element-02d257d\" data-id=\"02d257d\" data-element_type=\"column\" data-e-type=\"column\">\n\t\t\t<div class=\"elementor-widget-wrap elementor-element-populated\">\n\t\t\t\t\t\t<div class=\"elementor-element elementor-element-4461016 elementor-widget elementor-widget-image\" data-id=\"4461016\" data-element_type=\"widget\" data-e-type=\"widget\" data-widget_type=\"image.default\">\n\t\t\t\t<div class=\"elementor-widget-container\">\n\t\t\t\t\t\t\t\t\t\t\t\t\t\t\t<img decoding=\"async\" width=\"800\" height=\"455\" src=\"https:\/\/talk.swiss\/wp-content\/uploads\/2024\/03\/Emotion_men_phone-1024x582.jpg\" class=\"attachment-large size-large wp-image-6941\" alt=\"\" srcset=\"https:\/\/talk.swiss\/wp-content\/uploads\/2024\/03\/Emotion_men_phone-1024x582.jpg 1024w, https:\/\/talk.swiss\/wp-content\/uploads\/2024\/03\/Emotion_men_phone-300x171.jpg 300w, https:\/\/talk.swiss\/wp-content\/uploads\/2024\/03\/Emotion_men_phone-768x437.jpg 768w, https:\/\/talk.swiss\/wp-content\/uploads\/2024\/03\/Emotion_men_phone-1536x873.jpg 1536w, https:\/\/talk.swiss\/wp-content\/uploads\/2024\/03\/Emotion_men_phone-2048x1164.jpg 2048w, https:\/\/talk.swiss\/wp-content\/uploads\/2024\/03\/Emotion_men_phone-18x10.jpg 18w\" sizes=\"(max-width: 800px) 100vw, 800px\" \/>\t\t\t\t\t\t\t\t\t\t\t\t\t\t\t<\/div>\n\t\t\t\t<\/div>\n\t\t\t\t\t<\/div>\n\t\t<\/div>\n\t\t\t\t<div class=\"elementor-column elementor-col-50 elementor-top-column elementor-element elementor-element-48c89a0\" data-id=\"48c89a0\" data-element_type=\"column\" data-e-type=\"column\">\n\t\t\t<div class=\"elementor-widget-wrap elementor-element-populated\">\n\t\t\t\t\t\t<div class=\"elementor-element elementor-element-06fb710 elementor-widget elementor-widget-text-editor\" data-id=\"06fb710\" data-element_type=\"widget\" data-e-type=\"widget\" data-widget_type=\"text-editor.default\">\n\t\t\t\t<div class=\"elementor-widget-container\">\n\t\t\t\t\t\t\t\t\t<p>Con la nostra soluzione, sarete finalmente in grado di capire cosa sta succedendo nel vostro viso a livello emotivo e, per estensione, dentro di voi.<\/p>\t\t\t\t\t\t\t\t<\/div>\n\t\t\t\t<\/div>\n\t\t\t\t\t<\/div>\n\t\t<\/div>\n\t\t\t\t\t<\/div>\n\t\t<\/section>\n\t\t\t\t<section class=\"elementor-section elementor-top-section elementor-element elementor-element-c90cc72 elementor-section-boxed elementor-section-height-default elementor-section-height-default\" data-id=\"c90cc72\" data-element_type=\"section\" data-e-type=\"section\">\n\t\t\t\t\t\t<div class=\"elementor-container elementor-column-gap-default\">\n\t\t\t\t\t<div class=\"elementor-column elementor-col-100 elementor-top-column elementor-element elementor-element-5016177\" data-id=\"5016177\" data-element_type=\"column\" data-e-type=\"column\">\n\t\t\t<div class=\"elementor-widget-wrap elementor-element-populated\">\n\t\t\t\t\t\t<div class=\"elementor-element elementor-element-4e97319 elementor-widget elementor-widget-image\" data-id=\"4e97319\" data-element_type=\"widget\" data-e-type=\"widget\" data-widget_type=\"image.default\">\n\t\t\t\t<div class=\"elementor-widget-container\">\n\t\t\t\t\t\t\t\t\t\t\t\t\t\t\t<img decoding=\"async\" width=\"1439\" height=\"949\" src=\"https:\/\/talk.swiss\/wp-content\/uploads\/2024\/03\/emotion_phone.png\" class=\"attachment-full size-full wp-image-7015\" alt=\"\" srcset=\"https:\/\/talk.swiss\/wp-content\/uploads\/2024\/03\/emotion_phone.png 1439w, https:\/\/talk.swiss\/wp-content\/uploads\/2024\/03\/emotion_phone-300x198.png 300w, https:\/\/talk.swiss\/wp-content\/uploads\/2024\/03\/emotion_phone-1024x675.png 1024w, https:\/\/talk.swiss\/wp-content\/uploads\/2024\/03\/emotion_phone-768x506.png 768w, https:\/\/talk.swiss\/wp-content\/uploads\/2024\/03\/emotion_phone-18x12.png 18w\" sizes=\"(max-width: 1439px) 100vw, 1439px\" \/>\t\t\t\t\t\t\t\t\t\t\t\t\t\t\t<\/div>\n\t\t\t\t<\/div>\n\t\t\t\t\t<\/div>\n\t\t<\/div>\n\t\t\t\t\t<\/div>\n\t\t<\/section>\n\t\t\t\t<section class=\"elementor-section elementor-top-section elementor-element elementor-element-8de2e0a elementor-section-boxed elementor-section-height-default elementor-section-height-default\" data-id=\"8de2e0a\" data-element_type=\"section\" data-e-type=\"section\">\n\t\t\t\t\t\t<div class=\"elementor-container elementor-column-gap-default\">\n\t\t\t\t\t<div class=\"elementor-column elementor-col-100 elementor-top-column elementor-element elementor-element-260cf53\" data-id=\"260cf53\" data-element_type=\"column\" data-e-type=\"column\">\n\t\t\t<div class=\"elementor-widget-wrap elementor-element-populated\">\n\t\t\t\t\t\t<div class=\"elementor-element elementor-element-66be01d elementor-widget elementor-widget-text-editor\" data-id=\"66be01d\" data-element_type=\"widget\" data-e-type=\"widget\" data-widget_type=\"text-editor.default\">\n\t\t\t\t<div class=\"elementor-widget-container\">\n\t\t\t\t\t\t\t\t\t<p>Si imparano a conoscere le emozioni di base e si scopre che in genere sono composte da diverse emozioni che si sovrappongono l'una all'altra. Ad esempio, si pu\u00f2 provare irritazione, che \u00e8 composta da rabbia e disgusto.  Il nostro sistema nervoso \u00e8 cos\u00ec veloce che pu\u00f2 trasmettere diversi segnali emotivi contemporaneamente per formare emozioni complesse. La nostra tecnologia permette di visualizzarle. E finalmente si pu\u00f2 capire cosa si sta trasmettendo. Potete rendervi conto che state inviando segnali emotivi contraddittori che possono coesistere senza problemi e senza che ve ne rendiate conto.<\/p>\t\t\t\t\t\t\t\t<\/div>\n\t\t\t\t<\/div>\n\t\t\t\t\t<\/div>\n\t\t<\/div>\n\t\t\t\t\t<\/div>\n\t\t<\/section>\n\t\t\t\t<section class=\"elementor-section elementor-top-section elementor-element elementor-element-93ce17a elementor-section-boxed elementor-section-height-default elementor-section-height-default\" data-id=\"93ce17a\" data-element_type=\"section\" data-e-type=\"section\">\n\t\t\t\t\t\t<div class=\"elementor-container elementor-column-gap-default\">\n\t\t\t\t\t<div class=\"elementor-column elementor-col-100 elementor-top-column elementor-element elementor-element-7622fad\" data-id=\"7622fad\" data-element_type=\"column\" data-e-type=\"column\" data-settings=\"{&quot;background_background&quot;:&quot;classic&quot;}\">\n\t\t\t<div class=\"elementor-widget-wrap elementor-element-populated\">\n\t\t\t\t\t\t<div class=\"elementor-element elementor-element-70118f2 elementor-widget elementor-widget-heading\" data-id=\"70118f2\" data-element_type=\"widget\" data-e-type=\"widget\" data-widget_type=\"heading.default\">\n\t\t\t\t<div class=\"elementor-widget-container\">\n\t\t\t\t\t<h2 class=\"elementor-heading-title elementor-size-default\">Il nostro specchio magico<\/h2>\t\t\t\t<\/div>\n\t\t\t\t<\/div>\n\t\t\t\t\t<\/div>\n\t\t<\/div>\n\t\t\t\t\t<\/div>\n\t\t<\/section>\n\t\t\t\t<section class=\"elementor-section elementor-top-section elementor-element elementor-element-4f09956 elementor-section-boxed elementor-section-height-default elementor-section-height-default\" data-id=\"4f09956\" data-element_type=\"section\" data-e-type=\"section\">\n\t\t\t\t\t\t<div class=\"elementor-container elementor-column-gap-default\">\n\t\t\t\t\t<div class=\"elementor-column elementor-col-100 elementor-top-column elementor-element elementor-element-859b36c\" data-id=\"859b36c\" data-element_type=\"column\" data-e-type=\"column\">\n\t\t\t<div class=\"elementor-widget-wrap elementor-element-populated\">\n\t\t\t\t\t\t<div class=\"elementor-element elementor-element-ce68400 elementor-widget elementor-widget-text-editor\" data-id=\"ce68400\" data-element_type=\"widget\" data-e-type=\"widget\" data-widget_type=\"text-editor.default\">\n\t\t\t\t<div class=\"elementor-widget-container\">\n\t\t\t\t\t\t\t\t\t<p>Il nostro \"specchio magico\" vi permette di prendere coscienza delle vostre emozioni. Non cercherete pi\u00f9 di controllarle, ma le vedrete come una guida allo sviluppo per migliorare il vostro impatto professionale. A poco a poco, diventano una potente leva per migliorare le vostre relazioni e la vostra postura.<\/p>\t\t\t\t\t\t\t\t<\/div>\n\t\t\t\t<\/div>\n\t\t\t\t\t<\/div>\n\t\t<\/div>\n\t\t\t\t\t<\/div>\n\t\t<\/section>\n\t\t\t\t<section class=\"elementor-section elementor-top-section elementor-element elementor-element-c06b07c elementor-section-boxed elementor-section-height-default elementor-section-height-default\" data-id=\"c06b07c\" data-element_type=\"section\" data-e-type=\"section\">\n\t\t\t\t\t\t<div class=\"elementor-container elementor-column-gap-default\">\n\t\t\t\t\t<div class=\"elementor-column elementor-col-100 elementor-top-column elementor-element elementor-element-2442596\" data-id=\"2442596\" data-element_type=\"column\" data-e-type=\"column\">\n\t\t\t<div class=\"elementor-widget-wrap elementor-element-populated\">\n\t\t\t\t\t\t<div class=\"elementor-element elementor-element-a8ad86d elementor-widget elementor-widget-image\" data-id=\"a8ad86d\" data-element_type=\"widget\" data-e-type=\"widget\" data-widget_type=\"image.default\">\n\t\t\t\t<div class=\"elementor-widget-container\">\n\t\t\t\t\t\t\t\t\t\t\t\t\t\t\t\t<a href=\"https:\/\/infomaniak.events\/shop\/iqKAvq5nR2\/?utm_source=Site+web_+talk.swiss+&#038;utm_medium=site+web&#038;utm_campaign=Ev%C3%A9nement+talk+30+mai+%20\">\n\t\t\t\t\t\t\t<img loading=\"lazy\" decoding=\"async\" width=\"2048\" height=\"570\" src=\"https:\/\/talk.swiss\/wp-content\/uploads\/2024\/04\/banner_article.jpg\" class=\"attachment-full size-full wp-image-7144\" alt=\"\" srcset=\"https:\/\/talk.swiss\/wp-content\/uploads\/2024\/04\/banner_article.jpg 2048w, https:\/\/talk.swiss\/wp-content\/uploads\/2024\/04\/banner_article-300x83.jpg 300w, https:\/\/talk.swiss\/wp-content\/uploads\/2024\/04\/banner_article-1024x285.jpg 1024w, https:\/\/talk.swiss\/wp-content\/uploads\/2024\/04\/banner_article-768x214.jpg 768w, https:\/\/talk.swiss\/wp-content\/uploads\/2024\/04\/banner_article-1536x428.jpg 1536w, https:\/\/talk.swiss\/wp-content\/uploads\/2024\/04\/banner_article-18x5.jpg 18w\" sizes=\"(max-width: 2048px) 100vw, 2048px\" \/>\t\t\t\t\t\t\t\t<\/a>\n\t\t\t\t\t\t\t\t\t\t\t\t\t\t\t<\/div>\n\t\t\t\t<\/div>\n\t\t\t\t\t<\/div>\n\t\t<\/div>\n\t\t\t\t\t<\/div>\n\t\t<\/section>\n\t\t\t\t<section class=\"elementor-section elementor-top-section elementor-element elementor-element-b87dd6f elementor-section-boxed elementor-section-height-default elementor-section-height-default\" data-id=\"b87dd6f\" data-element_type=\"section\" data-e-type=\"section\">\n\t\t\t\t\t\t<div class=\"elementor-container elementor-column-gap-default\">\n\t\t\t\t\t<div class=\"elementor-column elementor-col-100 elementor-top-column elementor-element elementor-element-9af7b20\" data-id=\"9af7b20\" data-element_type=\"column\" data-e-type=\"column\">\n\t\t\t<div class=\"elementor-widget-wrap elementor-element-populated\">\n\t\t\t\t\t\t<div class=\"elementor-element elementor-element-09448d2 elementor-align-left elementor-widget__width-initial elementor-widget elementor-widget-button\" data-id=\"09448d2\" data-element_type=\"widget\" data-e-type=\"widget\" data-widget_type=\"button.default\">\n\t\t\t\t<div class=\"elementor-widget-container\">\n\t\t\t\t\t\t\t\t\t<div class=\"elementor-button-wrapper\">\n\t\t\t\t\t<a class=\"elementor-button elementor-button-link elementor-size-sm\" href=\"https:\/\/talk.swiss\/it\/solution\/\">\n\t\t\t\t\t\t<span class=\"elementor-button-content-wrapper\">\n\t\t\t\t\t\t\t\t\t<span class=\"elementor-button-text\">Scoprite la nostra soluzione<\/span>\n\t\t\t\t\t<\/span>\n\t\t\t\t\t<\/a>\n\t\t\t\t<\/div>\n\t\t\t\t\t\t\t\t<\/div>\n\t\t\t\t<\/div>\n\t\t\t\t\t<\/div>\n\t\t<\/div>\n\t\t\t\t\t<\/div>\n\t\t<\/section>\n\t\t\t\t<section class=\"elementor-section elementor-top-section elementor-element elementor-element-b38661c elementor-section-boxed elementor-section-height-default elementor-section-height-default\" data-id=\"b38661c\" data-element_type=\"section\" data-e-type=\"section\">\n\t\t\t\t\t\t<div class=\"elementor-container elementor-column-gap-default\">\n\t\t\t\t\t<div class=\"elementor-column elementor-col-50 elementor-top-column elementor-element elementor-element-29fc8c9\" data-id=\"29fc8c9\" data-element_type=\"column\" data-e-type=\"column\">\n\t\t\t<div class=\"elementor-widget-wrap elementor-element-populated\">\n\t\t\t\t\t\t<div class=\"elementor-element elementor-element-12aca51 elementor-widget elementor-widget-image\" data-id=\"12aca51\" data-element_type=\"widget\" data-e-type=\"widget\" data-widget_type=\"image.default\">\n\t\t\t\t<div class=\"elementor-widget-container\">\n\t\t\t\t\t\t\t\t\t\t\t\t\t\t\t<img loading=\"lazy\" decoding=\"async\" width=\"1118\" height=\"1118\" src=\"https:\/\/talk.swiss\/wp-content\/uploads\/2023\/12\/Team-Laurent-Vuarraz.webp\" class=\"attachment-full size-full wp-image-5698\" alt=\"Laurent Vuarraz\" srcset=\"https:\/\/talk.swiss\/wp-content\/uploads\/2023\/12\/Team-Laurent-Vuarraz.webp 1118w, https:\/\/talk.swiss\/wp-content\/uploads\/2023\/12\/Team-Laurent-Vuarraz-300x300.webp 300w, https:\/\/talk.swiss\/wp-content\/uploads\/2023\/12\/Team-Laurent-Vuarraz-1024x1024.webp 1024w, https:\/\/talk.swiss\/wp-content\/uploads\/2023\/12\/Team-Laurent-Vuarraz-150x150.webp 150w, https:\/\/talk.swiss\/wp-content\/uploads\/2023\/12\/Team-Laurent-Vuarraz-768x768.webp 768w, https:\/\/talk.swiss\/wp-content\/uploads\/2023\/12\/Team-Laurent-Vuarraz-12x12.webp 12w, https:\/\/talk.swiss\/wp-content\/uploads\/2023\/12\/Team-Laurent-Vuarraz-1000x1000.webp 1000w, https:\/\/talk.swiss\/wp-content\/uploads\/2023\/12\/Team-Laurent-Vuarraz-100x100.webp 100w\" sizes=\"(max-width: 1118px) 100vw, 1118px\" \/>\t\t\t\t\t\t\t\t\t\t\t\t\t\t\t<\/div>\n\t\t\t\t<\/div>\n\t\t\t\t\t<\/div>\n\t\t<\/div>\n\t\t\t\t<div class=\"elementor-column elementor-col-50 elementor-top-column elementor-element elementor-element-4330d2f\" data-id=\"4330d2f\" data-element_type=\"column\" data-e-type=\"column\">\n\t\t\t<div class=\"elementor-widget-wrap elementor-element-populated\">\n\t\t\t\t\t\t<div class=\"elementor-element elementor-element-c680a92 elementor-widget elementor-widget-text-editor\" data-id=\"c680a92\" data-element_type=\"widget\" data-e-type=\"widget\" data-widget_type=\"text-editor.default\">\n\t\t\t\t<div class=\"elementor-widget-container\">\n\t\t\t\t\t\t\t\t\t<p>Articolo presentato da Laurent Vuarraz Voisin<\/p>\t\t\t\t\t\t\t\t<\/div>\n\t\t\t\t<\/div>\n\t\t\t\t<div class=\"elementor-element elementor-element-0641b10 elementor-widget elementor-widget-text-editor\" data-id=\"0641b10\" data-element_type=\"widget\" data-e-type=\"widget\" data-widget_type=\"text-editor.default\">\n\t\t\t\t<div class=\"elementor-widget-container\">\n\t\t\t\t\t\t\t\t\t<p>Con un background in scienze umane e intelligenza collettiva, Laurent Vuarraz Voisin aiuta le organizzazioni a sperimentare nuove forme di governance condivisa e un nuovo posizionamento della leadership. Ha fondato TALK nel 2011, consolidando le sue competenze nel campo delle risorse umane e dei media. Specialista della comunicazione con oltre 20 anni di esperienza come giornalista, produttore e manager presso la RTS, il suo approccio e i suoi interventi si basano sulla sinergia delle sue diverse competenze. Centrata sulla postura del manager, la sua pratica pone l'individuo come attore del cambiamento e la relazione come motore del coinvolgimento. La sua capacit\u00e0 di ascolto e di adattamento le permette di rivelare il significato e di mettere in comune le risorse individuali attraverso la co-costruzione.<\/p>\t\t\t\t\t\t\t\t<\/div>\n\t\t\t\t<\/div>\n\t\t\t\t\t<\/div>\n\t\t<\/div>\n\t\t\t\t\t<\/div>\n\t\t<\/section>\n\t\t\t\t<\/div>","protected":false},"excerpt":{"rendered":"<p>Le emozioni sono un riflesso autentico di ci\u00f2 che accade nel profondo. Scoprite come prendere coscienza del vostro universo emotivo e usarlo come potente leva per migliorare le vostre relazioni e la vostra postura.<\/p>","protected":false},"author":18,"featured_media":6968,"comment_status":"closed","ping_status":"closed","sticky":false,"template":"","format":"standard","meta":{"footnotes":""},"categories":[38],"tags":[48,47,49],"class_list":["post-6929","post","type-post","status-publish","format-standard","has-post-thumbnail","hentry","category-actus","tag-communication","tag-emotion","tag-prise-de-parole"],"yoast_head":"<!-- This site is optimized with the Yoast SEO plugin v28.3 - https:\/\/yoast.com\/product\/yoast-seo-wordpress\/ -->\n<title>Mes \u00e9motions : la plus-value pour une communication impactante - TALK.SWISS<\/title>\n<meta name=\"robots\" content=\"index, follow, max-snippet:-1, max-image-preview:large, max-video-preview:-1\" \/>\n<link rel=\"canonical\" href=\"https:\/\/talk.swiss\/it\/emotions-communication-impactante\/\" \/>\n<meta property=\"og:locale\" content=\"it_IT\" \/>\n<meta property=\"og:type\" content=\"article\" \/>\n<meta property=\"og:title\" content=\"Mes \u00e9motions : la plus-value pour une communication impactante - TALK.SWISS\" \/>\n<meta property=\"og:description\" content=\"Les \u00e9motions sont le reflet authentique de ce qui se passe au fond de nous-m\u00eames. D\u00e9couvrez comment prendre conscience de votre univers \u00e9motionnel et l\u2019utiliser comme un levier puissant pour am\u00e9liorer vos relations et votre posture.\" \/>\n<meta property=\"og:url\" content=\"https:\/\/talk.swiss\/it\/emotions-communication-impactante\/\" \/>\n<meta property=\"og:site_name\" content=\"TALK.SWISS\" \/>\n<meta property=\"article:published_time\" content=\"2024-03-21T22:48:20+00:00\" \/>\n<meta property=\"article:modified_time\" content=\"2024-05-07T10:31:57+00:00\" \/>\n<meta property=\"og:image\" content=\"https:\/\/talk.swiss\/wp-content\/uploads\/2024\/03\/pexels-andrea-piacquadio-3756168-1-scaled.jpg\" \/>\n\t<meta property=\"og:image:width\" content=\"2560\" \/>\n\t<meta property=\"og:image:height\" content=\"1707\" \/>\n\t<meta property=\"og:image:type\" content=\"image\/jpeg\" \/>\n<meta name=\"author\" content=\"TALK\" \/>\n<meta name=\"twitter:card\" content=\"summary_large_image\" \/>\n<meta name=\"twitter:label1\" content=\"Scritto da\" \/>\n\t<meta name=\"twitter:data1\" content=\"TALK\" \/>\n\t<meta name=\"twitter:label2\" content=\"Tempo di lettura stimato\" \/>\n\t<meta name=\"twitter:data2\" content=\"5 minuti\" \/>\n<script type=\"application\/ld+json\" class=\"yoast-schema-graph\">{\"@context\":\"https:\\\/\\\/schema.org\",\"@graph\":[{\"@type\":\"Article\",\"@id\":\"https:\\\/\\\/talk.swiss\\\/emotions-communication-impactante\\\/#article\",\"isPartOf\":{\"@id\":\"https:\\\/\\\/talk.swiss\\\/emotions-communication-impactante\\\/\"},\"author\":{\"name\":\"TALK\",\"@id\":\"https:\\\/\\\/talk.swiss\\\/#\\\/schema\\\/person\\\/1881fee19cecd45279fad94065e432cf\"},\"headline\":\"Mes \u00e9motions : la plus-value pour une communication impactante\",\"datePublished\":\"2024-03-21T22:48:20+00:00\",\"dateModified\":\"2024-05-07T10:31:57+00:00\",\"mainEntityOfPage\":{\"@id\":\"https:\\\/\\\/talk.swiss\\\/emotions-communication-impactante\\\/\"},\"wordCount\":833,\"publisher\":{\"@id\":\"https:\\\/\\\/talk.swiss\\\/#organization\"},\"image\":{\"@id\":\"https:\\\/\\\/talk.swiss\\\/emotions-communication-impactante\\\/#primaryimage\"},\"thumbnailUrl\":\"https:\\\/\\\/talk.swiss\\\/wp-content\\\/uploads\\\/2024\\\/03\\\/pexels-andrea-piacquadio-3756168-1-scaled.jpg\",\"keywords\":[\"Communication\",\"Emotion\",\"Prise de parole\"],\"articleSection\":[\"Blog\"],\"inLanguage\":\"it-IT\"},{\"@type\":\"WebPage\",\"@id\":\"https:\\\/\\\/talk.swiss\\\/emotions-communication-impactante\\\/\",\"url\":\"https:\\\/\\\/talk.swiss\\\/emotions-communication-impactante\\\/\",\"name\":\"Mes \u00e9motions : la plus-value pour une communication impactante - TALK.SWISS\",\"isPartOf\":{\"@id\":\"https:\\\/\\\/talk.swiss\\\/#website\"},\"primaryImageOfPage\":{\"@id\":\"https:\\\/\\\/talk.swiss\\\/emotions-communication-impactante\\\/#primaryimage\"},\"image\":{\"@id\":\"https:\\\/\\\/talk.swiss\\\/emotions-communication-impactante\\\/#primaryimage\"},\"thumbnailUrl\":\"https:\\\/\\\/talk.swiss\\\/wp-content\\\/uploads\\\/2024\\\/03\\\/pexels-andrea-piacquadio-3756168-1-scaled.jpg\",\"datePublished\":\"2024-03-21T22:48:20+00:00\",\"dateModified\":\"2024-05-07T10:31:57+00:00\",\"breadcrumb\":{\"@id\":\"https:\\\/\\\/talk.swiss\\\/emotions-communication-impactante\\\/#breadcrumb\"},\"inLanguage\":\"it-IT\",\"potentialAction\":[{\"@type\":\"ReadAction\",\"target\":[\"https:\\\/\\\/talk.swiss\\\/emotions-communication-impactante\\\/\"]}]},{\"@type\":\"ImageObject\",\"inLanguage\":\"it-IT\",\"@id\":\"https:\\\/\\\/talk.swiss\\\/emotions-communication-impactante\\\/#primaryimage\",\"url\":\"https:\\\/\\\/talk.swiss\\\/wp-content\\\/uploads\\\/2024\\\/03\\\/pexels-andrea-piacquadio-3756168-1-scaled.jpg\",\"contentUrl\":\"https:\\\/\\\/talk.swiss\\\/wp-content\\\/uploads\\\/2024\\\/03\\\/pexels-andrea-piacquadio-3756168-1-scaled.jpg\",\"width\":2560,\"height\":1707},{\"@type\":\"BreadcrumbList\",\"@id\":\"https:\\\/\\\/talk.swiss\\\/emotions-communication-impactante\\\/#breadcrumb\",\"itemListElement\":[{\"@type\":\"ListItem\",\"position\":1,\"name\":\"Accueil\",\"item\":\"https:\\\/\\\/talk.swiss\\\/\"},{\"@type\":\"ListItem\",\"position\":2,\"name\":\"Mes \u00e9motions : la plus-value pour une communication impactante\"}]},{\"@type\":\"WebSite\",\"@id\":\"https:\\\/\\\/talk.swiss\\\/#website\",\"url\":\"https:\\\/\\\/talk.swiss\\\/\",\"name\":\"TALK.SWISS\",\"description\":\"Talk, la parole au centre\",\"publisher\":{\"@id\":\"https:\\\/\\\/talk.swiss\\\/#organization\"},\"potentialAction\":[{\"@type\":\"SearchAction\",\"target\":{\"@type\":\"EntryPoint\",\"urlTemplate\":\"https:\\\/\\\/talk.swiss\\\/?s={search_term_string}\"},\"query-input\":{\"@type\":\"PropertyValueSpecification\",\"valueRequired\":true,\"valueName\":\"search_term_string\"}}],\"inLanguage\":\"it-IT\"},{\"@type\":\"Organization\",\"@id\":\"https:\\\/\\\/talk.swiss\\\/#organization\",\"name\":\"TALK.SWISS\",\"url\":\"https:\\\/\\\/talk.swiss\\\/\",\"logo\":{\"@type\":\"ImageObject\",\"inLanguage\":\"it-IT\",\"@id\":\"https:\\\/\\\/talk.swiss\\\/#\\\/schema\\\/logo\\\/image\\\/\",\"url\":\"https:\\\/\\\/talk.swiss\\\/wp-content\\\/uploads\\\/2022\\\/08\\\/cropped-Talk_logo.png\",\"contentUrl\":\"https:\\\/\\\/talk.swiss\\\/wp-content\\\/uploads\\\/2022\\\/08\\\/cropped-Talk_logo.png\",\"width\":400,\"height\":400,\"caption\":\"TALK.SWISS\"},\"image\":{\"@id\":\"https:\\\/\\\/talk.swiss\\\/#\\\/schema\\\/logo\\\/image\\\/\"}},{\"@type\":\"Person\",\"@id\":\"https:\\\/\\\/talk.swiss\\\/#\\\/schema\\\/person\\\/1881fee19cecd45279fad94065e432cf\",\"name\":\"TALK\",\"image\":{\"@type\":\"ImageObject\",\"inLanguage\":\"it-IT\",\"@id\":\"https:\\\/\\\/secure.gravatar.com\\\/avatar\\\/a844e88bbef9d283565411206105d6790df914da829c2400e7bde0f0ddb2e2e9?s=96&d=mm&r=g\",\"url\":\"https:\\\/\\\/secure.gravatar.com\\\/avatar\\\/a844e88bbef9d283565411206105d6790df914da829c2400e7bde0f0ddb2e2e9?s=96&d=mm&r=g\",\"contentUrl\":\"https:\\\/\\\/secure.gravatar.com\\\/avatar\\\/a844e88bbef9d283565411206105d6790df914da829c2400e7bde0f0ddb2e2e9?s=96&d=mm&r=g\",\"caption\":\"TALK\"},\"url\":\"https:\\\/\\\/talk.swiss\\\/it\\\/author\\\/talktalk-swiss\\\/\"}]}<\/script>\n<!-- \/ Yoast SEO plugin. -->","yoast_head_json":{"title":"Le mie emozioni: un valore aggiunto per una comunicazione d'impatto - TALK.SWISS","robots":{"index":"index","follow":"follow","max-snippet":"max-snippet:-1","max-image-preview":"max-image-preview:large","max-video-preview":"max-video-preview:-1"},"canonical":"https:\/\/talk.swiss\/it\/emotions-communication-impactante\/","og_locale":"it_IT","og_type":"article","og_title":"Mes \u00e9motions : la plus-value pour une communication impactante - TALK.SWISS","og_description":"Les \u00e9motions sont le reflet authentique de ce qui se passe au fond de nous-m\u00eames. D\u00e9couvrez comment prendre conscience de votre univers \u00e9motionnel et l\u2019utiliser comme un levier puissant pour am\u00e9liorer vos relations et votre posture.","og_url":"https:\/\/talk.swiss\/it\/emotions-communication-impactante\/","og_site_name":"TALK.SWISS","article_published_time":"2024-03-21T22:48:20+00:00","article_modified_time":"2024-05-07T10:31:57+00:00","og_image":[{"width":2560,"height":1707,"url":"https:\/\/talk.swiss\/wp-content\/uploads\/2024\/03\/pexels-andrea-piacquadio-3756168-1-scaled.jpg","type":"image\/jpeg"}],"author":"TALK","twitter_card":"summary_large_image","twitter_misc":{"Scritto da":"TALK","Tempo di lettura stimato":"5 minuti"},"schema":{"@context":"https:\/\/schema.org","@graph":[{"@type":"Article","@id":"https:\/\/talk.swiss\/emotions-communication-impactante\/#article","isPartOf":{"@id":"https:\/\/talk.swiss\/emotions-communication-impactante\/"},"author":{"name":"TALK","@id":"https:\/\/talk.swiss\/#\/schema\/person\/1881fee19cecd45279fad94065e432cf"},"headline":"Mes \u00e9motions : la plus-value pour une communication impactante","datePublished":"2024-03-21T22:48:20+00:00","dateModified":"2024-05-07T10:31:57+00:00","mainEntityOfPage":{"@id":"https:\/\/talk.swiss\/emotions-communication-impactante\/"},"wordCount":833,"publisher":{"@id":"https:\/\/talk.swiss\/#organization"},"image":{"@id":"https:\/\/talk.swiss\/emotions-communication-impactante\/#primaryimage"},"thumbnailUrl":"https:\/\/talk.swiss\/wp-content\/uploads\/2024\/03\/pexels-andrea-piacquadio-3756168-1-scaled.jpg","keywords":["Communication","Emotion","Prise de parole"],"articleSection":["Blog"],"inLanguage":"it-IT"},{"@type":"WebPage","@id":"https:\/\/talk.swiss\/emotions-communication-impactante\/","url":"https:\/\/talk.swiss\/emotions-communication-impactante\/","name":"Le mie emozioni: un valore aggiunto per una comunicazione d'impatto - TALK.SWISS","isPartOf":{"@id":"https:\/\/talk.swiss\/#website"},"primaryImageOfPage":{"@id":"https:\/\/talk.swiss\/emotions-communication-impactante\/#primaryimage"},"image":{"@id":"https:\/\/talk.swiss\/emotions-communication-impactante\/#primaryimage"},"thumbnailUrl":"https:\/\/talk.swiss\/wp-content\/uploads\/2024\/03\/pexels-andrea-piacquadio-3756168-1-scaled.jpg","datePublished":"2024-03-21T22:48:20+00:00","dateModified":"2024-05-07T10:31:57+00:00","breadcrumb":{"@id":"https:\/\/talk.swiss\/emotions-communication-impactante\/#breadcrumb"},"inLanguage":"it-IT","potentialAction":[{"@type":"ReadAction","target":["https:\/\/talk.swiss\/emotions-communication-impactante\/"]}]},{"@type":"ImageObject","inLanguage":"it-IT","@id":"https:\/\/talk.swiss\/emotions-communication-impactante\/#primaryimage","url":"https:\/\/talk.swiss\/wp-content\/uploads\/2024\/03\/pexels-andrea-piacquadio-3756168-1-scaled.jpg","contentUrl":"https:\/\/talk.swiss\/wp-content\/uploads\/2024\/03\/pexels-andrea-piacquadio-3756168-1-scaled.jpg","width":2560,"height":1707},{"@type":"BreadcrumbList","@id":"https:\/\/talk.swiss\/emotions-communication-impactante\/#breadcrumb","itemListElement":[{"@type":"ListItem","position":1,"name":"Accueil","item":"https:\/\/talk.swiss\/"},{"@type":"ListItem","position":2,"name":"Mes \u00e9motions : la plus-value pour une communication impactante"}]},{"@type":"WebSite","@id":"https:\/\/talk.swiss\/#website","url":"https:\/\/talk.swiss\/","name":"TALK.SWISS","description":"Parlare, la parola al centro","publisher":{"@id":"https:\/\/talk.swiss\/#organization"},"potentialAction":[{"@type":"SearchAction","target":{"@type":"EntryPoint","urlTemplate":"https:\/\/talk.swiss\/?s={search_term_string}"},"query-input":{"@type":"PropertyValueSpecification","valueRequired":true,"valueName":"search_term_string"}}],"inLanguage":"it-IT"},{"@type":"Organization","@id":"https:\/\/talk.swiss\/#organization","name":"TALK.SWISS","url":"https:\/\/talk.swiss\/","logo":{"@type":"ImageObject","inLanguage":"it-IT","@id":"https:\/\/talk.swiss\/#\/schema\/logo\/image\/","url":"https:\/\/talk.swiss\/wp-content\/uploads\/2022\/08\/cropped-Talk_logo.png","contentUrl":"https:\/\/talk.swiss\/wp-content\/uploads\/2022\/08\/cropped-Talk_logo.png","width":400,"height":400,"caption":"TALK.SWISS"},"image":{"@id":"https:\/\/talk.swiss\/#\/schema\/logo\/image\/"}},{"@type":"Person","@id":"https:\/\/talk.swiss\/#\/schema\/person\/1881fee19cecd45279fad94065e432cf","name":"PARLARE","image":{"@type":"ImageObject","inLanguage":"it-IT","@id":"https:\/\/secure.gravatar.com\/avatar\/a844e88bbef9d283565411206105d6790df914da829c2400e7bde0f0ddb2e2e9?s=96&d=mm&r=g","url":"https:\/\/secure.gravatar.com\/avatar\/a844e88bbef9d283565411206105d6790df914da829c2400e7bde0f0ddb2e2e9?s=96&d=mm&r=g","contentUrl":"https:\/\/secure.gravatar.com\/avatar\/a844e88bbef9d283565411206105d6790df914da829c2400e7bde0f0ddb2e2e9?s=96&d=mm&r=g","caption":"TALK"},"url":"https:\/\/talk.swiss\/it\/author\/talktalk-swiss\/"}]}},"_links":{"self":[{"href":"https:\/\/talk.swiss\/it\/wp-json\/wp\/v2\/posts\/6929","targetHints":{"allow":["GET"]}}],"collection":[{"href":"https:\/\/talk.swiss\/it\/wp-json\/wp\/v2\/posts"}],"about":[{"href":"https:\/\/talk.swiss\/it\/wp-json\/wp\/v2\/types\/post"}],"author":[{"embeddable":true,"href":"https:\/\/talk.swiss\/it\/wp-json\/wp\/v2\/users\/18"}],"replies":[{"embeddable":true,"href":"https:\/\/talk.swiss\/it\/wp-json\/wp\/v2\/comments?post=6929"}],"version-history":[{"count":128,"href":"https:\/\/talk.swiss\/it\/wp-json\/wp\/v2\/posts\/6929\/revisions"}],"predecessor-version":[{"id":7261,"href":"https:\/\/talk.swiss\/it\/wp-json\/wp\/v2\/posts\/6929\/revisions\/7261"}],"wp:featuredmedia":[{"embeddable":true,"href":"https:\/\/talk.swiss\/it\/wp-json\/wp\/v2\/media\/6968"}],"wp:attachment":[{"href":"https:\/\/talk.swiss\/it\/wp-json\/wp\/v2\/media?parent=6929"}],"wp:term":[{"taxonomy":"category","embeddable":true,"href":"https:\/\/talk.swiss\/it\/wp-json\/wp\/v2\/categories?post=6929"},{"taxonomy":"post_tag","embeddable":true,"href":"https:\/\/talk.swiss\/it\/wp-json\/wp\/v2\/tags?post=6929"}],"curies":[{"name":"wp","href":"https:\/\/api.w.org\/{rel}","templated":true}]}}