{"id":6753,"date":"2023-10-16T11:51:00","date_gmt":"2023-10-16T09:51:00","guid":{"rendered":"https:\/\/talk.swiss\/?p=6753"},"modified":"2024-04-11T14:18:01","modified_gmt":"2024-04-11T12:18:01","slug":"arcinfo-talk-swiss-une-app-pour-apprendre-a-parler-en-public","status":"publish","type":"post","link":"https:\/\/talk.swiss\/it\/arcinfo-talk-swiss-une-app-pour-apprendre-a-parler-en-public\/","title":{"rendered":"ArcInfo: TALK.SWISS, un'applicazione per imparare a parlare in pubblico"},"content":{"rendered":"<div data-elementor-type=\"wp-post\" data-elementor-id=\"6753\" class=\"elementor elementor-6753\" data-elementor-post-type=\"post\">\n\t\t\t\t\t\t<section class=\"elementor-section elementor-top-section elementor-element elementor-element-5921726 elementor-section-boxed elementor-section-height-default elementor-section-height-default\" data-id=\"5921726\" data-element_type=\"section\" data-e-type=\"section\">\n\t\t\t\t\t\t<div class=\"elementor-container elementor-column-gap-default\">\n\t\t\t\t\t<div class=\"elementor-column elementor-col-100 elementor-top-column elementor-element elementor-element-62fc3165\" data-id=\"62fc3165\" data-element_type=\"column\" data-e-type=\"column\">\n\t\t\t<div class=\"elementor-widget-wrap elementor-element-populated\">\n\t\t\t\t\t\t<div class=\"elementor-element elementor-element-6cb3b78b elementor-widget elementor-widget-heading\" data-id=\"6cb3b78b\" data-element_type=\"widget\" data-e-type=\"widget\" data-widget_type=\"heading.default\">\n\t\t\t\t<div class=\"elementor-widget-container\">\n\t\t\t\t\t<h3 class=\"elementor-heading-title elementor-size-default\">ArcInfo - Di Tiphaine B\u00fchler<\/h3>\t\t\t\t<\/div>\n\t\t\t\t<\/div>\n\t\t\t\t<div class=\"elementor-element elementor-element-33064d5 elementor-widget-divider--view-line elementor-widget elementor-widget-divider\" data-id=\"33064d5\" data-element_type=\"widget\" data-e-type=\"widget\" data-widget_type=\"divider.default\">\n\t\t\t\t<div class=\"elementor-widget-container\">\n\t\t\t\t\t\t\t<div class=\"elementor-divider\">\n\t\t\t<span class=\"elementor-divider-separator\">\n\t\t\t\t\t\t<\/span>\n\t\t<\/div>\n\t\t\t\t\t\t<\/div>\n\t\t\t\t<\/div>\n\t\t\t\t<div class=\"elementor-element elementor-element-5c488380 elementor-widget elementor-widget-text-editor\" data-id=\"5c488380\" data-element_type=\"widget\" data-e-type=\"widget\" data-widget_type=\"text-editor.default\">\n\t\t\t\t<div class=\"elementor-widget-container\">\n\t\t\t\t\t\t\t\t\t<p>PREMIO INNOVAZIONE BCN - Sognate di parlare in modo fluente e convincente? Con l'applicazione TALK.SWISS, potete ottenere un feedback immediato sulle vostre capacit\u00e0 oratorie e allenarvi in modo divertente.<\/p>\t\t\t\t\t\t\t\t<\/div>\n\t\t\t\t<\/div>\n\t\t\t\t\t<\/div>\n\t\t<\/div>\n\t\t\t\t\t<\/div>\n\t\t<\/section>\n\t\t\t\t<section class=\"elementor-section elementor-top-section elementor-element elementor-element-7992c6f elementor-section-boxed elementor-section-height-default elementor-section-height-default\" data-id=\"7992c6f\" data-element_type=\"section\" data-e-type=\"section\">\n\t\t\t\t\t\t<div class=\"elementor-container elementor-column-gap-default\">\n\t\t\t\t\t<div class=\"elementor-column elementor-col-100 elementor-top-column elementor-element elementor-element-ed322cb\" data-id=\"ed322cb\" data-element_type=\"column\" data-e-type=\"column\">\n\t\t\t<div class=\"elementor-widget-wrap elementor-element-populated\">\n\t\t\t\t\t\t<div class=\"elementor-element elementor-element-77bc7fa elementor-widget elementor-widget-image\" data-id=\"77bc7fa\" data-element_type=\"widget\" data-e-type=\"widget\" data-widget_type=\"image.default\">\n\t\t\t\t<div class=\"elementor-widget-container\">\n\t\t\t\t\t\t\t\t\t\t\t\t<figure class=\"wp-caption\">\n\t\t\t\t\t\t\t\t\t\t<img fetchpriority=\"high\" decoding=\"async\" width=\"1080\" height=\"810\" src=\"https:\/\/talk.swiss\/wp-content\/uploads\/2024\/02\/Laurent_Vuarraz_photo_Lucas_Vuitel.webp\" class=\"attachment-full size-full wp-image-6755\" alt=\"Laurent Vuarraz a implant\u00e9 sa soci\u00e9t\u00e9 Talk dans le canton de Neuch\u00e2tel en 2020; d\u2019abord \u00e0 Microcity, puis \u00e0 Marin. Elle compte aujourd&apos;hui une douzaine de collaborateurs. Photo: Lucas Vuitel\" srcset=\"https:\/\/talk.swiss\/wp-content\/uploads\/2024\/02\/Laurent_Vuarraz_photo_Lucas_Vuitel.webp 1080w, https:\/\/talk.swiss\/wp-content\/uploads\/2024\/02\/Laurent_Vuarraz_photo_Lucas_Vuitel-300x225.webp 300w, https:\/\/talk.swiss\/wp-content\/uploads\/2024\/02\/Laurent_Vuarraz_photo_Lucas_Vuitel-1024x768.webp 1024w, https:\/\/talk.swiss\/wp-content\/uploads\/2024\/02\/Laurent_Vuarraz_photo_Lucas_Vuitel-768x576.webp 768w, https:\/\/talk.swiss\/wp-content\/uploads\/2024\/02\/Laurent_Vuarraz_photo_Lucas_Vuitel-16x12.webp 16w\" sizes=\"(max-width: 1080px) 100vw, 1080px\" \/>\t\t\t\t\t\t\t\t\t\t\t<figcaption class=\"widget-image-caption wp-caption-text\">Laurent Vuarraz ha fondato la sua azienda Talk nel cantone di Neuch\u00e2tel nel 2020, prima a Microcity e poi a Marin. Oggi conta una dozzina di dipendenti. Foto: Lucas Vuitel<\/figcaption>\n\t\t\t\t\t\t\t\t\t\t<\/figure>\n\t\t\t\t\t\t\t\t\t<\/div>\n\t\t\t\t<\/div>\n\t\t\t\t\t<\/div>\n\t\t<\/div>\n\t\t\t\t\t<\/div>\n\t\t<\/section>\n\t\t\t\t<section class=\"elementor-section elementor-top-section elementor-element elementor-element-578ef8da elementor-section-boxed elementor-section-height-default elementor-section-height-default\" data-id=\"578ef8da\" data-element_type=\"section\" data-e-type=\"section\">\n\t\t\t\t\t\t<div class=\"elementor-container elementor-column-gap-default\">\n\t\t\t\t\t<div class=\"elementor-column elementor-col-100 elementor-top-column elementor-element elementor-element-50204d01\" data-id=\"50204d01\" data-element_type=\"column\" data-e-type=\"column\">\n\t\t\t<div class=\"elementor-widget-wrap elementor-element-populated\">\n\t\t\t\t\t\t<div class=\"elementor-element elementor-element-556e881e elementor-widget elementor-widget-text-editor\" data-id=\"556e881e\" data-element_type=\"widget\" data-e-type=\"widget\" data-widget_type=\"text-editor.default\">\n\t\t\t\t<div class=\"elementor-widget-container\">\n\t\t\t\t\t\t\t\t\t<p>Uno degli obiettivi della Banque cantonale neuch\u00e2teloise (BCN) \u00e8 quello di mantenere un tessuto economico dinamico e orientato al futuro. In quest'ottica, nel 2008 ha creato il Prix BCN Innovation per incrementare il proprio sostegno allo sviluppo del Cantone.<\/p><p>Questo premio vuole essere un trampolino di lancio per progetti locali innovativi, in modo che possano prosperare e contribuire a loro volta al circolo virtuoso della creazione di idee, valore e posti di lavoro.<\/p><p>Con un montepremi unico di 150.000 franchi svizzeri, il Premio BCN per l'innovazione \u00e8 uno dei maggiori riconoscimenti in Svizzera. In qualit\u00e0 di partner dell'evento, \"ArcInfo\" ha incontrato i tre finalisti del 2023: Talk.swiss, Solarsplit e SAVinsight.<\/p><p>Da oggi al 19 ottobre, quando saranno annunciati i vincitori, il vostro quotidiano presenter\u00e0 i ritratti di queste start-up, attive rispettivamente nel campo della comunicazione, dello sviluppo sostenibile e dei servizi post-vendita per l'orologeria. Scoprite di pi\u00f9 sulle avventure umane e tecnologiche che stanno dietro a queste innovazioni.<\/p><p>Ma parlare richiede un grande sforzo. Come si fa a sapere se ci si esprime bene, se si \u00e8 riusciti a catturare l'attenzione e a trasmettere il proprio messaggio? Soprattutto, come si pu\u00f2 migliorare se non si \u00e8 a proprio agio con la comunicazione orale? Non si tratta di domande insignificanti se si considera che il costo medio della cattiva comunicazione in un'azienda \u00e8 di 420.000 franchi all'anno per 100 persone, secondo uno studio del 2017 del World Economic Forum.<\/p>\t\t\t\t\t\t\t\t<\/div>\n\t\t\t\t<\/div>\n\t\t\t\t\t<\/div>\n\t\t<\/div>\n\t\t\t\t\t<\/div>\n\t\t<\/section>\n\t\t\t\t<section class=\"elementor-section elementor-top-section elementor-element elementor-element-bd94528 elementor-section-boxed elementor-section-height-default elementor-section-height-default\" data-id=\"bd94528\" data-element_type=\"section\" data-e-type=\"section\">\n\t\t\t\t\t\t<div class=\"elementor-container elementor-column-gap-default\">\n\t\t\t\t\t<div class=\"elementor-column elementor-col-100 elementor-top-column elementor-element elementor-element-17060da\" data-id=\"17060da\" data-element_type=\"column\" data-e-type=\"column\">\n\t\t\t<div class=\"elementor-widget-wrap elementor-element-populated\">\n\t\t\t\t\t\t<div class=\"elementor-element elementor-element-9638385 elementor-widget elementor-widget-heading\" data-id=\"9638385\" data-element_type=\"widget\" data-e-type=\"widget\" data-widget_type=\"heading.default\">\n\t\t\t\t<div class=\"elementor-widget-container\">\n\t\t\t\t\t<h3 class=\"elementor-heading-title elementor-size-default\">Analisi oggettiva<\/h3>\t\t\t\t<\/div>\n\t\t\t\t<\/div>\n\t\t\t\t<div class=\"elementor-element elementor-element-906032c elementor-widget elementor-widget-text-editor\" data-id=\"906032c\" data-element_type=\"widget\" data-e-type=\"widget\" data-widget_type=\"text-editor.default\">\n\t\t\t\t<div class=\"elementor-widget-container\">\n\t\t\t\t\t\t\t\t\t<p>La soluzione mobile Talk.swiss \u00e8 stata progettata per aiutarvi a sviluppare le vostre capacit\u00e0 oratorie attraverso un training semplice e indipendente. \"A mia conoscenza, non esiste attualmente uno strumento di misurazione approfondito e oggettivo che analizzi il modo di parlare con l'aiuto dell'intelligenza artificiale\", sottolinea il fondatore dell'azienda di Marin. \"La nostra tecnologia fornisce un feedback immediato e suggerisce aree di miglioramento tramite il vostro smartphone\". I corsi di perfezionamento, con un trainer in carne e ossa, arricchiscono l'offerta.<\/p>\t\t\t\t\t\t\t\t<\/div>\n\t\t\t\t<\/div>\n\t\t\t\t<div class=\"elementor-element elementor-element-6994341 elementor-widget__width-initial elementor-widget elementor-widget-heading\" data-id=\"6994341\" data-element_type=\"widget\" data-e-type=\"widget\" data-widget_type=\"heading.default\">\n\t\t\t\t<div class=\"elementor-widget-container\">\n\t\t\t\t\t<h3 class=\"elementor-heading-title elementor-size-default\">Ci innamoriamo, negoziamo, risolviamo problemi, <br>coinvolgi qualcuno con la tua parola. Laurent Vuarraz Voisin, CEO di TALK<\/h3>\t\t\t\t<\/div>\n\t\t\t\t<\/div>\n\t\t\t\t<div class=\"elementor-element elementor-element-f544e09 elementor-widget elementor-widget-text-editor\" data-id=\"f544e09\" data-element_type=\"widget\" data-e-type=\"widget\" data-widget_type=\"text-editor.default\">\n\t\t\t\t<div class=\"elementor-widget-container\">\n\t\t\t\t\t\t\t\t\t<p>Vengono presi in considerazione dodici indicatori di misurazione. Vengono analizzati gli aspetti verbali (le parole e le frasi utilizzate), paraverbali (voce, velocit\u00e0, disturbi) e non verbali (emozioni). \"Si ottiene una valutazione numerica delle proprie capacit\u00e0 orali. \u00c8 utile sia prima di parlare, quando si prepara un discorso, sia dopo\", spiega Laurent Vuarraz Voisin. Le microcapsule formative, tramite l'applicazione, sono poi mirate alle vostre esigenze.<\/p>\t\t\t\t\t\t\t\t<\/div>\n\t\t\t\t<\/div>\n\t\t\t\t\t<\/div>\n\t\t<\/div>\n\t\t\t\t\t<\/div>\n\t\t<\/section>\n\t\t\t\t<section class=\"elementor-section elementor-top-section elementor-element elementor-element-82d6553 elementor-section-boxed elementor-section-height-default elementor-section-height-default\" data-id=\"82d6553\" data-element_type=\"section\" data-e-type=\"section\">\n\t\t\t\t\t\t<div class=\"elementor-container elementor-column-gap-default\">\n\t\t\t\t\t<div class=\"elementor-column elementor-col-100 elementor-top-column elementor-element elementor-element-56c592a\" data-id=\"56c592a\" data-element_type=\"column\" data-e-type=\"column\">\n\t\t\t<div class=\"elementor-widget-wrap elementor-element-populated\">\n\t\t\t\t\t\t<div class=\"elementor-element elementor-element-744c377 elementor-widget elementor-widget-heading\" data-id=\"744c377\" data-element_type=\"widget\" data-e-type=\"widget\" data-widget_type=\"heading.default\">\n\t\t\t\t<div class=\"elementor-widget-container\">\n\t\t\t\t\t<h3 class=\"elementor-heading-title elementor-size-default\">Espansione in Europa<\/h3>\t\t\t\t<\/div>\n\t\t\t\t<\/div>\n\t\t\t\t<div class=\"elementor-element elementor-element-b9ea953 elementor-widget elementor-widget-text-editor\" data-id=\"b9ea953\" data-element_type=\"widget\" data-e-type=\"widget\" data-widget_type=\"text-editor.default\">\n\t\t\t\t<div class=\"elementor-widget-container\">\n\t\t\t\t\t\t\t\t\t<p>Dietro ogni nuova tecnologia c'\u00e8 un'avventura imprenditoriale. Talk.swiss \u00e8 nato a Orbe nel 2011. All'epoca Laurent Vuarraz Voisin era da solo. I suoi primi clienti sono stati Olivier Sandoz, vice direttore della F\u00e9d\u00e9ration des entrepreneurs romands, e Blaise Matthey, membro del comitato dell'Union patronale suisse.<\/p><p>\"All'epoca li filmavo e davo loro un rapporto di 15 pagine\", sorride il CEO. \"Oggi possono fare tutto con il loro telefono e ottenere un feedback immediato. La nostra tecnologia \u00e8 uno specchio magico! Inoltre, l'analisi \u00e8 molto pi\u00f9 raffinata grazie allo sviluppo della scienza dei dati\". Talk.swiss non memorizza i dati e gli utenti possono cancellarli in qualsiasi momento.<\/p><p>Interamente finanziata da Laurent Vuarraz Voisin, l'azienda si insedier\u00e0 nel cantone di Neuch\u00e2tel nel 2020, inizialmente presso <a href=\"https:\/\/www.arcinfo.ch\/mot-cles\/microcity\/\">Microcitt\u00e0<\/a>a Marin. Oggi conta una dozzina di dipendenti: sviluppatori, formatori in tre lingue e personale di vendita. I suoi clienti sono principalmente banche, compagnie di assicurazione e grandi gruppi. \"La domanda nell'ultimo anno \u00e8 stata vertiginosa\", afferma il capo, pronto ad affrontare il mercato europeo.<\/p><p>Entro il 2024, Talk.swiss intende espandersi in <a href=\"https:\/\/www.arcinfo.ch\/mot-cles\/france\/\">Francia<\/a>poi in <a href=\"https:\/\/www.arcinfo.ch\/mot-cles\/allemagne\/\">Germania<\/a>. Si tratta di una nuova fase che richiede finanziamenti, che l'azienda spera di ottenere vincendo il Premio Innovazione BCN. \"La nostra tecnologia \u00e8 pronta. Possiamo sviluppare un programma di formazione strategica per 100.000 persone in 20 lingue\", sottolinea il perfezionista. Formare venditori, addetti alle risorse umane, manager o qualsiasi dipendente di un'azienda a esprimersi in modo convincente diventer\u00e0 facile.<\/p><p>Quindi, se c'\u00e8 un candidato che si trover\u00e0 a suo agio alla cerimonia del Prix BCN Innovation il 19 ottobre, sar\u00e0 Laurent Vuarraz Voisin. No? \"Ne abbiamo parlato questa mattina con Simon e Romain, gli sviluppatori di Talk.swiss che saranno sul palco con me\", ride il personaggio radiofonico. \"Forse prima faremo un po' di coaching.<\/p>\t\t\t\t\t\t\t\t<\/div>\n\t\t\t\t<\/div>\n\t\t\t\t\t<\/div>\n\t\t<\/div>\n\t\t\t\t\t<\/div>\n\t\t<\/section>\n\t\t\t\t<section class=\"elementor-section elementor-top-section elementor-element elementor-element-89234ba elementor-section-boxed elementor-section-height-default elementor-section-height-default\" data-id=\"89234ba\" data-element_type=\"section\" data-e-type=\"section\">\n\t\t\t\t\t\t<div class=\"elementor-container elementor-column-gap-default\">\n\t\t\t\t\t<div class=\"elementor-column elementor-col-100 elementor-top-column elementor-element elementor-element-5edb8b8\" data-id=\"5edb8b8\" data-element_type=\"column\" data-e-type=\"column\">\n\t\t\t<div class=\"elementor-widget-wrap elementor-element-populated\">\n\t\t\t\t\t\t<div class=\"elementor-element elementor-element-e45efbb elementor-widget elementor-widget-heading\" data-id=\"e45efbb\" data-element_type=\"widget\" data-e-type=\"widget\" data-widget_type=\"heading.default\">\n\t\t\t\t<div class=\"elementor-widget-container\">\n\t\t\t\t\t<h3 class=\"elementor-heading-title elementor-size-default\">Dimmi come parlare meglio<\/h3>\t\t\t\t<\/div>\n\t\t\t\t<\/div>\n\t\t\t\t<div class=\"elementor-element elementor-element-201ad5b elementor-widget elementor-widget-image\" data-id=\"201ad5b\" data-element_type=\"widget\" data-e-type=\"widget\" data-widget_type=\"image.default\">\n\t\t\t\t<div class=\"elementor-widget-container\">\n\t\t\t\t\t\t\t\t\t\t\t\t<figure class=\"wp-caption\">\n\t\t\t\t\t\t\t\t\t\t<img decoding=\"async\" width=\"1400\" height=\"934\" src=\"https:\/\/talk.swiss\/wp-content\/uploads\/2024\/02\/Talk_APP_ArcInfo.webp\" class=\"attachment-full size-full wp-image-6774\" alt=\"Talk APP ArcInfo\" srcset=\"https:\/\/talk.swiss\/wp-content\/uploads\/2024\/02\/Talk_APP_ArcInfo.webp 1400w, https:\/\/talk.swiss\/wp-content\/uploads\/2024\/02\/Talk_APP_ArcInfo-300x200.webp 300w, https:\/\/talk.swiss\/wp-content\/uploads\/2024\/02\/Talk_APP_ArcInfo-1024x683.webp 1024w, https:\/\/talk.swiss\/wp-content\/uploads\/2024\/02\/Talk_APP_ArcInfo-768x512.webp 768w, https:\/\/talk.swiss\/wp-content\/uploads\/2024\/02\/Talk_APP_ArcInfo-18x12.webp 18w\" sizes=\"(max-width: 1400px) 100vw, 1400px\" \/>\t\t\t\t\t\t\t\t\t\t\t<figcaption class=\"widget-image-caption wp-caption-text\">L'applicazione Talk tiene conto di dodici indicatori di misurazione. Vengono analizzati gli aspetti verbali (parole e frasi utilizzate), paraverbali (voce, velocit\u00e0, disturbi) e non verbali (emozioni). Foto: Lucas Vuitel<\/figcaption>\n\t\t\t\t\t\t\t\t\t\t<\/figure>\n\t\t\t\t\t\t\t\t\t<\/div>\n\t\t\t\t<\/div>\n\t\t\t\t<div class=\"elementor-element elementor-element-b657a92 elementor-widget elementor-widget-text-editor\" data-id=\"b657a92\" data-element_type=\"widget\" data-e-type=\"widget\" data-widget_type=\"text-editor.default\">\n\t\t\t\t<div class=\"elementor-widget-container\">\n\t\t\t\t\t\t\t\t\t<p>Cosa mostra l'analisi numerica di Talk? Vengono contati i disturbi linguistici. Se si hanno pi\u00f9 di cinque incidenti, si perde credibilit\u00e0. Lo stesso vale per l'uso delle forme passive: vanno evitate se si vuole essere convincenti.<\/p><p>Anche la respirazione \u00e8 essenziale. Rivela quanto sia stressato l'oratore. Inoltre, il discorso non deve essere pi\u00f9 lungo di 9 secondi, con gruppi di parole che abbiano un significato proprio. \u00c8 necessario punteggiare il discorso per evitare di stancare il pubblico. Anche variare la velocit\u00e0 da veloce a lenta aiuta a mantenere l'attenzione. I silenzi sono fondamentali. \u00c8 un elemento che troppo spesso viene trascurato quando si parla a un pubblico. Essi rendono pi\u00f9 facile ricordare ci\u00f2 che si sta dicendo.<\/p><p>La distribuzione delle emozioni deve essere padroneggiata. L'intelligenza artificiale (AI) di Talk cercher\u00e0 i muscoli del viso, valutando la paura, la rabbia, la neutralit\u00e0, ecc. \"L'AI permette anche di correlare tutti gli elementi. Ad esempio, i disturbi avranno un peso minore se vengono utilizzati per generare emozioni\", osserva Laurent Vuarraz.<\/p><p>D'altra parte, i tic linguistici, gli accenti e le abitudini culturali rappresentano ancora una sfida per l'applicazione. Lo stesso vale per la contestualizzazione. Non si parler\u00e0 allo stesso modo a un pubblico giovane e a dirigenti di alto livello. Talk sta lavorando su questi punti in particolare durante le masterclass e sta preparando una versione che include i dialetti tedeschi.<\/p>\t\t\t\t\t\t\t\t<\/div>\n\t\t\t\t<\/div>\n\t\t\t\t\t<\/div>\n\t\t<\/div>\n\t\t\t\t\t<\/div>\n\t\t<\/section>\n\t\t\t\t<section class=\"elementor-section elementor-top-section elementor-element elementor-element-af58915 elementor-section-boxed elementor-section-height-default elementor-section-height-default\" data-id=\"af58915\" data-element_type=\"section\" data-e-type=\"section\">\n\t\t\t\t\t\t<div class=\"elementor-container elementor-column-gap-default\">\n\t\t\t\t\t<div class=\"elementor-column elementor-col-100 elementor-top-column elementor-element elementor-element-d13ca9f\" data-id=\"d13ca9f\" data-element_type=\"column\" data-e-type=\"column\">\n\t\t\t<div class=\"elementor-widget-wrap elementor-element-populated\">\n\t\t\t\t\t\t<div class=\"elementor-element elementor-element-67a6a3c elementor-align-left elementor-widget__width-initial elementor-widget elementor-widget-button\" data-id=\"67a6a3c\" data-element_type=\"widget\" data-e-type=\"widget\" data-widget_type=\"button.default\">\n\t\t\t\t<div class=\"elementor-widget-container\">\n\t\t\t\t\t\t\t\t\t<div class=\"elementor-button-wrapper\">\n\t\t\t\t\t<a class=\"elementor-button elementor-button-link elementor-size-sm\" href=\"https:\/\/www.arcinfo.ch\/neuchatel-canton\/littoral\/la-tene\/talkswiss-une-app-pour-apprendre-a-parler-en-public-1328806\" target=\"_blank\">\n\t\t\t\t\t\t<span class=\"elementor-button-content-wrapper\">\n\t\t\t\t\t\t\t\t\t<span class=\"elementor-button-text\">Leggi l'articolo<\/span>\n\t\t\t\t\t<\/span>\n\t\t\t\t\t<\/a>\n\t\t\t\t<\/div>\n\t\t\t\t\t\t\t\t<\/div>\n\t\t\t\t<\/div>\n\t\t\t\t\t<\/div>\n\t\t<\/div>\n\t\t\t\t\t<\/div>\n\t\t<\/section>\n\t\t\t\t<\/div>","protected":false},"excerpt":{"rendered":"<p>Sognate di parlare in modo fluente e convincente? Con Talk.swiss, potete ottenere un rapido feedback sulle vostre capacit\u00e0 di parlare in pubblico e imparare in modo divertente.<\/p>","protected":false},"author":12,"featured_media":6855,"comment_status":"closed","ping_status":"closed","sticky":false,"template":"","format":"standard","meta":{"footnotes":""},"categories":[39],"tags":[42,43],"class_list":["post-6753","post","type-post","status-publish","format-standard","has-post-thumbnail","hentry","category-medias","tag-charisme","tag-energie"],"yoast_head":"<!-- This site is optimized with the Yoast SEO plugin v28.3 - https:\/\/yoast.com\/product\/yoast-seo-wordpress\/ -->\n<title>ArcInfo: TALK.SWISS, une app pour apprendre \u00e0 parler en public - TALK.SWISS<\/title>\n<meta name=\"robots\" content=\"index, follow, max-snippet:-1, max-image-preview:large, max-video-preview:-1\" \/>\n<link rel=\"canonical\" href=\"https:\/\/talk.swiss\/it\/arcinfo-talk-swiss-une-app-pour-apprendre-a-parler-en-public\/\" \/>\n<meta property=\"og:locale\" content=\"it_IT\" \/>\n<meta property=\"og:type\" content=\"article\" \/>\n<meta property=\"og:title\" content=\"ArcInfo: TALK.SWISS, une app pour apprendre \u00e0 parler en public - TALK.SWISS\" \/>\n<meta property=\"og:description\" content=\"Vous r\u00eavez de parler de mani\u00e8re fluide et convaincante? Avec Talk.swiss, vous pouvez recevoir un feedback rapide sur vos comp\u00e9tences oratoires et vous former de mani\u00e8re ludique.\" \/>\n<meta property=\"og:url\" content=\"https:\/\/talk.swiss\/it\/arcinfo-talk-swiss-une-app-pour-apprendre-a-parler-en-public\/\" \/>\n<meta property=\"og:site_name\" content=\"TALK.SWISS\" \/>\n<meta property=\"article:published_time\" content=\"2023-10-16T09:51:00+00:00\" \/>\n<meta property=\"article:modified_time\" content=\"2024-04-11T12:18:01+00:00\" \/>\n<meta property=\"og:image\" content=\"https:\/\/talk.swiss\/wp-content\/uploads\/2023\/10\/Arc-Info_TALK-SWISS_2023-10-16.webp\" \/>\n\t<meta property=\"og:image:width\" content=\"1500\" \/>\n\t<meta property=\"og:image:height\" content=\"2226\" \/>\n\t<meta property=\"og:image:type\" content=\"image\/webp\" \/>\n<meta name=\"author\" content=\"admin_zaniah\" \/>\n<meta name=\"twitter:card\" content=\"summary_large_image\" \/>\n<meta name=\"twitter:label1\" content=\"Scritto da\" \/>\n\t<meta name=\"twitter:data1\" content=\"admin_zaniah\" \/>\n\t<meta name=\"twitter:label2\" content=\"Tempo di lettura stimato\" \/>\n\t<meta name=\"twitter:data2\" content=\"6 minuti\" \/>\n<script type=\"application\/ld+json\" class=\"yoast-schema-graph\">{\"@context\":\"https:\\\/\\\/schema.org\",\"@graph\":[{\"@type\":\"Article\",\"@id\":\"https:\\\/\\\/talk.swiss\\\/arcinfo-talk-swiss-une-app-pour-apprendre-a-parler-en-public\\\/#article\",\"isPartOf\":{\"@id\":\"https:\\\/\\\/talk.swiss\\\/arcinfo-talk-swiss-une-app-pour-apprendre-a-parler-en-public\\\/\"},\"author\":{\"name\":\"admin_zaniah\",\"@id\":\"https:\\\/\\\/talk.swiss\\\/#\\\/schema\\\/person\\\/ba65540af01fcf4cb41dc98849e57120\"},\"headline\":\"ArcInfo: TALK.SWISS, une app pour apprendre \u00e0 parler en public\",\"datePublished\":\"2023-10-16T09:51:00+00:00\",\"dateModified\":\"2024-04-11T12:18:01+00:00\",\"mainEntityOfPage\":{\"@id\":\"https:\\\/\\\/talk.swiss\\\/arcinfo-talk-swiss-une-app-pour-apprendre-a-parler-en-public\\\/\"},\"wordCount\":1207,\"publisher\":{\"@id\":\"https:\\\/\\\/talk.swiss\\\/#organization\"},\"image\":{\"@id\":\"https:\\\/\\\/talk.swiss\\\/arcinfo-talk-swiss-une-app-pour-apprendre-a-parler-en-public\\\/#primaryimage\"},\"thumbnailUrl\":\"https:\\\/\\\/talk.swiss\\\/wp-content\\\/uploads\\\/2023\\\/10\\\/Arc-Info_TALK-SWISS_2023-10-16.webp\",\"keywords\":[\"Charisme\",\"Energie\"],\"articleSection\":[\"M\u00e9dias\"],\"inLanguage\":\"it-IT\"},{\"@type\":\"WebPage\",\"@id\":\"https:\\\/\\\/talk.swiss\\\/arcinfo-talk-swiss-une-app-pour-apprendre-a-parler-en-public\\\/\",\"url\":\"https:\\\/\\\/talk.swiss\\\/arcinfo-talk-swiss-une-app-pour-apprendre-a-parler-en-public\\\/\",\"name\":\"ArcInfo: TALK.SWISS, une app pour apprendre \u00e0 parler en public - TALK.SWISS\",\"isPartOf\":{\"@id\":\"https:\\\/\\\/talk.swiss\\\/#website\"},\"primaryImageOfPage\":{\"@id\":\"https:\\\/\\\/talk.swiss\\\/arcinfo-talk-swiss-une-app-pour-apprendre-a-parler-en-public\\\/#primaryimage\"},\"image\":{\"@id\":\"https:\\\/\\\/talk.swiss\\\/arcinfo-talk-swiss-une-app-pour-apprendre-a-parler-en-public\\\/#primaryimage\"},\"thumbnailUrl\":\"https:\\\/\\\/talk.swiss\\\/wp-content\\\/uploads\\\/2023\\\/10\\\/Arc-Info_TALK-SWISS_2023-10-16.webp\",\"datePublished\":\"2023-10-16T09:51:00+00:00\",\"dateModified\":\"2024-04-11T12:18:01+00:00\",\"breadcrumb\":{\"@id\":\"https:\\\/\\\/talk.swiss\\\/arcinfo-talk-swiss-une-app-pour-apprendre-a-parler-en-public\\\/#breadcrumb\"},\"inLanguage\":\"it-IT\",\"potentialAction\":[{\"@type\":\"ReadAction\",\"target\":[\"https:\\\/\\\/talk.swiss\\\/arcinfo-talk-swiss-une-app-pour-apprendre-a-parler-en-public\\\/\"]}]},{\"@type\":\"ImageObject\",\"inLanguage\":\"it-IT\",\"@id\":\"https:\\\/\\\/talk.swiss\\\/arcinfo-talk-swiss-une-app-pour-apprendre-a-parler-en-public\\\/#primaryimage\",\"url\":\"https:\\\/\\\/talk.swiss\\\/wp-content\\\/uploads\\\/2023\\\/10\\\/Arc-Info_TALK-SWISS_2023-10-16.webp\",\"contentUrl\":\"https:\\\/\\\/talk.swiss\\\/wp-content\\\/uploads\\\/2023\\\/10\\\/Arc-Info_TALK-SWISS_2023-10-16.webp\",\"width\":1500,\"height\":2226,\"caption\":\"ArcInfo\"},{\"@type\":\"BreadcrumbList\",\"@id\":\"https:\\\/\\\/talk.swiss\\\/arcinfo-talk-swiss-une-app-pour-apprendre-a-parler-en-public\\\/#breadcrumb\",\"itemListElement\":[{\"@type\":\"ListItem\",\"position\":1,\"name\":\"Accueil\",\"item\":\"https:\\\/\\\/talk.swiss\\\/\"},{\"@type\":\"ListItem\",\"position\":2,\"name\":\"ArcInfo: TALK.SWISS, une app pour apprendre \u00e0 parler en public\"}]},{\"@type\":\"WebSite\",\"@id\":\"https:\\\/\\\/talk.swiss\\\/#website\",\"url\":\"https:\\\/\\\/talk.swiss\\\/\",\"name\":\"TALK.SWISS\",\"description\":\"Talk, la parole au centre\",\"publisher\":{\"@id\":\"https:\\\/\\\/talk.swiss\\\/#organization\"},\"potentialAction\":[{\"@type\":\"SearchAction\",\"target\":{\"@type\":\"EntryPoint\",\"urlTemplate\":\"https:\\\/\\\/talk.swiss\\\/?s={search_term_string}\"},\"query-input\":{\"@type\":\"PropertyValueSpecification\",\"valueRequired\":true,\"valueName\":\"search_term_string\"}}],\"inLanguage\":\"it-IT\"},{\"@type\":\"Organization\",\"@id\":\"https:\\\/\\\/talk.swiss\\\/#organization\",\"name\":\"TALK.SWISS\",\"url\":\"https:\\\/\\\/talk.swiss\\\/\",\"logo\":{\"@type\":\"ImageObject\",\"inLanguage\":\"it-IT\",\"@id\":\"https:\\\/\\\/talk.swiss\\\/#\\\/schema\\\/logo\\\/image\\\/\",\"url\":\"https:\\\/\\\/talk.swiss\\\/wp-content\\\/uploads\\\/2022\\\/08\\\/cropped-Talk_logo.png\",\"contentUrl\":\"https:\\\/\\\/talk.swiss\\\/wp-content\\\/uploads\\\/2022\\\/08\\\/cropped-Talk_logo.png\",\"width\":400,\"height\":400,\"caption\":\"TALK.SWISS\"},\"image\":{\"@id\":\"https:\\\/\\\/talk.swiss\\\/#\\\/schema\\\/logo\\\/image\\\/\"}},{\"@type\":\"Person\",\"@id\":\"https:\\\/\\\/talk.swiss\\\/#\\\/schema\\\/person\\\/ba65540af01fcf4cb41dc98849e57120\",\"name\":\"admin_zaniah\",\"image\":{\"@type\":\"ImageObject\",\"inLanguage\":\"it-IT\",\"@id\":\"https:\\\/\\\/secure.gravatar.com\\\/avatar\\\/6e3c13c5d0ed8529b9c004df48200cfc1996cc9af076b48e60383c0e40604445?s=96&d=mm&r=g\",\"url\":\"https:\\\/\\\/secure.gravatar.com\\\/avatar\\\/6e3c13c5d0ed8529b9c004df48200cfc1996cc9af076b48e60383c0e40604445?s=96&d=mm&r=g\",\"contentUrl\":\"https:\\\/\\\/secure.gravatar.com\\\/avatar\\\/6e3c13c5d0ed8529b9c004df48200cfc1996cc9af076b48e60383c0e40604445?s=96&d=mm&r=g\",\"caption\":\"admin_zaniah\"},\"url\":\"https:\\\/\\\/talk.swiss\\\/it\\\/author\\\/admin_zaniah\\\/\"}]}<\/script>\n<!-- \/ Yoast SEO plugin. -->","yoast_head_json":{"title":"ArcInfo: TALK.SWISS, une app pour apprendre \u00e0 parler en public - TALK.SWISS","robots":{"index":"index","follow":"follow","max-snippet":"max-snippet:-1","max-image-preview":"max-image-preview:large","max-video-preview":"max-video-preview:-1"},"canonical":"https:\/\/talk.swiss\/it\/arcinfo-talk-swiss-une-app-pour-apprendre-a-parler-en-public\/","og_locale":"it_IT","og_type":"article","og_title":"ArcInfo: TALK.SWISS, une app pour apprendre \u00e0 parler en public - TALK.SWISS","og_description":"Vous r\u00eavez de parler de mani\u00e8re fluide et convaincante? Avec Talk.swiss, vous pouvez recevoir un feedback rapide sur vos comp\u00e9tences oratoires et vous former de mani\u00e8re ludique.","og_url":"https:\/\/talk.swiss\/it\/arcinfo-talk-swiss-une-app-pour-apprendre-a-parler-en-public\/","og_site_name":"TALK.SWISS","article_published_time":"2023-10-16T09:51:00+00:00","article_modified_time":"2024-04-11T12:18:01+00:00","og_image":[{"width":1500,"height":2226,"url":"https:\/\/talk.swiss\/wp-content\/uploads\/2023\/10\/Arc-Info_TALK-SWISS_2023-10-16.webp","type":"image\/webp"}],"author":"admin_zaniah","twitter_card":"summary_large_image","twitter_misc":{"Scritto da":"admin_zaniah","Tempo di lettura stimato":"6 minuti"},"schema":{"@context":"https:\/\/schema.org","@graph":[{"@type":"Article","@id":"https:\/\/talk.swiss\/arcinfo-talk-swiss-une-app-pour-apprendre-a-parler-en-public\/#article","isPartOf":{"@id":"https:\/\/talk.swiss\/arcinfo-talk-swiss-une-app-pour-apprendre-a-parler-en-public\/"},"author":{"name":"admin_zaniah","@id":"https:\/\/talk.swiss\/#\/schema\/person\/ba65540af01fcf4cb41dc98849e57120"},"headline":"ArcInfo: TALK.SWISS, une app pour apprendre \u00e0 parler en public","datePublished":"2023-10-16T09:51:00+00:00","dateModified":"2024-04-11T12:18:01+00:00","mainEntityOfPage":{"@id":"https:\/\/talk.swiss\/arcinfo-talk-swiss-une-app-pour-apprendre-a-parler-en-public\/"},"wordCount":1207,"publisher":{"@id":"https:\/\/talk.swiss\/#organization"},"image":{"@id":"https:\/\/talk.swiss\/arcinfo-talk-swiss-une-app-pour-apprendre-a-parler-en-public\/#primaryimage"},"thumbnailUrl":"https:\/\/talk.swiss\/wp-content\/uploads\/2023\/10\/Arc-Info_TALK-SWISS_2023-10-16.webp","keywords":["Charisme","Energie"],"articleSection":["M\u00e9dias"],"inLanguage":"it-IT"},{"@type":"WebPage","@id":"https:\/\/talk.swiss\/arcinfo-talk-swiss-une-app-pour-apprendre-a-parler-en-public\/","url":"https:\/\/talk.swiss\/arcinfo-talk-swiss-une-app-pour-apprendre-a-parler-en-public\/","name":"ArcInfo: TALK.SWISS, une app pour apprendre \u00e0 parler en public - TALK.SWISS","isPartOf":{"@id":"https:\/\/talk.swiss\/#website"},"primaryImageOfPage":{"@id":"https:\/\/talk.swiss\/arcinfo-talk-swiss-une-app-pour-apprendre-a-parler-en-public\/#primaryimage"},"image":{"@id":"https:\/\/talk.swiss\/arcinfo-talk-swiss-une-app-pour-apprendre-a-parler-en-public\/#primaryimage"},"thumbnailUrl":"https:\/\/talk.swiss\/wp-content\/uploads\/2023\/10\/Arc-Info_TALK-SWISS_2023-10-16.webp","datePublished":"2023-10-16T09:51:00+00:00","dateModified":"2024-04-11T12:18:01+00:00","breadcrumb":{"@id":"https:\/\/talk.swiss\/arcinfo-talk-swiss-une-app-pour-apprendre-a-parler-en-public\/#breadcrumb"},"inLanguage":"it-IT","potentialAction":[{"@type":"ReadAction","target":["https:\/\/talk.swiss\/arcinfo-talk-swiss-une-app-pour-apprendre-a-parler-en-public\/"]}]},{"@type":"ImageObject","inLanguage":"it-IT","@id":"https:\/\/talk.swiss\/arcinfo-talk-swiss-une-app-pour-apprendre-a-parler-en-public\/#primaryimage","url":"https:\/\/talk.swiss\/wp-content\/uploads\/2023\/10\/Arc-Info_TALK-SWISS_2023-10-16.webp","contentUrl":"https:\/\/talk.swiss\/wp-content\/uploads\/2023\/10\/Arc-Info_TALK-SWISS_2023-10-16.webp","width":1500,"height":2226,"caption":"ArcInfo"},{"@type":"BreadcrumbList","@id":"https:\/\/talk.swiss\/arcinfo-talk-swiss-une-app-pour-apprendre-a-parler-en-public\/#breadcrumb","itemListElement":[{"@type":"ListItem","position":1,"name":"Accueil","item":"https:\/\/talk.swiss\/"},{"@type":"ListItem","position":2,"name":"ArcInfo: TALK.SWISS, une app pour apprendre \u00e0 parler en public"}]},{"@type":"WebSite","@id":"https:\/\/talk.swiss\/#website","url":"https:\/\/talk.swiss\/","name":"TALK.SWISS","description":"Parlare, la parola al centro","publisher":{"@id":"https:\/\/talk.swiss\/#organization"},"potentialAction":[{"@type":"SearchAction","target":{"@type":"EntryPoint","urlTemplate":"https:\/\/talk.swiss\/?s={search_term_string}"},"query-input":{"@type":"PropertyValueSpecification","valueRequired":true,"valueName":"search_term_string"}}],"inLanguage":"it-IT"},{"@type":"Organization","@id":"https:\/\/talk.swiss\/#organization","name":"TALK.SWISS","url":"https:\/\/talk.swiss\/","logo":{"@type":"ImageObject","inLanguage":"it-IT","@id":"https:\/\/talk.swiss\/#\/schema\/logo\/image\/","url":"https:\/\/talk.swiss\/wp-content\/uploads\/2022\/08\/cropped-Talk_logo.png","contentUrl":"https:\/\/talk.swiss\/wp-content\/uploads\/2022\/08\/cropped-Talk_logo.png","width":400,"height":400,"caption":"TALK.SWISS"},"image":{"@id":"https:\/\/talk.swiss\/#\/schema\/logo\/image\/"}},{"@type":"Person","@id":"https:\/\/talk.swiss\/#\/schema\/person\/ba65540af01fcf4cb41dc98849e57120","name":"admin_zaniah","image":{"@type":"ImageObject","inLanguage":"it-IT","@id":"https:\/\/secure.gravatar.com\/avatar\/6e3c13c5d0ed8529b9c004df48200cfc1996cc9af076b48e60383c0e40604445?s=96&d=mm&r=g","url":"https:\/\/secure.gravatar.com\/avatar\/6e3c13c5d0ed8529b9c004df48200cfc1996cc9af076b48e60383c0e40604445?s=96&d=mm&r=g","contentUrl":"https:\/\/secure.gravatar.com\/avatar\/6e3c13c5d0ed8529b9c004df48200cfc1996cc9af076b48e60383c0e40604445?s=96&d=mm&r=g","caption":"admin_zaniah"},"url":"https:\/\/talk.swiss\/it\/author\/admin_zaniah\/"}]}},"_links":{"self":[{"href":"https:\/\/talk.swiss\/it\/wp-json\/wp\/v2\/posts\/6753","targetHints":{"allow":["GET"]}}],"collection":[{"href":"https:\/\/talk.swiss\/it\/wp-json\/wp\/v2\/posts"}],"about":[{"href":"https:\/\/talk.swiss\/it\/wp-json\/wp\/v2\/types\/post"}],"author":[{"embeddable":true,"href":"https:\/\/talk.swiss\/it\/wp-json\/wp\/v2\/users\/12"}],"replies":[{"embeddable":true,"href":"https:\/\/talk.swiss\/it\/wp-json\/wp\/v2\/comments?post=6753"}],"version-history":[{"count":39,"href":"https:\/\/talk.swiss\/it\/wp-json\/wp\/v2\/posts\/6753\/revisions"}],"predecessor-version":[{"id":7079,"href":"https:\/\/talk.swiss\/it\/wp-json\/wp\/v2\/posts\/6753\/revisions\/7079"}],"wp:featuredmedia":[{"embeddable":true,"href":"https:\/\/talk.swiss\/it\/wp-json\/wp\/v2\/media\/6855"}],"wp:attachment":[{"href":"https:\/\/talk.swiss\/it\/wp-json\/wp\/v2\/media?parent=6753"}],"wp:term":[{"taxonomy":"category","embeddable":true,"href":"https:\/\/talk.swiss\/it\/wp-json\/wp\/v2\/categories?post=6753"},{"taxonomy":"post_tag","embeddable":true,"href":"https:\/\/talk.swiss\/it\/wp-json\/wp\/v2\/tags?post=6753"}],"curies":[{"name":"wp","href":"https:\/\/api.w.org\/{rel}","templated":true}]}}