{"id":3379,"date":"2023-03-12T12:37:00","date_gmt":"2023-03-12T11:37:00","guid":{"rendered":"https:\/\/talk.swiss\/?p=3379"},"modified":"2024-02-21T10:23:04","modified_gmt":"2024-02-21T09:23:04","slug":"le-temps-grace-a-lia-une-application-suisse-permet-de-mieux-parler-en-public","status":"publish","type":"post","link":"https:\/\/talk.swiss\/it\/le-temps-grace-a-lia-une-application-suisse-permet-de-mieux-parler-en-public\/","title":{"rendered":"Le Temps: Grazie all'intelligenza artificiale, un'applicazione svizzera rende pi\u00f9 facile parlare in pubblico"},"content":{"rendered":"<div data-elementor-type=\"wp-post\" data-elementor-id=\"3379\" class=\"elementor elementor-3379\" data-elementor-post-type=\"post\">\n\t\t\t\t\t\t<section class=\"elementor-section elementor-top-section elementor-element elementor-element-5921726 elementor-section-boxed elementor-section-height-default elementor-section-height-default\" data-id=\"5921726\" data-element_type=\"section\" data-e-type=\"section\">\n\t\t\t\t\t\t<div class=\"elementor-container elementor-column-gap-default\">\n\t\t\t\t\t<div class=\"elementor-column elementor-col-100 elementor-top-column elementor-element elementor-element-62fc3165\" data-id=\"62fc3165\" data-element_type=\"column\" data-e-type=\"column\">\n\t\t\t<div class=\"elementor-widget-wrap elementor-element-populated\">\n\t\t\t\t\t\t<div class=\"elementor-element elementor-element-6cb3b78b elementor-widget elementor-widget-heading\" data-id=\"6cb3b78b\" data-element_type=\"widget\" data-e-type=\"widget\" data-widget_type=\"heading.default\">\n\t\t\t\t<div class=\"elementor-widget-container\">\n\t\t\t\t\t<h3 class=\"elementor-heading-title elementor-size-default\"><a href=\"https:\/\/www.letemps.ch\/profil\/anouch-seydtaghia\" target=\"_blank\">Le Temps - Di Anouch Seydtaghia<\/a><\/h3>\t\t\t\t<\/div>\n\t\t\t\t<\/div>\n\t\t\t\t<div class=\"elementor-element elementor-element-38d8319 elementor-widget-divider--view-line elementor-widget elementor-widget-divider\" data-id=\"38d8319\" data-element_type=\"widget\" data-e-type=\"widget\" data-widget_type=\"divider.default\">\n\t\t\t\t<div class=\"elementor-widget-container\">\n\t\t\t\t\t\t\t<div class=\"elementor-divider\">\n\t\t\t<span class=\"elementor-divider-separator\">\n\t\t\t\t\t\t<\/span>\n\t\t<\/div>\n\t\t\t\t\t\t<\/div>\n\t\t\t\t<\/div>\n\t\t\t\t<div class=\"elementor-element elementor-element-5c488380 elementor-widget elementor-widget-text-editor\" data-id=\"5c488380\" data-element_type=\"widget\" data-e-type=\"widget\" data-widget_type=\"text-editor.default\">\n\t\t\t\t<div class=\"elementor-widget-container\">\n\t\t\t\t\t\t\t\t\tL'applicazione Talkmobile, sviluppata dalla societ\u00e0 francofona TALK.SWISS, analizza la nostra elocuzione, il parlato, la comunicazione non verbale e la velocit\u00e0 di parola. Il tutto grazie a un sistema di intelligenza artificiale ad alte prestazioni, che \"Le Temps\" ha potuto testare per la prima volta.\t\t\t\t\t\t\t\t<\/div>\n\t\t\t\t<\/div>\n\t\t\t\t\t<\/div>\n\t\t<\/div>\n\t\t\t\t\t<\/div>\n\t\t<\/section>\n\t\t\t\t<section class=\"elementor-section elementor-top-section elementor-element elementor-element-d9727cd elementor-section-boxed elementor-section-height-default elementor-section-height-default\" data-id=\"d9727cd\" data-element_type=\"section\" data-e-type=\"section\">\n\t\t\t\t\t\t<div class=\"elementor-container elementor-column-gap-default\">\n\t\t\t\t\t<div class=\"elementor-column elementor-col-100 elementor-top-column elementor-element elementor-element-3e56805\" data-id=\"3e56805\" data-element_type=\"column\" data-e-type=\"column\">\n\t\t\t<div class=\"elementor-widget-wrap elementor-element-populated\">\n\t\t\t\t\t\t<div class=\"elementor-element elementor-element-0c011b6 elementor-widget elementor-widget-image\" data-id=\"0c011b6\" data-element_type=\"widget\" data-e-type=\"widget\" data-widget_type=\"image.default\">\n\t\t\t\t<div class=\"elementor-widget-container\">\n\t\t\t\t\t\t\t\t\t\t\t\t<figure class=\"wp-caption\">\n\t\t\t\t\t\t\t\t\t\t<img fetchpriority=\"high\" decoding=\"async\" width=\"1400\" height=\"787\" src=\"https:\/\/talk.swiss\/wp-content\/uploads\/2023\/03\/Le_Temps_Talk_app.webp\" class=\"attachment-full size-full wp-image-6720\" alt=\"Application Talk\" srcset=\"https:\/\/talk.swiss\/wp-content\/uploads\/2023\/03\/Le_Temps_Talk_app.webp 1400w, https:\/\/talk.swiss\/wp-content\/uploads\/2023\/03\/Le_Temps_Talk_app-300x169.webp 300w, https:\/\/talk.swiss\/wp-content\/uploads\/2023\/03\/Le_Temps_Talk_app-1024x576.webp 1024w, https:\/\/talk.swiss\/wp-content\/uploads\/2023\/03\/Le_Temps_Talk_app-768x432.webp 768w, https:\/\/talk.swiss\/wp-content\/uploads\/2023\/03\/Le_Temps_Talk_app-18x10.webp 18w\" sizes=\"(max-width: 1400px) 100vw, 1400px\" \/>\t\t\t\t\t\t\t\t\t\t\t<figcaption class=\"widget-image-caption wp-caption-text\">L'applicazione mostra chiaramente tutte le aree di miglioramento | TALK.SWISS<\/figcaption>\n\t\t\t\t\t\t\t\t\t\t<\/figure>\n\t\t\t\t\t\t\t\t\t<\/div>\n\t\t\t\t<\/div>\n\t\t\t\t\t<\/div>\n\t\t<\/div>\n\t\t\t\t\t<\/div>\n\t\t<\/section>\n\t\t\t\t<section class=\"elementor-section elementor-top-section elementor-element elementor-element-578ef8da elementor-section-boxed elementor-section-height-default elementor-section-height-default\" data-id=\"578ef8da\" data-element_type=\"section\" data-e-type=\"section\">\n\t\t\t\t\t\t<div class=\"elementor-container elementor-column-gap-default\">\n\t\t\t\t\t<div class=\"elementor-column elementor-col-100 elementor-top-column elementor-element elementor-element-50204d01\" data-id=\"50204d01\" data-element_type=\"column\" data-e-type=\"column\">\n\t\t\t<div class=\"elementor-widget-wrap elementor-element-populated\">\n\t\t\t\t\t\t<div class=\"elementor-element elementor-element-556e881e elementor-widget elementor-widget-text-editor\" data-id=\"556e881e\" data-element_type=\"widget\" data-e-type=\"widget\" data-widget_type=\"text-editor.default\">\n\t\t\t\t<div class=\"elementor-widget-container\">\n\t\t\t\t\t\t\t\t\t<p>\u00c8 \"uno specchio magico per migliorare la comunicazione\", come dice Laurent Vuarraz Voisin. Ed \u00e8 vero che l'applicazione Talkmobile ha qualcosa di bluffante.  L'applicazione \u00e8 stata sviluppata dalla start-up Talk.Swiss, con sede a Orbe (VD) e Microcity Neuch\u00e2tel, fondata da questo ex giornalista. Da quando \u00e8 entrato a far parte della RTS, Laurent Vuarraz Voisin si \u00e8 specializzato nella formazione per aiutare le persone a migliorare le loro capacit\u00e0 di comunicazione.  I suoi corsi di formazione sono rivolti a manager d'azienda e di team, politici, avvocati e a chiunque abbia bisogno di parlare e costruire relazioni.<\/p><p>La missione di Talk.Swiss, secondo il suo direttore, \u00e8 quella di mettere \"la parola al centro, per ri-incantare le organizzazioni\". Ma dietro questo slogan di marketing si nasconde un'applicazione formidabilmente efficace, di cui Le Temps \u00e8 il primo media a parlare. Secondo i nostri test, utilizzando in modo intelligente i servizi di intelligenza artificiale, l'applicazione pu\u00f2 aiutare a migliorare la comunicazione orale.<\/p>\t\t\t\t\t\t\t\t<\/div>\n\t\t\t\t<\/div>\n\t\t\t\t\t<\/div>\n\t\t<\/div>\n\t\t\t\t\t<\/div>\n\t\t<\/section>\n\t\t\t\t<section class=\"elementor-section elementor-top-section elementor-element elementor-element-4e5a79e elementor-section-boxed elementor-section-height-default elementor-section-height-default\" data-id=\"4e5a79e\" data-element_type=\"section\" data-e-type=\"section\">\n\t\t\t\t\t\t<div class=\"elementor-container elementor-column-gap-default\">\n\t\t\t\t\t<div class=\"elementor-column elementor-col-100 elementor-top-column elementor-element elementor-element-f270cf0\" data-id=\"f270cf0\" data-element_type=\"column\" data-e-type=\"column\">\n\t\t\t<div class=\"elementor-widget-wrap elementor-element-populated\">\n\t\t\t\t\t\t<div class=\"elementor-element elementor-element-f3193ad elementor-widget elementor-widget-heading\" data-id=\"f3193ad\" data-element_type=\"widget\" data-e-type=\"widget\" data-widget_type=\"heading.default\">\n\t\t\t\t<div class=\"elementor-widget-container\">\n\t\t\t\t\t<h3 class=\"elementor-heading-title elementor-size-default\">Nuova applicazione<\/h3>\t\t\t\t<\/div>\n\t\t\t\t<\/div>\n\t\t\t\t<div class=\"elementor-element elementor-element-944b2c3 elementor-widget elementor-widget-text-editor\" data-id=\"944b2c3\" data-element_type=\"widget\" data-e-type=\"widget\" data-widget_type=\"text-editor.default\">\n\t\t\t\t<div class=\"elementor-widget-container\">\n\t\t\t\t\t\t\t\t\t<p>Ma partiamo dall'inizio. Nel 2011, Laurent Vuarraz Voisin, forte della sua esperienza nei media, ha creato un metodo di apprendimento basato su indicatori numerici, convinto che questo metodo di insegnamento avrebbe accelerato i risultati. Ha sperimentato e allenato tutti a parlare meglio, sia individualmente che in piccoli gruppi di non pi\u00f9 di otto persone.<\/p><p>Circa dieci mesi fa, Laurent Vuarraz Voisin ha aggiunto un'applicazione per smartphone. Gi\u00e0 10 anni fa avevo avuto l'idea di utilizzare l'intelligenza artificiale per l'autoanalisi, ma la tecnologia non era ancora pronta\", racconta. Oggi, grazie al nostro team interno e alle collaborazioni con l'istituto Idiap di Martigny e l'HEIG-VD di Yverdon, abbiamo un servizio completamente sviluppato. Questi seminari intensivi costano circa 1.500 franchi svizzeri per due giorni di formazione faccia a faccia e una serie di micro-lezioni giornaliere nell'app Talkmobile.<\/p><p>Secondo Laurent Vuarraz Voisin, questa applicazione \"rende visibile il parlato attraverso dati oggettivi\". Una volta scaricata l'applicazione e creato un account, \u00e8 necessario definire il proprio obiettivo, come ad esempio \"parlare in modo brillante di se stessi\", oppure \"negoziare e vendere con i talenti\" e \"fare un lancio di successo\". Poi si passa al lavoro pratico. Con lo smartphone davanti a s\u00e9 e la videocamera accesa, ci si registra per un periodo di tempo a piacere, dicendo quello che si vuole. Questi video vengono poi inviati a Talk.Swiss, che li analizza automaticamente in modo sicuro e confidenziale, ci assicura. Poco dopo, i risultati sono disponibili, sempre all'interno dell'app. E ci si trova di fronte a una grande quantit\u00e0 di informazioni, presentate in modo semplice. L'app analizza contemporaneamente tre elementi principali: la comunicazione verbale, paraverbale e non verbale.<\/p>\t\t\t\t\t\t\t\t<\/div>\n\t\t\t\t<\/div>\n\t\t\t\t\t<\/div>\n\t\t<\/div>\n\t\t\t\t\t<\/div>\n\t\t<\/section>\n\t\t\t\t<section class=\"elementor-section elementor-top-section elementor-element elementor-element-5fd2d0b elementor-section-boxed elementor-section-height-default elementor-section-height-default\" data-id=\"5fd2d0b\" data-element_type=\"section\" data-e-type=\"section\">\n\t\t\t\t\t\t<div class=\"elementor-container elementor-column-gap-default\">\n\t\t\t\t\t<div class=\"elementor-column elementor-col-100 elementor-top-column elementor-element elementor-element-f506bfd\" data-id=\"f506bfd\" data-element_type=\"column\" data-e-type=\"column\">\n\t\t\t<div class=\"elementor-widget-wrap elementor-element-populated\">\n\t\t\t\t\t\t<div class=\"elementor-element elementor-element-1fb77c8 elementor-widget elementor-widget-heading\" data-id=\"1fb77c8\" data-element_type=\"widget\" data-e-type=\"widget\" data-widget_type=\"heading.default\">\n\t\t\t\t<div class=\"elementor-widget-container\">\n\t\t\t\t\t<h3 class=\"elementor-heading-title elementor-size-default\">Oggettivare un discorso<\/h3>\t\t\t\t<\/div>\n\t\t\t\t<\/div>\n\t\t\t\t<div class=\"elementor-element elementor-element-d2be9d4 elementor-widget elementor-widget-text-editor\" data-id=\"d2be9d4\" data-element_type=\"widget\" data-e-type=\"widget\" data-widget_type=\"text-editor.default\">\n\t\t\t\t<div class=\"elementor-widget-container\">\n\t\t\t\t\t\t\t\t\t<p>Cominciamo con il primo.  Ad esempio, sullo schermo viene visualizzata una nuvola di parole chiave estratte dal video. Se tutte le parole sono di dimensioni simili, significa a priori che nel video non \u00e8 stato trasmesso un messaggio chiave d'impatto. Ci\u00f2 offre l'opportunit\u00e0 di migliorare. Possiamo anche vedere il tipo di verbi utilizzati, con la percentuale di discorso attivo e passivo. \"Se si vuole mobilitare il pubblico, coinvolgere i colleghi o il pubblico, \u00e8 meglio usare forme attive. L'intelligenza artificiale permette di oggettivare il nostro discorso in pochi secondi\", spiega Laurent Vuarraz Voisin.\u00a0<\/p><p>Nel caso della comunicazione paraverbale, la velocit\u00e0 del discorso, le balbuzie, le pause e le inspirazioni vengono visualizzate su un grafico. Per quanto riguarda la comunicazione non verbale, viene visualizzato un grafico che mostra i momenti in cui si esprime gioia, paura o rabbia, consentendo di determinare se l'emozione \u00e8 congruente con il discorso. In modo divertente, pi\u00f9 video e microlezioni si fanno, pi\u00f9 si migliora, pi\u00f9 punti si guadagnano e pi\u00f9 si progredisce. \"A seconda dei vostri obiettivi, imparerete a essere pi\u00f9 convincenti, pi\u00f9 sicuri, pi\u00f9 composti o pi\u00f9 impegnati. Ogni volta, a seconda di ci\u00f2 che state cercando di ottenere nel vostro contesto\", assicura Laurent Vuarraz Voisin.\u00a0<\/p><p>Convincente secondo i nostri test, l'app \u00e8 collegata a un corso di formazione di due giorni presso Talk.Swiss. Va notato che Laurent Vuarraz Voisin \u00e8 attualmente alla ricerca di investitori per la sua azienda al fine di sviluppare i brevetti depositati - \"devono condividere la mia visione etica dell'intelligenza artificiale\", aggiunge.<\/p>\t\t\t\t\t\t\t\t<\/div>\n\t\t\t\t<\/div>\n\t\t\t\t\t<\/div>\n\t\t<\/div>\n\t\t\t\t\t<\/div>\n\t\t<\/section>\n\t\t\t\t<section class=\"elementor-section elementor-top-section elementor-element elementor-element-de1fce1 elementor-section-boxed elementor-section-height-default elementor-section-height-default\" data-id=\"de1fce1\" data-element_type=\"section\" data-e-type=\"section\">\n\t\t\t\t\t\t<div class=\"elementor-container elementor-column-gap-default\">\n\t\t\t\t\t<div class=\"elementor-column elementor-col-100 elementor-top-column elementor-element elementor-element-a4f37f4\" data-id=\"a4f37f4\" data-element_type=\"column\" data-e-type=\"column\">\n\t\t\t<div class=\"elementor-widget-wrap elementor-element-populated\">\n\t\t\t\t\t\t<div class=\"elementor-element elementor-element-a8361b9 elementor-align-left elementor-widget__width-initial elementor-widget elementor-widget-button\" data-id=\"a8361b9\" data-element_type=\"widget\" data-e-type=\"widget\" data-widget_type=\"button.default\">\n\t\t\t\t<div class=\"elementor-widget-container\">\n\t\t\t\t\t\t\t\t\t<div class=\"elementor-button-wrapper\">\n\t\t\t\t\t<a class=\"elementor-button elementor-button-link elementor-size-sm\" href=\"https:\/\/www.letemps.ch\/economie\/grace-lia-une-application-suisse-permet-mieux-parler-public\" target=\"_blank\">\n\t\t\t\t\t\t<span class=\"elementor-button-content-wrapper\">\n\t\t\t\t\t\t\t\t\t<span class=\"elementor-button-text\">Leggi l'articolo<\/span>\n\t\t\t\t\t<\/span>\n\t\t\t\t\t<\/a>\n\t\t\t\t<\/div>\n\t\t\t\t\t\t\t\t<\/div>\n\t\t\t\t<\/div>\n\t\t\t\t\t<\/div>\n\t\t<\/div>\n\t\t\t\t\t<\/div>\n\t\t<\/section>\n\t\t\t\t<\/div>","protected":false},"excerpt":{"rendered":"<p>L'applicazione Talkmobile, sviluppata da Talk.Swiss, una societ\u00e0 con sede nella Svizzera francese, analizza la nostra elocuzione, il parlato, la comunicazione non verbale e la velocit\u00e0 di parola. Il tutto grazie a un sistema di intelligenza artificiale ad alte prestazioni, che \"Le Temps\" ha potuto testare per la prima volta.<\/p>","protected":false},"author":12,"featured_media":6856,"comment_status":"closed","ping_status":"closed","sticky":false,"template":"","format":"standard","meta":{"footnotes":""},"categories":[39],"tags":[42,43],"class_list":["post-3379","post","type-post","status-publish","format-standard","has-post-thumbnail","hentry","category-medias","tag-charisme","tag-energie"],"yoast_head":"<!-- This site is optimized with the Yoast SEO plugin v28.3 - https:\/\/yoast.com\/product\/yoast-seo-wordpress\/ -->\n<title>Le Temps: Gr\u00e2ce \u00e0 l\u2019IA, une application suisse permet de mieux parler en public - TALK.SWISS<\/title>\n<meta name=\"robots\" content=\"index, follow, max-snippet:-1, max-image-preview:large, max-video-preview:-1\" \/>\n<link rel=\"canonical\" href=\"https:\/\/talk.swiss\/it\/le-temps-grace-a-lia-une-application-suisse-permet-de-mieux-parler-en-public\/\" \/>\n<meta property=\"og:locale\" content=\"it_IT\" \/>\n<meta property=\"og:type\" content=\"article\" \/>\n<meta property=\"og:title\" content=\"Le Temps: Gr\u00e2ce \u00e0 l\u2019IA, une application suisse permet de mieux parler en public - TALK.SWISS\" \/>\n<meta property=\"og:description\" content=\"L\u2019app Talkmobile, d\u00e9velopp\u00e9e par la soci\u00e9t\u00e9 romande Talk.Swiss, analyse notre \u00e9locution, nos paroles, la communication non verbale ou encore le d\u00e9bit. Le tout gr\u00e2ce \u00e0 un syst\u00e8me d\u2019intelligence artificielle performant, que \u00abLe Temps\u00bb a pu tester en primeur.\" \/>\n<meta property=\"og:url\" content=\"https:\/\/talk.swiss\/it\/le-temps-grace-a-lia-une-application-suisse-permet-de-mieux-parler-en-public\/\" \/>\n<meta property=\"og:site_name\" content=\"TALK.SWISS\" \/>\n<meta property=\"article:published_time\" content=\"2023-03-12T11:37:00+00:00\" \/>\n<meta property=\"article:modified_time\" content=\"2024-02-21T09:23:04+00:00\" \/>\n<meta property=\"og:image\" content=\"https:\/\/talk.swiss\/wp-content\/uploads\/2023\/03\/Le-Temps_TALK-SWISS_2023-03-13.webp\" \/>\n\t<meta property=\"og:image:width\" content=\"1500\" \/>\n\t<meta property=\"og:image:height\" content=\"2141\" \/>\n\t<meta property=\"og:image:type\" content=\"image\/webp\" \/>\n<meta name=\"author\" content=\"admin_zaniah\" \/>\n<meta name=\"twitter:card\" content=\"summary_large_image\" \/>\n<meta name=\"twitter:label1\" content=\"Scritto da\" \/>\n\t<meta name=\"twitter:data1\" content=\"admin_zaniah\" \/>\n\t<meta name=\"twitter:label2\" content=\"Tempo di lettura stimato\" \/>\n\t<meta name=\"twitter:data2\" content=\"5 minuti\" \/>\n<script type=\"application\/ld+json\" class=\"yoast-schema-graph\">{\"@context\":\"https:\\\/\\\/schema.org\",\"@graph\":[{\"@type\":\"Article\",\"@id\":\"https:\\\/\\\/talk.swiss\\\/le-temps-grace-a-lia-une-application-suisse-permet-de-mieux-parler-en-public\\\/#article\",\"isPartOf\":{\"@id\":\"https:\\\/\\\/talk.swiss\\\/le-temps-grace-a-lia-une-application-suisse-permet-de-mieux-parler-en-public\\\/\"},\"author\":{\"name\":\"admin_zaniah\",\"@id\":\"https:\\\/\\\/talk.swiss\\\/#\\\/schema\\\/person\\\/ba65540af01fcf4cb41dc98849e57120\"},\"headline\":\"Le Temps: Gr\u00e2ce \u00e0 l\u2019IA, une application suisse permet de mieux parler en public\",\"datePublished\":\"2023-03-12T11:37:00+00:00\",\"dateModified\":\"2024-02-21T09:23:04+00:00\",\"mainEntityOfPage\":{\"@id\":\"https:\\\/\\\/talk.swiss\\\/le-temps-grace-a-lia-une-application-suisse-permet-de-mieux-parler-en-public\\\/\"},\"wordCount\":898,\"publisher\":{\"@id\":\"https:\\\/\\\/talk.swiss\\\/#organization\"},\"image\":{\"@id\":\"https:\\\/\\\/talk.swiss\\\/le-temps-grace-a-lia-une-application-suisse-permet-de-mieux-parler-en-public\\\/#primaryimage\"},\"thumbnailUrl\":\"https:\\\/\\\/talk.swiss\\\/wp-content\\\/uploads\\\/2023\\\/03\\\/Le-Temps_TALK-SWISS_2023-03-13.webp\",\"keywords\":[\"Charisme\",\"Energie\"],\"articleSection\":[\"M\u00e9dias\"],\"inLanguage\":\"it-IT\"},{\"@type\":\"WebPage\",\"@id\":\"https:\\\/\\\/talk.swiss\\\/le-temps-grace-a-lia-une-application-suisse-permet-de-mieux-parler-en-public\\\/\",\"url\":\"https:\\\/\\\/talk.swiss\\\/le-temps-grace-a-lia-une-application-suisse-permet-de-mieux-parler-en-public\\\/\",\"name\":\"Le Temps: Gr\u00e2ce \u00e0 l\u2019IA, une application suisse permet de mieux parler en public - TALK.SWISS\",\"isPartOf\":{\"@id\":\"https:\\\/\\\/talk.swiss\\\/#website\"},\"primaryImageOfPage\":{\"@id\":\"https:\\\/\\\/talk.swiss\\\/le-temps-grace-a-lia-une-application-suisse-permet-de-mieux-parler-en-public\\\/#primaryimage\"},\"image\":{\"@id\":\"https:\\\/\\\/talk.swiss\\\/le-temps-grace-a-lia-une-application-suisse-permet-de-mieux-parler-en-public\\\/#primaryimage\"},\"thumbnailUrl\":\"https:\\\/\\\/talk.swiss\\\/wp-content\\\/uploads\\\/2023\\\/03\\\/Le-Temps_TALK-SWISS_2023-03-13.webp\",\"datePublished\":\"2023-03-12T11:37:00+00:00\",\"dateModified\":\"2024-02-21T09:23:04+00:00\",\"breadcrumb\":{\"@id\":\"https:\\\/\\\/talk.swiss\\\/le-temps-grace-a-lia-une-application-suisse-permet-de-mieux-parler-en-public\\\/#breadcrumb\"},\"inLanguage\":\"it-IT\",\"potentialAction\":[{\"@type\":\"ReadAction\",\"target\":[\"https:\\\/\\\/talk.swiss\\\/le-temps-grace-a-lia-une-application-suisse-permet-de-mieux-parler-en-public\\\/\"]}]},{\"@type\":\"ImageObject\",\"inLanguage\":\"it-IT\",\"@id\":\"https:\\\/\\\/talk.swiss\\\/le-temps-grace-a-lia-une-application-suisse-permet-de-mieux-parler-en-public\\\/#primaryimage\",\"url\":\"https:\\\/\\\/talk.swiss\\\/wp-content\\\/uploads\\\/2023\\\/03\\\/Le-Temps_TALK-SWISS_2023-03-13.webp\",\"contentUrl\":\"https:\\\/\\\/talk.swiss\\\/wp-content\\\/uploads\\\/2023\\\/03\\\/Le-Temps_TALK-SWISS_2023-03-13.webp\",\"width\":1500,\"height\":2141,\"caption\":\"Le Temps - 13.03.2'23\"},{\"@type\":\"BreadcrumbList\",\"@id\":\"https:\\\/\\\/talk.swiss\\\/le-temps-grace-a-lia-une-application-suisse-permet-de-mieux-parler-en-public\\\/#breadcrumb\",\"itemListElement\":[{\"@type\":\"ListItem\",\"position\":1,\"name\":\"Accueil\",\"item\":\"https:\\\/\\\/talk.swiss\\\/\"},{\"@type\":\"ListItem\",\"position\":2,\"name\":\"Le Temps: Gr\u00e2ce \u00e0 l\u2019IA, une application suisse permet de mieux parler en public\"}]},{\"@type\":\"WebSite\",\"@id\":\"https:\\\/\\\/talk.swiss\\\/#website\",\"url\":\"https:\\\/\\\/talk.swiss\\\/\",\"name\":\"TALK.SWISS\",\"description\":\"Talk, la parole au centre\",\"publisher\":{\"@id\":\"https:\\\/\\\/talk.swiss\\\/#organization\"},\"potentialAction\":[{\"@type\":\"SearchAction\",\"target\":{\"@type\":\"EntryPoint\",\"urlTemplate\":\"https:\\\/\\\/talk.swiss\\\/?s={search_term_string}\"},\"query-input\":{\"@type\":\"PropertyValueSpecification\",\"valueRequired\":true,\"valueName\":\"search_term_string\"}}],\"inLanguage\":\"it-IT\"},{\"@type\":\"Organization\",\"@id\":\"https:\\\/\\\/talk.swiss\\\/#organization\",\"name\":\"TALK.SWISS\",\"url\":\"https:\\\/\\\/talk.swiss\\\/\",\"logo\":{\"@type\":\"ImageObject\",\"inLanguage\":\"it-IT\",\"@id\":\"https:\\\/\\\/talk.swiss\\\/#\\\/schema\\\/logo\\\/image\\\/\",\"url\":\"https:\\\/\\\/talk.swiss\\\/wp-content\\\/uploads\\\/2022\\\/08\\\/cropped-Talk_logo.png\",\"contentUrl\":\"https:\\\/\\\/talk.swiss\\\/wp-content\\\/uploads\\\/2022\\\/08\\\/cropped-Talk_logo.png\",\"width\":400,\"height\":400,\"caption\":\"TALK.SWISS\"},\"image\":{\"@id\":\"https:\\\/\\\/talk.swiss\\\/#\\\/schema\\\/logo\\\/image\\\/\"}},{\"@type\":\"Person\",\"@id\":\"https:\\\/\\\/talk.swiss\\\/#\\\/schema\\\/person\\\/ba65540af01fcf4cb41dc98849e57120\",\"name\":\"admin_zaniah\",\"image\":{\"@type\":\"ImageObject\",\"inLanguage\":\"it-IT\",\"@id\":\"https:\\\/\\\/secure.gravatar.com\\\/avatar\\\/6e3c13c5d0ed8529b9c004df48200cfc1996cc9af076b48e60383c0e40604445?s=96&d=mm&r=g\",\"url\":\"https:\\\/\\\/secure.gravatar.com\\\/avatar\\\/6e3c13c5d0ed8529b9c004df48200cfc1996cc9af076b48e60383c0e40604445?s=96&d=mm&r=g\",\"contentUrl\":\"https:\\\/\\\/secure.gravatar.com\\\/avatar\\\/6e3c13c5d0ed8529b9c004df48200cfc1996cc9af076b48e60383c0e40604445?s=96&d=mm&r=g\",\"caption\":\"admin_zaniah\"},\"url\":\"https:\\\/\\\/talk.swiss\\\/it\\\/author\\\/admin_zaniah\\\/\"}]}<\/script>\n<!-- \/ Yoast SEO plugin. -->","yoast_head_json":{"title":"Le Temps: Grazie all'intelligenza artificiale, un'applicazione svizzera rende pi\u00f9 facile parlare in pubblico - TALK.SWISS","robots":{"index":"index","follow":"follow","max-snippet":"max-snippet:-1","max-image-preview":"max-image-preview:large","max-video-preview":"max-video-preview:-1"},"canonical":"https:\/\/talk.swiss\/it\/le-temps-grace-a-lia-une-application-suisse-permet-de-mieux-parler-en-public\/","og_locale":"it_IT","og_type":"article","og_title":"Le Temps: Gr\u00e2ce \u00e0 l\u2019IA, une application suisse permet de mieux parler en public - TALK.SWISS","og_description":"L\u2019app Talkmobile, d\u00e9velopp\u00e9e par la soci\u00e9t\u00e9 romande Talk.Swiss, analyse notre \u00e9locution, nos paroles, la communication non verbale ou encore le d\u00e9bit. Le tout gr\u00e2ce \u00e0 un syst\u00e8me d\u2019intelligence artificielle performant, que \u00abLe Temps\u00bb a pu tester en primeur.","og_url":"https:\/\/talk.swiss\/it\/le-temps-grace-a-lia-une-application-suisse-permet-de-mieux-parler-en-public\/","og_site_name":"TALK.SWISS","article_published_time":"2023-03-12T11:37:00+00:00","article_modified_time":"2024-02-21T09:23:04+00:00","og_image":[{"width":1500,"height":2141,"url":"https:\/\/talk.swiss\/wp-content\/uploads\/2023\/03\/Le-Temps_TALK-SWISS_2023-03-13.webp","type":"image\/webp"}],"author":"admin_zaniah","twitter_card":"summary_large_image","twitter_misc":{"Scritto da":"admin_zaniah","Tempo di lettura stimato":"5 minuti"},"schema":{"@context":"https:\/\/schema.org","@graph":[{"@type":"Article","@id":"https:\/\/talk.swiss\/le-temps-grace-a-lia-une-application-suisse-permet-de-mieux-parler-en-public\/#article","isPartOf":{"@id":"https:\/\/talk.swiss\/le-temps-grace-a-lia-une-application-suisse-permet-de-mieux-parler-en-public\/"},"author":{"name":"admin_zaniah","@id":"https:\/\/talk.swiss\/#\/schema\/person\/ba65540af01fcf4cb41dc98849e57120"},"headline":"Le Temps: Gr\u00e2ce \u00e0 l\u2019IA, une application suisse permet de mieux parler en public","datePublished":"2023-03-12T11:37:00+00:00","dateModified":"2024-02-21T09:23:04+00:00","mainEntityOfPage":{"@id":"https:\/\/talk.swiss\/le-temps-grace-a-lia-une-application-suisse-permet-de-mieux-parler-en-public\/"},"wordCount":898,"publisher":{"@id":"https:\/\/talk.swiss\/#organization"},"image":{"@id":"https:\/\/talk.swiss\/le-temps-grace-a-lia-une-application-suisse-permet-de-mieux-parler-en-public\/#primaryimage"},"thumbnailUrl":"https:\/\/talk.swiss\/wp-content\/uploads\/2023\/03\/Le-Temps_TALK-SWISS_2023-03-13.webp","keywords":["Charisme","Energie"],"articleSection":["M\u00e9dias"],"inLanguage":"it-IT"},{"@type":"WebPage","@id":"https:\/\/talk.swiss\/le-temps-grace-a-lia-une-application-suisse-permet-de-mieux-parler-en-public\/","url":"https:\/\/talk.swiss\/le-temps-grace-a-lia-une-application-suisse-permet-de-mieux-parler-en-public\/","name":"Le Temps: Grazie all'intelligenza artificiale, un'applicazione svizzera rende pi\u00f9 facile parlare in pubblico - TALK.SWISS","isPartOf":{"@id":"https:\/\/talk.swiss\/#website"},"primaryImageOfPage":{"@id":"https:\/\/talk.swiss\/le-temps-grace-a-lia-une-application-suisse-permet-de-mieux-parler-en-public\/#primaryimage"},"image":{"@id":"https:\/\/talk.swiss\/le-temps-grace-a-lia-une-application-suisse-permet-de-mieux-parler-en-public\/#primaryimage"},"thumbnailUrl":"https:\/\/talk.swiss\/wp-content\/uploads\/2023\/03\/Le-Temps_TALK-SWISS_2023-03-13.webp","datePublished":"2023-03-12T11:37:00+00:00","dateModified":"2024-02-21T09:23:04+00:00","breadcrumb":{"@id":"https:\/\/talk.swiss\/le-temps-grace-a-lia-une-application-suisse-permet-de-mieux-parler-en-public\/#breadcrumb"},"inLanguage":"it-IT","potentialAction":[{"@type":"ReadAction","target":["https:\/\/talk.swiss\/le-temps-grace-a-lia-une-application-suisse-permet-de-mieux-parler-en-public\/"]}]},{"@type":"ImageObject","inLanguage":"it-IT","@id":"https:\/\/talk.swiss\/le-temps-grace-a-lia-une-application-suisse-permet-de-mieux-parler-en-public\/#primaryimage","url":"https:\/\/talk.swiss\/wp-content\/uploads\/2023\/03\/Le-Temps_TALK-SWISS_2023-03-13.webp","contentUrl":"https:\/\/talk.swiss\/wp-content\/uploads\/2023\/03\/Le-Temps_TALK-SWISS_2023-03-13.webp","width":1500,"height":2141,"caption":"Le Temps - 13.03.2'23"},{"@type":"BreadcrumbList","@id":"https:\/\/talk.swiss\/le-temps-grace-a-lia-une-application-suisse-permet-de-mieux-parler-en-public\/#breadcrumb","itemListElement":[{"@type":"ListItem","position":1,"name":"Accueil","item":"https:\/\/talk.swiss\/"},{"@type":"ListItem","position":2,"name":"Le Temps: Gr\u00e2ce \u00e0 l\u2019IA, une application suisse permet de mieux parler en public"}]},{"@type":"WebSite","@id":"https:\/\/talk.swiss\/#website","url":"https:\/\/talk.swiss\/","name":"TALK.SWISS","description":"Parlare, la parola al centro","publisher":{"@id":"https:\/\/talk.swiss\/#organization"},"potentialAction":[{"@type":"SearchAction","target":{"@type":"EntryPoint","urlTemplate":"https:\/\/talk.swiss\/?s={search_term_string}"},"query-input":{"@type":"PropertyValueSpecification","valueRequired":true,"valueName":"search_term_string"}}],"inLanguage":"it-IT"},{"@type":"Organization","@id":"https:\/\/talk.swiss\/#organization","name":"TALK.SWISS","url":"https:\/\/talk.swiss\/","logo":{"@type":"ImageObject","inLanguage":"it-IT","@id":"https:\/\/talk.swiss\/#\/schema\/logo\/image\/","url":"https:\/\/talk.swiss\/wp-content\/uploads\/2022\/08\/cropped-Talk_logo.png","contentUrl":"https:\/\/talk.swiss\/wp-content\/uploads\/2022\/08\/cropped-Talk_logo.png","width":400,"height":400,"caption":"TALK.SWISS"},"image":{"@id":"https:\/\/talk.swiss\/#\/schema\/logo\/image\/"}},{"@type":"Person","@id":"https:\/\/talk.swiss\/#\/schema\/person\/ba65540af01fcf4cb41dc98849e57120","name":"admin_zaniah","image":{"@type":"ImageObject","inLanguage":"it-IT","@id":"https:\/\/secure.gravatar.com\/avatar\/6e3c13c5d0ed8529b9c004df48200cfc1996cc9af076b48e60383c0e40604445?s=96&d=mm&r=g","url":"https:\/\/secure.gravatar.com\/avatar\/6e3c13c5d0ed8529b9c004df48200cfc1996cc9af076b48e60383c0e40604445?s=96&d=mm&r=g","contentUrl":"https:\/\/secure.gravatar.com\/avatar\/6e3c13c5d0ed8529b9c004df48200cfc1996cc9af076b48e60383c0e40604445?s=96&d=mm&r=g","caption":"admin_zaniah"},"url":"https:\/\/talk.swiss\/it\/author\/admin_zaniah\/"}]}},"_links":{"self":[{"href":"https:\/\/talk.swiss\/it\/wp-json\/wp\/v2\/posts\/3379","targetHints":{"allow":["GET"]}}],"collection":[{"href":"https:\/\/talk.swiss\/it\/wp-json\/wp\/v2\/posts"}],"about":[{"href":"https:\/\/talk.swiss\/it\/wp-json\/wp\/v2\/types\/post"}],"author":[{"embeddable":true,"href":"https:\/\/talk.swiss\/it\/wp-json\/wp\/v2\/users\/12"}],"replies":[{"embeddable":true,"href":"https:\/\/talk.swiss\/it\/wp-json\/wp\/v2\/comments?post=3379"}],"version-history":[{"count":129,"href":"https:\/\/talk.swiss\/it\/wp-json\/wp\/v2\/posts\/3379\/revisions"}],"predecessor-version":[{"id":6861,"href":"https:\/\/talk.swiss\/it\/wp-json\/wp\/v2\/posts\/3379\/revisions\/6861"}],"wp:featuredmedia":[{"embeddable":true,"href":"https:\/\/talk.swiss\/it\/wp-json\/wp\/v2\/media\/6856"}],"wp:attachment":[{"href":"https:\/\/talk.swiss\/it\/wp-json\/wp\/v2\/media?parent=3379"}],"wp:term":[{"taxonomy":"category","embeddable":true,"href":"https:\/\/talk.swiss\/it\/wp-json\/wp\/v2\/categories?post=3379"},{"taxonomy":"post_tag","embeddable":true,"href":"https:\/\/talk.swiss\/it\/wp-json\/wp\/v2\/tags?post=3379"}],"curies":[{"name":"wp","href":"https:\/\/api.w.org\/{rel}","templated":true}]}}