{"id":8386,"date":"2025-09-02T16:47:13","date_gmt":"2025-09-02T14:47:13","guid":{"rendered":"https:\/\/talk.swiss\/?p=8386"},"modified":"2025-10-28T08:41:25","modified_gmt":"2025-10-28T07:41:25","slug":"talkto-eveiller-sa-communication-et-sa-confiance-grace-a-lelan-du-collectif-et-de-lhumain","status":"publish","type":"post","link":"https:\/\/talk.swiss\/en\/talkto-eveiller-sa-communication-et-sa-confiance-grace-a-lelan-du-collectif-et-de-lhumain\/","title":{"rendered":"TalkTo: awakening communication and confidence thanks to the collective and human impetus"},"content":{"rendered":"<div data-elementor-type=\"wp-post\" data-elementor-id=\"8386\" class=\"elementor elementor-8386\" data-elementor-post-type=\"post\">\n\t\t\t\t\t\t<section class=\"elementor-section elementor-top-section elementor-element elementor-element-5921726 elementor-section-boxed elementor-section-height-default elementor-section-height-default\" data-id=\"5921726\" data-element_type=\"section\" data-e-type=\"section\">\n\t\t\t\t\t\t<div class=\"elementor-container elementor-column-gap-default\">\n\t\t\t\t\t<div class=\"elementor-column elementor-col-100 elementor-top-column elementor-element elementor-element-62fc3165\" data-id=\"62fc3165\" data-element_type=\"column\" data-e-type=\"column\">\n\t\t\t<div class=\"elementor-widget-wrap elementor-element-populated\">\n\t\t\t\t\t\t<div class=\"elementor-element elementor-element-99098ce elementor-widget elementor-widget-text-editor\" data-id=\"99098ce\" data-element_type=\"widget\" data-e-type=\"widget\" data-widget_type=\"text-editor.default\">\n\t\t\t\t<div class=\"elementor-widget-container\">\n\t\t\t\t\t\t\t\t\t<p>By Vincent Duport<\/p>\t\t\t\t\t\t\t\t<\/div>\n\t\t\t\t<\/div>\n\t\t\t\t\t<\/div>\n\t\t<\/div>\n\t\t\t\t\t<\/div>\n\t\t<\/section>\n\t\t\t\t<section class=\"elementor-section elementor-top-section elementor-element elementor-element-fa759a3 elementor-section-boxed elementor-section-height-default elementor-section-height-default\" data-id=\"fa759a3\" data-element_type=\"section\" data-e-type=\"section\">\n\t\t\t\t\t\t<div class=\"elementor-container elementor-column-gap-default\">\n\t\t\t\t\t<div class=\"elementor-column elementor-col-100 elementor-top-column elementor-element elementor-element-9747d2f\" data-id=\"9747d2f\" data-element_type=\"column\" data-e-type=\"column\">\n\t\t\t<div class=\"elementor-widget-wrap elementor-element-populated\">\n\t\t\t\t\t\t<div class=\"elementor-element elementor-element-2332cca elementor-widget elementor-widget-heading\" data-id=\"2332cca\" data-element_type=\"widget\" data-e-type=\"widget\" data-widget_type=\"heading.default\">\n\t\t\t\t<div class=\"elementor-widget-container\">\n\t\t\t\t\t<h2 class=\"elementor-heading-title elementor-size-xl\">Support that amplifies the power of our technology<\/h2>\t\t\t\t<\/div>\n\t\t\t\t<\/div>\n\t\t\t\t<div class=\"elementor-element elementor-element-cf4db14 elementor-widget elementor-widget-text-editor\" data-id=\"cf4db14\" data-element_type=\"widget\" data-e-type=\"widget\" data-widget_type=\"text-editor.default\">\n\t\t\t\t<div class=\"elementor-widget-container\">\n\t\t\t\t\t\t\t\t\t<p aria-level=\"2\"><b><span data-contrast=\"none\">TalkTo<\/span><\/b><span data-contrast=\"none\">is much more than a training course: it's a journey that profoundly transforms the way we do business. <\/span><b><span data-contrast=\"none\">communicate<\/span><\/b><span data-contrast=\"none\">to dare <\/span><b><span data-contrast=\"none\">take your place<\/span><\/b><span data-contrast=\"none\"> and strengthen its <\/span><b><span data-contrast=\"none\">trust<\/span><\/b><span data-contrast=\"none\">. Far from a purely technical approach, the programme is based on a model of <\/span><b><span data-contrast=\"none\">blended learning<\/span><\/b><span data-contrast=\"none\"> which combines three complementary dimensions: the support of coach-facilitators, group dynamics and a mobile application developed in-house. In particular, the application incorporates artificial intelligence features that enable personalised monitoring, instant feedback and continuity between sessions. This unique combination allows participants to experiment, self-evaluate and receive regular feedback, so that they can gradually anchor their learning and embed change over time.<\/span><span data-ccp-props=\"{&quot;134245418&quot;:true,&quot;134245529&quot;:true,&quot;335559738&quot;:160,&quot;335559739&quot;:80}\">\u00a0<\/span><\/p>\t\t\t\t\t\t\t\t<\/div>\n\t\t\t\t<\/div>\n\t\t\t\t<div class=\"elementor-element elementor-element-147422e elementor-widget elementor-widget-image\" data-id=\"147422e\" data-element_type=\"widget\" data-e-type=\"widget\" data-widget_type=\"image.default\">\n\t\t\t\t<div class=\"elementor-widget-container\">\n\t\t\t\t\t\t\t\t\t\t\t\t\t\t\t<img fetchpriority=\"high\" decoding=\"async\" width=\"768\" height=\"402\" src=\"https:\/\/talk.swiss\/wp-content\/uploads\/2025\/09\/TALK_1-768x402.jpg\" class=\"attachment-medium_large size-medium_large wp-image-8393\" alt=\"\" srcset=\"https:\/\/talk.swiss\/wp-content\/uploads\/2025\/09\/TALK_1-768x402.jpg 768w, https:\/\/talk.swiss\/wp-content\/uploads\/2025\/09\/TALK_1-300x157.jpg 300w, https:\/\/talk.swiss\/wp-content\/uploads\/2025\/09\/TALK_1-18x9.jpg 18w, https:\/\/talk.swiss\/wp-content\/uploads\/2025\/09\/TALK_1.jpg 1000w\" sizes=\"(max-width: 768px) 100vw, 768px\" \/>\t\t\t\t\t\t\t\t\t\t\t\t\t\t\t<\/div>\n\t\t\t\t<\/div>\n\t\t\t\t<div class=\"elementor-element elementor-element-c6bda5a elementor-widget elementor-widget-text-editor\" data-id=\"c6bda5a\" data-element_type=\"widget\" data-e-type=\"widget\" data-widget_type=\"text-editor.default\">\n\t\t\t\t<div class=\"elementor-widget-container\">\n\t\t\t\t\t\t\t\t\t<p><span data-contrast=\"auto\">In the <\/span><span data-contrast=\"none\">first article in this series<\/span><span data-contrast=\"auto\">we explored this <\/span><b><span data-contrast=\"auto\">global vision<\/span><\/b><span data-contrast=\"auto\"> and showed how <\/span><b><span data-contrast=\"auto\">TalkTo <\/span><\/b><span data-contrast=\"auto\">supports professionals in their development. Today, we're embarking on a <\/span><b><span data-contrast=\"auto\">dimension <\/span><\/b><span data-contrast=\"auto\">complementary: that of <\/span><b><span data-contrast=\"auto\">facilitators<\/span><\/b><span data-contrast=\"auto\">. Their role is not limited to running workshops. They are present throughout the process, ensuring that a climate of trust is established and that people are given the space to listen, so that awareness can be raised.\u00a0<\/span><span data-ccp-props=\"{&quot;335559738&quot;:240,&quot;335559739&quot;:240}\">\u00a0<\/span><\/p><p><span data-contrast=\"auto\">This gradual pace provides the space needed for the changes to take hold over the long term.<\/span><span data-ccp-props=\"{&quot;335559738&quot;:240,&quot;335559739&quot;:240}\">\u00a0<\/span><\/p><p><span data-contrast=\"auto\">As Tanguy sums up: \"I'm not looking to inspire people. My aim is for them to find their own inspiration. <\/span><span data-ccp-props=\"{&quot;335559738&quot;:240,&quot;335559739&quot;:240}\">\u00a0<\/span><\/p><p><span data-contrast=\"auto\">This sentence says it all. Here, the <\/span><b><span data-contrast=\"auto\">transformation <\/span><\/b><span data-contrast=\"auto\">does not come from vertically transmitted knowledge. <\/span><b><span data-contrast=\"auto\">emerges from within<\/span><\/b><span data-contrast=\"auto\">. And it is precisely this posture of facilitators, somewhere between demanding and benevolent, that we are going to explore in the lines that follow.<\/span><span data-ccp-props=\"{&quot;335559738&quot;:240,&quot;335559739&quot;:240}\">\u00a0<\/span><\/p><p><span data-contrast=\"auto\">The testimonies come from <\/span><span data-contrast=\"auto\">three coach-facilitators<\/span><span data-contrast=\"auto\"> TALK: Ivana, Natacha and Tanguy, from the entire support team. Although they each expressed their own views, their comments reflect the collective spirit and shared approach that underpin the TalkTo programme.<\/span><span data-ccp-props=\"{&quot;335551550&quot;:0,&quot;335551620&quot;:0}\">\u00a0<\/span><\/p><p><i><span data-contrast=\"auto\">Finally, the third and last article in this series will give the floor to the <\/span><\/i><b><i><span data-contrast=\"auto\">participants <\/span><\/i><\/b><i><span data-contrast=\"auto\">themselves. Their testimonies will bring this cycle to a close by showing, from the inside, all the power of the TalkTo experience.<\/span><\/i><span data-ccp-props=\"{&quot;335559738&quot;:240,&quot;335559739&quot;:240}\">\u00a0<\/span><\/p>\t\t\t\t\t\t\t\t<\/div>\n\t\t\t\t<\/div>\n\t\t\t\t\t<\/div>\n\t\t<\/div>\n\t\t\t\t\t<\/div>\n\t\t<\/section>\n\t\t\t\t<section class=\"elementor-section elementor-top-section elementor-element elementor-element-98ce7a4 elementor-section-content-middle elementor-section-boxed elementor-section-height-default elementor-section-height-default\" data-id=\"98ce7a4\" data-element_type=\"section\" data-e-type=\"section\" data-settings=\"{&quot;shape_divider_top&quot;:&quot;mountains&quot;}\">\n\t\t\t\t\t<div class=\"elementor-shape elementor-shape-top\" aria-hidden=\"true\" data-negative=\"false\">\n\t\t\t<svg xmlns=\"http:\/\/www.w3.org\/2000\/svg\" viewbox=\"0 0 1000 100\" preserveaspectratio=\"none\">\n\t<path class=\"elementor-shape-fill\" opacity=\"0.33\" d=\"M473,67.3c-203.9,88.3-263.1-34-320.3,0C66,119.1,0,59.7,0,59.7V0h1000v59.7 c0,0-62.1,26.1-94.9,29.3c-32.8,3.3-62.8-12.3-75.8-22.1C806,49.6,745.3,8.7,694.9,4.7S492.4,59,473,67.3z\"\/>\n\t<path class=\"elementor-shape-fill\" opacity=\"0.66\" d=\"M734,67.3c-45.5,0-77.2-23.2-129.1-39.1c-28.6-8.7-150.3-10.1-254,39.1 s-91.7-34.4-149.2,0C115.7,118.3,0,39.8,0,39.8V0h1000v36.5c0,0-28.2-18.5-92.1-18.5C810.2,18.1,775.7,67.3,734,67.3z\"\/>\n\t<path class=\"elementor-shape-fill\" d=\"M766.1,28.9c-200-57.5-266,65.5-395.1,19.5C242,1.8,242,5.4,184.8,20.6C128,35.8,132.3,44.9,89.9,52.5C28.6,63.7,0,0,0,0 h1000c0,0-9.9,40.9-83.6,48.1S829.6,47,766.1,28.9z\"\/>\n<\/svg>\t\t<\/div>\n\t\t\t\t\t<div class=\"elementor-container elementor-column-gap-default\">\n\t\t\t\t\t<div class=\"elementor-column elementor-col-50 elementor-top-column elementor-element elementor-element-c35d83e\" data-id=\"c35d83e\" data-element_type=\"column\" data-e-type=\"column\">\n\t\t\t<div class=\"elementor-widget-wrap elementor-element-populated\">\n\t\t\t\t\t\t<div class=\"elementor-element elementor-element-fce95c3 elementor-widget elementor-widget-image\" data-id=\"fce95c3\" data-element_type=\"widget\" data-e-type=\"widget\" data-widget_type=\"image.default\">\n\t\t\t\t<div class=\"elementor-widget-container\">\n\t\t\t\t\t\t\t\t\t\t\t\t\t\t\t<img decoding=\"async\" width=\"300\" height=\"300\" src=\"https:\/\/talk.swiss\/wp-content\/uploads\/2025\/09\/tanguy_1-300x300.png\" class=\"attachment-medium size-medium wp-image-8395\" alt=\"\" srcset=\"https:\/\/talk.swiss\/wp-content\/uploads\/2025\/09\/tanguy_1-300x300.png 300w, https:\/\/talk.swiss\/wp-content\/uploads\/2025\/09\/tanguy_1-1024x1024.png 1024w, https:\/\/talk.swiss\/wp-content\/uploads\/2025\/09\/tanguy_1-150x150.png 150w, https:\/\/talk.swiss\/wp-content\/uploads\/2025\/09\/tanguy_1-768x768.png 768w, https:\/\/talk.swiss\/wp-content\/uploads\/2025\/09\/tanguy_1-12x12.png 12w, https:\/\/talk.swiss\/wp-content\/uploads\/2025\/09\/tanguy_1.png 1114w\" sizes=\"(max-width: 300px) 100vw, 300px\" \/>\t\t\t\t\t\t\t\t\t\t\t\t\t\t\t<\/div>\n\t\t\t\t<\/div>\n\t\t\t\t\t<\/div>\n\t\t<\/div>\n\t\t\t\t<div class=\"elementor-column elementor-col-50 elementor-top-column elementor-element elementor-element-58a7b11\" data-id=\"58a7b11\" data-element_type=\"column\" data-e-type=\"column\">\n\t\t\t<div class=\"elementor-widget-wrap elementor-element-populated\">\n\t\t\t\t\t\t<div class=\"elementor-element elementor-element-b6b0cc9 elementor-widget elementor-widget-heading\" data-id=\"b6b0cc9\" data-element_type=\"widget\" data-e-type=\"widget\" data-widget_type=\"heading.default\">\n\t\t\t\t<div class=\"elementor-widget-container\">\n\t\t\t\t\t<h3 class=\"elementor-heading-title elementor-size-large\">\"I'm not trying to inspire people. My aim is for them to find their own inspiration.<\/h3>\t\t\t\t<\/div>\n\t\t\t\t<\/div>\n\t\t\t\t<div class=\"elementor-element elementor-element-49e7925 elementor-widget elementor-widget-heading\" data-id=\"49e7925\" data-element_type=\"widget\" data-e-type=\"widget\" data-widget_type=\"heading.default\">\n\t\t\t\t<div class=\"elementor-widget-container\">\n\t\t\t\t\t<h3 class=\"elementor-heading-title elementor-size-medium\"><i>- Tanguy Laurent<\/i><\/h3>\t\t\t\t<\/div>\n\t\t\t\t<\/div>\n\t\t\t\t\t<\/div>\n\t\t<\/div>\n\t\t\t\t\t<\/div>\n\t\t<\/section>\n\t\t\t\t<section class=\"elementor-section elementor-top-section elementor-element elementor-element-9df7beb elementor-section-boxed elementor-section-height-default elementor-section-height-default\" data-id=\"9df7beb\" data-element_type=\"section\" data-e-type=\"section\">\n\t\t\t\t\t\t<div class=\"elementor-container elementor-column-gap-default\">\n\t\t\t\t\t<div class=\"elementor-column elementor-col-100 elementor-top-column elementor-element elementor-element-54a3ee4\" data-id=\"54a3ee4\" data-element_type=\"column\" data-e-type=\"column\">\n\t\t\t<div class=\"elementor-widget-wrap elementor-element-populated\">\n\t\t\t\t\t\t<div class=\"elementor-element elementor-element-6655fff elementor-widget elementor-widget-heading\" data-id=\"6655fff\" data-element_type=\"widget\" data-e-type=\"widget\" data-widget_type=\"heading.default\">\n\t\t\t\t<div class=\"elementor-widget-container\">\n\t\t\t\t\t<h2 class=\"elementor-heading-title elementor-size-xl\">The posture of facilitators: a framework that both reassures and liberates<\/h2>\t\t\t\t<\/div>\n\t\t\t\t<\/div>\n\t\t\t\t<div class=\"elementor-element elementor-element-790ae45 elementor-widget elementor-widget-text-editor\" data-id=\"790ae45\" data-element_type=\"widget\" data-e-type=\"widget\" data-widget_type=\"text-editor.default\">\n\t\t\t\t<div class=\"elementor-widget-container\">\n\t\t\t\t\t\t\t\t\t<p><span data-contrast=\"auto\">Being a facilitator at TALK means above all embodying a unique attitude: a discreet but decisive presence, where <\/span><b><span data-contrast=\"auto\">demanding and benevolent<\/span><\/b><span data-contrast=\"auto\"> coexist. This posture requires great flexibility: oscillating between a structuring framework and a space for freedom, listening deeply, sensing the needs of the group, knowing how to stimulate or, on the contrary, remain silent.<\/span><span data-ccp-props=\"{&quot;335559738&quot;:240,&quot;335559739&quot;:240}\">\u00a0<\/span><\/p><p><span data-contrast=\"auto\">For Ivana, the challenge is to encourage a <\/span><b><span data-contrast=\"auto\">true speech<\/span><\/b><span data-contrast=\"auto\"> :<\/span>\u00a0<br \/><span data-contrast=\"auto\">\"Not perfect or formal communication<\/span><span data-contrast=\"auto\">It's this sincerity that weaves the bond of trust with ourselves and with others. In the end, it's this sincerity that forges the bond of trust with ourselves and with others.<\/span><span data-ccp-props=\"{&quot;335559738&quot;:240,&quot;335559739&quot;:240}\">\u00a0<\/span><\/p><p><span data-contrast=\"auto\">For Natacha, it's a question of \"putting ourselves <\/span><b><span data-contrast=\"auto\">at the service<\/span><\/b><span data-contrast=\"auto\"> The group's \"leader\", guiding with accuracy but without ever taking power:<\/span>\u00a0<br \/><span data-contrast=\"auto\">\"We observe, we lead, we accompany. But it's the participants who move forward.<\/span><span data-ccp-props=\"{&quot;335559738&quot;:240,&quot;335559739&quot;:240}\">\u00a0<\/span><\/p><p><span data-contrast=\"auto\">Tanguy focuses on <\/span><b><span data-contrast=\"auto\">consistency <\/span><\/b><span data-contrast=\"auto\">:<\/span>\u00a0<br \/><span data-contrast=\"auto\">\"Be clear and punchy, while giving everyone the space to bring out their own intrinsic motivation.\"<\/span><span data-ccp-props=\"{&quot;335559738&quot;:240,&quot;335559739&quot;:240}\">\u00a0<\/span><\/p><p><span data-contrast=\"auto\">In concrete terms, this posture takes shape from the first day, when participants and coaches co-construct a <\/span><b><span data-contrast=\"auto\">common charter<\/span><\/b><span data-contrast=\"auto\">. More than just a set of rules, the Charter becomes the foundation of a\u00a0<\/span><b><span data-contrast=\"auto\">micro-society in miniature<\/span><\/b><span data-contrast=\"auto\">\u00a0It's a place where people experiment with new and sometimes unusual ways of being together. As Natacha says, it's a\u00a0<\/span><b><span data-contrast=\"auto\">common gestures laboratory, <\/span><\/b><span data-contrast=\"auto\">listening without judging, respecting unconditionally, speaking sincerely. These are simple gestures, but put together they create a small community capable of showing that we can live together differently, in harmony despite our differences.<\/span><span data-ccp-props=\"{&quot;335551550&quot;:0,&quot;335551620&quot;:0}\">\u00a0<\/span><\/p><p><span data-contrast=\"auto\">And to illustrate the role of the facilitator, an image often comes to mind, cited by Natacha as well as Tanguy: that of the \" <\/span><b><span data-contrast=\"auto\">sheep dog<\/span><\/b><span data-contrast=\"auto\"> \".<\/span>\u00a0<br \/><span data-contrast=\"auto\">\"Our role is to discreetly ensure that the framework is respected. When someone breaks the rules, we don't punish them, we question them. Is the person aware of what's going on? What are they proposing to do to get back within the framework? They remain the actors in their own lives.<\/span><span data-ccp-props=\"{&quot;335559738&quot;:240,&quot;335559739&quot;:240}\">\u00a0<\/span><\/p><p><span data-contrast=\"auto\">This firm but benevolent framework is reassuring. Participants very quickly understand that their words will be welcomed without judgement. And it is this climate of trust that allows them to dare to say, to experiment, to dare.<\/span><span data-ccp-props=\"{&quot;335559738&quot;:240,&quot;335559739&quot;:240}\">\u00a0<\/span><\/p>\t\t\t\t\t\t\t\t<\/div>\n\t\t\t\t<\/div>\n\t\t\t\t\t<\/div>\n\t\t<\/div>\n\t\t\t\t\t<\/div>\n\t\t<\/section>\n\t\t\t\t<section class=\"elementor-section elementor-top-section elementor-element elementor-element-8be9361 elementor-section-content-middle elementor-section-boxed elementor-section-height-default elementor-section-height-default\" data-id=\"8be9361\" data-element_type=\"section\" data-e-type=\"section\" data-settings=\"{&quot;shape_divider_top&quot;:&quot;mountains&quot;}\">\n\t\t\t\t\t<div class=\"elementor-shape elementor-shape-top\" aria-hidden=\"true\" data-negative=\"false\">\n\t\t\t<svg xmlns=\"http:\/\/www.w3.org\/2000\/svg\" viewbox=\"0 0 1000 100\" preserveaspectratio=\"none\">\n\t<path class=\"elementor-shape-fill\" opacity=\"0.33\" d=\"M473,67.3c-203.9,88.3-263.1-34-320.3,0C66,119.1,0,59.7,0,59.7V0h1000v59.7 c0,0-62.1,26.1-94.9,29.3c-32.8,3.3-62.8-12.3-75.8-22.1C806,49.6,745.3,8.7,694.9,4.7S492.4,59,473,67.3z\"\/>\n\t<path class=\"elementor-shape-fill\" opacity=\"0.66\" d=\"M734,67.3c-45.5,0-77.2-23.2-129.1-39.1c-28.6-8.7-150.3-10.1-254,39.1 s-91.7-34.4-149.2,0C115.7,118.3,0,39.8,0,39.8V0h1000v36.5c0,0-28.2-18.5-92.1-18.5C810.2,18.1,775.7,67.3,734,67.3z\"\/>\n\t<path class=\"elementor-shape-fill\" d=\"M766.1,28.9c-200-57.5-266,65.5-395.1,19.5C242,1.8,242,5.4,184.8,20.6C128,35.8,132.3,44.9,89.9,52.5C28.6,63.7,0,0,0,0 h1000c0,0-9.9,40.9-83.6,48.1S829.6,47,766.1,28.9z\"\/>\n<\/svg>\t\t<\/div>\n\t\t\t\t\t<div class=\"elementor-container elementor-column-gap-default\">\n\t\t\t\t\t<div class=\"elementor-column elementor-col-50 elementor-top-column elementor-element elementor-element-fadfa0d\" data-id=\"fadfa0d\" data-element_type=\"column\" data-e-type=\"column\">\n\t\t\t<div class=\"elementor-widget-wrap elementor-element-populated\">\n\t\t\t\t\t\t<div class=\"elementor-element elementor-element-a6b8223 elementor-widget elementor-widget-heading\" data-id=\"a6b8223\" data-element_type=\"widget\" data-e-type=\"widget\" data-widget_type=\"heading.default\">\n\t\t\t\t<div class=\"elementor-widget-container\">\n\t\t\t\t\t<h3 class=\"elementor-heading-title elementor-size-large\"><span data-contrast=\"auto\">\"We observe, we lead, we accompany. But it's the participants who move forward.<\/span><span data-ccp-props=\"{&quot;335559738&quot;:240,&quot;335559739&quot;:240}\">&nbsp;<\/span><\/h3>\t\t\t\t<\/div>\n\t\t\t\t<\/div>\n\t\t\t\t<div class=\"elementor-element elementor-element-e57f769 elementor-widget elementor-widget-heading\" data-id=\"e57f769\" data-element_type=\"widget\" data-e-type=\"widget\" data-widget_type=\"heading.default\">\n\t\t\t\t<div class=\"elementor-widget-container\">\n\t\t\t\t\t<h3 class=\"elementor-heading-title elementor-size-medium\"><i>- Natacha Kmarin<\/i><\/h3>\t\t\t\t<\/div>\n\t\t\t\t<\/div>\n\t\t\t\t\t<\/div>\n\t\t<\/div>\n\t\t\t\t<div class=\"elementor-column elementor-col-50 elementor-top-column elementor-element elementor-element-bcb4eba\" data-id=\"bcb4eba\" data-element_type=\"column\" data-e-type=\"column\">\n\t\t\t<div class=\"elementor-widget-wrap elementor-element-populated\">\n\t\t\t\t\t\t<div class=\"elementor-element elementor-element-5f8fac7 elementor-widget elementor-widget-image\" data-id=\"5f8fac7\" data-element_type=\"widget\" data-e-type=\"widget\" data-widget_type=\"image.default\">\n\t\t\t\t<div class=\"elementor-widget-container\">\n\t\t\t\t\t\t\t\t\t\t\t\t\t\t\t<img decoding=\"async\" width=\"300\" height=\"300\" src=\"https:\/\/talk.swiss\/wp-content\/uploads\/2025\/09\/natacha_2-300x300.png\" class=\"attachment-medium size-medium wp-image-8392\" alt=\"\" srcset=\"https:\/\/talk.swiss\/wp-content\/uploads\/2025\/09\/natacha_2-300x300.png 300w, https:\/\/talk.swiss\/wp-content\/uploads\/2025\/09\/natacha_2-1024x1024.png 1024w, https:\/\/talk.swiss\/wp-content\/uploads\/2025\/09\/natacha_2-150x150.png 150w, https:\/\/talk.swiss\/wp-content\/uploads\/2025\/09\/natacha_2-768x768.png 768w, https:\/\/talk.swiss\/wp-content\/uploads\/2025\/09\/natacha_2-12x12.png 12w, https:\/\/talk.swiss\/wp-content\/uploads\/2025\/09\/natacha_2.png 1114w\" sizes=\"(max-width: 300px) 100vw, 300px\" \/>\t\t\t\t\t\t\t\t\t\t\t\t\t\t\t<\/div>\n\t\t\t\t<\/div>\n\t\t\t\t\t<\/div>\n\t\t<\/div>\n\t\t\t\t\t<\/div>\n\t\t<\/section>\n\t\t\t\t<section class=\"elementor-section elementor-top-section elementor-element elementor-element-6c73696 elementor-section-boxed elementor-section-height-default elementor-section-height-default\" data-id=\"6c73696\" data-element_type=\"section\" data-e-type=\"section\">\n\t\t\t\t\t\t<div class=\"elementor-container elementor-column-gap-default\">\n\t\t\t\t\t<div class=\"elementor-column elementor-col-100 elementor-top-column elementor-element elementor-element-5a9c0f0\" data-id=\"5a9c0f0\" data-element_type=\"column\" data-e-type=\"column\">\n\t\t\t<div class=\"elementor-widget-wrap elementor-element-populated\">\n\t\t\t\t\t\t<div class=\"elementor-element elementor-element-3d732bc elementor-widget elementor-widget-heading\" data-id=\"3d732bc\" data-element_type=\"widget\" data-e-type=\"widget\" data-widget_type=\"heading.default\">\n\t\t\t\t<div class=\"elementor-widget-container\">\n\t\t\t\t\t<h2 class=\"elementor-heading-title elementor-size-xl\">Key moments: week 3 to week 4 <\/h2>\t\t\t\t<\/div>\n\t\t\t\t<\/div>\n\t\t\t\t<div class=\"elementor-element elementor-element-5e069e4 elementor-widget elementor-widget-text-editor\" data-id=\"5e069e4\" data-element_type=\"widget\" data-e-type=\"widget\" data-widget_type=\"text-editor.default\">\n\t\t\t\t<div class=\"elementor-widget-container\">\n\t\t\t\t\t\t\t\t\t<p><i>The coaches are unanimous: there are decisive tipping points throughout the programme.<\/i><\/p>\t\t\t\t\t\t\t\t<\/div>\n\t\t\t\t<\/div>\n\t\t\t\t<div class=\"elementor-element elementor-element-11069c6 elementor-widget elementor-widget-text-editor\" data-id=\"11069c6\" data-element_type=\"widget\" data-e-type=\"widget\" data-widget_type=\"text-editor.default\">\n\t\t\t\t<div class=\"elementor-widget-container\">\n\t\t\t\t\t\t\t\t\t<p><b><span data-contrast=\"auto\">Weeks 1 and 2 serve as a foundation.<\/span><\/b><span data-contrast=\"auto\"> They lay the foundations, establish the group dynamic and bring everyone face to face with their emotions. Some are surprised by the depth of the work: it's not just about technique, it's about posture and confidence.<\/span><span data-ccp-props=\"{&quot;335559738&quot;:240,&quot;335559739&quot;:240}\">\u00a0<\/span><\/p><p><b><span data-contrast=\"auto\">Week 3 marks the first major turning point<\/span><\/b><span data-contrast=\"auto\">. The reserve of the early days fades. The participants begin to encourage each other, to open up, to speak with more confidence. Natacha talks of a \"switch\": a personal realisation that leads to a collective shift.<\/span><span data-ccp-props=\"{&quot;335559738&quot;:240,&quot;335559739&quot;:240}\">\u00a0<\/span><\/p><p><b><span data-contrast=\"auto\">Week 4 anchors these changes. <\/span><\/b><span data-contrast=\"auto\">We work on active listening, formulating needs and answering uncomfortable questions. This work is nurtured by going back and forth between the app and the workshops: the exercises carried out individually are echoed in the feedback from the coaches and the group. For Ivana, this is a key moment:<\/span>\u00a0<br \/><span data-contrast=\"auto\">\"It is at this stage that many people realise that they are not just learning how to present a project, but that they now know how to engage in in-depth dialogue.<\/span><span data-ccp-props=\"{&quot;335559738&quot;:240,&quot;335559739&quot;:240}\">\u00a0<\/span><\/p><p><span data-contrast=\"auto\">But the transformation doesn't stop there. <\/span><b><span data-contrast=\"auto\">Weeks 5 and 6 play an equally vital role <\/span><\/b><span data-contrast=\"auto\">They enable participants to integrate what they have learned and put it into practice in more complex and realistic situations. Gradually, the group achieves synergy: participants support each other, provide constructive feedback and test their new skills in real-life situations.<\/span><span data-ccp-props=\"{&quot;335559738&quot;:240,&quot;335559739&quot;:240}\">\u00a0<\/span><\/p><p><span data-contrast=\"auto\">As Tanguy points out, \"it's in these final weeks that we see the consistency emerge between what the participants say, what they do and what they embody\". This gradual process is necessary to consolidate what has been learnt and allow the changes to take root over the long term.<\/span><span data-ccp-props=\"{&quot;335559738&quot;:240,&quot;335559739&quot;:240}\">\u00a0<\/span><\/p>\t\t\t\t\t\t\t\t<\/div>\n\t\t\t\t<\/div>\n\t\t\t\t\t<\/div>\n\t\t<\/div>\n\t\t\t\t\t<\/div>\n\t\t<\/section>\n\t\t\t\t<section class=\"elementor-section elementor-top-section elementor-element elementor-element-813caae elementor-section-boxed elementor-section-height-default elementor-section-height-default\" data-id=\"813caae\" data-element_type=\"section\" data-e-type=\"section\">\n\t\t\t\t\t\t<div class=\"elementor-container elementor-column-gap-default\">\n\t\t\t\t\t<div class=\"elementor-column elementor-col-100 elementor-top-column elementor-element elementor-element-c7bbfdb\" data-id=\"c7bbfdb\" data-element_type=\"column\" data-e-type=\"column\">\n\t\t\t<div class=\"elementor-widget-wrap elementor-element-populated\">\n\t\t\t\t\t\t<div class=\"elementor-element elementor-element-d4bd3a5 elementor-widget elementor-widget-heading\" data-id=\"d4bd3a5\" data-element_type=\"widget\" data-e-type=\"widget\" data-widget_type=\"heading.default\">\n\t\t\t\t<div class=\"elementor-widget-container\">\n\t\t\t\t\t<h2 class=\"elementor-heading-title elementor-size-xl\">Stories that leave their mark<\/h2>\t\t\t\t<\/div>\n\t\t\t\t<\/div>\n\t\t\t\t<div class=\"elementor-element elementor-element-297d477 elementor-widget elementor-widget-text-editor\" data-id=\"297d477\" data-element_type=\"widget\" data-e-type=\"widget\" data-widget_type=\"text-editor.default\">\n\t\t\t\t<div class=\"elementor-widget-container\">\n\t\t\t\t\t\t\t\t\t<p><span data-contrast=\"auto\">Each group leaves the facilitators with unforgettable memories.<\/span><span data-ccp-props=\"{&quot;335559738&quot;:240,&quot;335559739&quot;:240}\">\u00a0<\/span><\/p><p><span data-contrast=\"auto\">Natacha remembers a participant who arrived \"tired, weakened, almost extinct\". As the weeks went by, she regained her energy and her desire to create: \"One day, she said to me: 'That's it, it's back'. It was overwhelming to see her <\/span><b><span data-contrast=\"auto\">light up again<\/span><\/b><span data-contrast=\"auto\">It's all about finding new projects and new desires.<\/span><span data-ccp-props=\"{&quot;335559738&quot;:240,&quot;335559739&quot;:240}\">\u00a0<\/span><\/p><p><span data-contrast=\"auto\">It also tells the story of a <\/span><b><span data-contrast=\"auto\">participant<\/span><\/b><span data-contrast=\"auto\">initially reserved, which has <\/span><b><span data-contrast=\"auto\">gradually opened up<\/span><\/b><span data-contrast=\"auto\">\u00a0<\/span><span data-contrast=\"auto\">like a flower<\/span><span data-contrast=\"auto\">. Uncomfortable with the idea of filming a video presentation, he finally came up with an apt metaphor: he described himself as a\u00a0<\/span><b><span data-contrast=\"auto\">conductor<\/span><\/b><span data-contrast=\"auto\">playing with the idea of harmony and false notes. \"It was magnificent,\" she says.<\/span><span data-ccp-props=\"{&quot;335551550&quot;:0,&quot;335551620&quot;:0}\">\u00a0<\/span><\/p><p><span data-contrast=\"auto\">Tanguy remembers one participant who was going through an emotional block. \"We simply offered silence and listening. A few minutes later, she had turned a corner. She had proved to herself that she could<\/span><b><span data-contrast=\"auto\"> go to <\/span><\/b><span data-contrast=\"auto\">this <\/span><b><span data-contrast=\"auto\">difficulty<\/span><\/b><span data-contrast=\"auto\">. \"<\/span><span data-ccp-props=\"{&quot;335559738&quot;:240,&quot;335559739&quot;:240}\">\u00a0<\/span><\/p><p><span data-contrast=\"auto\">These anecdotes tell the essential story: TalkTo is not an academic course. It's a place where you discover you're capable of<\/span><b><span data-contrast=\"auto\"> overcoming your fears<\/span><\/b><span data-contrast=\"auto\">invent new <\/span><b><span data-contrast=\"auto\">new ways of presenting ourselves,<\/span><\/b><span data-contrast=\"auto\"> to <\/span><b><span data-contrast=\"auto\">reconnect with your vital energy<\/span><\/b><span data-contrast=\"auto\">.<\/span><span data-ccp-props=\"{&quot;335559738&quot;:240,&quot;335559739&quot;:240}\">\u00a0<\/span><\/p>\t\t\t\t\t\t\t\t<\/div>\n\t\t\t\t<\/div>\n\t\t\t\t<div class=\"elementor-element elementor-element-a9cecca elementor-widget elementor-widget-image\" data-id=\"a9cecca\" data-element_type=\"widget\" data-e-type=\"widget\" data-widget_type=\"image.default\">\n\t\t\t\t<div class=\"elementor-widget-container\">\n\t\t\t\t\t\t\t\t\t\t\t\t\t\t\t<img loading=\"lazy\" decoding=\"async\" width=\"768\" height=\"432\" src=\"https:\/\/talk.swiss\/wp-content\/uploads\/2025\/09\/TALK_2-768x432.jpg\" class=\"attachment-medium_large size-medium_large wp-image-8394\" alt=\"\" srcset=\"https:\/\/talk.swiss\/wp-content\/uploads\/2025\/09\/TALK_2-768x432.jpg 768w, https:\/\/talk.swiss\/wp-content\/uploads\/2025\/09\/TALK_2-300x169.jpg 300w, https:\/\/talk.swiss\/wp-content\/uploads\/2025\/09\/TALK_2-18x10.jpg 18w, https:\/\/talk.swiss\/wp-content\/uploads\/2025\/09\/TALK_2.jpg 1000w\" sizes=\"(max-width: 768px) 100vw, 768px\" \/>\t\t\t\t\t\t\t\t\t\t\t\t\t\t\t<\/div>\n\t\t\t\t<\/div>\n\t\t\t\t\t<\/div>\n\t\t<\/div>\n\t\t\t\t\t<\/div>\n\t\t<\/section>\n\t\t\t\t<section class=\"elementor-section elementor-top-section elementor-element elementor-element-0fe57e6 elementor-section-boxed elementor-section-height-default elementor-section-height-default\" data-id=\"0fe57e6\" data-element_type=\"section\" data-e-type=\"section\">\n\t\t\t\t\t\t<div class=\"elementor-container elementor-column-gap-default\">\n\t\t\t\t\t<div class=\"elementor-column elementor-col-100 elementor-top-column elementor-element elementor-element-611d724\" data-id=\"611d724\" data-element_type=\"column\" data-e-type=\"column\">\n\t\t\t<div class=\"elementor-widget-wrap elementor-element-populated\">\n\t\t\t\t\t\t<div class=\"elementor-element elementor-element-03e0d54 elementor-widget elementor-widget-heading\" data-id=\"03e0d54\" data-element_type=\"widget\" data-e-type=\"widget\" data-widget_type=\"heading.default\">\n\t\t\t\t<div class=\"elementor-widget-container\">\n\t\t\t\t\t<h2 class=\"elementor-heading-title elementor-size-xl\">The key relationships that make TalkTo so powerful <\/h2>\t\t\t\t<\/div>\n\t\t\t\t<\/div>\n\t\t\t\t<div class=\"elementor-element elementor-element-9ad46ab elementor-widget elementor-widget-text-editor\" data-id=\"9ad46ab\" data-element_type=\"widget\" data-e-type=\"widget\" data-widget_type=\"text-editor.default\">\n\t\t\t\t<div class=\"elementor-widget-container\">\n\t\t\t\t\t\t\t\t\t<p><span data-contrast=\"auto\">In addition to communication skills and emotional intelligence, the TalkTo programme also develops the following skills <\/span><b><span data-contrast=\"auto\">powerful interpersonal skills<\/span><\/b><span data-contrast=\"auto\"> that are transforming the way we collaborate and interact with others.<\/span><span data-ccp-props=\"{&quot;335559738&quot;:240,&quot;335559739&quot;:240}\">\u00a0<\/span><\/p><p><span data-contrast=\"auto\">Among them, the coaches unanimously highlight :<\/span><\/p>\t\t\t\t\t\t\t\t<\/div>\n\t\t\t\t<\/div>\n\t\t\t\t<div class=\"elementor-element elementor-element-1f3047c animated-slow elementor-list-item-link-inline elementor-icon-list--layout-traditional elementor-widget elementor-widget-icon-list\" data-id=\"1f3047c\" data-element_type=\"widget\" data-e-type=\"widget\" data-settings=\"{&quot;_animation&quot;:&quot;none&quot;}\" data-widget_type=\"icon-list.default\">\n\t\t\t\t<div class=\"elementor-widget-container\">\n\t\t\t\t\t\t\t<ul class=\"elementor-icon-list-items\">\n\t\t\t\t\t\t\t<li class=\"elementor-icon-list-item\">\n\t\t\t\t\t\t\t\t\t\t\t<span class=\"elementor-icon-list-icon\">\n\t\t\t\t\t\t\t<i aria-hidden=\"true\" class=\"fas fa-chevron-right\"><\/i>\t\t\t\t\t\t<\/span>\n\t\t\t\t\t\t\t\t\t\t<span class=\"elementor-icon-list-text\"><b>Active listening,<\/b> not to respond, but to really understand the other person.&nbsp;<\/span>\n\t\t\t\t\t\t\t\t\t<\/li>\n\t\t\t\t\t\t\t\t<li class=\"elementor-icon-list-item\">\n\t\t\t\t\t\t\t\t\t\t\t<span class=\"elementor-icon-list-icon\">\n\t\t\t\t\t\t\t<i aria-hidden=\"true\" class=\"fas fa-chevron-right\"><\/i>\t\t\t\t\t\t<\/span>\n\t\t\t\t\t\t\t\t\t\t<span class=\"elementor-icon-list-text\"><b>Openness and humanism,<\/b> a stance that values and respects diversity.&nbsp;<\/span>\n\t\t\t\t\t\t\t\t\t<\/li>\n\t\t\t\t\t\t\t\t<li class=\"elementor-icon-list-item\">\n\t\t\t\t\t\t\t\t\t\t\t<span class=\"elementor-icon-list-icon\">\n\t\t\t\t\t\t\t<i aria-hidden=\"true\" class=\"fas fa-chevron-right\"><\/i>\t\t\t\t\t\t<\/span>\n\t\t\t\t\t\t\t\t\t\t<span class=\"elementor-icon-list-text\"><b>Respect for yourself and others,<\/b> the basis of all constructive interaction.&nbsp;<\/span>\n\t\t\t\t\t\t\t\t\t<\/li>\n\t\t\t\t\t\t<\/ul>\n\t\t\t\t\t\t<\/div>\n\t\t\t\t<\/div>\n\t\t\t\t<div class=\"elementor-element elementor-element-4547cc3 elementor-widget elementor-widget-text-editor\" data-id=\"4547cc3\" data-element_type=\"widget\" data-e-type=\"widget\" data-widget_type=\"text-editor.default\">\n\t\t\t\t<div class=\"elementor-widget-container\">\n\t\t\t\t\t\t\t\t\t<p><span data-contrast=\"auto\">These skills are not covered in theory, but tried out in practice, with benevolent feedback, simulated interviews and group discussions. They become tangible levers for better persuasion, cooperation and dialogue.<\/span><span data-ccp-props=\"{&quot;335559738&quot;:240,&quot;335559739&quot;:240}\">\u00a0<\/span><\/p><p><span data-contrast=\"auto\">This is one of TalkTo's strengths: in a landscape where training courses abound, the <\/span><b><span data-contrast=\"auto\">The programme has a number of unique features<\/span><\/b><span data-contrast=\"auto\"> :<\/span><\/p>\t\t\t\t\t\t\t\t<\/div>\n\t\t\t\t<\/div>\n\t\t\t\t<div class=\"elementor-element elementor-element-f7c59a5 animated-slow elementor-list-item-link-inline elementor-icon-list--layout-traditional elementor-widget elementor-widget-icon-list\" data-id=\"f7c59a5\" data-element_type=\"widget\" data-e-type=\"widget\" data-settings=\"{&quot;_animation&quot;:&quot;none&quot;}\" data-widget_type=\"icon-list.default\">\n\t\t\t\t<div class=\"elementor-widget-container\">\n\t\t\t\t\t\t\t<ul class=\"elementor-icon-list-items\">\n\t\t\t\t\t\t\t<li class=\"elementor-icon-list-item\">\n\t\t\t\t\t\t\t\t\t\t\t<span class=\"elementor-icon-list-icon\">\n\t\t\t\t\t\t\t<i aria-hidden=\"true\" class=\"fas fa-chevron-right\"><\/i>\t\t\t\t\t\t<\/span>\n\t\t\t\t\t\t\t\t\t\t<span class=\"elementor-icon-list-text\"><b>A cross-disciplinary and holistic approach:<\/b> we don't just work on the performance of a pitch, but also on identity, emotions, posture, listening and expression.&nbsp;<\/span>\n\t\t\t\t\t\t\t\t\t<\/li>\n\t\t\t\t\t\t\t\t<li class=\"elementor-icon-list-item\">\n\t\t\t\t\t\t\t\t\t\t\t<span class=\"elementor-icon-list-icon\">\n\t\t\t\t\t\t\t<i aria-hidden=\"true\" class=\"fas fa-chevron-right\"><\/i>\t\t\t\t\t\t<\/span>\n\t\t\t\t\t\t\t\t\t\t<span class=\"elementor-icon-list-text\"><b>Dedicated time to invest in yourself:<\/b> a gradual pace that allows awareness to percolate and learning to take root.&nbsp;<\/span>\n\t\t\t\t\t\t\t\t\t<\/li>\n\t\t\t\t\t\t\t\t<li class=\"elementor-icon-list-item\">\n\t\t\t\t\t\t\t\t\t\t\t<span class=\"elementor-icon-list-icon\">\n\t\t\t\t\t\t\t<i aria-hidden=\"true\" class=\"fas fa-chevron-right\"><\/i>\t\t\t\t\t\t<\/span>\n\t\t\t\t\t\t\t\t\t\t<span class=\"elementor-icon-list-text\"><b>A coherent team :<\/b> All the coaches share the same values and the same approach, which gives a particular power to the experience.&nbsp;<\/span>\n\t\t\t\t\t\t\t\t\t<\/li>\n\t\t\t\t\t\t\t\t<li class=\"elementor-icon-list-item\">\n\t\t\t\t\t\t\t\t\t\t\t<span class=\"elementor-icon-list-icon\">\n\t\t\t\t\t\t\t<i aria-hidden=\"true\" class=\"fas fa-chevron-right\"><\/i>\t\t\t\t\t\t<\/span>\n\t\t\t\t\t\t\t\t\t\t<span class=\"elementor-icon-list-text\"><b>The alliance between people and technology:<\/b> face-to-face workshops are extended by a mobile application developed in-house, with exercises, feedback and self-assessment to reinforce day-to-day learning.&nbsp;<\/span>\n\t\t\t\t\t\t\t\t\t<\/li>\n\t\t\t\t\t\t\t\t<li class=\"elementor-icon-list-item\">\n\t\t\t\t\t\t\t\t\t\t\t<span class=\"elementor-icon-list-icon\">\n\t\t\t\t\t\t\t<i aria-hidden=\"true\" class=\"fas fa-chevron-right\"><\/i>\t\t\t\t\t\t<\/span>\n\t\t\t\t\t\t\t\t\t\t<span class=\"elementor-icon-list-text\"><b>An impact that goes beyond the professional:<\/b> the skills developed are used in all spheres of life, including relationships, family and social life.&nbsp;<\/span>\n\t\t\t\t\t\t\t\t\t<\/li>\n\t\t\t\t\t\t<\/ul>\n\t\t\t\t\t\t<\/div>\n\t\t\t\t<\/div>\n\t\t\t\t<div class=\"elementor-element elementor-element-7ca35b8 elementor-widget elementor-widget-text-editor\" data-id=\"7ca35b8\" data-element_type=\"widget\" data-e-type=\"widget\" data-widget_type=\"text-editor.default\">\n\t\t\t\t<div class=\"elementor-widget-container\">\n\t\t\t\t\t\t\t\t\t<p><b><span data-contrast=\"auto\">TalkTo is a programme for developing communication skills to boost confidence, posture and interpersonal skills.<\/span><\/b><span data-ccp-props=\"{}\">\u00a0<\/span><\/p>\t\t\t\t\t\t\t\t<\/div>\n\t\t\t\t<\/div>\n\t\t\t\t\t<\/div>\n\t\t<\/div>\n\t\t\t\t\t<\/div>\n\t\t<\/section>\n\t\t\t\t<section class=\"elementor-section elementor-top-section elementor-element elementor-element-ba681c5 elementor-section-boxed elementor-section-height-default elementor-section-height-default\" data-id=\"ba681c5\" data-element_type=\"section\" data-e-type=\"section\">\n\t\t\t\t\t\t<div class=\"elementor-container elementor-column-gap-default\">\n\t\t\t\t\t<div class=\"elementor-column elementor-col-100 elementor-top-column elementor-element elementor-element-1c0def7\" data-id=\"1c0def7\" data-element_type=\"column\" data-e-type=\"column\">\n\t\t\t<div class=\"elementor-widget-wrap elementor-element-populated\">\n\t\t\t\t\t\t<div class=\"elementor-element elementor-element-4d18f50 elementor-widget elementor-widget-heading\" data-id=\"4d18f50\" data-element_type=\"widget\" data-e-type=\"widget\" data-widget_type=\"heading.default\">\n\t\t\t\t<div class=\"elementor-widget-container\">\n\t\t\t\t\t<h2 class=\"elementor-heading-title elementor-size-xl\">A shared transformation <\/h2>\t\t\t\t<\/div>\n\t\t\t\t<\/div>\n\t\t\t\t<div class=\"elementor-element elementor-element-efea3d4 elementor-widget elementor-widget-text-editor\" data-id=\"efea3d4\" data-element_type=\"widget\" data-e-type=\"widget\" data-widget_type=\"text-editor.default\">\n\t\t\t\t<div class=\"elementor-widget-container\">\n\t\t\t\t\t\t\t\t\t<p><span data-contrast=\"auto\">TalkTo's impact is not just limited to <\/span><b><span data-contrast=\"auto\">participants<\/span><\/b><span data-contrast=\"auto\">. The <\/span><b><span data-contrast=\"auto\">coaches <\/span><\/b><span data-contrast=\"auto\">themselves change over the course of the sessions.<\/span><span data-ccp-props=\"{&quot;335559738&quot;:240,&quot;335559739&quot;:240}\">\u00a0<\/span><\/p><p><span data-contrast=\"auto\">Ivana explains:<\/span>\u00a0<br \/><span data-contrast=\"auto\">\"It taught me to cultivate <\/span><b><span data-contrast=\"auto\">humility<\/span><\/b><span data-contrast=\"auto\">. Each person<\/span><span data-contrast=\"auto\">onne has unsuspected strengths. I grow with each group. Humility in my coaching enhances the learner's journey by listening to their voice, encouraging collaboration and open dialogue\".<\/span><span data-ccp-props=\"{&quot;335559738&quot;:240,&quot;335559739&quot;:240}\">\u00a0<\/span><\/p><p><span data-contrast=\"auto\">Tanguy sees this as a mission deeply aligned with his <\/span><b><span data-contrast=\"auto\">values <\/span><\/b><span data-contrast=\"auto\">:<\/span>\u00a0<br \/><span data-contrast=\"auto\">\"I need to be of service to others. This role allows me to continue this mission, which is deeply meaningful to me.<\/span><span data-ccp-props=\"{&quot;335559738&quot;:240,&quot;335559739&quot;:240}\">\u00a0<\/span><\/p><p><span data-contrast=\"auto\">For Natacha, it's a no-brainer:<\/span>\u00a0<br \/><span data-contrast=\"auto\">\"I feel <\/span><b><span data-contrast=\"auto\">my rightful place<\/span><\/b><span data-contrast=\"auto\">. More than a job, it's a vocation.<\/span><span data-ccp-props=\"{&quot;335559738&quot;:240,&quot;335559739&quot;:240}\">\u00a0<\/span><\/p><p><span data-contrast=\"auto\">This reciprocity is at the heart of TalkTo: transformation flows in both directions. What the participants discover reflects on the coaches, and vice versa.<\/span><span data-ccp-props=\"{&quot;335559738&quot;:240,&quot;335559739&quot;:240}\">\u00a0<\/span><\/p>\t\t\t\t\t\t\t\t<\/div>\n\t\t\t\t<\/div>\n\t\t\t\t\t<\/div>\n\t\t<\/div>\n\t\t\t\t\t<\/div>\n\t\t<\/section>\n\t\t\t\t<section class=\"elementor-section elementor-top-section elementor-element elementor-element-1692aac elementor-section-content-middle elementor-section-boxed elementor-section-height-default elementor-section-height-default\" data-id=\"1692aac\" data-element_type=\"section\" data-e-type=\"section\" data-settings=\"{&quot;shape_divider_top&quot;:&quot;mountains&quot;}\">\n\t\t\t\t\t<div class=\"elementor-shape elementor-shape-top\" aria-hidden=\"true\" data-negative=\"false\">\n\t\t\t<svg xmlns=\"http:\/\/www.w3.org\/2000\/svg\" viewbox=\"0 0 1000 100\" preserveaspectratio=\"none\">\n\t<path class=\"elementor-shape-fill\" opacity=\"0.33\" d=\"M473,67.3c-203.9,88.3-263.1-34-320.3,0C66,119.1,0,59.7,0,59.7V0h1000v59.7 c0,0-62.1,26.1-94.9,29.3c-32.8,3.3-62.8-12.3-75.8-22.1C806,49.6,745.3,8.7,694.9,4.7S492.4,59,473,67.3z\"\/>\n\t<path class=\"elementor-shape-fill\" opacity=\"0.66\" d=\"M734,67.3c-45.5,0-77.2-23.2-129.1-39.1c-28.6-8.7-150.3-10.1-254,39.1 s-91.7-34.4-149.2,0C115.7,118.3,0,39.8,0,39.8V0h1000v36.5c0,0-28.2-18.5-92.1-18.5C810.2,18.1,775.7,67.3,734,67.3z\"\/>\n\t<path class=\"elementor-shape-fill\" d=\"M766.1,28.9c-200-57.5-266,65.5-395.1,19.5C242,1.8,242,5.4,184.8,20.6C128,35.8,132.3,44.9,89.9,52.5C28.6,63.7,0,0,0,0 h1000c0,0-9.9,40.9-83.6,48.1S829.6,47,766.1,28.9z\"\/>\n<\/svg>\t\t<\/div>\n\t\t\t\t\t<div class=\"elementor-container elementor-column-gap-default\">\n\t\t\t\t\t<div class=\"elementor-column elementor-col-50 elementor-top-column elementor-element elementor-element-a289fbe\" data-id=\"a289fbe\" data-element_type=\"column\" data-e-type=\"column\">\n\t\t\t<div class=\"elementor-widget-wrap elementor-element-populated\">\n\t\t\t\t\t\t<div class=\"elementor-element elementor-element-ed9f0a2 elementor-widget elementor-widget-image\" data-id=\"ed9f0a2\" data-element_type=\"widget\" data-e-type=\"widget\" data-widget_type=\"image.default\">\n\t\t\t\t<div class=\"elementor-widget-container\">\n\t\t\t\t\t\t\t\t\t\t\t\t\t\t\t<img loading=\"lazy\" decoding=\"async\" width=\"300\" height=\"300\" src=\"https:\/\/talk.swiss\/wp-content\/uploads\/2025\/09\/ivana_1-300x300.png\" class=\"attachment-medium size-medium wp-image-8391\" alt=\"\" srcset=\"https:\/\/talk.swiss\/wp-content\/uploads\/2025\/09\/ivana_1-300x300.png 300w, https:\/\/talk.swiss\/wp-content\/uploads\/2025\/09\/ivana_1-1024x1024.png 1024w, https:\/\/talk.swiss\/wp-content\/uploads\/2025\/09\/ivana_1-150x150.png 150w, https:\/\/talk.swiss\/wp-content\/uploads\/2025\/09\/ivana_1-768x768.png 768w, https:\/\/talk.swiss\/wp-content\/uploads\/2025\/09\/ivana_1-12x12.png 12w, https:\/\/talk.swiss\/wp-content\/uploads\/2025\/09\/ivana_1.png 1114w\" sizes=\"(max-width: 300px) 100vw, 300px\" \/>\t\t\t\t\t\t\t\t\t\t\t\t\t\t\t<\/div>\n\t\t\t\t<\/div>\n\t\t\t\t\t<\/div>\n\t\t<\/div>\n\t\t\t\t<div class=\"elementor-column elementor-col-50 elementor-top-column elementor-element elementor-element-72b3f21\" data-id=\"72b3f21\" data-element_type=\"column\" data-e-type=\"column\">\n\t\t\t<div class=\"elementor-widget-wrap elementor-element-populated\">\n\t\t\t\t\t\t<div class=\"elementor-element elementor-element-4f3b7c0 elementor-widget elementor-widget-heading\" data-id=\"4f3b7c0\" data-element_type=\"widget\" data-e-type=\"widget\" data-widget_type=\"heading.default\">\n\t\t\t\t<div class=\"elementor-widget-container\">\n\t\t\t\t\t<h3 class=\"elementor-heading-title elementor-size-large\">\"It taught me to cultivate humility. Each person has unsuspected strengths. I grow with each group. Humility in coaching enhances the learner's journey by listening to his or her voice, encouraging collaboration and open dialogue\".<\/h3>\t\t\t\t<\/div>\n\t\t\t\t<\/div>\n\t\t\t\t<div class=\"elementor-element elementor-element-b9d1eb3 elementor-widget elementor-widget-heading\" data-id=\"b9d1eb3\" data-element_type=\"widget\" data-e-type=\"widget\" data-widget_type=\"heading.default\">\n\t\t\t\t<div class=\"elementor-widget-container\">\n\t\t\t\t\t<h3 class=\"elementor-heading-title elementor-size-medium\"><i>- Ivana Dugalic Montefusco<\/i><\/h3>\t\t\t\t<\/div>\n\t\t\t\t<\/div>\n\t\t\t\t\t<\/div>\n\t\t<\/div>\n\t\t\t\t\t<\/div>\n\t\t<\/section>\n\t\t\t\t<section class=\"elementor-section elementor-top-section elementor-element elementor-element-3e2e588 elementor-section-boxed elementor-section-height-default elementor-section-height-default\" data-id=\"3e2e588\" data-element_type=\"section\" data-e-type=\"section\">\n\t\t\t\t\t\t<div class=\"elementor-container elementor-column-gap-default\">\n\t\t\t\t\t<div class=\"elementor-column elementor-col-100 elementor-top-column elementor-element elementor-element-c27f754\" data-id=\"c27f754\" data-element_type=\"column\" data-e-type=\"column\">\n\t\t\t<div class=\"elementor-widget-wrap elementor-element-populated\">\n\t\t\t\t\t\t<div class=\"elementor-element elementor-element-6d15644 elementor-widget elementor-widget-spacer\" data-id=\"6d15644\" data-element_type=\"widget\" data-e-type=\"widget\" data-widget_type=\"spacer.default\">\n\t\t\t\t<div class=\"elementor-widget-container\">\n\t\t\t\t\t\t\t<div class=\"elementor-spacer\">\n\t\t\t<div class=\"elementor-spacer-inner\"><\/div>\n\t\t<\/div>\n\t\t\t\t\t\t<\/div>\n\t\t\t\t<\/div>\n\t\t\t\t<div class=\"elementor-element elementor-element-deb4670 elementor-widget elementor-widget-text-editor\" data-id=\"deb4670\" data-element_type=\"widget\" data-e-type=\"widget\" data-widget_type=\"text-editor.default\">\n\t\t\t\t<div class=\"elementor-widget-container\">\n\t\t\t\t\t\t\t\t\t<p><b><span data-contrast=\"auto\">In short, TalkTo is much more than a programme: it's a demanding, caring space where everyone learns to listen, express themselves and act in a way that's consistent with who they really are.<\/span><\/b><span data-ccp-props=\"{&quot;335559738&quot;:240,&quot;335559739&quot;:240}\">\u00a0<\/span><\/p><p><span data-contrast=\"auto\">And if one sentence were to sum up this spirit, it would be this one, shared during the interviews:<\/span><\/p>\t\t\t\t\t\t\t\t<\/div>\n\t\t\t\t<\/div>\n\t\t\t\t<div class=\"elementor-element elementor-element-3e0f725 elementor-widget elementor-widget-text-editor\" data-id=\"3e0f725\" data-element_type=\"widget\" data-e-type=\"widget\" data-widget_type=\"text-editor.default\">\n\t\t\t\t<div class=\"elementor-widget-container\">\n\t\t\t\t\t\t\t\t\t<p><strong>\"True strength is not in speaking louder than others, but in finding your voice and daring to make it heard.<\/strong><\/p>\t\t\t\t\t\t\t\t<\/div>\n\t\t\t\t<\/div>\n\t\t\t\t<div class=\"elementor-element elementor-element-68bf3e0 elementor-widget elementor-widget-spacer\" data-id=\"68bf3e0\" data-element_type=\"widget\" data-e-type=\"widget\" data-widget_type=\"spacer.default\">\n\t\t\t\t<div class=\"elementor-widget-container\">\n\t\t\t\t\t\t\t<div class=\"elementor-spacer\">\n\t\t\t<div class=\"elementor-spacer-inner\"><\/div>\n\t\t<\/div>\n\t\t\t\t\t\t<\/div>\n\t\t\t\t<\/div>\n\t\t\t\t\t<\/div>\n\t\t<\/div>\n\t\t\t\t\t<\/div>\n\t\t<\/section>\n\t\t\t\t<section class=\"elementor-section elementor-top-section elementor-element elementor-element-53bcb2f elementor-section-boxed elementor-section-height-default elementor-section-height-default\" data-id=\"53bcb2f\" data-element_type=\"section\" data-e-type=\"section\">\n\t\t\t\t\t\t<div class=\"elementor-container elementor-column-gap-default\">\n\t\t\t\t\t<div class=\"elementor-column elementor-col-100 elementor-top-column elementor-element elementor-element-0385e00\" data-id=\"0385e00\" data-element_type=\"column\" data-e-type=\"column\" data-settings=\"{&quot;background_background&quot;:&quot;classic&quot;}\">\n\t\t\t<div class=\"elementor-widget-wrap elementor-element-populated\">\n\t\t\t\t\t<div class=\"elementor-background-overlay\"><\/div>\n\t\t\t\t\t\t<div class=\"elementor-element elementor-element-f00586f elementor-widget elementor-widget-heading\" data-id=\"f00586f\" data-element_type=\"widget\" data-e-type=\"widget\" data-widget_type=\"heading.default\">\n\t\t\t\t<div class=\"elementor-widget-container\">\n\t\t\t\t\t<h2 class=\"elementor-heading-title elementor-size-default\">Do you want to get back on track, clarify your plans and take action?<\/h2>\t\t\t\t<\/div>\n\t\t\t\t<\/div>\n\t\t\t\t<div class=\"elementor-element elementor-element-9cc31b2 elementor-align-center elementor-widget__width-initial elementor-widget elementor-widget-button\" data-id=\"9cc31b2\" data-element_type=\"widget\" data-e-type=\"widget\" data-widget_type=\"button.default\">\n\t\t\t\t<div class=\"elementor-widget-container\">\n\t\t\t\t\t\t\t\t\t<div class=\"elementor-button-wrapper\">\n\t\t\t\t\t<a class=\"elementor-button elementor-button-link elementor-size-sm\" href=\"https:\/\/talk.swiss\/en\/solution\/\">\n\t\t\t\t\t\t<span class=\"elementor-button-content-wrapper\">\n\t\t\t\t\t\t\t\t\t<span class=\"elementor-button-text\">The TalkTo programme is ready. How about you?<\/span>\n\t\t\t\t\t<\/span>\n\t\t\t\t\t<\/a>\n\t\t\t\t<\/div>\n\t\t\t\t\t\t\t\t<\/div>\n\t\t\t\t<\/div>\n\t\t\t\t\t<\/div>\n\t\t<\/div>\n\t\t\t\t\t<\/div>\n\t\t<\/section>\n\t\t\t\t<\/div>","protected":false},"excerpt":{"rendered":"<p>Emotions are often perceived as inappropriate in a professional context. Emotional intelligence, however, can bring many benefits.<\/p>","protected":false},"author":19,"featured_media":7084,"comment_status":"closed","ping_status":"closed","sticky":false,"template":"","format":"standard","meta":{"footnotes":""},"categories":[38,1],"tags":[48,47,49],"class_list":["post-8386","post","type-post","status-publish","format-standard","has-post-thumbnail","hentry","category-actus","category-divers","tag-communication","tag-emotion","tag-prise-de-parole"],"yoast_head":"<!-- This site is optimized with the Yoast SEO plugin v28.3 - https:\/\/yoast.com\/product\/yoast-seo-wordpress\/ -->\n<title>TalkTo : \u00e9veiller sa communication et sa confiance gr\u00e2ce \u00e0 l\u2019\u00e9lan du collectif et de l\u2019humain - TALK.SWISS<\/title>\n<meta name=\"robots\" content=\"index, follow, max-snippet:-1, max-image-preview:large, max-video-preview:-1\" \/>\n<link rel=\"canonical\" href=\"https:\/\/talk.swiss\/en\/talkto-eveiller-sa-communication-et-sa-confiance-grace-a-lelan-du-collectif-et-de-lhumain\/\" \/>\n<meta property=\"og:locale\" content=\"en_GB\" \/>\n<meta property=\"og:type\" content=\"article\" \/>\n<meta property=\"og:title\" content=\"TalkTo : \u00e9veiller sa communication et sa confiance gr\u00e2ce \u00e0 l\u2019\u00e9lan du collectif et de l\u2019humain - TALK.SWISS\" \/>\n<meta property=\"og:description\" content=\"Les \u00e9motions sont souvent per\u00e7ues comme inappropri\u00e9e dans le contexte professionnel. Cependant l\u2019intelligence \u00e9motionnelle permet d\u2019en tirer de nombreux b\u00e9n\u00e9fices.\" \/>\n<meta property=\"og:url\" content=\"https:\/\/talk.swiss\/en\/talkto-eveiller-sa-communication-et-sa-confiance-grace-a-lelan-du-collectif-et-de-lhumain\/\" \/>\n<meta property=\"og:site_name\" content=\"TALK.SWISS\" \/>\n<meta property=\"article:published_time\" content=\"2025-09-02T14:47:13+00:00\" \/>\n<meta property=\"article:modified_time\" content=\"2025-10-28T07:41:25+00:00\" \/>\n<meta property=\"og:image\" content=\"https:\/\/talk.swiss\/wp-content\/uploads\/2024\/04\/Visuel_blog_LS.jpg\" \/>\n\t<meta property=\"og:image:width\" content=\"1200\" \/>\n\t<meta property=\"og:image:height\" content=\"627\" \/>\n\t<meta property=\"og:image:type\" content=\"image\/jpeg\" \/>\n<meta name=\"author\" content=\"Margaux Fazio\" \/>\n<meta name=\"twitter:card\" content=\"summary_large_image\" \/>\n<meta name=\"twitter:label1\" content=\"Written by\" \/>\n\t<meta name=\"twitter:data1\" content=\"Margaux Fazio\" \/>\n\t<meta name=\"twitter:label2\" content=\"Estimated reading time\" \/>\n\t<meta name=\"twitter:data2\" content=\"11 minutes\" \/>\n<script type=\"application\/ld+json\" class=\"yoast-schema-graph\">{\"@context\":\"https:\\\/\\\/schema.org\",\"@graph\":[{\"@type\":\"Article\",\"@id\":\"https:\\\/\\\/talk.swiss\\\/talkto-eveiller-sa-communication-et-sa-confiance-grace-a-lelan-du-collectif-et-de-lhumain\\\/#article\",\"isPartOf\":{\"@id\":\"https:\\\/\\\/talk.swiss\\\/talkto-eveiller-sa-communication-et-sa-confiance-grace-a-lelan-du-collectif-et-de-lhumain\\\/\"},\"author\":{\"name\":\"Margaux Fazio\",\"@id\":\"https:\\\/\\\/talk.swiss\\\/#\\\/schema\\\/person\\\/e561e8c726fba568eaa4ee2712b1f043\"},\"headline\":\"TalkTo : \u00e9veiller sa communication et sa confiance gr\u00e2ce \u00e0 l\u2019\u00e9lan du collectif et de l\u2019humain\",\"datePublished\":\"2025-09-02T14:47:13+00:00\",\"dateModified\":\"2025-10-28T07:41:25+00:00\",\"mainEntityOfPage\":{\"@id\":\"https:\\\/\\\/talk.swiss\\\/talkto-eveiller-sa-communication-et-sa-confiance-grace-a-lelan-du-collectif-et-de-lhumain\\\/\"},\"wordCount\":2023,\"publisher\":{\"@id\":\"https:\\\/\\\/talk.swiss\\\/#organization\"},\"image\":{\"@id\":\"https:\\\/\\\/talk.swiss\\\/talkto-eveiller-sa-communication-et-sa-confiance-grace-a-lelan-du-collectif-et-de-lhumain\\\/#primaryimage\"},\"thumbnailUrl\":\"https:\\\/\\\/talk.swiss\\\/wp-content\\\/uploads\\\/2024\\\/04\\\/Visuel_blog_LS.jpg\",\"keywords\":[\"Communication\",\"Emotion\",\"Prise de parole\"],\"articleSection\":[\"Blog\",\"Divers\"],\"inLanguage\":\"en-GB\"},{\"@type\":\"WebPage\",\"@id\":\"https:\\\/\\\/talk.swiss\\\/talkto-eveiller-sa-communication-et-sa-confiance-grace-a-lelan-du-collectif-et-de-lhumain\\\/\",\"url\":\"https:\\\/\\\/talk.swiss\\\/talkto-eveiller-sa-communication-et-sa-confiance-grace-a-lelan-du-collectif-et-de-lhumain\\\/\",\"name\":\"TalkTo : \u00e9veiller sa communication et sa confiance gr\u00e2ce \u00e0 l\u2019\u00e9lan du collectif et de l\u2019humain - TALK.SWISS\",\"isPartOf\":{\"@id\":\"https:\\\/\\\/talk.swiss\\\/#website\"},\"primaryImageOfPage\":{\"@id\":\"https:\\\/\\\/talk.swiss\\\/talkto-eveiller-sa-communication-et-sa-confiance-grace-a-lelan-du-collectif-et-de-lhumain\\\/#primaryimage\"},\"image\":{\"@id\":\"https:\\\/\\\/talk.swiss\\\/talkto-eveiller-sa-communication-et-sa-confiance-grace-a-lelan-du-collectif-et-de-lhumain\\\/#primaryimage\"},\"thumbnailUrl\":\"https:\\\/\\\/talk.swiss\\\/wp-content\\\/uploads\\\/2024\\\/04\\\/Visuel_blog_LS.jpg\",\"datePublished\":\"2025-09-02T14:47:13+00:00\",\"dateModified\":\"2025-10-28T07:41:25+00:00\",\"breadcrumb\":{\"@id\":\"https:\\\/\\\/talk.swiss\\\/talkto-eveiller-sa-communication-et-sa-confiance-grace-a-lelan-du-collectif-et-de-lhumain\\\/#breadcrumb\"},\"inLanguage\":\"en-GB\",\"potentialAction\":[{\"@type\":\"ReadAction\",\"target\":[\"https:\\\/\\\/talk.swiss\\\/talkto-eveiller-sa-communication-et-sa-confiance-grace-a-lelan-du-collectif-et-de-lhumain\\\/\"]}]},{\"@type\":\"ImageObject\",\"inLanguage\":\"en-GB\",\"@id\":\"https:\\\/\\\/talk.swiss\\\/talkto-eveiller-sa-communication-et-sa-confiance-grace-a-lelan-du-collectif-et-de-lhumain\\\/#primaryimage\",\"url\":\"https:\\\/\\\/talk.swiss\\\/wp-content\\\/uploads\\\/2024\\\/04\\\/Visuel_blog_LS.jpg\",\"contentUrl\":\"https:\\\/\\\/talk.swiss\\\/wp-content\\\/uploads\\\/2024\\\/04\\\/Visuel_blog_LS.jpg\",\"width\":1200,\"height\":627},{\"@type\":\"BreadcrumbList\",\"@id\":\"https:\\\/\\\/talk.swiss\\\/talkto-eveiller-sa-communication-et-sa-confiance-grace-a-lelan-du-collectif-et-de-lhumain\\\/#breadcrumb\",\"itemListElement\":[{\"@type\":\"ListItem\",\"position\":1,\"name\":\"Accueil\",\"item\":\"https:\\\/\\\/talk.swiss\\\/\"},{\"@type\":\"ListItem\",\"position\":2,\"name\":\"TalkTo : \u00e9veiller sa communication et sa confiance gr\u00e2ce \u00e0 l\u2019\u00e9lan du collectif et de l\u2019humain\"}]},{\"@type\":\"WebSite\",\"@id\":\"https:\\\/\\\/talk.swiss\\\/#website\",\"url\":\"https:\\\/\\\/talk.swiss\\\/\",\"name\":\"TALK.SWISS\",\"description\":\"Talk, la parole au centre\",\"publisher\":{\"@id\":\"https:\\\/\\\/talk.swiss\\\/#organization\"},\"potentialAction\":[{\"@type\":\"SearchAction\",\"target\":{\"@type\":\"EntryPoint\",\"urlTemplate\":\"https:\\\/\\\/talk.swiss\\\/?s={search_term_string}\"},\"query-input\":{\"@type\":\"PropertyValueSpecification\",\"valueRequired\":true,\"valueName\":\"search_term_string\"}}],\"inLanguage\":\"en-GB\"},{\"@type\":\"Organization\",\"@id\":\"https:\\\/\\\/talk.swiss\\\/#organization\",\"name\":\"TALK.SWISS\",\"url\":\"https:\\\/\\\/talk.swiss\\\/\",\"logo\":{\"@type\":\"ImageObject\",\"inLanguage\":\"en-GB\",\"@id\":\"https:\\\/\\\/talk.swiss\\\/#\\\/schema\\\/logo\\\/image\\\/\",\"url\":\"https:\\\/\\\/talk.swiss\\\/wp-content\\\/uploads\\\/2022\\\/08\\\/cropped-Talk_logo.png\",\"contentUrl\":\"https:\\\/\\\/talk.swiss\\\/wp-content\\\/uploads\\\/2022\\\/08\\\/cropped-Talk_logo.png\",\"width\":400,\"height\":400,\"caption\":\"TALK.SWISS\"},\"image\":{\"@id\":\"https:\\\/\\\/talk.swiss\\\/#\\\/schema\\\/logo\\\/image\\\/\"}},{\"@type\":\"Person\",\"@id\":\"https:\\\/\\\/talk.swiss\\\/#\\\/schema\\\/person\\\/e561e8c726fba568eaa4ee2712b1f043\",\"name\":\"Margaux Fazio\",\"image\":{\"@type\":\"ImageObject\",\"inLanguage\":\"en-GB\",\"@id\":\"https:\\\/\\\/secure.gravatar.com\\\/avatar\\\/c48efacdbd92c7c5165220228cede76810391f66ffa18c221c28729c5ce1bab9?s=96&d=mm&r=g\",\"url\":\"https:\\\/\\\/secure.gravatar.com\\\/avatar\\\/c48efacdbd92c7c5165220228cede76810391f66ffa18c221c28729c5ce1bab9?s=96&d=mm&r=g\",\"contentUrl\":\"https:\\\/\\\/secure.gravatar.com\\\/avatar\\\/c48efacdbd92c7c5165220228cede76810391f66ffa18c221c28729c5ce1bab9?s=96&d=mm&r=g\",\"caption\":\"Margaux Fazio\"},\"url\":\"https:\\\/\\\/talk.swiss\\\/en\\\/author\\\/margaux-faziotalk-swiss\\\/\"}]}<\/script>\n<!-- \/ Yoast SEO plugin. -->","yoast_head_json":{"title":"TalkTo : \u00e9veiller sa communication et sa confiance gr\u00e2ce \u00e0 l\u2019\u00e9lan du collectif et de l\u2019humain - TALK.SWISS","robots":{"index":"index","follow":"follow","max-snippet":"max-snippet:-1","max-image-preview":"max-image-preview:large","max-video-preview":"max-video-preview:-1"},"canonical":"https:\/\/talk.swiss\/en\/talkto-eveiller-sa-communication-et-sa-confiance-grace-a-lelan-du-collectif-et-de-lhumain\/","og_locale":"en_GB","og_type":"article","og_title":"TalkTo : \u00e9veiller sa communication et sa confiance gr\u00e2ce \u00e0 l\u2019\u00e9lan du collectif et de l\u2019humain - TALK.SWISS","og_description":"Les \u00e9motions sont souvent per\u00e7ues comme inappropri\u00e9e dans le contexte professionnel. Cependant l\u2019intelligence \u00e9motionnelle permet d\u2019en tirer de nombreux b\u00e9n\u00e9fices.","og_url":"https:\/\/talk.swiss\/en\/talkto-eveiller-sa-communication-et-sa-confiance-grace-a-lelan-du-collectif-et-de-lhumain\/","og_site_name":"TALK.SWISS","article_published_time":"2025-09-02T14:47:13+00:00","article_modified_time":"2025-10-28T07:41:25+00:00","og_image":[{"width":1200,"height":627,"url":"https:\/\/talk.swiss\/wp-content\/uploads\/2024\/04\/Visuel_blog_LS.jpg","type":"image\/jpeg"}],"author":"Margaux Fazio","twitter_card":"summary_large_image","twitter_misc":{"Written by":"Margaux Fazio","Estimated reading time":"11 minutes"},"schema":{"@context":"https:\/\/schema.org","@graph":[{"@type":"Article","@id":"https:\/\/talk.swiss\/talkto-eveiller-sa-communication-et-sa-confiance-grace-a-lelan-du-collectif-et-de-lhumain\/#article","isPartOf":{"@id":"https:\/\/talk.swiss\/talkto-eveiller-sa-communication-et-sa-confiance-grace-a-lelan-du-collectif-et-de-lhumain\/"},"author":{"name":"Margaux Fazio","@id":"https:\/\/talk.swiss\/#\/schema\/person\/e561e8c726fba568eaa4ee2712b1f043"},"headline":"TalkTo : \u00e9veiller sa communication et sa confiance gr\u00e2ce \u00e0 l\u2019\u00e9lan du collectif et de l\u2019humain","datePublished":"2025-09-02T14:47:13+00:00","dateModified":"2025-10-28T07:41:25+00:00","mainEntityOfPage":{"@id":"https:\/\/talk.swiss\/talkto-eveiller-sa-communication-et-sa-confiance-grace-a-lelan-du-collectif-et-de-lhumain\/"},"wordCount":2023,"publisher":{"@id":"https:\/\/talk.swiss\/#organization"},"image":{"@id":"https:\/\/talk.swiss\/talkto-eveiller-sa-communication-et-sa-confiance-grace-a-lelan-du-collectif-et-de-lhumain\/#primaryimage"},"thumbnailUrl":"https:\/\/talk.swiss\/wp-content\/uploads\/2024\/04\/Visuel_blog_LS.jpg","keywords":["Communication","Emotion","Prise de parole"],"articleSection":["Blog","Divers"],"inLanguage":"en-GB"},{"@type":"WebPage","@id":"https:\/\/talk.swiss\/talkto-eveiller-sa-communication-et-sa-confiance-grace-a-lelan-du-collectif-et-de-lhumain\/","url":"https:\/\/talk.swiss\/talkto-eveiller-sa-communication-et-sa-confiance-grace-a-lelan-du-collectif-et-de-lhumain\/","name":"TalkTo : \u00e9veiller sa communication et sa confiance gr\u00e2ce \u00e0 l\u2019\u00e9lan du collectif et de l\u2019humain - TALK.SWISS","isPartOf":{"@id":"https:\/\/talk.swiss\/#website"},"primaryImageOfPage":{"@id":"https:\/\/talk.swiss\/talkto-eveiller-sa-communication-et-sa-confiance-grace-a-lelan-du-collectif-et-de-lhumain\/#primaryimage"},"image":{"@id":"https:\/\/talk.swiss\/talkto-eveiller-sa-communication-et-sa-confiance-grace-a-lelan-du-collectif-et-de-lhumain\/#primaryimage"},"thumbnailUrl":"https:\/\/talk.swiss\/wp-content\/uploads\/2024\/04\/Visuel_blog_LS.jpg","datePublished":"2025-09-02T14:47:13+00:00","dateModified":"2025-10-28T07:41:25+00:00","breadcrumb":{"@id":"https:\/\/talk.swiss\/talkto-eveiller-sa-communication-et-sa-confiance-grace-a-lelan-du-collectif-et-de-lhumain\/#breadcrumb"},"inLanguage":"en-GB","potentialAction":[{"@type":"ReadAction","target":["https:\/\/talk.swiss\/talkto-eveiller-sa-communication-et-sa-confiance-grace-a-lelan-du-collectif-et-de-lhumain\/"]}]},{"@type":"ImageObject","inLanguage":"en-GB","@id":"https:\/\/talk.swiss\/talkto-eveiller-sa-communication-et-sa-confiance-grace-a-lelan-du-collectif-et-de-lhumain\/#primaryimage","url":"https:\/\/talk.swiss\/wp-content\/uploads\/2024\/04\/Visuel_blog_LS.jpg","contentUrl":"https:\/\/talk.swiss\/wp-content\/uploads\/2024\/04\/Visuel_blog_LS.jpg","width":1200,"height":627},{"@type":"BreadcrumbList","@id":"https:\/\/talk.swiss\/talkto-eveiller-sa-communication-et-sa-confiance-grace-a-lelan-du-collectif-et-de-lhumain\/#breadcrumb","itemListElement":[{"@type":"ListItem","position":1,"name":"Accueil","item":"https:\/\/talk.swiss\/"},{"@type":"ListItem","position":2,"name":"TalkTo : \u00e9veiller sa communication et sa confiance gr\u00e2ce \u00e0 l\u2019\u00e9lan du collectif et de l\u2019humain"}]},{"@type":"WebSite","@id":"https:\/\/talk.swiss\/#website","url":"https:\/\/talk.swiss\/","name":"TALK.SWISS","description":"Talk, the spoken word at the centre","publisher":{"@id":"https:\/\/talk.swiss\/#organization"},"potentialAction":[{"@type":"SearchAction","target":{"@type":"EntryPoint","urlTemplate":"https:\/\/talk.swiss\/?s={search_term_string}"},"query-input":{"@type":"PropertyValueSpecification","valueRequired":true,"valueName":"search_term_string"}}],"inLanguage":"en-GB"},{"@type":"Organization","@id":"https:\/\/talk.swiss\/#organization","name":"TALK.SWISS","url":"https:\/\/talk.swiss\/","logo":{"@type":"ImageObject","inLanguage":"en-GB","@id":"https:\/\/talk.swiss\/#\/schema\/logo\/image\/","url":"https:\/\/talk.swiss\/wp-content\/uploads\/2022\/08\/cropped-Talk_logo.png","contentUrl":"https:\/\/talk.swiss\/wp-content\/uploads\/2022\/08\/cropped-Talk_logo.png","width":400,"height":400,"caption":"TALK.SWISS"},"image":{"@id":"https:\/\/talk.swiss\/#\/schema\/logo\/image\/"}},{"@type":"Person","@id":"https:\/\/talk.swiss\/#\/schema\/person\/e561e8c726fba568eaa4ee2712b1f043","name":"Margaux Fazio","image":{"@type":"ImageObject","inLanguage":"en-GB","@id":"https:\/\/secure.gravatar.com\/avatar\/c48efacdbd92c7c5165220228cede76810391f66ffa18c221c28729c5ce1bab9?s=96&d=mm&r=g","url":"https:\/\/secure.gravatar.com\/avatar\/c48efacdbd92c7c5165220228cede76810391f66ffa18c221c28729c5ce1bab9?s=96&d=mm&r=g","contentUrl":"https:\/\/secure.gravatar.com\/avatar\/c48efacdbd92c7c5165220228cede76810391f66ffa18c221c28729c5ce1bab9?s=96&d=mm&r=g","caption":"Margaux Fazio"},"url":"https:\/\/talk.swiss\/en\/author\/margaux-faziotalk-swiss\/"}]}},"_links":{"self":[{"href":"https:\/\/talk.swiss\/en\/wp-json\/wp\/v2\/posts\/8386","targetHints":{"allow":["GET"]}}],"collection":[{"href":"https:\/\/talk.swiss\/en\/wp-json\/wp\/v2\/posts"}],"about":[{"href":"https:\/\/talk.swiss\/en\/wp-json\/wp\/v2\/types\/post"}],"author":[{"embeddable":true,"href":"https:\/\/talk.swiss\/en\/wp-json\/wp\/v2\/users\/19"}],"replies":[{"embeddable":true,"href":"https:\/\/talk.swiss\/en\/wp-json\/wp\/v2\/comments?post=8386"}],"version-history":[{"count":7,"href":"https:\/\/talk.swiss\/en\/wp-json\/wp\/v2\/posts\/8386\/revisions"}],"predecessor-version":[{"id":8435,"href":"https:\/\/talk.swiss\/en\/wp-json\/wp\/v2\/posts\/8386\/revisions\/8435"}],"wp:featuredmedia":[{"embeddable":true,"href":"https:\/\/talk.swiss\/en\/wp-json\/wp\/v2\/media\/7084"}],"wp:attachment":[{"href":"https:\/\/talk.swiss\/en\/wp-json\/wp\/v2\/media?parent=8386"}],"wp:term":[{"taxonomy":"category","embeddable":true,"href":"https:\/\/talk.swiss\/en\/wp-json\/wp\/v2\/categories?post=8386"},{"taxonomy":"post_tag","embeddable":true,"href":"https:\/\/talk.swiss\/en\/wp-json\/wp\/v2\/tags?post=8386"}],"curies":[{"name":"wp","href":"https:\/\/api.w.org\/{rel}","templated":true}]}}