{"id":7238,"date":"2024-04-30T13:31:02","date_gmt":"2024-04-30T11:31:02","guid":{"rendered":"https:\/\/talk.swiss\/?p=7238"},"modified":"2024-05-13T19:10:41","modified_gmt":"2024-05-13T17:10:41","slug":"lorganisation-face-a-ses-emotions-un-voyage-initiatique","status":"publish","type":"post","link":"https:\/\/talk.swiss\/en\/lorganisation-face-a-ses-emotions-un-voyage-initiatique\/","title":{"rendered":"The organisation and its emotions: a journey of initiation"},"content":{"rendered":"<div data-elementor-type=\"wp-post\" data-elementor-id=\"7238\" class=\"elementor elementor-7238\" data-elementor-post-type=\"post\">\n\t\t\t\t\t\t<section class=\"elementor-section elementor-top-section elementor-element elementor-element-5921726 elementor-section-boxed elementor-section-height-default elementor-section-height-default\" data-id=\"5921726\" data-element_type=\"section\" data-e-type=\"section\">\n\t\t\t\t\t\t<div class=\"elementor-container elementor-column-gap-default\">\n\t\t\t\t\t<div class=\"elementor-column elementor-col-100 elementor-top-column elementor-element elementor-element-62fc3165\" data-id=\"62fc3165\" data-element_type=\"column\" data-e-type=\"column\">\n\t\t\t<div class=\"elementor-widget-wrap elementor-element-populated\">\n\t\t\t\t\t\t<div class=\"elementor-element elementor-element-99098ce elementor-widget elementor-widget-text-editor\" data-id=\"99098ce\" data-element_type=\"widget\" data-e-type=\"widget\" data-widget_type=\"text-editor.default\">\n\t\t\t\t<div class=\"elementor-widget-container\">\n\t\t\t\t\t\t\t\t\t<p>By Laurent Sch\u00fctz<\/p>\t\t\t\t\t\t\t\t<\/div>\n\t\t\t\t<\/div>\n\t\t\t\t<div class=\"elementor-element elementor-element-5c488380 elementor-widget elementor-widget-text-editor\" data-id=\"5c488380\" data-element_type=\"widget\" data-e-type=\"widget\" data-widget_type=\"text-editor.default\">\n\t\t\t\t<div class=\"elementor-widget-container\">\n\t\t\t\t\t\t\t\t\t<p><span class=\"TextRun MacChromeBold SCXW25202821 BCX0\" lang=\"FR-FR\" xml:lang=\"FR-FR\" data-contrast=\"auto\"><span class=\"NormalTextRun SCXW25202821 BCX0\" data-ccp-parastyle=\"Title\">In the first part of our article, we outlined the main principles of emotional intelligence and dreamt of being able to apply them to our organisations. But how can we put this intuition into practice?<\/span><\/span><span class=\"TextRun MacChromeBold SCXW25202821 BCX0\" lang=\"FR-FR\" xml:lang=\"FR-FR\" data-contrast=\"auto\"><span class=\"NormalTextRun SCXW25202821 BCX0\" data-ccp-parastyle=\"Title\">\u202f<\/span><\/span><span class=\"TextRun MacChromeBold SCXW25202821 BCX0\" lang=\"FR-FR\" xml:lang=\"FR-FR\" data-contrast=\"auto\"><span class=\"NormalTextRun SCXW25202821 BCX0\" data-ccp-parastyle=\"Title\">?<\/span> <span class=\"NormalTextRun SCXW25202821 BCX0\" data-ccp-parastyle=\"Title\">That's quite a challenge! <\/span><span class=\"NormalTextRun SCXW25202821 BCX0\" data-ccp-parastyle=\"Title\">However, q<\/span><span class=\"NormalTextRun SCXW25202821 BCX0\" data-ccp-parastyle=\"Title\">ome <\/span><span class=\"NormalTextRun SCXW25202821 BCX0\" data-ccp-parastyle=\"Title\">actions<\/span><span class=\"NormalTextRun SCXW25202821 BCX0\" data-ccp-parastyle=\"Title\"> simple and accessible <\/span><span class=\"NormalTextRun SCXW25202821 BCX0\" data-ccp-parastyle=\"Title\">allows<\/span><span class=\"NormalTextRun SCXW25202821 BCX0\" data-ccp-parastyle=\"Title\">tent <\/span><span class=\"NormalTextRun SCXW25202821 BCX0\" data-ccp-parastyle=\"Title\">already<\/span><span class=\"NormalTextRun SCXW25202821 BCX0\" data-ccp-parastyle=\"Title\">initiate a concrete and promising project. <\/span><span class=\"NormalTextRun SCXW25202821 BCX0\" data-ccp-parastyle=\"Title\">And\u00a0<\/span> <span class=\"NormalTextRun SCXW25202821 BCX0\" data-ccp-parastyle=\"Title\">our faraway places <\/span><span class=\"NormalTextRun SCXW25202821 BCX0\" data-ccp-parastyle=\"Title\">ancestors<\/span><span class=\"NormalTextRun SCXW25202821 BCX0\" data-ccp-parastyle=\"Title\">storytellers without equal<\/span><span class=\"NormalTextRun SCXW25202821 BCX0\" data-ccp-parastyle=\"Title\">,<\/span><span class=\"NormalTextRun SCXW25202821 BCX0\" data-ccp-parastyle=\"Title\"> who have passed on to us<\/span> <span class=\"NormalTextRun SCXW25202821 BCX0\" data-ccp-parastyle=\"Title\">l<\/span><span class=\"NormalTextRun SCXW25202821 BCX0\" data-ccp-parastyle=\"Title\">tales and <\/span><span class=\"NormalTextRun SCXW25202821 BCX0\" data-ccp-parastyle=\"Title\">l<\/span><span class=\"NormalTextRun SCXW25202821 BCX0\" data-ccp-parastyle=\"Title\">he myths <\/span><span class=\"NormalTextRun SCXW25202821 BCX0\" data-ccp-parastyle=\"Title\">which <\/span><span class=\"NormalTextRun SCXW25202821 BCX0\" data-ccp-parastyle=\"Title\">still populate our imagination<\/span><span class=\"NormalTextRun SCXW25202821 BCX0\" data-ccp-parastyle=\"Title\"> collective<\/span><span class=\"NormalTextRun SCXW25202821 BCX0\" data-ccp-parastyle=\"Title\"> are whispering a promising lead.<\/span><\/span><span class=\"EOP SCXW25202821 BCX0\" data-ccp-props=\"{&quot;201341983&quot;:0,&quot;335559739&quot;:80,&quot;335559740&quot;:240}\">\u00a0<\/span><\/p>\t\t\t\t\t\t\t\t<\/div>\n\t\t\t\t<\/div>\n\t\t\t\t\t<\/div>\n\t\t<\/div>\n\t\t\t\t\t<\/div>\n\t\t<\/section>\n\t\t\t\t<section class=\"elementor-section elementor-top-section elementor-element elementor-element-fa759a3 elementor-section-boxed elementor-section-height-default elementor-section-height-default\" data-id=\"fa759a3\" data-element_type=\"section\" data-e-type=\"section\">\n\t\t\t\t\t\t<div class=\"elementor-container elementor-column-gap-default\">\n\t\t\t\t\t<div class=\"elementor-column elementor-col-100 elementor-top-column elementor-element elementor-element-9747d2f\" data-id=\"9747d2f\" data-element_type=\"column\" data-e-type=\"column\">\n\t\t\t<div class=\"elementor-widget-wrap elementor-element-populated\">\n\t\t\t\t\t\t<div class=\"elementor-element elementor-element-2332cca elementor-widget elementor-widget-heading\" data-id=\"2332cca\" data-element_type=\"widget\" data-e-type=\"widget\" data-widget_type=\"heading.default\">\n\t\t\t\t<div class=\"elementor-widget-container\">\n\t\t\t\t\t<h2 class=\"elementor-heading-title elementor-size-xl\">The emotional state of your organisation<\/h2>\t\t\t\t<\/div>\n\t\t\t\t<\/div>\n\t\t\t\t<div class=\"elementor-element elementor-element-cf4db14 elementor-widget elementor-widget-text-editor\" data-id=\"cf4db14\" data-element_type=\"widget\" data-e-type=\"widget\" data-widget_type=\"text-editor.default\">\n\t\t\t\t<div class=\"elementor-widget-container\">\n\t\t\t\t\t\t\t\t\t<p><span data-contrast=\"auto\">Asking the question of an organisation's emotional intelligence is not just a question of its ability to give pride of place to the emotions of the people who make it up. Above all, it means asking:\u00a0<\/span><span data-ccp-props=\"{&quot;201341983&quot;:0,&quot;335551550&quot;:6,&quot;335551620&quot;:6,&quot;335559739&quot;:160,&quot;335559740&quot;:259}\">\u00a0<\/span><\/p><p>\u00a0<\/p>\t\t\t\t\t\t\t\t<\/div>\n\t\t\t\t<\/div>\n\t\t\t\t<div class=\"elementor-element elementor-element-f73b66a animated-slow elementor-list-item-link-inline elementor-icon-list--layout-traditional elementor-widget elementor-widget-icon-list\" data-id=\"f73b66a\" data-element_type=\"widget\" data-e-type=\"widget\" data-settings=\"{&quot;_animation&quot;:&quot;none&quot;}\" data-widget_type=\"icon-list.default\">\n\t\t\t\t<div class=\"elementor-widget-container\">\n\t\t\t\t\t\t\t<ul class=\"elementor-icon-list-items\">\n\t\t\t\t\t\t\t<li class=\"elementor-icon-list-item\">\n\t\t\t\t\t\t\t\t\t\t\t<span class=\"elementor-icon-list-icon\">\n\t\t\t\t\t\t\t<i aria-hidden=\"true\" class=\"fas fa-chevron-right\"><\/i>\t\t\t\t\t\t<\/span>\n\t\t\t\t\t\t\t\t\t\t<span class=\"elementor-icon-list-text\">What is the emotional state of the organisation itself?\u00a0<\/span>\n\t\t\t\t\t\t\t\t\t<\/li>\n\t\t\t\t\t\t\t\t<li class=\"elementor-icon-list-item\">\n\t\t\t\t\t\t\t\t\t\t\t<span class=\"elementor-icon-list-icon\">\n\t\t\t\t\t\t\t<i aria-hidden=\"true\" class=\"fas fa-chevron-right\"><\/i>\t\t\t\t\t\t<\/span>\n\t\t\t\t\t\t\t\t\t\t<span class=\"elementor-icon-list-text\">And what is its capacity to manage and use this dimension constructively?\u00a0<\/span>\n\t\t\t\t\t\t\t\t\t<\/li>\n\t\t\t\t\t\t<\/ul>\n\t\t\t\t\t\t<\/div>\n\t\t\t\t<\/div>\n\t\t\t\t<div class=\"elementor-element elementor-element-4e796c8 elementor-widget elementor-widget-text-editor\" data-id=\"4e796c8\" data-element_type=\"widget\" data-e-type=\"widget\" data-widget_type=\"text-editor.default\">\n\t\t\t\t<div class=\"elementor-widget-container\">\n\t\t\t\t\t\t\t\t\t<p><span data-contrast=\"auto\">We know from experience that emotion is contagious! And in our companies, this contagion most often takes an informal and roundabout route. It's much more likely to be found in the corridors and cafeterias than in the official circles. So, in much the same way as our own emotions impose themselves on us without our knowing it, the emotional state of the organisation is built beyond its awareness and far beyond its control.<\/span><\/p>\t\t\t\t\t\t\t\t<\/div>\n\t\t\t\t<\/div>\n\t\t\t\t\t<\/div>\n\t\t<\/div>\n\t\t\t\t\t<\/div>\n\t\t<\/section>\n\t\t\t\t<section class=\"elementor-section elementor-top-section elementor-element elementor-element-9df7beb elementor-section-boxed elementor-section-height-default elementor-section-height-default\" data-id=\"9df7beb\" data-element_type=\"section\" data-e-type=\"section\">\n\t\t\t\t\t\t<div class=\"elementor-container elementor-column-gap-default\">\n\t\t\t\t\t<div class=\"elementor-column elementor-col-100 elementor-top-column elementor-element elementor-element-54a3ee4\" data-id=\"54a3ee4\" data-element_type=\"column\" data-e-type=\"column\">\n\t\t\t<div class=\"elementor-widget-wrap elementor-element-populated\">\n\t\t\t\t\t\t<div class=\"elementor-element elementor-element-6655fff elementor-widget elementor-widget-heading\" data-id=\"6655fff\" data-element_type=\"widget\" data-e-type=\"widget\" data-widget_type=\"heading.default\">\n\t\t\t\t<div class=\"elementor-widget-container\">\n\t\t\t\t\t<h2 class=\"elementor-heading-title elementor-size-xl\">Developing collective emotional awareness<\/h2>\t\t\t\t<\/div>\n\t\t\t\t<\/div>\n\t\t\t\t<div class=\"elementor-element elementor-element-790ae45 elementor-widget elementor-widget-text-editor\" data-id=\"790ae45\" data-element_type=\"widget\" data-e-type=\"widget\" data-widget_type=\"text-editor.default\">\n\t\t\t\t<div class=\"elementor-widget-container\">\n\t\t\t\t\t\t\t\t\t<p><span data-contrast=\"auto\">Making these flows more transparent, becoming more attentive and integrating emotion as essential information would therefore be a useful first step. If emotions were made visible, they would be better received and therefore more easily integrated into the way we think about everyday life.\u00a0<\/span><span data-ccp-props=\"{&quot;201341983&quot;:0,&quot;335551550&quot;:6,&quot;335551620&quot;:6,&quot;335559739&quot;:160,&quot;335559740&quot;:259}\">\u00a0<\/span><\/p>\t\t\t\t\t\t\t\t<\/div>\n\t\t\t\t<\/div>\n\t\t\t\t\t<\/div>\n\t\t<\/div>\n\t\t\t\t\t<\/div>\n\t\t<\/section>\n\t\t\t\t<section class=\"elementor-section elementor-top-section elementor-element elementor-element-7ac0d08 elementor-section-boxed elementor-section-height-default elementor-section-height-default\" data-id=\"7ac0d08\" data-element_type=\"section\" data-e-type=\"section\">\n\t\t\t\t\t\t<div class=\"elementor-container elementor-column-gap-default\">\n\t\t\t\t\t<div class=\"elementor-column elementor-col-50 elementor-top-column elementor-element elementor-element-1090b38\" data-id=\"1090b38\" data-element_type=\"column\" data-e-type=\"column\">\n\t\t\t<div class=\"elementor-widget-wrap elementor-element-populated\">\n\t\t\t\t\t\t<div class=\"elementor-element elementor-element-b53a26c elementor-widget__width-initial elementor-widget elementor-widget-text-editor\" data-id=\"b53a26c\" data-element_type=\"widget\" data-e-type=\"widget\" data-widget_type=\"text-editor.default\">\n\t\t\t\t<div class=\"elementor-widget-container\">\n\t\t\t\t\t\t\t\t\t<p><span data-contrast=\"auto\">Strengthening the organisation's emotional awareness therefore already means giving this dimension its rightful place, being a good listener, verbalising feelings openly and developing a way of talking about them that is directly linked to the actions and objectives of the organisation. <\/span><span data-contrast=\"auto\">decisions<\/span><span data-contrast=\"auto\"> we take.\u00a0<\/span><span data-ccp-props=\"{&quot;201341983&quot;:0,&quot;335551550&quot;:6,&quot;335551620&quot;:6,&quot;335559739&quot;:160,&quot;335559740&quot;:259}\">\u00a0<\/span><\/p><p><span data-contrast=\"auto\">N<\/span><span data-contrast=\"none\">ur wager is that it must be possible to create these spaces where people can express themselves freely and be open to their feelings - spaces for doing, for action, for work and for meetings.<\/span><span data-ccp-props=\"{&quot;201341983&quot;:0,&quot;335551550&quot;:6,&quot;335551620&quot;:6,&quot;335559739&quot;:160,&quot;335559740&quot;:259}\">\u00a0<\/span><\/p>\t\t\t\t\t\t\t\t<\/div>\n\t\t\t\t<\/div>\n\t\t\t\t\t<\/div>\n\t\t<\/div>\n\t\t\t\t<div class=\"elementor-column elementor-col-50 elementor-top-column elementor-element elementor-element-9277db9\" data-id=\"9277db9\" data-element_type=\"column\" data-e-type=\"column\" data-settings=\"{&quot;background_background&quot;:&quot;classic&quot;}\">\n\t\t\t<div class=\"elementor-widget-wrap elementor-element-populated\">\n\t\t\t\t\t<div class=\"elementor-background-overlay\"><\/div>\n\t\t\t\t\t\t\t<\/div>\n\t\t<\/div>\n\t\t\t\t\t<\/div>\n\t\t<\/section>\n\t\t\t\t<section class=\"elementor-section elementor-top-section elementor-element elementor-element-92db3a0 elementor-section-boxed elementor-section-height-default elementor-section-height-default\" data-id=\"92db3a0\" data-element_type=\"section\" data-e-type=\"section\">\n\t\t\t\t\t\t<div class=\"elementor-container elementor-column-gap-default\">\n\t\t\t\t\t<div class=\"elementor-column elementor-col-100 elementor-top-column elementor-element elementor-element-0ff942f\" data-id=\"0ff942f\" data-element_type=\"column\" data-e-type=\"column\">\n\t\t\t<div class=\"elementor-widget-wrap elementor-element-populated\">\n\t\t\t\t\t\t<div class=\"elementor-element elementor-element-f70c78d elementor-widget elementor-widget-heading\" data-id=\"f70c78d\" data-element_type=\"widget\" data-e-type=\"widget\" data-widget_type=\"heading.default\">\n\t\t\t\t<div class=\"elementor-widget-container\">\n\t\t\t\t\t<h2 class=\"elementor-heading-title elementor-size-xl\">The transformative power of stories<\/h2>\t\t\t\t<\/div>\n\t\t\t\t<\/div>\n\t\t\t\t<div class=\"elementor-element elementor-element-f5bf181 elementor-widget elementor-widget-text-editor\" data-id=\"f5bf181\" data-element_type=\"widget\" data-e-type=\"widget\" data-widget_type=\"text-editor.default\">\n\t\t\t\t<div class=\"elementor-widget-container\">\n\t\t\t\t\t\t\t\t\t<p><span data-contrast=\"auto\">Armed with its new emotional awareness, the organisation could begin to develop strategies to better manage its challenges. Firstly, to better choose the emotionally propitious moment to act or make a decision. Secondly, to approach things with more finesse in order to arouse constructive emotions or prevent injury.\u00a0<\/span><span data-ccp-props=\"{&quot;201341983&quot;:0,&quot;335551550&quot;:6,&quot;335551620&quot;:6,&quot;335559739&quot;:160,&quot;335559740&quot;:259}\">\u00a0<\/span><\/p><p><span data-contrast=\"auto\">But there is a more powerful lever that has accompanied our human adventure since the dawn of time and to which we attach great importance at Talk: storytelling. Beyond the events they recount, the stories we share also convey emotions that leave a lasting mark on our culture and our representations.<\/span><span data-ccp-props=\"{&quot;201341983&quot;:0,&quot;335551550&quot;:6,&quot;335551620&quot;:6,&quot;335559739&quot;:160,&quot;335559740&quot;:259}\">\u00a0<\/span><\/p><p><span data-contrast=\"auto\">\u00a0<\/span><span data-contrast=\"auto\">Sharing powerful founding stories, transforming strategic turning points into epics, but also listening to what happens on a daily basis<\/span><span data-contrast=\"auto\">. This<\/span><span data-contrast=\"auto\"> embodies the pride of the teams and the values at work <\/span><span data-contrast=\"auto\">in <\/span><span data-contrast=\"auto\">the organisation<\/span><span data-contrast=\"auto\">. This has <\/span><span data-contrast=\"auto\">a major impact on developing the emotional management skills of our companies.<\/span><span data-ccp-props=\"{&quot;201341983&quot;:0,&quot;335551550&quot;:6,&quot;335551620&quot;:6,&quot;335559739&quot;:160,&quot;335559740&quot;:259}\">\u00a0<\/span><\/p>\t\t\t\t\t\t\t\t<\/div>\n\t\t\t\t<\/div>\n\t\t\t\t\t<\/div>\n\t\t<\/div>\n\t\t\t\t\t<\/div>\n\t\t<\/section>\n\t\t\t\t<section class=\"elementor-section elementor-top-section elementor-element elementor-element-5a8704f elementor-section-boxed elementor-section-height-default elementor-section-height-default\" data-id=\"5a8704f\" data-element_type=\"section\" data-e-type=\"section\">\n\t\t\t\t\t\t<div class=\"elementor-container elementor-column-gap-default\">\n\t\t\t\t\t<div class=\"elementor-column elementor-col-100 elementor-top-column elementor-element elementor-element-7bdef56\" data-id=\"7bdef56\" data-element_type=\"column\" data-e-type=\"column\" data-settings=\"{&quot;background_background&quot;:&quot;classic&quot;}\">\n\t\t\t<div class=\"elementor-widget-wrap elementor-element-populated\">\n\t\t\t\t\t<div class=\"elementor-background-overlay\"><\/div>\n\t\t\t\t\t\t<div class=\"elementor-element elementor-element-724916a elementor-widget elementor-widget-heading\" data-id=\"724916a\" data-element_type=\"widget\" data-e-type=\"widget\" data-widget_type=\"heading.default\">\n\t\t\t\t<div class=\"elementor-widget-container\">\n\t\t\t\t\t<h2 class=\"elementor-heading-title elementor-size-default\">Make room for emotions in your company, listen to them and express them openly.<\/h2>\t\t\t\t<\/div>\n\t\t\t\t<\/div>\n\t\t\t\t\t<\/div>\n\t\t<\/div>\n\t\t\t\t\t<\/div>\n\t\t<\/section>\n\t\t\t\t<section class=\"elementor-section elementor-top-section elementor-element elementor-element-16b465c elementor-section-boxed elementor-section-height-default elementor-section-height-default\" data-id=\"16b465c\" data-element_type=\"section\" data-e-type=\"section\">\n\t\t\t\t\t\t<div class=\"elementor-container elementor-column-gap-default\">\n\t\t\t\t\t<div class=\"elementor-column elementor-col-100 elementor-top-column elementor-element elementor-element-f35774f\" data-id=\"f35774f\" data-element_type=\"column\" data-e-type=\"column\">\n\t\t\t<div class=\"elementor-widget-wrap elementor-element-populated\">\n\t\t\t\t\t\t<div class=\"elementor-element elementor-element-ccbd065 elementor-widget elementor-widget-heading\" data-id=\"ccbd065\" data-element_type=\"widget\" data-e-type=\"widget\" data-widget_type=\"heading.default\">\n\t\t\t\t<div class=\"elementor-widget-container\">\n\t\t\t\t\t<h2 class=\"elementor-heading-title elementor-size-xl\">Towards a new vision of emotion in business<\/h2>\t\t\t\t<\/div>\n\t\t\t\t<\/div>\n\t\t\t\t<div class=\"elementor-element elementor-element-2f66fe2 elementor-widget elementor-widget-text-editor\" data-id=\"2f66fe2\" data-element_type=\"widget\" data-e-type=\"widget\" data-widget_type=\"text-editor.default\">\n\t\t\t\t<div class=\"elementor-widget-container\">\n\t\t\t\t\t\t\t\t\t<p><span data-contrast=\"none\">Can an organisation dare to change its paradigm and embrace emotion as a resource and an asset?<\/span> <span data-contrast=\"none\">We want to believe it's possible!\u00a0<\/span><span data-ccp-props=\"{&quot;201341983&quot;:0,&quot;335551550&quot;:6,&quot;335551620&quot;:6,&quot;335559739&quot;:160,&quot;335559740&quot;:259}\">\u00a0<\/span><\/p><p><span data-contrast=\"none\">Thanks to our technology and our work on emotion over many years, we have been able to measure the impact on individuals, as well as on collectives<\/span><span data-contrast=\"none\">. We\u00a0<\/span><span data-contrast=\"none\">are convinced that a careful process, supported by powerful learning tools and methods, can bring about this evolution towards collective emotional maturity.<\/span><span data-ccp-props=\"{&quot;201341983&quot;:0,&quot;335551550&quot;:6,&quot;335551620&quot;:6,&quot;335559739&quot;:160,&quot;335559740&quot;:259}\">\u00a0<\/span><\/p><p><span data-contrast=\"none\">Beyond these few avenues, we are convinced that there is still much to discover together and to imagine. <\/span><span data-contrast=\"none\">R<\/span><span data-contrast=\"none\">assemble<\/span><span data-contrast=\"none\">-and be inspired by <\/span><span data-contrast=\"none\">from <\/span><span data-contrast=\"none\">ideas and <\/span><span data-contrast=\"none\">from <\/span><span data-contrast=\"none\">on 30 May.<\/span><\/p>\t\t\t\t\t\t\t\t<\/div>\n\t\t\t\t<\/div>\n\t\t\t\t\t<\/div>\n\t\t<\/div>\n\t\t\t\t\t<\/div>\n\t\t<\/section>\n\t\t\t\t<section class=\"elementor-section elementor-top-section elementor-element elementor-element-5736b3f elementor-section-boxed elementor-section-height-default elementor-section-height-default\" data-id=\"5736b3f\" data-element_type=\"section\" data-e-type=\"section\">\n\t\t\t\t\t\t<div class=\"elementor-container elementor-column-gap-default\">\n\t\t\t\t\t<div class=\"elementor-column elementor-col-100 elementor-top-column elementor-element elementor-element-aa22c2c\" data-id=\"aa22c2c\" data-element_type=\"column\" data-e-type=\"column\">\n\t\t\t<div class=\"elementor-widget-wrap elementor-element-populated\">\n\t\t\t\t\t\t<div class=\"elementor-element elementor-element-50ae48c elementor-widget elementor-widget-image\" data-id=\"50ae48c\" data-element_type=\"widget\" data-e-type=\"widget\" data-widget_type=\"image.default\">\n\t\t\t\t<div class=\"elementor-widget-container\">\n\t\t\t\t\t\t\t\t\t\t\t\t\t\t\t\t<a href=\"https:\/\/infomaniak.events\/shop\/iqKAvq5nR2\/?utm_source=Site+web_+talk.swiss+&#038;utm_medium=site+web&#038;utm_campaign=Ev%C3%A9nement+talk+30+mai+%20\">\n\t\t\t\t\t\t\t<img fetchpriority=\"high\" decoding=\"async\" width=\"2048\" height=\"570\" src=\"https:\/\/talk.swiss\/wp-content\/uploads\/2024\/04\/banner_article.jpg\" class=\"attachment-full size-full wp-image-7144\" alt=\"\" srcset=\"https:\/\/talk.swiss\/wp-content\/uploads\/2024\/04\/banner_article.jpg 2048w, https:\/\/talk.swiss\/wp-content\/uploads\/2024\/04\/banner_article-300x83.jpg 300w, https:\/\/talk.swiss\/wp-content\/uploads\/2024\/04\/banner_article-1024x285.jpg 1024w, https:\/\/talk.swiss\/wp-content\/uploads\/2024\/04\/banner_article-768x214.jpg 768w, https:\/\/talk.swiss\/wp-content\/uploads\/2024\/04\/banner_article-1536x428.jpg 1536w, https:\/\/talk.swiss\/wp-content\/uploads\/2024\/04\/banner_article-18x5.jpg 18w\" sizes=\"(max-width: 2048px) 100vw, 2048px\" \/>\t\t\t\t\t\t\t\t<\/a>\n\t\t\t\t\t\t\t\t\t\t\t\t\t\t\t<\/div>\n\t\t\t\t<\/div>\n\t\t\t\t\t<\/div>\n\t\t<\/div>\n\t\t\t\t\t<\/div>\n\t\t<\/section>\n\t\t\t\t<section class=\"elementor-section elementor-top-section elementor-element elementor-element-3d69224 elementor-section-boxed elementor-section-height-default elementor-section-height-default\" data-id=\"3d69224\" data-element_type=\"section\" data-e-type=\"section\">\n\t\t\t\t\t\t<div class=\"elementor-container elementor-column-gap-default\">\n\t\t\t\t\t<div class=\"elementor-column elementor-col-100 elementor-top-column elementor-element elementor-element-b3e011f\" data-id=\"b3e011f\" data-element_type=\"column\" data-e-type=\"column\">\n\t\t\t<div class=\"elementor-widget-wrap elementor-element-populated\">\n\t\t\t\t\t\t<div class=\"elementor-element elementor-element-797716f elementor-align-left elementor-widget__width-initial elementor-widget elementor-widget-button\" data-id=\"797716f\" data-element_type=\"widget\" data-e-type=\"widget\" data-widget_type=\"button.default\">\n\t\t\t\t<div class=\"elementor-widget-container\">\n\t\t\t\t\t\t\t\t\t<div class=\"elementor-button-wrapper\">\n\t\t\t\t\t<a class=\"elementor-button elementor-button-link elementor-size-sm\" href=\"https:\/\/talk.swiss\/en\/solution\/\">\n\t\t\t\t\t\t<span class=\"elementor-button-content-wrapper\">\n\t\t\t\t\t\t\t\t\t<span class=\"elementor-button-text\">Discover our solution<\/span>\n\t\t\t\t\t<\/span>\n\t\t\t\t\t<\/a>\n\t\t\t\t<\/div>\n\t\t\t\t\t\t\t\t<\/div>\n\t\t\t\t<\/div>\n\t\t\t\t\t<\/div>\n\t\t<\/div>\n\t\t\t\t\t<\/div>\n\t\t<\/section>\n\t\t\t\t<section class=\"elementor-section elementor-top-section elementor-element elementor-element-a93c517 elementor-section-boxed elementor-section-height-default elementor-section-height-default\" data-id=\"a93c517\" data-element_type=\"section\" data-e-type=\"section\">\n\t\t\t\t\t\t<div class=\"elementor-container elementor-column-gap-default\">\n\t\t\t\t\t<div class=\"elementor-column elementor-col-100 elementor-top-column elementor-element elementor-element-7a65565\" data-id=\"7a65565\" data-element_type=\"column\" data-e-type=\"column\">\n\t\t\t<div class=\"elementor-widget-wrap elementor-element-populated\">\n\t\t\t\t\t\t<div class=\"elementor-element elementor-element-e08f1e6 elementor-widget elementor-widget-spacer\" data-id=\"e08f1e6\" data-element_type=\"widget\" data-e-type=\"widget\" data-widget_type=\"spacer.default\">\n\t\t\t\t<div class=\"elementor-widget-container\">\n\t\t\t\t\t\t\t<div class=\"elementor-spacer\">\n\t\t\t<div class=\"elementor-spacer-inner\"><\/div>\n\t\t<\/div>\n\t\t\t\t\t\t<\/div>\n\t\t\t\t<\/div>\n\t\t\t\t\t<\/div>\n\t\t<\/div>\n\t\t\t\t\t<\/div>\n\t\t<\/section>\n\t\t\t\t<section class=\"elementor-section elementor-top-section elementor-element elementor-element-bf571a6 elementor-section-boxed elementor-section-height-default elementor-section-height-default\" data-id=\"bf571a6\" data-element_type=\"section\" data-e-type=\"section\">\n\t\t\t\t\t\t<div class=\"elementor-container elementor-column-gap-default\">\n\t\t\t\t\t<div class=\"elementor-column elementor-col-50 elementor-top-column elementor-element elementor-element-046daa4\" data-id=\"046daa4\" data-element_type=\"column\" data-e-type=\"column\">\n\t\t\t<div class=\"elementor-widget-wrap elementor-element-populated\">\n\t\t\t\t\t\t<div class=\"elementor-element elementor-element-171160a elementor-widget elementor-widget-image\" data-id=\"171160a\" data-element_type=\"widget\" data-e-type=\"widget\" data-widget_type=\"image.default\">\n\t\t\t\t<div class=\"elementor-widget-container\">\n\t\t\t\t\t\t\t\t\t\t\t\t\t\t\t<img decoding=\"async\" width=\"1118\" height=\"1118\" src=\"https:\/\/talk.swiss\/wp-content\/uploads\/2023\/12\/Team-Laurent-Schutz.webp\" class=\"attachment-full size-full wp-image-5697\" alt=\"Laurent Sch\u00fctz\" srcset=\"https:\/\/talk.swiss\/wp-content\/uploads\/2023\/12\/Team-Laurent-Schutz.webp 1118w, https:\/\/talk.swiss\/wp-content\/uploads\/2023\/12\/Team-Laurent-Schutz-300x300.webp 300w, https:\/\/talk.swiss\/wp-content\/uploads\/2023\/12\/Team-Laurent-Schutz-1024x1024.webp 1024w, https:\/\/talk.swiss\/wp-content\/uploads\/2023\/12\/Team-Laurent-Schutz-150x150.webp 150w, https:\/\/talk.swiss\/wp-content\/uploads\/2023\/12\/Team-Laurent-Schutz-768x768.webp 768w, https:\/\/talk.swiss\/wp-content\/uploads\/2023\/12\/Team-Laurent-Schutz-12x12.webp 12w, https:\/\/talk.swiss\/wp-content\/uploads\/2023\/12\/Team-Laurent-Schutz-1000x1000.webp 1000w, https:\/\/talk.swiss\/wp-content\/uploads\/2023\/12\/Team-Laurent-Schutz-100x100.webp 100w\" sizes=\"(max-width: 1118px) 100vw, 1118px\" \/>\t\t\t\t\t\t\t\t\t\t\t\t\t\t\t<\/div>\n\t\t\t\t<\/div>\n\t\t\t\t\t<\/div>\n\t\t<\/div>\n\t\t\t\t<div class=\"elementor-column elementor-col-50 elementor-top-column elementor-element elementor-element-9a31647\" data-id=\"9a31647\" data-element_type=\"column\" data-e-type=\"column\">\n\t\t\t<div class=\"elementor-widget-wrap elementor-element-populated\">\n\t\t\t\t\t\t<div class=\"elementor-element elementor-element-8b16b8f elementor-widget elementor-widget-text-editor\" data-id=\"8b16b8f\" data-element_type=\"widget\" data-e-type=\"widget\" data-widget_type=\"text-editor.default\">\n\t\t\t\t<div class=\"elementor-widget-container\">\n\t\t\t\t\t\t\t\t\t<p>Article submitted by Laurent Sch\u00fctz<\/p>\t\t\t\t\t\t\t\t<\/div>\n\t\t\t\t<\/div>\n\t\t\t\t<div class=\"elementor-element elementor-element-5b3e518 elementor-widget elementor-widget-text-editor\" data-id=\"5b3e518\" data-element_type=\"widget\" data-e-type=\"widget\" data-widget_type=\"text-editor.default\">\n\t\t\t\t<div class=\"elementor-widget-container\">\n\t\t\t\t\t\t\t\t\t<p><span data-contrast=\"auto\">A psychologist specialising in work psychology and organisational sociology, Laurent held a number of HR management and development positions, as well as management roles in the private and public sectors, before focusing fully on improving corporate relations by developing a culture of partnership and humanist leadership.<\/span><\/p><p><span data-contrast=\"auto\">Former head of training and development at RTS and c<\/span><span data-contrast=\"auto\">in charge of the radio presenter training programme at the Centre Romand de Formation des Journalistes, he attaches particular importance to speaking and communication in his coaching. A speaker specialising in human relations and co-founder of the Equites equicoaching method, he has been working for more than 18 years as a coach and senior trainer in organisations and businesses to encourage changes in managerial culture, bring about innovative systems of shared governance and strengthen the resilience and commitment of teams. His work, which combines the relationship between people and horses, is driven by the conviction that a caring and compassionate bond is at the heart of any lasting success.<\/span><span data-ccp-props=\"{}\">\u00a0<\/span><\/p>\t\t\t\t\t\t\t\t<\/div>\n\t\t\t\t<\/div>\n\t\t\t\t\t<\/div>\n\t\t<\/div>\n\t\t\t\t\t<\/div>\n\t\t<\/section>\n\t\t\t\t<\/div>","protected":false},"excerpt":{"rendered":"<p>How do you integrate emotions into your business? That's quite a challenge! Yet a few simple, accessible actions can already get the ball rolling. And our distant ancestors, unrivalled storytellers who handed down to us the tales and myths that still populate our collective imagination, are whispering a promising lead. <\/p>","protected":false},"author":18,"featured_media":7242,"comment_status":"closed","ping_status":"closed","sticky":false,"template":"","format":"standard","meta":{"footnotes":""},"categories":[38,1],"tags":[48,47,49],"class_list":["post-7238","post","type-post","status-publish","format-standard","has-post-thumbnail","hentry","category-actus","category-divers","tag-communication","tag-emotion","tag-prise-de-parole"],"yoast_head":"<!-- This site is optimized with the Yoast SEO plugin v28.3 - https:\/\/yoast.com\/product\/yoast-seo-wordpress\/ -->\n<title>L&#039;organisation face \u00e0 ses \u00e9motions : un voyage initiatique - TALK.SWISS<\/title>\n<meta name=\"robots\" content=\"index, follow, max-snippet:-1, max-image-preview:large, max-video-preview:-1\" \/>\n<link rel=\"canonical\" href=\"https:\/\/talk.swiss\/en\/lorganisation-face-a-ses-emotions-un-voyage-initiatique\/\" \/>\n<meta property=\"og:locale\" content=\"en_GB\" \/>\n<meta property=\"og:type\" content=\"article\" \/>\n<meta property=\"og:title\" content=\"L&#039;organisation face \u00e0 ses \u00e9motions : un voyage initiatique - TALK.SWISS\" \/>\n<meta property=\"og:description\" content=\"Comment int\u00e9grer les \u00e9motions dans son entreprise ? Voil\u00e0 un sacr\u00e9 d\u00e9fi\u202f! Pourtant, quelques actions simples et accessibles permettent d\u00e9j\u00e0 d\u2019initier un travail concret et porteur. Et nos lointains anc\u00eatres, conteurs hors pair, qui nous ont transmis les r\u00e9cits et les mythes qui peuplent encore notre imaginaire collectif nous murmurent une piste prometteuse.\" \/>\n<meta property=\"og:url\" content=\"https:\/\/talk.swiss\/en\/lorganisation-face-a-ses-emotions-un-voyage-initiatique\/\" \/>\n<meta property=\"og:site_name\" content=\"TALK.SWISS\" \/>\n<meta property=\"article:published_time\" content=\"2024-04-30T11:31:02+00:00\" \/>\n<meta property=\"article:modified_time\" content=\"2024-05-13T17:10:41+00:00\" \/>\n<meta property=\"og:image\" content=\"https:\/\/talk.swiss\/wp-content\/uploads\/2024\/04\/Visue_blog4.png\" \/>\n\t<meta property=\"og:image:width\" content=\"1200\" \/>\n\t<meta property=\"og:image:height\" content=\"627\" \/>\n\t<meta property=\"og:image:type\" content=\"image\/png\" \/>\n<meta name=\"author\" content=\"TALK\" \/>\n<meta name=\"twitter:card\" content=\"summary_large_image\" \/>\n<meta name=\"twitter:label1\" content=\"Written by\" \/>\n\t<meta name=\"twitter:data1\" content=\"TALK\" \/>\n\t<meta name=\"twitter:label2\" content=\"Estimated reading time\" \/>\n\t<meta name=\"twitter:data2\" content=\"5 minutes\" \/>\n<script type=\"application\/ld+json\" class=\"yoast-schema-graph\">{\"@context\":\"https:\\\/\\\/schema.org\",\"@graph\":[{\"@type\":\"Article\",\"@id\":\"https:\\\/\\\/talk.swiss\\\/lorganisation-face-a-ses-emotions-un-voyage-initiatique\\\/#article\",\"isPartOf\":{\"@id\":\"https:\\\/\\\/talk.swiss\\\/lorganisation-face-a-ses-emotions-un-voyage-initiatique\\\/\"},\"author\":{\"name\":\"TALK\",\"@id\":\"https:\\\/\\\/talk.swiss\\\/#\\\/schema\\\/person\\\/1881fee19cecd45279fad94065e432cf\"},\"headline\":\"L&rsquo;organisation face \u00e0 ses \u00e9motions : un voyage initiatique\",\"datePublished\":\"2024-04-30T11:31:02+00:00\",\"dateModified\":\"2024-05-13T17:10:41+00:00\",\"mainEntityOfPage\":{\"@id\":\"https:\\\/\\\/talk.swiss\\\/lorganisation-face-a-ses-emotions-un-voyage-initiatique\\\/\"},\"wordCount\":911,\"publisher\":{\"@id\":\"https:\\\/\\\/talk.swiss\\\/#organization\"},\"image\":{\"@id\":\"https:\\\/\\\/talk.swiss\\\/lorganisation-face-a-ses-emotions-un-voyage-initiatique\\\/#primaryimage\"},\"thumbnailUrl\":\"https:\\\/\\\/talk.swiss\\\/wp-content\\\/uploads\\\/2024\\\/04\\\/Visue_blog4.png\",\"keywords\":[\"Communication\",\"Emotion\",\"Prise de parole\"],\"articleSection\":[\"Blog\",\"Divers\"],\"inLanguage\":\"en-GB\"},{\"@type\":\"WebPage\",\"@id\":\"https:\\\/\\\/talk.swiss\\\/lorganisation-face-a-ses-emotions-un-voyage-initiatique\\\/\",\"url\":\"https:\\\/\\\/talk.swiss\\\/lorganisation-face-a-ses-emotions-un-voyage-initiatique\\\/\",\"name\":\"L'organisation face \u00e0 ses \u00e9motions : un voyage initiatique - TALK.SWISS\",\"isPartOf\":{\"@id\":\"https:\\\/\\\/talk.swiss\\\/#website\"},\"primaryImageOfPage\":{\"@id\":\"https:\\\/\\\/talk.swiss\\\/lorganisation-face-a-ses-emotions-un-voyage-initiatique\\\/#primaryimage\"},\"image\":{\"@id\":\"https:\\\/\\\/talk.swiss\\\/lorganisation-face-a-ses-emotions-un-voyage-initiatique\\\/#primaryimage\"},\"thumbnailUrl\":\"https:\\\/\\\/talk.swiss\\\/wp-content\\\/uploads\\\/2024\\\/04\\\/Visue_blog4.png\",\"datePublished\":\"2024-04-30T11:31:02+00:00\",\"dateModified\":\"2024-05-13T17:10:41+00:00\",\"breadcrumb\":{\"@id\":\"https:\\\/\\\/talk.swiss\\\/lorganisation-face-a-ses-emotions-un-voyage-initiatique\\\/#breadcrumb\"},\"inLanguage\":\"en-GB\",\"potentialAction\":[{\"@type\":\"ReadAction\",\"target\":[\"https:\\\/\\\/talk.swiss\\\/lorganisation-face-a-ses-emotions-un-voyage-initiatique\\\/\"]}]},{\"@type\":\"ImageObject\",\"inLanguage\":\"en-GB\",\"@id\":\"https:\\\/\\\/talk.swiss\\\/lorganisation-face-a-ses-emotions-un-voyage-initiatique\\\/#primaryimage\",\"url\":\"https:\\\/\\\/talk.swiss\\\/wp-content\\\/uploads\\\/2024\\\/04\\\/Visue_blog4.png\",\"contentUrl\":\"https:\\\/\\\/talk.swiss\\\/wp-content\\\/uploads\\\/2024\\\/04\\\/Visue_blog4.png\",\"width\":1200,\"height\":627},{\"@type\":\"BreadcrumbList\",\"@id\":\"https:\\\/\\\/talk.swiss\\\/lorganisation-face-a-ses-emotions-un-voyage-initiatique\\\/#breadcrumb\",\"itemListElement\":[{\"@type\":\"ListItem\",\"position\":1,\"name\":\"Accueil\",\"item\":\"https:\\\/\\\/talk.swiss\\\/\"},{\"@type\":\"ListItem\",\"position\":2,\"name\":\"L&#8217;organisation face \u00e0 ses \u00e9motions : un voyage initiatique\"}]},{\"@type\":\"WebSite\",\"@id\":\"https:\\\/\\\/talk.swiss\\\/#website\",\"url\":\"https:\\\/\\\/talk.swiss\\\/\",\"name\":\"TALK.SWISS\",\"description\":\"Talk, la parole au centre\",\"publisher\":{\"@id\":\"https:\\\/\\\/talk.swiss\\\/#organization\"},\"potentialAction\":[{\"@type\":\"SearchAction\",\"target\":{\"@type\":\"EntryPoint\",\"urlTemplate\":\"https:\\\/\\\/talk.swiss\\\/?s={search_term_string}\"},\"query-input\":{\"@type\":\"PropertyValueSpecification\",\"valueRequired\":true,\"valueName\":\"search_term_string\"}}],\"inLanguage\":\"en-GB\"},{\"@type\":\"Organization\",\"@id\":\"https:\\\/\\\/talk.swiss\\\/#organization\",\"name\":\"TALK.SWISS\",\"url\":\"https:\\\/\\\/talk.swiss\\\/\",\"logo\":{\"@type\":\"ImageObject\",\"inLanguage\":\"en-GB\",\"@id\":\"https:\\\/\\\/talk.swiss\\\/#\\\/schema\\\/logo\\\/image\\\/\",\"url\":\"https:\\\/\\\/talk.swiss\\\/wp-content\\\/uploads\\\/2022\\\/08\\\/cropped-Talk_logo.png\",\"contentUrl\":\"https:\\\/\\\/talk.swiss\\\/wp-content\\\/uploads\\\/2022\\\/08\\\/cropped-Talk_logo.png\",\"width\":400,\"height\":400,\"caption\":\"TALK.SWISS\"},\"image\":{\"@id\":\"https:\\\/\\\/talk.swiss\\\/#\\\/schema\\\/logo\\\/image\\\/\"}},{\"@type\":\"Person\",\"@id\":\"https:\\\/\\\/talk.swiss\\\/#\\\/schema\\\/person\\\/1881fee19cecd45279fad94065e432cf\",\"name\":\"TALK\",\"image\":{\"@type\":\"ImageObject\",\"inLanguage\":\"en-GB\",\"@id\":\"https:\\\/\\\/secure.gravatar.com\\\/avatar\\\/a844e88bbef9d283565411206105d6790df914da829c2400e7bde0f0ddb2e2e9?s=96&d=mm&r=g\",\"url\":\"https:\\\/\\\/secure.gravatar.com\\\/avatar\\\/a844e88bbef9d283565411206105d6790df914da829c2400e7bde0f0ddb2e2e9?s=96&d=mm&r=g\",\"contentUrl\":\"https:\\\/\\\/secure.gravatar.com\\\/avatar\\\/a844e88bbef9d283565411206105d6790df914da829c2400e7bde0f0ddb2e2e9?s=96&d=mm&r=g\",\"caption\":\"TALK\"},\"url\":\"https:\\\/\\\/talk.swiss\\\/en\\\/author\\\/talktalk-swiss\\\/\"}]}<\/script>\n<!-- \/ Yoast SEO plugin. -->","yoast_head_json":{"title":"The organisation and its emotions: a journey of initiation - TALK.SWISS","robots":{"index":"index","follow":"follow","max-snippet":"max-snippet:-1","max-image-preview":"max-image-preview:large","max-video-preview":"max-video-preview:-1"},"canonical":"https:\/\/talk.swiss\/en\/lorganisation-face-a-ses-emotions-un-voyage-initiatique\/","og_locale":"en_GB","og_type":"article","og_title":"L'organisation face \u00e0 ses \u00e9motions : un voyage initiatique - TALK.SWISS","og_description":"Comment int\u00e9grer les \u00e9motions dans son entreprise ? Voil\u00e0 un sacr\u00e9 d\u00e9fi\u202f! Pourtant, quelques actions simples et accessibles permettent d\u00e9j\u00e0 d\u2019initier un travail concret et porteur. Et nos lointains anc\u00eatres, conteurs hors pair, qui nous ont transmis les r\u00e9cits et les mythes qui peuplent encore notre imaginaire collectif nous murmurent une piste prometteuse.","og_url":"https:\/\/talk.swiss\/en\/lorganisation-face-a-ses-emotions-un-voyage-initiatique\/","og_site_name":"TALK.SWISS","article_published_time":"2024-04-30T11:31:02+00:00","article_modified_time":"2024-05-13T17:10:41+00:00","og_image":[{"width":1200,"height":627,"url":"https:\/\/talk.swiss\/wp-content\/uploads\/2024\/04\/Visue_blog4.png","type":"image\/png"}],"author":"TALK","twitter_card":"summary_large_image","twitter_misc":{"Written by":"TALK","Estimated reading time":"5 minutes"},"schema":{"@context":"https:\/\/schema.org","@graph":[{"@type":"Article","@id":"https:\/\/talk.swiss\/lorganisation-face-a-ses-emotions-un-voyage-initiatique\/#article","isPartOf":{"@id":"https:\/\/talk.swiss\/lorganisation-face-a-ses-emotions-un-voyage-initiatique\/"},"author":{"name":"TALK","@id":"https:\/\/talk.swiss\/#\/schema\/person\/1881fee19cecd45279fad94065e432cf"},"headline":"L&rsquo;organisation face \u00e0 ses \u00e9motions : un voyage initiatique","datePublished":"2024-04-30T11:31:02+00:00","dateModified":"2024-05-13T17:10:41+00:00","mainEntityOfPage":{"@id":"https:\/\/talk.swiss\/lorganisation-face-a-ses-emotions-un-voyage-initiatique\/"},"wordCount":911,"publisher":{"@id":"https:\/\/talk.swiss\/#organization"},"image":{"@id":"https:\/\/talk.swiss\/lorganisation-face-a-ses-emotions-un-voyage-initiatique\/#primaryimage"},"thumbnailUrl":"https:\/\/talk.swiss\/wp-content\/uploads\/2024\/04\/Visue_blog4.png","keywords":["Communication","Emotion","Prise de parole"],"articleSection":["Blog","Divers"],"inLanguage":"en-GB"},{"@type":"WebPage","@id":"https:\/\/talk.swiss\/lorganisation-face-a-ses-emotions-un-voyage-initiatique\/","url":"https:\/\/talk.swiss\/lorganisation-face-a-ses-emotions-un-voyage-initiatique\/","name":"The organisation and its emotions: a journey of initiation - TALK.SWISS","isPartOf":{"@id":"https:\/\/talk.swiss\/#website"},"primaryImageOfPage":{"@id":"https:\/\/talk.swiss\/lorganisation-face-a-ses-emotions-un-voyage-initiatique\/#primaryimage"},"image":{"@id":"https:\/\/talk.swiss\/lorganisation-face-a-ses-emotions-un-voyage-initiatique\/#primaryimage"},"thumbnailUrl":"https:\/\/talk.swiss\/wp-content\/uploads\/2024\/04\/Visue_blog4.png","datePublished":"2024-04-30T11:31:02+00:00","dateModified":"2024-05-13T17:10:41+00:00","breadcrumb":{"@id":"https:\/\/talk.swiss\/lorganisation-face-a-ses-emotions-un-voyage-initiatique\/#breadcrumb"},"inLanguage":"en-GB","potentialAction":[{"@type":"ReadAction","target":["https:\/\/talk.swiss\/lorganisation-face-a-ses-emotions-un-voyage-initiatique\/"]}]},{"@type":"ImageObject","inLanguage":"en-GB","@id":"https:\/\/talk.swiss\/lorganisation-face-a-ses-emotions-un-voyage-initiatique\/#primaryimage","url":"https:\/\/talk.swiss\/wp-content\/uploads\/2024\/04\/Visue_blog4.png","contentUrl":"https:\/\/talk.swiss\/wp-content\/uploads\/2024\/04\/Visue_blog4.png","width":1200,"height":627},{"@type":"BreadcrumbList","@id":"https:\/\/talk.swiss\/lorganisation-face-a-ses-emotions-un-voyage-initiatique\/#breadcrumb","itemListElement":[{"@type":"ListItem","position":1,"name":"Accueil","item":"https:\/\/talk.swiss\/"},{"@type":"ListItem","position":2,"name":"L&#8217;organisation face \u00e0 ses \u00e9motions : un voyage initiatique"}]},{"@type":"WebSite","@id":"https:\/\/talk.swiss\/#website","url":"https:\/\/talk.swiss\/","name":"TALK.SWISS","description":"Talk, the spoken word at the centre","publisher":{"@id":"https:\/\/talk.swiss\/#organization"},"potentialAction":[{"@type":"SearchAction","target":{"@type":"EntryPoint","urlTemplate":"https:\/\/talk.swiss\/?s={search_term_string}"},"query-input":{"@type":"PropertyValueSpecification","valueRequired":true,"valueName":"search_term_string"}}],"inLanguage":"en-GB"},{"@type":"Organization","@id":"https:\/\/talk.swiss\/#organization","name":"TALK.SWISS","url":"https:\/\/talk.swiss\/","logo":{"@type":"ImageObject","inLanguage":"en-GB","@id":"https:\/\/talk.swiss\/#\/schema\/logo\/image\/","url":"https:\/\/talk.swiss\/wp-content\/uploads\/2022\/08\/cropped-Talk_logo.png","contentUrl":"https:\/\/talk.swiss\/wp-content\/uploads\/2022\/08\/cropped-Talk_logo.png","width":400,"height":400,"caption":"TALK.SWISS"},"image":{"@id":"https:\/\/talk.swiss\/#\/schema\/logo\/image\/"}},{"@type":"Person","@id":"https:\/\/talk.swiss\/#\/schema\/person\/1881fee19cecd45279fad94065e432cf","name":"TALK","image":{"@type":"ImageObject","inLanguage":"en-GB","@id":"https:\/\/secure.gravatar.com\/avatar\/a844e88bbef9d283565411206105d6790df914da829c2400e7bde0f0ddb2e2e9?s=96&d=mm&r=g","url":"https:\/\/secure.gravatar.com\/avatar\/a844e88bbef9d283565411206105d6790df914da829c2400e7bde0f0ddb2e2e9?s=96&d=mm&r=g","contentUrl":"https:\/\/secure.gravatar.com\/avatar\/a844e88bbef9d283565411206105d6790df914da829c2400e7bde0f0ddb2e2e9?s=96&d=mm&r=g","caption":"TALK"},"url":"https:\/\/talk.swiss\/en\/author\/talktalk-swiss\/"}]}},"_links":{"self":[{"href":"https:\/\/talk.swiss\/en\/wp-json\/wp\/v2\/posts\/7238","targetHints":{"allow":["GET"]}}],"collection":[{"href":"https:\/\/talk.swiss\/en\/wp-json\/wp\/v2\/posts"}],"about":[{"href":"https:\/\/talk.swiss\/en\/wp-json\/wp\/v2\/types\/post"}],"author":[{"embeddable":true,"href":"https:\/\/talk.swiss\/en\/wp-json\/wp\/v2\/users\/18"}],"replies":[{"embeddable":true,"href":"https:\/\/talk.swiss\/en\/wp-json\/wp\/v2\/comments?post=7238"}],"version-history":[{"count":10,"href":"https:\/\/talk.swiss\/en\/wp-json\/wp\/v2\/posts\/7238\/revisions"}],"predecessor-version":[{"id":7267,"href":"https:\/\/talk.swiss\/en\/wp-json\/wp\/v2\/posts\/7238\/revisions\/7267"}],"wp:featuredmedia":[{"embeddable":true,"href":"https:\/\/talk.swiss\/en\/wp-json\/wp\/v2\/media\/7242"}],"wp:attachment":[{"href":"https:\/\/talk.swiss\/en\/wp-json\/wp\/v2\/media?parent=7238"}],"wp:term":[{"taxonomy":"category","embeddable":true,"href":"https:\/\/talk.swiss\/en\/wp-json\/wp\/v2\/categories?post=7238"},{"taxonomy":"post_tag","embeddable":true,"href":"https:\/\/talk.swiss\/en\/wp-json\/wp\/v2\/tags?post=7238"}],"curies":[{"name":"wp","href":"https:\/\/api.w.org\/{rel}","templated":true}]}}