{"id":6753,"date":"2023-10-16T11:51:00","date_gmt":"2023-10-16T09:51:00","guid":{"rendered":"https:\/\/talk.swiss\/?p=6753"},"modified":"2024-04-11T14:18:01","modified_gmt":"2024-04-11T12:18:01","slug":"arcinfo-talk-swiss-une-app-pour-apprendre-a-parler-en-public","status":"publish","type":"post","link":"https:\/\/talk.swiss\/en\/arcinfo-talk-swiss-une-app-pour-apprendre-a-parler-en-public\/","title":{"rendered":"ArcInfo: TALK.SWISS, an app for learning to speak in public"},"content":{"rendered":"<div data-elementor-type=\"wp-post\" data-elementor-id=\"6753\" class=\"elementor elementor-6753\" data-elementor-post-type=\"post\">\n\t\t\t\t\t\t<section class=\"elementor-section elementor-top-section elementor-element elementor-element-5921726 elementor-section-boxed elementor-section-height-default elementor-section-height-default\" data-id=\"5921726\" data-element_type=\"section\" data-e-type=\"section\">\n\t\t\t\t\t\t<div class=\"elementor-container elementor-column-gap-default\">\n\t\t\t\t\t<div class=\"elementor-column elementor-col-100 elementor-top-column elementor-element elementor-element-62fc3165\" data-id=\"62fc3165\" data-element_type=\"column\" data-e-type=\"column\">\n\t\t\t<div class=\"elementor-widget-wrap elementor-element-populated\">\n\t\t\t\t\t\t<div class=\"elementor-element elementor-element-6cb3b78b elementor-widget elementor-widget-heading\" data-id=\"6cb3b78b\" data-element_type=\"widget\" data-e-type=\"widget\" data-widget_type=\"heading.default\">\n\t\t\t\t<div class=\"elementor-widget-container\">\n\t\t\t\t\t<h3 class=\"elementor-heading-title elementor-size-default\">ArcInfo - By Tiphaine B\u00fchler<\/h3>\t\t\t\t<\/div>\n\t\t\t\t<\/div>\n\t\t\t\t<div class=\"elementor-element elementor-element-33064d5 elementor-widget-divider--view-line elementor-widget elementor-widget-divider\" data-id=\"33064d5\" data-element_type=\"widget\" data-e-type=\"widget\" data-widget_type=\"divider.default\">\n\t\t\t\t<div class=\"elementor-widget-container\">\n\t\t\t\t\t\t\t<div class=\"elementor-divider\">\n\t\t\t<span class=\"elementor-divider-separator\">\n\t\t\t\t\t\t<\/span>\n\t\t<\/div>\n\t\t\t\t\t\t<\/div>\n\t\t\t\t<\/div>\n\t\t\t\t<div class=\"elementor-element elementor-element-5c488380 elementor-widget elementor-widget-text-editor\" data-id=\"5c488380\" data-element_type=\"widget\" data-e-type=\"widget\" data-widget_type=\"text-editor.default\">\n\t\t\t\t<div class=\"elementor-widget-container\">\n\t\t\t\t\t\t\t\t\t<p>BCN INNOVATION AWARD - Do you dream of speaking fluently and convincingly? With the TALK.SWISS application, you can get immediate feedback on your speaking skills and train yourself in a fun way.<\/p>\t\t\t\t\t\t\t\t<\/div>\n\t\t\t\t<\/div>\n\t\t\t\t\t<\/div>\n\t\t<\/div>\n\t\t\t\t\t<\/div>\n\t\t<\/section>\n\t\t\t\t<section class=\"elementor-section elementor-top-section elementor-element elementor-element-7992c6f elementor-section-boxed elementor-section-height-default elementor-section-height-default\" data-id=\"7992c6f\" data-element_type=\"section\" data-e-type=\"section\">\n\t\t\t\t\t\t<div class=\"elementor-container elementor-column-gap-default\">\n\t\t\t\t\t<div class=\"elementor-column elementor-col-100 elementor-top-column elementor-element elementor-element-ed322cb\" data-id=\"ed322cb\" data-element_type=\"column\" data-e-type=\"column\">\n\t\t\t<div class=\"elementor-widget-wrap elementor-element-populated\">\n\t\t\t\t\t\t<div class=\"elementor-element elementor-element-77bc7fa elementor-widget elementor-widget-image\" data-id=\"77bc7fa\" data-element_type=\"widget\" data-e-type=\"widget\" data-widget_type=\"image.default\">\n\t\t\t\t<div class=\"elementor-widget-container\">\n\t\t\t\t\t\t\t\t\t\t\t\t<figure class=\"wp-caption\">\n\t\t\t\t\t\t\t\t\t\t<img fetchpriority=\"high\" decoding=\"async\" width=\"1080\" height=\"810\" src=\"https:\/\/talk.swiss\/wp-content\/uploads\/2024\/02\/Laurent_Vuarraz_photo_Lucas_Vuitel.webp\" class=\"attachment-full size-full wp-image-6755\" alt=\"Laurent Vuarraz a implant\u00e9 sa soci\u00e9t\u00e9 Talk dans le canton de Neuch\u00e2tel en 2020; d\u2019abord \u00e0 Microcity, puis \u00e0 Marin. Elle compte aujourd&apos;hui une douzaine de collaborateurs. Photo: Lucas Vuitel\" srcset=\"https:\/\/talk.swiss\/wp-content\/uploads\/2024\/02\/Laurent_Vuarraz_photo_Lucas_Vuitel.webp 1080w, https:\/\/talk.swiss\/wp-content\/uploads\/2024\/02\/Laurent_Vuarraz_photo_Lucas_Vuitel-300x225.webp 300w, https:\/\/talk.swiss\/wp-content\/uploads\/2024\/02\/Laurent_Vuarraz_photo_Lucas_Vuitel-1024x768.webp 1024w, https:\/\/talk.swiss\/wp-content\/uploads\/2024\/02\/Laurent_Vuarraz_photo_Lucas_Vuitel-768x576.webp 768w, https:\/\/talk.swiss\/wp-content\/uploads\/2024\/02\/Laurent_Vuarraz_photo_Lucas_Vuitel-16x12.webp 16w\" sizes=\"(max-width: 1080px) 100vw, 1080px\" \/>\t\t\t\t\t\t\t\t\t\t\t<figcaption class=\"widget-image-caption wp-caption-text\">Laurent Vuarraz set up his company Talk in the canton of Neuch\u00e2tel in 2020, first at Microcity and then in Marin. It now has a dozen employees. Photo: Lucas Vuitel<\/figcaption>\n\t\t\t\t\t\t\t\t\t\t<\/figure>\n\t\t\t\t\t\t\t\t\t<\/div>\n\t\t\t\t<\/div>\n\t\t\t\t\t<\/div>\n\t\t<\/div>\n\t\t\t\t\t<\/div>\n\t\t<\/section>\n\t\t\t\t<section class=\"elementor-section elementor-top-section elementor-element elementor-element-578ef8da elementor-section-boxed elementor-section-height-default elementor-section-height-default\" data-id=\"578ef8da\" data-element_type=\"section\" data-e-type=\"section\">\n\t\t\t\t\t\t<div class=\"elementor-container elementor-column-gap-default\">\n\t\t\t\t\t<div class=\"elementor-column elementor-col-100 elementor-top-column elementor-element elementor-element-50204d01\" data-id=\"50204d01\" data-element_type=\"column\" data-e-type=\"column\">\n\t\t\t<div class=\"elementor-widget-wrap elementor-element-populated\">\n\t\t\t\t\t\t<div class=\"elementor-element elementor-element-556e881e elementor-widget elementor-widget-text-editor\" data-id=\"556e881e\" data-element_type=\"widget\" data-e-type=\"widget\" data-widget_type=\"text-editor.default\">\n\t\t\t\t<div class=\"elementor-widget-container\">\n\t\t\t\t\t\t\t\t\t<p>One of the aims of Banque Cantonale Neuch\u00e2teloise (BCN) is to maintain a dynamic, forward-looking economic fabric. With this in mind, in 2008 it created the Prix BCN Innovation to increase its support for the canton's development.<\/p><p>This award is intended as a springboard for innovative local projects, so that they can flourish and in turn contribute to the virtuous circle of creating ideas, value and jobs.<\/p><p>With a unique prize fund of CHF 150,000, the BCN Innovation Award is one of the biggest in Switzerland. As a partner of the event, \"ArcInfo\" went to meet the three 2023 finalists: Talk.swiss, Solarsplit and SAVinsight.<\/p><p>Between now and 19 October, when the winners are announced, your daily newspaper will be featuring portraits of these start-ups, which are active in communications, sustainable development and watchmaking after-sales services respectively. Find out more about the human and technological adventures behind these innovations.<\/p><p>But speaking requires a great deal of effort. How do you know if you're expressing yourself well, if you've managed to capture attention and get your message across? Above all, how can you improve if you're not at ease with oral communication? These are not insignificant questions when you consider that the average cost of poor communication in a company is 420,000 Swiss francs per year per 100 people, according to a 2017 study by the World Economic Forum.<\/p>\t\t\t\t\t\t\t\t<\/div>\n\t\t\t\t<\/div>\n\t\t\t\t\t<\/div>\n\t\t<\/div>\n\t\t\t\t\t<\/div>\n\t\t<\/section>\n\t\t\t\t<section class=\"elementor-section elementor-top-section elementor-element elementor-element-bd94528 elementor-section-boxed elementor-section-height-default elementor-section-height-default\" data-id=\"bd94528\" data-element_type=\"section\" data-e-type=\"section\">\n\t\t\t\t\t\t<div class=\"elementor-container elementor-column-gap-default\">\n\t\t\t\t\t<div class=\"elementor-column elementor-col-100 elementor-top-column elementor-element elementor-element-17060da\" data-id=\"17060da\" data-element_type=\"column\" data-e-type=\"column\">\n\t\t\t<div class=\"elementor-widget-wrap elementor-element-populated\">\n\t\t\t\t\t\t<div class=\"elementor-element elementor-element-9638385 elementor-widget elementor-widget-heading\" data-id=\"9638385\" data-element_type=\"widget\" data-e-type=\"widget\" data-widget_type=\"heading.default\">\n\t\t\t\t<div class=\"elementor-widget-container\">\n\t\t\t\t\t<h3 class=\"elementor-heading-title elementor-size-default\">Objective analysis<\/h3>\t\t\t\t<\/div>\n\t\t\t\t<\/div>\n\t\t\t\t<div class=\"elementor-element elementor-element-906032c elementor-widget elementor-widget-text-editor\" data-id=\"906032c\" data-element_type=\"widget\" data-e-type=\"widget\" data-widget_type=\"text-editor.default\">\n\t\t\t\t<div class=\"elementor-widget-container\">\n\t\t\t\t\t\t\t\t\t<p>The Talk.swiss mobile solution is designed to help you develop your speaking skills through easy, independent training. \"To my knowledge, there is currently no in-depth, objective measurement tool that analyses the way you speak with the help of artificial intelligence\", points out the founder of the Marin-based company. \"Our technology gives immediate feedback and suggests areas for improvement via your smartphone.\" Master classes, with a real-life trainer, enhance the offer.<\/p>\t\t\t\t\t\t\t\t<\/div>\n\t\t\t\t<\/div>\n\t\t\t\t<div class=\"elementor-element elementor-element-6994341 elementor-widget__width-initial elementor-widget elementor-widget-heading\" data-id=\"6994341\" data-element_type=\"widget\" data-e-type=\"widget\" data-widget_type=\"heading.default\">\n\t\t\t\t<div class=\"elementor-widget-container\">\n\t\t\t\t\t<h3 class=\"elementor-heading-title elementor-size-default\">We fall in love, we negotiate, we solve problems, <br>you engage someone with your word. Laurent Vuarraz Voisin, CEO of TALK<\/h3>\t\t\t\t<\/div>\n\t\t\t\t<\/div>\n\t\t\t\t<div class=\"elementor-element elementor-element-f544e09 elementor-widget elementor-widget-text-editor\" data-id=\"f544e09\" data-element_type=\"widget\" data-e-type=\"widget\" data-widget_type=\"text-editor.default\">\n\t\t\t\t<div class=\"elementor-widget-container\">\n\t\t\t\t\t\t\t\t\t<p>Twelve measurement indicators are taken into account. Verbal (the words and phrases used), paraverbal (voice, speed, disturbances) and non-verbal (emotions) are analysed. \"You get a numerical assessment of your oral skills. It's useful both before you speak, when you're preparing a speech, and afterwards,\" explains Laurent Vuarraz Voisin. Fun training microcapsules, via the application, then target your needs.<\/p>\t\t\t\t\t\t\t\t<\/div>\n\t\t\t\t<\/div>\n\t\t\t\t\t<\/div>\n\t\t<\/div>\n\t\t\t\t\t<\/div>\n\t\t<\/section>\n\t\t\t\t<section class=\"elementor-section elementor-top-section elementor-element elementor-element-82d6553 elementor-section-boxed elementor-section-height-default elementor-section-height-default\" data-id=\"82d6553\" data-element_type=\"section\" data-e-type=\"section\">\n\t\t\t\t\t\t<div class=\"elementor-container elementor-column-gap-default\">\n\t\t\t\t\t<div class=\"elementor-column elementor-col-100 elementor-top-column elementor-element elementor-element-56c592a\" data-id=\"56c592a\" data-element_type=\"column\" data-e-type=\"column\">\n\t\t\t<div class=\"elementor-widget-wrap elementor-element-populated\">\n\t\t\t\t\t\t<div class=\"elementor-element elementor-element-744c377 elementor-widget elementor-widget-heading\" data-id=\"744c377\" data-element_type=\"widget\" data-e-type=\"widget\" data-widget_type=\"heading.default\">\n\t\t\t\t<div class=\"elementor-widget-container\">\n\t\t\t\t\t<h3 class=\"elementor-heading-title elementor-size-default\">Expanding in Europe<\/h3>\t\t\t\t<\/div>\n\t\t\t\t<\/div>\n\t\t\t\t<div class=\"elementor-element elementor-element-b9ea953 elementor-widget elementor-widget-text-editor\" data-id=\"b9ea953\" data-element_type=\"widget\" data-e-type=\"widget\" data-widget_type=\"text-editor.default\">\n\t\t\t\t<div class=\"elementor-widget-container\">\n\t\t\t\t\t\t\t\t\t<p>Behind every new technology is an entrepreneurial adventure. Talk.swiss began in Orbe back in 2011. Laurent Vuarraz Voisin was on his own at the time. His first clients were Olivier Sandoz, deputy director of the F\u00e9d\u00e9ration des entrepreneurs romands, and Blaise Matthey, a member of the committee of the Union patronale suisse.<\/p><p>\"Back then, I would film them and give them a 15-page report,\" smiles the CEO. \"Today, they can do everything with their phone and get immediate feedback. Our technology is a magic mirror! What's more, the analysis is much more refined thanks to the development of data science.\" Talk.swiss does not store data, and users can delete it at any time.<\/p><p>Entirely financed by Laurent Vuarraz Voisin, the company will be setting up in the canton of Neuch\u00e2tel in 2020, initially at <a href=\"https:\/\/www.arcinfo.ch\/mot-cles\/microcity\/\">Microcity<\/a>then in Marin. It now has a dozen employees: developers, trainers in three languages and sales staff. Its customers are mainly banks, insurance companies and large groups. \"Over the past year, demand has been dazzling,\" says a boss who is ready to take on the European market.<\/p><p>By 2024, Talk.swiss intends to expand into <a href=\"https:\/\/www.arcinfo.ch\/mot-cles\/france\/\">France<\/a>then in <a href=\"https:\/\/www.arcinfo.ch\/mot-cles\/allemagne\/\">Germany<\/a>. This is a new stage that requires funding, which the company hopes to obtain by winning the BCN Innovation Prize. \"Our technology is ready. We can develop a strategic training programme for 100,000 people in 20 languages\", stresses the perfectionist. Training sales people, HR people, managers or any employee of a company to express themselves convincingly will become easy.<\/p><p>So if there's one candidate who'll be at ease at the BCN Innovation Award ceremony on 19 October, it'll be Laurent Vuarraz Voisin. Isn't he? \"We talked about that this morning with Simon and Romain, the Talk.swiss developers who will be on stage with me,\" laughs the radio personality. \"Maybe we'll do a little coaching first.<\/p>\t\t\t\t\t\t\t\t<\/div>\n\t\t\t\t<\/div>\n\t\t\t\t\t<\/div>\n\t\t<\/div>\n\t\t\t\t\t<\/div>\n\t\t<\/section>\n\t\t\t\t<section class=\"elementor-section elementor-top-section elementor-element elementor-element-89234ba elementor-section-boxed elementor-section-height-default elementor-section-height-default\" data-id=\"89234ba\" data-element_type=\"section\" data-e-type=\"section\">\n\t\t\t\t\t\t<div class=\"elementor-container elementor-column-gap-default\">\n\t\t\t\t\t<div class=\"elementor-column elementor-col-100 elementor-top-column elementor-element elementor-element-5edb8b8\" data-id=\"5edb8b8\" data-element_type=\"column\" data-e-type=\"column\">\n\t\t\t<div class=\"elementor-widget-wrap elementor-element-populated\">\n\t\t\t\t\t\t<div class=\"elementor-element elementor-element-e45efbb elementor-widget elementor-widget-heading\" data-id=\"e45efbb\" data-element_type=\"widget\" data-e-type=\"widget\" data-widget_type=\"heading.default\">\n\t\t\t\t<div class=\"elementor-widget-container\">\n\t\t\t\t\t<h3 class=\"elementor-heading-title elementor-size-default\">Tell me how to talk better<\/h3>\t\t\t\t<\/div>\n\t\t\t\t<\/div>\n\t\t\t\t<div class=\"elementor-element elementor-element-201ad5b elementor-widget elementor-widget-image\" data-id=\"201ad5b\" data-element_type=\"widget\" data-e-type=\"widget\" data-widget_type=\"image.default\">\n\t\t\t\t<div class=\"elementor-widget-container\">\n\t\t\t\t\t\t\t\t\t\t\t\t<figure class=\"wp-caption\">\n\t\t\t\t\t\t\t\t\t\t<img decoding=\"async\" width=\"1400\" height=\"934\" src=\"https:\/\/talk.swiss\/wp-content\/uploads\/2024\/02\/Talk_APP_ArcInfo.webp\" class=\"attachment-full size-full wp-image-6774\" alt=\"Talk APP ArcInfo\" srcset=\"https:\/\/talk.swiss\/wp-content\/uploads\/2024\/02\/Talk_APP_ArcInfo.webp 1400w, https:\/\/talk.swiss\/wp-content\/uploads\/2024\/02\/Talk_APP_ArcInfo-300x200.webp 300w, https:\/\/talk.swiss\/wp-content\/uploads\/2024\/02\/Talk_APP_ArcInfo-1024x683.webp 1024w, https:\/\/talk.swiss\/wp-content\/uploads\/2024\/02\/Talk_APP_ArcInfo-768x512.webp 768w, https:\/\/talk.swiss\/wp-content\/uploads\/2024\/02\/Talk_APP_ArcInfo-18x12.webp 18w\" sizes=\"(max-width: 1400px) 100vw, 1400px\" \/>\t\t\t\t\t\t\t\t\t\t\t<figcaption class=\"widget-image-caption wp-caption-text\">Twelve measurement indicators are taken into account by the Talk application. Verbal (words and phrases used), paraverbal (voice, speed, disturbances) and non-verbal (emotions) are analysed. Photo: Lucas Vuitel<\/figcaption>\n\t\t\t\t\t\t\t\t\t\t<\/figure>\n\t\t\t\t\t\t\t\t\t<\/div>\n\t\t\t\t<\/div>\n\t\t\t\t<div class=\"elementor-element elementor-element-b657a92 elementor-widget elementor-widget-text-editor\" data-id=\"b657a92\" data-element_type=\"widget\" data-e-type=\"widget\" data-widget_type=\"text-editor.default\">\n\t\t\t\t<div class=\"elementor-widget-container\">\n\t\t\t\t\t\t\t\t\t<p>What does Talk's numerical analysis show? Language disturbances are counted. If you have more than five accidents, you lose credibility. The same applies to the use of passive forms: these should be avoided if you want to be convincing.<\/p><p>Breathing is also essential. It reveals how stressed the speaker is. In addition, you should try to keep your speech to no more than 9 seconds, with groups of words that have a meaning of their own. You need to punctuate your speech to avoid tiring your audience. Varying the speed from fast to slow also helps to maintain attention. Silences are crucial. This is an element that is all too often neglected when speaking to an audience. They make it easier to remember what you're saying.<\/p><p>The distribution of emotions needs to be mastered. Talk's artificial intelligence (AI) will search the muscles of the face, assessing fear, anger, neutrality, etc. \"AI also makes it possible to correlate all the elements. For example, disturbances will carry less weight if they are used to generate emotion\", observes Laurent Vuarraz.<\/p><p>On the other hand, language tics, accents and cultural habits are still a challenge for the application. The same goes for contextualisation. You won't speak in the same way to a young audience as to senior executives. Talk is working on these points in particular during Masterclasses and is preparing a version that includes German dialects.<\/p>\t\t\t\t\t\t\t\t<\/div>\n\t\t\t\t<\/div>\n\t\t\t\t\t<\/div>\n\t\t<\/div>\n\t\t\t\t\t<\/div>\n\t\t<\/section>\n\t\t\t\t<section class=\"elementor-section elementor-top-section elementor-element elementor-element-af58915 elementor-section-boxed elementor-section-height-default elementor-section-height-default\" data-id=\"af58915\" data-element_type=\"section\" data-e-type=\"section\">\n\t\t\t\t\t\t<div class=\"elementor-container elementor-column-gap-default\">\n\t\t\t\t\t<div class=\"elementor-column elementor-col-100 elementor-top-column elementor-element elementor-element-d13ca9f\" data-id=\"d13ca9f\" data-element_type=\"column\" data-e-type=\"column\">\n\t\t\t<div class=\"elementor-widget-wrap elementor-element-populated\">\n\t\t\t\t\t\t<div class=\"elementor-element elementor-element-67a6a3c elementor-align-left elementor-widget__width-initial elementor-widget elementor-widget-button\" data-id=\"67a6a3c\" data-element_type=\"widget\" data-e-type=\"widget\" data-widget_type=\"button.default\">\n\t\t\t\t<div class=\"elementor-widget-container\">\n\t\t\t\t\t\t\t\t\t<div class=\"elementor-button-wrapper\">\n\t\t\t\t\t<a class=\"elementor-button elementor-button-link elementor-size-sm\" href=\"https:\/\/www.arcinfo.ch\/neuchatel-canton\/littoral\/la-tene\/talkswiss-une-app-pour-apprendre-a-parler-en-public-1328806\" target=\"_blank\">\n\t\t\t\t\t\t<span class=\"elementor-button-content-wrapper\">\n\t\t\t\t\t\t\t\t\t<span class=\"elementor-button-text\">Read the article<\/span>\n\t\t\t\t\t<\/span>\n\t\t\t\t\t<\/a>\n\t\t\t\t<\/div>\n\t\t\t\t\t\t\t\t<\/div>\n\t\t\t\t<\/div>\n\t\t\t\t\t<\/div>\n\t\t<\/div>\n\t\t\t\t\t<\/div>\n\t\t<\/section>\n\t\t\t\t<\/div>","protected":false},"excerpt":{"rendered":"<p>Do you dream of speaking fluently and convincingly? With Talk.swiss, you can get quick feedback on your public speaking skills and learn in a fun way.<\/p>","protected":false},"author":12,"featured_media":6855,"comment_status":"closed","ping_status":"closed","sticky":false,"template":"","format":"standard","meta":{"footnotes":""},"categories":[39],"tags":[42,43],"class_list":["post-6753","post","type-post","status-publish","format-standard","has-post-thumbnail","hentry","category-medias","tag-charisme","tag-energie"],"yoast_head":"<!-- This site is optimized with the Yoast SEO plugin v28.3 - https:\/\/yoast.com\/product\/yoast-seo-wordpress\/ -->\n<title>ArcInfo: TALK.SWISS, une app pour apprendre \u00e0 parler en public - TALK.SWISS<\/title>\n<meta name=\"robots\" content=\"index, follow, max-snippet:-1, max-image-preview:large, max-video-preview:-1\" \/>\n<link rel=\"canonical\" href=\"https:\/\/talk.swiss\/en\/arcinfo-talk-swiss-une-app-pour-apprendre-a-parler-en-public\/\" \/>\n<meta property=\"og:locale\" content=\"en_GB\" \/>\n<meta property=\"og:type\" content=\"article\" \/>\n<meta property=\"og:title\" content=\"ArcInfo: TALK.SWISS, une app pour apprendre \u00e0 parler en public - TALK.SWISS\" \/>\n<meta property=\"og:description\" content=\"Vous r\u00eavez de parler de mani\u00e8re fluide et convaincante? Avec Talk.swiss, vous pouvez recevoir un feedback rapide sur vos comp\u00e9tences oratoires et vous former de mani\u00e8re ludique.\" \/>\n<meta property=\"og:url\" content=\"https:\/\/talk.swiss\/en\/arcinfo-talk-swiss-une-app-pour-apprendre-a-parler-en-public\/\" \/>\n<meta property=\"og:site_name\" content=\"TALK.SWISS\" \/>\n<meta property=\"article:published_time\" content=\"2023-10-16T09:51:00+00:00\" \/>\n<meta property=\"article:modified_time\" content=\"2024-04-11T12:18:01+00:00\" \/>\n<meta property=\"og:image\" content=\"https:\/\/talk.swiss\/wp-content\/uploads\/2023\/10\/Arc-Info_TALK-SWISS_2023-10-16.webp\" \/>\n\t<meta property=\"og:image:width\" content=\"1500\" \/>\n\t<meta property=\"og:image:height\" content=\"2226\" \/>\n\t<meta property=\"og:image:type\" content=\"image\/webp\" \/>\n<meta name=\"author\" content=\"admin_zaniah\" \/>\n<meta name=\"twitter:card\" content=\"summary_large_image\" \/>\n<meta name=\"twitter:label1\" content=\"Written by\" \/>\n\t<meta name=\"twitter:data1\" content=\"admin_zaniah\" \/>\n\t<meta name=\"twitter:label2\" content=\"Estimated reading time\" \/>\n\t<meta name=\"twitter:data2\" content=\"6 minutes\" \/>\n<script type=\"application\/ld+json\" class=\"yoast-schema-graph\">{\"@context\":\"https:\\\/\\\/schema.org\",\"@graph\":[{\"@type\":\"Article\",\"@id\":\"https:\\\/\\\/talk.swiss\\\/arcinfo-talk-swiss-une-app-pour-apprendre-a-parler-en-public\\\/#article\",\"isPartOf\":{\"@id\":\"https:\\\/\\\/talk.swiss\\\/arcinfo-talk-swiss-une-app-pour-apprendre-a-parler-en-public\\\/\"},\"author\":{\"name\":\"admin_zaniah\",\"@id\":\"https:\\\/\\\/talk.swiss\\\/#\\\/schema\\\/person\\\/ba65540af01fcf4cb41dc98849e57120\"},\"headline\":\"ArcInfo: TALK.SWISS, une app pour apprendre \u00e0 parler en public\",\"datePublished\":\"2023-10-16T09:51:00+00:00\",\"dateModified\":\"2024-04-11T12:18:01+00:00\",\"mainEntityOfPage\":{\"@id\":\"https:\\\/\\\/talk.swiss\\\/arcinfo-talk-swiss-une-app-pour-apprendre-a-parler-en-public\\\/\"},\"wordCount\":1207,\"publisher\":{\"@id\":\"https:\\\/\\\/talk.swiss\\\/#organization\"},\"image\":{\"@id\":\"https:\\\/\\\/talk.swiss\\\/arcinfo-talk-swiss-une-app-pour-apprendre-a-parler-en-public\\\/#primaryimage\"},\"thumbnailUrl\":\"https:\\\/\\\/talk.swiss\\\/wp-content\\\/uploads\\\/2023\\\/10\\\/Arc-Info_TALK-SWISS_2023-10-16.webp\",\"keywords\":[\"Charisme\",\"Energie\"],\"articleSection\":[\"M\u00e9dias\"],\"inLanguage\":\"en-GB\"},{\"@type\":\"WebPage\",\"@id\":\"https:\\\/\\\/talk.swiss\\\/arcinfo-talk-swiss-une-app-pour-apprendre-a-parler-en-public\\\/\",\"url\":\"https:\\\/\\\/talk.swiss\\\/arcinfo-talk-swiss-une-app-pour-apprendre-a-parler-en-public\\\/\",\"name\":\"ArcInfo: TALK.SWISS, une app pour apprendre \u00e0 parler en public - TALK.SWISS\",\"isPartOf\":{\"@id\":\"https:\\\/\\\/talk.swiss\\\/#website\"},\"primaryImageOfPage\":{\"@id\":\"https:\\\/\\\/talk.swiss\\\/arcinfo-talk-swiss-une-app-pour-apprendre-a-parler-en-public\\\/#primaryimage\"},\"image\":{\"@id\":\"https:\\\/\\\/talk.swiss\\\/arcinfo-talk-swiss-une-app-pour-apprendre-a-parler-en-public\\\/#primaryimage\"},\"thumbnailUrl\":\"https:\\\/\\\/talk.swiss\\\/wp-content\\\/uploads\\\/2023\\\/10\\\/Arc-Info_TALK-SWISS_2023-10-16.webp\",\"datePublished\":\"2023-10-16T09:51:00+00:00\",\"dateModified\":\"2024-04-11T12:18:01+00:00\",\"breadcrumb\":{\"@id\":\"https:\\\/\\\/talk.swiss\\\/arcinfo-talk-swiss-une-app-pour-apprendre-a-parler-en-public\\\/#breadcrumb\"},\"inLanguage\":\"en-GB\",\"potentialAction\":[{\"@type\":\"ReadAction\",\"target\":[\"https:\\\/\\\/talk.swiss\\\/arcinfo-talk-swiss-une-app-pour-apprendre-a-parler-en-public\\\/\"]}]},{\"@type\":\"ImageObject\",\"inLanguage\":\"en-GB\",\"@id\":\"https:\\\/\\\/talk.swiss\\\/arcinfo-talk-swiss-une-app-pour-apprendre-a-parler-en-public\\\/#primaryimage\",\"url\":\"https:\\\/\\\/talk.swiss\\\/wp-content\\\/uploads\\\/2023\\\/10\\\/Arc-Info_TALK-SWISS_2023-10-16.webp\",\"contentUrl\":\"https:\\\/\\\/talk.swiss\\\/wp-content\\\/uploads\\\/2023\\\/10\\\/Arc-Info_TALK-SWISS_2023-10-16.webp\",\"width\":1500,\"height\":2226,\"caption\":\"ArcInfo\"},{\"@type\":\"BreadcrumbList\",\"@id\":\"https:\\\/\\\/talk.swiss\\\/arcinfo-talk-swiss-une-app-pour-apprendre-a-parler-en-public\\\/#breadcrumb\",\"itemListElement\":[{\"@type\":\"ListItem\",\"position\":1,\"name\":\"Accueil\",\"item\":\"https:\\\/\\\/talk.swiss\\\/\"},{\"@type\":\"ListItem\",\"position\":2,\"name\":\"ArcInfo: TALK.SWISS, une app pour apprendre \u00e0 parler en public\"}]},{\"@type\":\"WebSite\",\"@id\":\"https:\\\/\\\/talk.swiss\\\/#website\",\"url\":\"https:\\\/\\\/talk.swiss\\\/\",\"name\":\"TALK.SWISS\",\"description\":\"Talk, la parole au centre\",\"publisher\":{\"@id\":\"https:\\\/\\\/talk.swiss\\\/#organization\"},\"potentialAction\":[{\"@type\":\"SearchAction\",\"target\":{\"@type\":\"EntryPoint\",\"urlTemplate\":\"https:\\\/\\\/talk.swiss\\\/?s={search_term_string}\"},\"query-input\":{\"@type\":\"PropertyValueSpecification\",\"valueRequired\":true,\"valueName\":\"search_term_string\"}}],\"inLanguage\":\"en-GB\"},{\"@type\":\"Organization\",\"@id\":\"https:\\\/\\\/talk.swiss\\\/#organization\",\"name\":\"TALK.SWISS\",\"url\":\"https:\\\/\\\/talk.swiss\\\/\",\"logo\":{\"@type\":\"ImageObject\",\"inLanguage\":\"en-GB\",\"@id\":\"https:\\\/\\\/talk.swiss\\\/#\\\/schema\\\/logo\\\/image\\\/\",\"url\":\"https:\\\/\\\/talk.swiss\\\/wp-content\\\/uploads\\\/2022\\\/08\\\/cropped-Talk_logo.png\",\"contentUrl\":\"https:\\\/\\\/talk.swiss\\\/wp-content\\\/uploads\\\/2022\\\/08\\\/cropped-Talk_logo.png\",\"width\":400,\"height\":400,\"caption\":\"TALK.SWISS\"},\"image\":{\"@id\":\"https:\\\/\\\/talk.swiss\\\/#\\\/schema\\\/logo\\\/image\\\/\"}},{\"@type\":\"Person\",\"@id\":\"https:\\\/\\\/talk.swiss\\\/#\\\/schema\\\/person\\\/ba65540af01fcf4cb41dc98849e57120\",\"name\":\"admin_zaniah\",\"image\":{\"@type\":\"ImageObject\",\"inLanguage\":\"en-GB\",\"@id\":\"https:\\\/\\\/secure.gravatar.com\\\/avatar\\\/6e3c13c5d0ed8529b9c004df48200cfc1996cc9af076b48e60383c0e40604445?s=96&d=mm&r=g\",\"url\":\"https:\\\/\\\/secure.gravatar.com\\\/avatar\\\/6e3c13c5d0ed8529b9c004df48200cfc1996cc9af076b48e60383c0e40604445?s=96&d=mm&r=g\",\"contentUrl\":\"https:\\\/\\\/secure.gravatar.com\\\/avatar\\\/6e3c13c5d0ed8529b9c004df48200cfc1996cc9af076b48e60383c0e40604445?s=96&d=mm&r=g\",\"caption\":\"admin_zaniah\"},\"url\":\"https:\\\/\\\/talk.swiss\\\/en\\\/author\\\/admin_zaniah\\\/\"}]}<\/script>\n<!-- \/ Yoast SEO plugin. -->","yoast_head_json":{"title":"ArcInfo: TALK.SWISS, an app for learning to speak in public - TALK.SWISS","robots":{"index":"index","follow":"follow","max-snippet":"max-snippet:-1","max-image-preview":"max-image-preview:large","max-video-preview":"max-video-preview:-1"},"canonical":"https:\/\/talk.swiss\/en\/arcinfo-talk-swiss-une-app-pour-apprendre-a-parler-en-public\/","og_locale":"en_GB","og_type":"article","og_title":"ArcInfo: TALK.SWISS, une app pour apprendre \u00e0 parler en public - TALK.SWISS","og_description":"Vous r\u00eavez de parler de mani\u00e8re fluide et convaincante? Avec Talk.swiss, vous pouvez recevoir un feedback rapide sur vos comp\u00e9tences oratoires et vous former de mani\u00e8re ludique.","og_url":"https:\/\/talk.swiss\/en\/arcinfo-talk-swiss-une-app-pour-apprendre-a-parler-en-public\/","og_site_name":"TALK.SWISS","article_published_time":"2023-10-16T09:51:00+00:00","article_modified_time":"2024-04-11T12:18:01+00:00","og_image":[{"width":1500,"height":2226,"url":"https:\/\/talk.swiss\/wp-content\/uploads\/2023\/10\/Arc-Info_TALK-SWISS_2023-10-16.webp","type":"image\/webp"}],"author":"admin_zaniah","twitter_card":"summary_large_image","twitter_misc":{"Written by":"admin_zaniah","Estimated reading time":"6 minutes"},"schema":{"@context":"https:\/\/schema.org","@graph":[{"@type":"Article","@id":"https:\/\/talk.swiss\/arcinfo-talk-swiss-une-app-pour-apprendre-a-parler-en-public\/#article","isPartOf":{"@id":"https:\/\/talk.swiss\/arcinfo-talk-swiss-une-app-pour-apprendre-a-parler-en-public\/"},"author":{"name":"admin_zaniah","@id":"https:\/\/talk.swiss\/#\/schema\/person\/ba65540af01fcf4cb41dc98849e57120"},"headline":"ArcInfo: TALK.SWISS, une app pour apprendre \u00e0 parler en public","datePublished":"2023-10-16T09:51:00+00:00","dateModified":"2024-04-11T12:18:01+00:00","mainEntityOfPage":{"@id":"https:\/\/talk.swiss\/arcinfo-talk-swiss-une-app-pour-apprendre-a-parler-en-public\/"},"wordCount":1207,"publisher":{"@id":"https:\/\/talk.swiss\/#organization"},"image":{"@id":"https:\/\/talk.swiss\/arcinfo-talk-swiss-une-app-pour-apprendre-a-parler-en-public\/#primaryimage"},"thumbnailUrl":"https:\/\/talk.swiss\/wp-content\/uploads\/2023\/10\/Arc-Info_TALK-SWISS_2023-10-16.webp","keywords":["Charisme","Energie"],"articleSection":["M\u00e9dias"],"inLanguage":"en-GB"},{"@type":"WebPage","@id":"https:\/\/talk.swiss\/arcinfo-talk-swiss-une-app-pour-apprendre-a-parler-en-public\/","url":"https:\/\/talk.swiss\/arcinfo-talk-swiss-une-app-pour-apprendre-a-parler-en-public\/","name":"ArcInfo: TALK.SWISS, an app for learning to speak in public - TALK.SWISS","isPartOf":{"@id":"https:\/\/talk.swiss\/#website"},"primaryImageOfPage":{"@id":"https:\/\/talk.swiss\/arcinfo-talk-swiss-une-app-pour-apprendre-a-parler-en-public\/#primaryimage"},"image":{"@id":"https:\/\/talk.swiss\/arcinfo-talk-swiss-une-app-pour-apprendre-a-parler-en-public\/#primaryimage"},"thumbnailUrl":"https:\/\/talk.swiss\/wp-content\/uploads\/2023\/10\/Arc-Info_TALK-SWISS_2023-10-16.webp","datePublished":"2023-10-16T09:51:00+00:00","dateModified":"2024-04-11T12:18:01+00:00","breadcrumb":{"@id":"https:\/\/talk.swiss\/arcinfo-talk-swiss-une-app-pour-apprendre-a-parler-en-public\/#breadcrumb"},"inLanguage":"en-GB","potentialAction":[{"@type":"ReadAction","target":["https:\/\/talk.swiss\/arcinfo-talk-swiss-une-app-pour-apprendre-a-parler-en-public\/"]}]},{"@type":"ImageObject","inLanguage":"en-GB","@id":"https:\/\/talk.swiss\/arcinfo-talk-swiss-une-app-pour-apprendre-a-parler-en-public\/#primaryimage","url":"https:\/\/talk.swiss\/wp-content\/uploads\/2023\/10\/Arc-Info_TALK-SWISS_2023-10-16.webp","contentUrl":"https:\/\/talk.swiss\/wp-content\/uploads\/2023\/10\/Arc-Info_TALK-SWISS_2023-10-16.webp","width":1500,"height":2226,"caption":"ArcInfo"},{"@type":"BreadcrumbList","@id":"https:\/\/talk.swiss\/arcinfo-talk-swiss-une-app-pour-apprendre-a-parler-en-public\/#breadcrumb","itemListElement":[{"@type":"ListItem","position":1,"name":"Accueil","item":"https:\/\/talk.swiss\/"},{"@type":"ListItem","position":2,"name":"ArcInfo: TALK.SWISS, une app pour apprendre \u00e0 parler en public"}]},{"@type":"WebSite","@id":"https:\/\/talk.swiss\/#website","url":"https:\/\/talk.swiss\/","name":"TALK.SWISS","description":"Talk, the spoken word at the centre","publisher":{"@id":"https:\/\/talk.swiss\/#organization"},"potentialAction":[{"@type":"SearchAction","target":{"@type":"EntryPoint","urlTemplate":"https:\/\/talk.swiss\/?s={search_term_string}"},"query-input":{"@type":"PropertyValueSpecification","valueRequired":true,"valueName":"search_term_string"}}],"inLanguage":"en-GB"},{"@type":"Organization","@id":"https:\/\/talk.swiss\/#organization","name":"TALK.SWISS","url":"https:\/\/talk.swiss\/","logo":{"@type":"ImageObject","inLanguage":"en-GB","@id":"https:\/\/talk.swiss\/#\/schema\/logo\/image\/","url":"https:\/\/talk.swiss\/wp-content\/uploads\/2022\/08\/cropped-Talk_logo.png","contentUrl":"https:\/\/talk.swiss\/wp-content\/uploads\/2022\/08\/cropped-Talk_logo.png","width":400,"height":400,"caption":"TALK.SWISS"},"image":{"@id":"https:\/\/talk.swiss\/#\/schema\/logo\/image\/"}},{"@type":"Person","@id":"https:\/\/talk.swiss\/#\/schema\/person\/ba65540af01fcf4cb41dc98849e57120","name":"admin_zaniah","image":{"@type":"ImageObject","inLanguage":"en-GB","@id":"https:\/\/secure.gravatar.com\/avatar\/6e3c13c5d0ed8529b9c004df48200cfc1996cc9af076b48e60383c0e40604445?s=96&d=mm&r=g","url":"https:\/\/secure.gravatar.com\/avatar\/6e3c13c5d0ed8529b9c004df48200cfc1996cc9af076b48e60383c0e40604445?s=96&d=mm&r=g","contentUrl":"https:\/\/secure.gravatar.com\/avatar\/6e3c13c5d0ed8529b9c004df48200cfc1996cc9af076b48e60383c0e40604445?s=96&d=mm&r=g","caption":"admin_zaniah"},"url":"https:\/\/talk.swiss\/en\/author\/admin_zaniah\/"}]}},"_links":{"self":[{"href":"https:\/\/talk.swiss\/en\/wp-json\/wp\/v2\/posts\/6753","targetHints":{"allow":["GET"]}}],"collection":[{"href":"https:\/\/talk.swiss\/en\/wp-json\/wp\/v2\/posts"}],"about":[{"href":"https:\/\/talk.swiss\/en\/wp-json\/wp\/v2\/types\/post"}],"author":[{"embeddable":true,"href":"https:\/\/talk.swiss\/en\/wp-json\/wp\/v2\/users\/12"}],"replies":[{"embeddable":true,"href":"https:\/\/talk.swiss\/en\/wp-json\/wp\/v2\/comments?post=6753"}],"version-history":[{"count":39,"href":"https:\/\/talk.swiss\/en\/wp-json\/wp\/v2\/posts\/6753\/revisions"}],"predecessor-version":[{"id":7079,"href":"https:\/\/talk.swiss\/en\/wp-json\/wp\/v2\/posts\/6753\/revisions\/7079"}],"wp:featuredmedia":[{"embeddable":true,"href":"https:\/\/talk.swiss\/en\/wp-json\/wp\/v2\/media\/6855"}],"wp:attachment":[{"href":"https:\/\/talk.swiss\/en\/wp-json\/wp\/v2\/media?parent=6753"}],"wp:term":[{"taxonomy":"category","embeddable":true,"href":"https:\/\/talk.swiss\/en\/wp-json\/wp\/v2\/categories?post=6753"},{"taxonomy":"post_tag","embeddable":true,"href":"https:\/\/talk.swiss\/en\/wp-json\/wp\/v2\/tags?post=6753"}],"curies":[{"name":"wp","href":"https:\/\/api.w.org\/{rel}","templated":true}]}}