{"id":3379,"date":"2023-03-12T12:37:00","date_gmt":"2023-03-12T11:37:00","guid":{"rendered":"https:\/\/talk.swiss\/?p=3379"},"modified":"2024-02-21T10:23:04","modified_gmt":"2024-02-21T09:23:04","slug":"le-temps-grace-a-lia-une-application-suisse-permet-de-mieux-parler-en-public","status":"publish","type":"post","link":"https:\/\/talk.swiss\/en\/le-temps-grace-a-lia-une-application-suisse-permet-de-mieux-parler-en-public\/","title":{"rendered":"Le Temps: Thanks to AI, a Swiss application makes it easier to speak in public"},"content":{"rendered":"<div data-elementor-type=\"wp-post\" data-elementor-id=\"3379\" class=\"elementor elementor-3379\" data-elementor-post-type=\"post\">\n\t\t\t\t\t\t<section class=\"elementor-section elementor-top-section elementor-element elementor-element-5921726 elementor-section-boxed elementor-section-height-default elementor-section-height-default\" data-id=\"5921726\" data-element_type=\"section\" data-e-type=\"section\">\n\t\t\t\t\t\t<div class=\"elementor-container elementor-column-gap-default\">\n\t\t\t\t\t<div class=\"elementor-column elementor-col-100 elementor-top-column elementor-element elementor-element-62fc3165\" data-id=\"62fc3165\" data-element_type=\"column\" data-e-type=\"column\">\n\t\t\t<div class=\"elementor-widget-wrap elementor-element-populated\">\n\t\t\t\t\t\t<div class=\"elementor-element elementor-element-6cb3b78b elementor-widget elementor-widget-heading\" data-id=\"6cb3b78b\" data-element_type=\"widget\" data-e-type=\"widget\" data-widget_type=\"heading.default\">\n\t\t\t\t<div class=\"elementor-widget-container\">\n\t\t\t\t\t<h3 class=\"elementor-heading-title elementor-size-default\"><a href=\"https:\/\/www.letemps.ch\/profil\/anouch-seydtaghia\" target=\"_blank\">Le Temps - By Anouch Seydtaghia<\/a><\/h3>\t\t\t\t<\/div>\n\t\t\t\t<\/div>\n\t\t\t\t<div class=\"elementor-element elementor-element-38d8319 elementor-widget-divider--view-line elementor-widget elementor-widget-divider\" data-id=\"38d8319\" data-element_type=\"widget\" data-e-type=\"widget\" data-widget_type=\"divider.default\">\n\t\t\t\t<div class=\"elementor-widget-container\">\n\t\t\t\t\t\t\t<div class=\"elementor-divider\">\n\t\t\t<span class=\"elementor-divider-separator\">\n\t\t\t\t\t\t<\/span>\n\t\t<\/div>\n\t\t\t\t\t\t<\/div>\n\t\t\t\t<\/div>\n\t\t\t\t<div class=\"elementor-element elementor-element-5c488380 elementor-widget elementor-widget-text-editor\" data-id=\"5c488380\" data-element_type=\"widget\" data-e-type=\"widget\" data-widget_type=\"text-editor.default\">\n\t\t\t\t<div class=\"elementor-widget-container\">\n\t\t\t\t\t\t\t\t\tThe Talkmobile app, developed by French-speaking company TALK.SWISS, analyses our elocution, speech, non-verbal communication and speech rate. All thanks to a high-performance artificial intelligence system, which \"Le Temps\" was able to test for the first time.\t\t\t\t\t\t\t\t<\/div>\n\t\t\t\t<\/div>\n\t\t\t\t\t<\/div>\n\t\t<\/div>\n\t\t\t\t\t<\/div>\n\t\t<\/section>\n\t\t\t\t<section class=\"elementor-section elementor-top-section elementor-element elementor-element-d9727cd elementor-section-boxed elementor-section-height-default elementor-section-height-default\" data-id=\"d9727cd\" data-element_type=\"section\" data-e-type=\"section\">\n\t\t\t\t\t\t<div class=\"elementor-container elementor-column-gap-default\">\n\t\t\t\t\t<div class=\"elementor-column elementor-col-100 elementor-top-column elementor-element elementor-element-3e56805\" data-id=\"3e56805\" data-element_type=\"column\" data-e-type=\"column\">\n\t\t\t<div class=\"elementor-widget-wrap elementor-element-populated\">\n\t\t\t\t\t\t<div class=\"elementor-element elementor-element-0c011b6 elementor-widget elementor-widget-image\" data-id=\"0c011b6\" data-element_type=\"widget\" data-e-type=\"widget\" data-widget_type=\"image.default\">\n\t\t\t\t<div class=\"elementor-widget-container\">\n\t\t\t\t\t\t\t\t\t\t\t\t<figure class=\"wp-caption\">\n\t\t\t\t\t\t\t\t\t\t<img fetchpriority=\"high\" decoding=\"async\" width=\"1400\" height=\"787\" src=\"https:\/\/talk.swiss\/wp-content\/uploads\/2023\/03\/Le_Temps_Talk_app.webp\" class=\"attachment-full size-full wp-image-6720\" alt=\"Application Talk\" srcset=\"https:\/\/talk.swiss\/wp-content\/uploads\/2023\/03\/Le_Temps_Talk_app.webp 1400w, https:\/\/talk.swiss\/wp-content\/uploads\/2023\/03\/Le_Temps_Talk_app-300x169.webp 300w, https:\/\/talk.swiss\/wp-content\/uploads\/2023\/03\/Le_Temps_Talk_app-1024x576.webp 1024w, https:\/\/talk.swiss\/wp-content\/uploads\/2023\/03\/Le_Temps_Talk_app-768x432.webp 768w, https:\/\/talk.swiss\/wp-content\/uploads\/2023\/03\/Le_Temps_Talk_app-18x10.webp 18w\" sizes=\"(max-width: 1400px) 100vw, 1400px\" \/>\t\t\t\t\t\t\t\t\t\t\t<figcaption class=\"widget-image-caption wp-caption-text\">The application clearly shows all the areas for improvement | TALK.SWISS<\/figcaption>\n\t\t\t\t\t\t\t\t\t\t<\/figure>\n\t\t\t\t\t\t\t\t\t<\/div>\n\t\t\t\t<\/div>\n\t\t\t\t\t<\/div>\n\t\t<\/div>\n\t\t\t\t\t<\/div>\n\t\t<\/section>\n\t\t\t\t<section class=\"elementor-section elementor-top-section elementor-element elementor-element-578ef8da elementor-section-boxed elementor-section-height-default elementor-section-height-default\" data-id=\"578ef8da\" data-element_type=\"section\" data-e-type=\"section\">\n\t\t\t\t\t\t<div class=\"elementor-container elementor-column-gap-default\">\n\t\t\t\t\t<div class=\"elementor-column elementor-col-100 elementor-top-column elementor-element elementor-element-50204d01\" data-id=\"50204d01\" data-element_type=\"column\" data-e-type=\"column\">\n\t\t\t<div class=\"elementor-widget-wrap elementor-element-populated\">\n\t\t\t\t\t\t<div class=\"elementor-element elementor-element-556e881e elementor-widget elementor-widget-text-editor\" data-id=\"556e881e\" data-element_type=\"widget\" data-e-type=\"widget\" data-widget_type=\"text-editor.default\">\n\t\t\t\t<div class=\"elementor-widget-container\">\n\t\t\t\t\t\t\t\t\t<p>It's \"a magic mirror for improving communication\", as Laurent Vuarraz Voisin puts it. And it's true that the Talkmobile application has something bluffing about it.  The app was developed by the start-up Talk.Swiss, based in Orbe (VD) and Microcity Neuch\u00e2tel, and founded by this former journalist. Since joining RTS, Laurent Vuarraz Voisin has specialised in training to help people improve their communication skills.  His training courses are aimed at company and team managers, politicians, lawyers and anyone who needs to speak up and build relationships.<\/p><p>Talk.Swiss's mission, according to its manager, is to put \"the spoken word at the centre, to bring new life into organisations\". But behind this marketing slogan lies a formidably effective application, which Le Temps is the first media outlet to report on. According to our tests, by intelligently using artificial intelligence services, the app can help improve oral communication.<\/p>\t\t\t\t\t\t\t\t<\/div>\n\t\t\t\t<\/div>\n\t\t\t\t\t<\/div>\n\t\t<\/div>\n\t\t\t\t\t<\/div>\n\t\t<\/section>\n\t\t\t\t<section class=\"elementor-section elementor-top-section elementor-element elementor-element-4e5a79e elementor-section-boxed elementor-section-height-default elementor-section-height-default\" data-id=\"4e5a79e\" data-element_type=\"section\" data-e-type=\"section\">\n\t\t\t\t\t\t<div class=\"elementor-container elementor-column-gap-default\">\n\t\t\t\t\t<div class=\"elementor-column elementor-col-100 elementor-top-column elementor-element elementor-element-f270cf0\" data-id=\"f270cf0\" data-element_type=\"column\" data-e-type=\"column\">\n\t\t\t<div class=\"elementor-widget-wrap elementor-element-populated\">\n\t\t\t\t\t\t<div class=\"elementor-element elementor-element-f3193ad elementor-widget elementor-widget-heading\" data-id=\"f3193ad\" data-element_type=\"widget\" data-e-type=\"widget\" data-widget_type=\"heading.default\">\n\t\t\t\t<div class=\"elementor-widget-container\">\n\t\t\t\t\t<h3 class=\"elementor-heading-title elementor-size-default\">New app<\/h3>\t\t\t\t<\/div>\n\t\t\t\t<\/div>\n\t\t\t\t<div class=\"elementor-element elementor-element-944b2c3 elementor-widget elementor-widget-text-editor\" data-id=\"944b2c3\" data-element_type=\"widget\" data-e-type=\"widget\" data-widget_type=\"text-editor.default\">\n\t\t\t\t<div class=\"elementor-widget-container\">\n\t\t\t\t\t\t\t\t\t<p>But let's start at the beginning. In 2011, Laurent Vuarraz Voisin, drawing on his experience in the media, created a learning method based on numerical indicators, convinced that this teaching method should accelerate results. He experimented with and trained everyone to speak better, either individually or in small groups of no more than eight people.<\/p><p>About ten months ago, Laurent Vuarraz Voisin added a smartphone application. I already had the idea of using artificial intelligence 10 years ago for self-analysis, but the technology wasn't ready,\" he says. Today, thanks to our in-house team and partnerships with the Idiap institute in Martigny and the HEIG-VD in Yverdon, we have a service that is fully developed. These intensive seminars cost around CHF 1,500 for two days of face-to-face training and a series of daily micro-lessons in the Talkmobile app.<\/p><p>According to Laurent Vuarraz Voisin, this app \"makes speech visible through objective data\". Once you've downloaded the app and created an account, you need to define your objective, such as \"speaking brilliantly about yourself\", or \"negotiating and selling with talent\" and \"making a successful pitch\". Then you get down to the practical work. With your smartphone in front of you and the camera switched on, you record yourself for any length of time, saying whatever you want. These videos are then sent to Talk.Swiss, which automatically analyses them securely and confidentially, she assures us. Very shortly afterwards, the results are available, again within the app. And you're presented with a wealth of information, presented in a simple way. The app analyses three main elements simultaneously: verbal, paraverbal and non-verbal communication.<\/p>\t\t\t\t\t\t\t\t<\/div>\n\t\t\t\t<\/div>\n\t\t\t\t\t<\/div>\n\t\t<\/div>\n\t\t\t\t\t<\/div>\n\t\t<\/section>\n\t\t\t\t<section class=\"elementor-section elementor-top-section elementor-element elementor-element-5fd2d0b elementor-section-boxed elementor-section-height-default elementor-section-height-default\" data-id=\"5fd2d0b\" data-element_type=\"section\" data-e-type=\"section\">\n\t\t\t\t\t\t<div class=\"elementor-container elementor-column-gap-default\">\n\t\t\t\t\t<div class=\"elementor-column elementor-col-100 elementor-top-column elementor-element elementor-element-f506bfd\" data-id=\"f506bfd\" data-element_type=\"column\" data-e-type=\"column\">\n\t\t\t<div class=\"elementor-widget-wrap elementor-element-populated\">\n\t\t\t\t\t\t<div class=\"elementor-element elementor-element-1fb77c8 elementor-widget elementor-widget-heading\" data-id=\"1fb77c8\" data-element_type=\"widget\" data-e-type=\"widget\" data-widget_type=\"heading.default\">\n\t\t\t\t<div class=\"elementor-widget-container\">\n\t\t\t\t\t<h3 class=\"elementor-heading-title elementor-size-default\">Objectivising a speech<\/h3>\t\t\t\t<\/div>\n\t\t\t\t<\/div>\n\t\t\t\t<div class=\"elementor-element elementor-element-d2be9d4 elementor-widget elementor-widget-text-editor\" data-id=\"d2be9d4\" data-element_type=\"widget\" data-e-type=\"widget\" data-widget_type=\"text-editor.default\">\n\t\t\t\t<div class=\"elementor-widget-container\">\n\t\t\t\t\t\t\t\t\t<p>Let's start with the first.  For example, a cloud of keywords extracted from the video is displayed on the screen. If all the words are of a similar size, this means a priori that no impactful key message has been conveyed in the video. This provides an opportunity to improve. We can also see the type of verbs used, with the percentage of active and passive speech. \"If you want to mobilise your audience, take your colleagues or your public with you, it's better to use active forms. Artificial intelligence makes it possible to objectify our speech in a few seconds\", explains Laurent Vuarraz Voisin.\u00a0<\/p><p>In the case of paraverbal communication, speech speed, stuttering, pauses and inhalations are displayed on a graph. For non-verbal communication, a graph is displayed showing the moments when you express joy, fear or anger, enabling you to determine whether the emotion is congruent with your speech. In a fun way, the more videos and micro-lessons you make, the more you improve, the more points you earn and the more you progress. \"Depending on your objectives, you will learn to be more convincing, more confident, more composed or more committed. Each time, depending on what you're trying to achieve in your context\", assures Laurent Vuarraz Voisin.\u00a0<\/p><p>Convincing according to our tests, the app is linked to a two-day training course at Talk.Swiss. It should be noted that Laurent Vuarraz Voisin is currently looking for investors for his company in order to develop the patents filed - \"they must share my ethical vision of artificial intelligence\", he adds.<\/p>\t\t\t\t\t\t\t\t<\/div>\n\t\t\t\t<\/div>\n\t\t\t\t\t<\/div>\n\t\t<\/div>\n\t\t\t\t\t<\/div>\n\t\t<\/section>\n\t\t\t\t<section class=\"elementor-section elementor-top-section elementor-element elementor-element-de1fce1 elementor-section-boxed elementor-section-height-default elementor-section-height-default\" data-id=\"de1fce1\" data-element_type=\"section\" data-e-type=\"section\">\n\t\t\t\t\t\t<div class=\"elementor-container elementor-column-gap-default\">\n\t\t\t\t\t<div class=\"elementor-column elementor-col-100 elementor-top-column elementor-element elementor-element-a4f37f4\" data-id=\"a4f37f4\" data-element_type=\"column\" data-e-type=\"column\">\n\t\t\t<div class=\"elementor-widget-wrap elementor-element-populated\">\n\t\t\t\t\t\t<div class=\"elementor-element elementor-element-a8361b9 elementor-align-left elementor-widget__width-initial elementor-widget elementor-widget-button\" data-id=\"a8361b9\" data-element_type=\"widget\" data-e-type=\"widget\" data-widget_type=\"button.default\">\n\t\t\t\t<div class=\"elementor-widget-container\">\n\t\t\t\t\t\t\t\t\t<div class=\"elementor-button-wrapper\">\n\t\t\t\t\t<a class=\"elementor-button elementor-button-link elementor-size-sm\" href=\"https:\/\/www.letemps.ch\/economie\/grace-lia-une-application-suisse-permet-mieux-parler-public\" target=\"_blank\">\n\t\t\t\t\t\t<span class=\"elementor-button-content-wrapper\">\n\t\t\t\t\t\t\t\t\t<span class=\"elementor-button-text\">Read the article<\/span>\n\t\t\t\t\t<\/span>\n\t\t\t\t\t<\/a>\n\t\t\t\t<\/div>\n\t\t\t\t\t\t\t\t<\/div>\n\t\t\t\t<\/div>\n\t\t\t\t\t<\/div>\n\t\t<\/div>\n\t\t\t\t\t<\/div>\n\t\t<\/section>\n\t\t\t\t<\/div>","protected":false},"excerpt":{"rendered":"<p>The Talkmobile app, developed by Talk.Swiss, a company based in the French-speaking part of Switzerland, analyses our elocution, speech, non-verbal communication and speech rate. All thanks to a high-performance artificial intelligence system, which \"Le Temps\" was able to test for the first time.<\/p>","protected":false},"author":12,"featured_media":6856,"comment_status":"closed","ping_status":"closed","sticky":false,"template":"","format":"standard","meta":{"footnotes":""},"categories":[39],"tags":[42,43],"class_list":["post-3379","post","type-post","status-publish","format-standard","has-post-thumbnail","hentry","category-medias","tag-charisme","tag-energie"],"yoast_head":"<!-- This site is optimized with the Yoast SEO plugin v28.3 - https:\/\/yoast.com\/product\/yoast-seo-wordpress\/ -->\n<title>Le Temps: Gr\u00e2ce \u00e0 l\u2019IA, une application suisse permet de mieux parler en public - TALK.SWISS<\/title>\n<meta name=\"robots\" content=\"index, follow, max-snippet:-1, max-image-preview:large, max-video-preview:-1\" \/>\n<link rel=\"canonical\" href=\"https:\/\/talk.swiss\/en\/le-temps-grace-a-lia-une-application-suisse-permet-de-mieux-parler-en-public\/\" \/>\n<meta property=\"og:locale\" content=\"en_GB\" \/>\n<meta property=\"og:type\" content=\"article\" \/>\n<meta property=\"og:title\" content=\"Le Temps: Gr\u00e2ce \u00e0 l\u2019IA, une application suisse permet de mieux parler en public - TALK.SWISS\" \/>\n<meta property=\"og:description\" content=\"L\u2019app Talkmobile, d\u00e9velopp\u00e9e par la soci\u00e9t\u00e9 romande Talk.Swiss, analyse notre \u00e9locution, nos paroles, la communication non verbale ou encore le d\u00e9bit. Le tout gr\u00e2ce \u00e0 un syst\u00e8me d\u2019intelligence artificielle performant, que \u00abLe Temps\u00bb a pu tester en primeur.\" \/>\n<meta property=\"og:url\" content=\"https:\/\/talk.swiss\/en\/le-temps-grace-a-lia-une-application-suisse-permet-de-mieux-parler-en-public\/\" \/>\n<meta property=\"og:site_name\" content=\"TALK.SWISS\" \/>\n<meta property=\"article:published_time\" content=\"2023-03-12T11:37:00+00:00\" \/>\n<meta property=\"article:modified_time\" content=\"2024-02-21T09:23:04+00:00\" \/>\n<meta property=\"og:image\" content=\"https:\/\/talk.swiss\/wp-content\/uploads\/2023\/03\/Le-Temps_TALK-SWISS_2023-03-13.webp\" \/>\n\t<meta property=\"og:image:width\" content=\"1500\" \/>\n\t<meta property=\"og:image:height\" content=\"2141\" \/>\n\t<meta property=\"og:image:type\" content=\"image\/webp\" \/>\n<meta name=\"author\" content=\"admin_zaniah\" \/>\n<meta name=\"twitter:card\" content=\"summary_large_image\" \/>\n<meta name=\"twitter:label1\" content=\"Written by\" \/>\n\t<meta name=\"twitter:data1\" content=\"admin_zaniah\" \/>\n\t<meta name=\"twitter:label2\" content=\"Estimated reading time\" \/>\n\t<meta name=\"twitter:data2\" content=\"5 minutes\" \/>\n<script type=\"application\/ld+json\" class=\"yoast-schema-graph\">{\"@context\":\"https:\\\/\\\/schema.org\",\"@graph\":[{\"@type\":\"Article\",\"@id\":\"https:\\\/\\\/talk.swiss\\\/le-temps-grace-a-lia-une-application-suisse-permet-de-mieux-parler-en-public\\\/#article\",\"isPartOf\":{\"@id\":\"https:\\\/\\\/talk.swiss\\\/le-temps-grace-a-lia-une-application-suisse-permet-de-mieux-parler-en-public\\\/\"},\"author\":{\"name\":\"admin_zaniah\",\"@id\":\"https:\\\/\\\/talk.swiss\\\/#\\\/schema\\\/person\\\/ba65540af01fcf4cb41dc98849e57120\"},\"headline\":\"Le Temps: Gr\u00e2ce \u00e0 l\u2019IA, une application suisse permet de mieux parler en public\",\"datePublished\":\"2023-03-12T11:37:00+00:00\",\"dateModified\":\"2024-02-21T09:23:04+00:00\",\"mainEntityOfPage\":{\"@id\":\"https:\\\/\\\/talk.swiss\\\/le-temps-grace-a-lia-une-application-suisse-permet-de-mieux-parler-en-public\\\/\"},\"wordCount\":898,\"publisher\":{\"@id\":\"https:\\\/\\\/talk.swiss\\\/#organization\"},\"image\":{\"@id\":\"https:\\\/\\\/talk.swiss\\\/le-temps-grace-a-lia-une-application-suisse-permet-de-mieux-parler-en-public\\\/#primaryimage\"},\"thumbnailUrl\":\"https:\\\/\\\/talk.swiss\\\/wp-content\\\/uploads\\\/2023\\\/03\\\/Le-Temps_TALK-SWISS_2023-03-13.webp\",\"keywords\":[\"Charisme\",\"Energie\"],\"articleSection\":[\"M\u00e9dias\"],\"inLanguage\":\"en-GB\"},{\"@type\":\"WebPage\",\"@id\":\"https:\\\/\\\/talk.swiss\\\/le-temps-grace-a-lia-une-application-suisse-permet-de-mieux-parler-en-public\\\/\",\"url\":\"https:\\\/\\\/talk.swiss\\\/le-temps-grace-a-lia-une-application-suisse-permet-de-mieux-parler-en-public\\\/\",\"name\":\"Le Temps: Gr\u00e2ce \u00e0 l\u2019IA, une application suisse permet de mieux parler en public - TALK.SWISS\",\"isPartOf\":{\"@id\":\"https:\\\/\\\/talk.swiss\\\/#website\"},\"primaryImageOfPage\":{\"@id\":\"https:\\\/\\\/talk.swiss\\\/le-temps-grace-a-lia-une-application-suisse-permet-de-mieux-parler-en-public\\\/#primaryimage\"},\"image\":{\"@id\":\"https:\\\/\\\/talk.swiss\\\/le-temps-grace-a-lia-une-application-suisse-permet-de-mieux-parler-en-public\\\/#primaryimage\"},\"thumbnailUrl\":\"https:\\\/\\\/talk.swiss\\\/wp-content\\\/uploads\\\/2023\\\/03\\\/Le-Temps_TALK-SWISS_2023-03-13.webp\",\"datePublished\":\"2023-03-12T11:37:00+00:00\",\"dateModified\":\"2024-02-21T09:23:04+00:00\",\"breadcrumb\":{\"@id\":\"https:\\\/\\\/talk.swiss\\\/le-temps-grace-a-lia-une-application-suisse-permet-de-mieux-parler-en-public\\\/#breadcrumb\"},\"inLanguage\":\"en-GB\",\"potentialAction\":[{\"@type\":\"ReadAction\",\"target\":[\"https:\\\/\\\/talk.swiss\\\/le-temps-grace-a-lia-une-application-suisse-permet-de-mieux-parler-en-public\\\/\"]}]},{\"@type\":\"ImageObject\",\"inLanguage\":\"en-GB\",\"@id\":\"https:\\\/\\\/talk.swiss\\\/le-temps-grace-a-lia-une-application-suisse-permet-de-mieux-parler-en-public\\\/#primaryimage\",\"url\":\"https:\\\/\\\/talk.swiss\\\/wp-content\\\/uploads\\\/2023\\\/03\\\/Le-Temps_TALK-SWISS_2023-03-13.webp\",\"contentUrl\":\"https:\\\/\\\/talk.swiss\\\/wp-content\\\/uploads\\\/2023\\\/03\\\/Le-Temps_TALK-SWISS_2023-03-13.webp\",\"width\":1500,\"height\":2141,\"caption\":\"Le Temps - 13.03.2'23\"},{\"@type\":\"BreadcrumbList\",\"@id\":\"https:\\\/\\\/talk.swiss\\\/le-temps-grace-a-lia-une-application-suisse-permet-de-mieux-parler-en-public\\\/#breadcrumb\",\"itemListElement\":[{\"@type\":\"ListItem\",\"position\":1,\"name\":\"Accueil\",\"item\":\"https:\\\/\\\/talk.swiss\\\/\"},{\"@type\":\"ListItem\",\"position\":2,\"name\":\"Le Temps: Gr\u00e2ce \u00e0 l\u2019IA, une application suisse permet de mieux parler en public\"}]},{\"@type\":\"WebSite\",\"@id\":\"https:\\\/\\\/talk.swiss\\\/#website\",\"url\":\"https:\\\/\\\/talk.swiss\\\/\",\"name\":\"TALK.SWISS\",\"description\":\"Talk, la parole au centre\",\"publisher\":{\"@id\":\"https:\\\/\\\/talk.swiss\\\/#organization\"},\"potentialAction\":[{\"@type\":\"SearchAction\",\"target\":{\"@type\":\"EntryPoint\",\"urlTemplate\":\"https:\\\/\\\/talk.swiss\\\/?s={search_term_string}\"},\"query-input\":{\"@type\":\"PropertyValueSpecification\",\"valueRequired\":true,\"valueName\":\"search_term_string\"}}],\"inLanguage\":\"en-GB\"},{\"@type\":\"Organization\",\"@id\":\"https:\\\/\\\/talk.swiss\\\/#organization\",\"name\":\"TALK.SWISS\",\"url\":\"https:\\\/\\\/talk.swiss\\\/\",\"logo\":{\"@type\":\"ImageObject\",\"inLanguage\":\"en-GB\",\"@id\":\"https:\\\/\\\/talk.swiss\\\/#\\\/schema\\\/logo\\\/image\\\/\",\"url\":\"https:\\\/\\\/talk.swiss\\\/wp-content\\\/uploads\\\/2022\\\/08\\\/cropped-Talk_logo.png\",\"contentUrl\":\"https:\\\/\\\/talk.swiss\\\/wp-content\\\/uploads\\\/2022\\\/08\\\/cropped-Talk_logo.png\",\"width\":400,\"height\":400,\"caption\":\"TALK.SWISS\"},\"image\":{\"@id\":\"https:\\\/\\\/talk.swiss\\\/#\\\/schema\\\/logo\\\/image\\\/\"}},{\"@type\":\"Person\",\"@id\":\"https:\\\/\\\/talk.swiss\\\/#\\\/schema\\\/person\\\/ba65540af01fcf4cb41dc98849e57120\",\"name\":\"admin_zaniah\",\"image\":{\"@type\":\"ImageObject\",\"inLanguage\":\"en-GB\",\"@id\":\"https:\\\/\\\/secure.gravatar.com\\\/avatar\\\/6e3c13c5d0ed8529b9c004df48200cfc1996cc9af076b48e60383c0e40604445?s=96&d=mm&r=g\",\"url\":\"https:\\\/\\\/secure.gravatar.com\\\/avatar\\\/6e3c13c5d0ed8529b9c004df48200cfc1996cc9af076b48e60383c0e40604445?s=96&d=mm&r=g\",\"contentUrl\":\"https:\\\/\\\/secure.gravatar.com\\\/avatar\\\/6e3c13c5d0ed8529b9c004df48200cfc1996cc9af076b48e60383c0e40604445?s=96&d=mm&r=g\",\"caption\":\"admin_zaniah\"},\"url\":\"https:\\\/\\\/talk.swiss\\\/en\\\/author\\\/admin_zaniah\\\/\"}]}<\/script>\n<!-- \/ Yoast SEO plugin. -->","yoast_head_json":{"title":"Le Temps: Thanks to AI, a Swiss application makes it easier to speak in public - TALK.SWISS","robots":{"index":"index","follow":"follow","max-snippet":"max-snippet:-1","max-image-preview":"max-image-preview:large","max-video-preview":"max-video-preview:-1"},"canonical":"https:\/\/talk.swiss\/en\/le-temps-grace-a-lia-une-application-suisse-permet-de-mieux-parler-en-public\/","og_locale":"en_GB","og_type":"article","og_title":"Le Temps: Gr\u00e2ce \u00e0 l\u2019IA, une application suisse permet de mieux parler en public - TALK.SWISS","og_description":"L\u2019app Talkmobile, d\u00e9velopp\u00e9e par la soci\u00e9t\u00e9 romande Talk.Swiss, analyse notre \u00e9locution, nos paroles, la communication non verbale ou encore le d\u00e9bit. Le tout gr\u00e2ce \u00e0 un syst\u00e8me d\u2019intelligence artificielle performant, que \u00abLe Temps\u00bb a pu tester en primeur.","og_url":"https:\/\/talk.swiss\/en\/le-temps-grace-a-lia-une-application-suisse-permet-de-mieux-parler-en-public\/","og_site_name":"TALK.SWISS","article_published_time":"2023-03-12T11:37:00+00:00","article_modified_time":"2024-02-21T09:23:04+00:00","og_image":[{"width":1500,"height":2141,"url":"https:\/\/talk.swiss\/wp-content\/uploads\/2023\/03\/Le-Temps_TALK-SWISS_2023-03-13.webp","type":"image\/webp"}],"author":"admin_zaniah","twitter_card":"summary_large_image","twitter_misc":{"Written by":"admin_zaniah","Estimated reading time":"5 minutes"},"schema":{"@context":"https:\/\/schema.org","@graph":[{"@type":"Article","@id":"https:\/\/talk.swiss\/le-temps-grace-a-lia-une-application-suisse-permet-de-mieux-parler-en-public\/#article","isPartOf":{"@id":"https:\/\/talk.swiss\/le-temps-grace-a-lia-une-application-suisse-permet-de-mieux-parler-en-public\/"},"author":{"name":"admin_zaniah","@id":"https:\/\/talk.swiss\/#\/schema\/person\/ba65540af01fcf4cb41dc98849e57120"},"headline":"Le Temps: Gr\u00e2ce \u00e0 l\u2019IA, une application suisse permet de mieux parler en public","datePublished":"2023-03-12T11:37:00+00:00","dateModified":"2024-02-21T09:23:04+00:00","mainEntityOfPage":{"@id":"https:\/\/talk.swiss\/le-temps-grace-a-lia-une-application-suisse-permet-de-mieux-parler-en-public\/"},"wordCount":898,"publisher":{"@id":"https:\/\/talk.swiss\/#organization"},"image":{"@id":"https:\/\/talk.swiss\/le-temps-grace-a-lia-une-application-suisse-permet-de-mieux-parler-en-public\/#primaryimage"},"thumbnailUrl":"https:\/\/talk.swiss\/wp-content\/uploads\/2023\/03\/Le-Temps_TALK-SWISS_2023-03-13.webp","keywords":["Charisme","Energie"],"articleSection":["M\u00e9dias"],"inLanguage":"en-GB"},{"@type":"WebPage","@id":"https:\/\/talk.swiss\/le-temps-grace-a-lia-une-application-suisse-permet-de-mieux-parler-en-public\/","url":"https:\/\/talk.swiss\/le-temps-grace-a-lia-une-application-suisse-permet-de-mieux-parler-en-public\/","name":"Le Temps: Thanks to AI, a Swiss application makes it easier to speak in public - TALK.SWISS","isPartOf":{"@id":"https:\/\/talk.swiss\/#website"},"primaryImageOfPage":{"@id":"https:\/\/talk.swiss\/le-temps-grace-a-lia-une-application-suisse-permet-de-mieux-parler-en-public\/#primaryimage"},"image":{"@id":"https:\/\/talk.swiss\/le-temps-grace-a-lia-une-application-suisse-permet-de-mieux-parler-en-public\/#primaryimage"},"thumbnailUrl":"https:\/\/talk.swiss\/wp-content\/uploads\/2023\/03\/Le-Temps_TALK-SWISS_2023-03-13.webp","datePublished":"2023-03-12T11:37:00+00:00","dateModified":"2024-02-21T09:23:04+00:00","breadcrumb":{"@id":"https:\/\/talk.swiss\/le-temps-grace-a-lia-une-application-suisse-permet-de-mieux-parler-en-public\/#breadcrumb"},"inLanguage":"en-GB","potentialAction":[{"@type":"ReadAction","target":["https:\/\/talk.swiss\/le-temps-grace-a-lia-une-application-suisse-permet-de-mieux-parler-en-public\/"]}]},{"@type":"ImageObject","inLanguage":"en-GB","@id":"https:\/\/talk.swiss\/le-temps-grace-a-lia-une-application-suisse-permet-de-mieux-parler-en-public\/#primaryimage","url":"https:\/\/talk.swiss\/wp-content\/uploads\/2023\/03\/Le-Temps_TALK-SWISS_2023-03-13.webp","contentUrl":"https:\/\/talk.swiss\/wp-content\/uploads\/2023\/03\/Le-Temps_TALK-SWISS_2023-03-13.webp","width":1500,"height":2141,"caption":"Le Temps - 13.03.2'23"},{"@type":"BreadcrumbList","@id":"https:\/\/talk.swiss\/le-temps-grace-a-lia-une-application-suisse-permet-de-mieux-parler-en-public\/#breadcrumb","itemListElement":[{"@type":"ListItem","position":1,"name":"Accueil","item":"https:\/\/talk.swiss\/"},{"@type":"ListItem","position":2,"name":"Le Temps: Gr\u00e2ce \u00e0 l\u2019IA, une application suisse permet de mieux parler en public"}]},{"@type":"WebSite","@id":"https:\/\/talk.swiss\/#website","url":"https:\/\/talk.swiss\/","name":"TALK.SWISS","description":"Talk, the spoken word at the centre","publisher":{"@id":"https:\/\/talk.swiss\/#organization"},"potentialAction":[{"@type":"SearchAction","target":{"@type":"EntryPoint","urlTemplate":"https:\/\/talk.swiss\/?s={search_term_string}"},"query-input":{"@type":"PropertyValueSpecification","valueRequired":true,"valueName":"search_term_string"}}],"inLanguage":"en-GB"},{"@type":"Organization","@id":"https:\/\/talk.swiss\/#organization","name":"TALK.SWISS","url":"https:\/\/talk.swiss\/","logo":{"@type":"ImageObject","inLanguage":"en-GB","@id":"https:\/\/talk.swiss\/#\/schema\/logo\/image\/","url":"https:\/\/talk.swiss\/wp-content\/uploads\/2022\/08\/cropped-Talk_logo.png","contentUrl":"https:\/\/talk.swiss\/wp-content\/uploads\/2022\/08\/cropped-Talk_logo.png","width":400,"height":400,"caption":"TALK.SWISS"},"image":{"@id":"https:\/\/talk.swiss\/#\/schema\/logo\/image\/"}},{"@type":"Person","@id":"https:\/\/talk.swiss\/#\/schema\/person\/ba65540af01fcf4cb41dc98849e57120","name":"admin_zaniah","image":{"@type":"ImageObject","inLanguage":"en-GB","@id":"https:\/\/secure.gravatar.com\/avatar\/6e3c13c5d0ed8529b9c004df48200cfc1996cc9af076b48e60383c0e40604445?s=96&d=mm&r=g","url":"https:\/\/secure.gravatar.com\/avatar\/6e3c13c5d0ed8529b9c004df48200cfc1996cc9af076b48e60383c0e40604445?s=96&d=mm&r=g","contentUrl":"https:\/\/secure.gravatar.com\/avatar\/6e3c13c5d0ed8529b9c004df48200cfc1996cc9af076b48e60383c0e40604445?s=96&d=mm&r=g","caption":"admin_zaniah"},"url":"https:\/\/talk.swiss\/en\/author\/admin_zaniah\/"}]}},"_links":{"self":[{"href":"https:\/\/talk.swiss\/en\/wp-json\/wp\/v2\/posts\/3379","targetHints":{"allow":["GET"]}}],"collection":[{"href":"https:\/\/talk.swiss\/en\/wp-json\/wp\/v2\/posts"}],"about":[{"href":"https:\/\/talk.swiss\/en\/wp-json\/wp\/v2\/types\/post"}],"author":[{"embeddable":true,"href":"https:\/\/talk.swiss\/en\/wp-json\/wp\/v2\/users\/12"}],"replies":[{"embeddable":true,"href":"https:\/\/talk.swiss\/en\/wp-json\/wp\/v2\/comments?post=3379"}],"version-history":[{"count":129,"href":"https:\/\/talk.swiss\/en\/wp-json\/wp\/v2\/posts\/3379\/revisions"}],"predecessor-version":[{"id":6861,"href":"https:\/\/talk.swiss\/en\/wp-json\/wp\/v2\/posts\/3379\/revisions\/6861"}],"wp:featuredmedia":[{"embeddable":true,"href":"https:\/\/talk.swiss\/en\/wp-json\/wp\/v2\/media\/6856"}],"wp:attachment":[{"href":"https:\/\/talk.swiss\/en\/wp-json\/wp\/v2\/media?parent=3379"}],"wp:term":[{"taxonomy":"category","embeddable":true,"href":"https:\/\/talk.swiss\/en\/wp-json\/wp\/v2\/categories?post=3379"},{"taxonomy":"post_tag","embeddable":true,"href":"https:\/\/talk.swiss\/en\/wp-json\/wp\/v2\/tags?post=3379"}],"curies":[{"name":"wp","href":"https:\/\/api.w.org\/{rel}","templated":true}]}}