{"id":8512,"date":"2025-12-04T15:34:33","date_gmt":"2025-12-04T14:34:33","guid":{"rendered":"https:\/\/talk.swiss\/?p=8512"},"modified":"2025-12-11T11:41:48","modified_gmt":"2025-12-11T10:41:48","slug":"talkto-retrouver-confiance-liberer-sa-parole","status":"publish","type":"post","link":"https:\/\/talk.swiss\/de\/talkto-retrouver-confiance-liberer-sa-parole\/","title":{"rendered":"TalkTo: Selbstvertrauen zur\u00fcckgewinnen, sich frei \u00e4u\u00dfern k\u00f6nnen"},"content":{"rendered":"<div data-elementor-type=\"wp-post\" data-elementor-id=\"8512\" class=\"elementor elementor-8512\" data-elementor-post-type=\"post\">\n\t\t\t\t\t\t<section class=\"elementor-section elementor-top-section elementor-element elementor-element-5921726 elementor-section-boxed elementor-section-height-default elementor-section-height-default\" data-id=\"5921726\" data-element_type=\"section\" data-e-type=\"section\">\n\t\t\t\t\t\t<div class=\"elementor-container elementor-column-gap-default\">\n\t\t\t\t\t<div class=\"elementor-column elementor-col-100 elementor-top-column elementor-element elementor-element-62fc3165\" data-id=\"62fc3165\" data-element_type=\"column\" data-e-type=\"column\">\n\t\t\t<div class=\"elementor-widget-wrap elementor-element-populated\">\n\t\t\t\t\t\t<div class=\"elementor-element elementor-element-99098ce elementor-widget elementor-widget-text-editor\" data-id=\"99098ce\" data-element_type=\"widget\" data-e-type=\"widget\" data-widget_type=\"text-editor.default\">\n\t\t\t\t<div class=\"elementor-widget-container\">\n\t\t\t\t\t\t\t\t\t<p>Von Vincent Duport<\/p>\t\t\t\t\t\t\t\t<\/div>\n\t\t\t\t<\/div>\n\t\t\t\t<div class=\"elementor-element elementor-element-5c488380 elementor-widget elementor-widget-text-editor\" data-id=\"5c488380\" data-element_type=\"widget\" data-e-type=\"widget\" data-widget_type=\"text-editor.default\">\n\t\t\t\t<div class=\"elementor-widget-container\">\n\t\t\t\t\t\t\t\t\t<p><b><span data-contrast=\"none\">Den Kreis schlie\u00dfen: Das Wort haben diejenigen, die diese Erfahrung gemacht haben<\/span><\/b><span data-ccp-props=\"{&quot;134233117&quot;:false,&quot;134233118&quot;:false,&quot;201341983&quot;:0,&quot;335559738&quot;:240,&quot;335559739&quot;:240,&quot;335559740&quot;:278}\">\u00a0<\/span><\/p><p><span data-contrast=\"none\">Im Rahmen unserer Interviewreihe mit ehemaligen Mitarbeitern <\/span><b><span data-contrast=\"none\">Teilnehmer <\/span><\/b><span data-contrast=\"none\">aus dem Programm <\/span><b><span data-contrast=\"none\">TalkTo<\/span><\/b><span data-contrast=\"none\">, Wir haben uns getroffen <\/span><b><span data-contrast=\"none\">T\u00e4ufer<\/span><\/b><span data-contrast=\"none\"> und <\/span><b><span data-contrast=\"none\">Eric<\/span><\/b><span data-contrast=\"none\">, zwei Fachleute, die die Schulung im vergangenen Fr\u00fchjahr zwischen April und Juni absolviert haben.<\/span>\u00a0<br \/><span data-contrast=\"none\">Das Interview befasst sich mit ihrem Werdegang, den entscheidenden Momenten und den konkreten Auswirkungen des Programms auf ihre Art zu kommunizieren.<\/span><span data-ccp-props=\"{&quot;134233117&quot;:false,&quot;134233118&quot;:false,&quot;201341983&quot;:0,&quot;335559738&quot;:240,&quot;335559739&quot;:240,&quot;335559740&quot;:278}\">\u00a0<\/span><\/p><p><span data-contrast=\"none\">F\u00fcr zuk\u00fcnftige Teilnehmer bieten ihre Erfahrungsberichte einen ehrlichen Einblick in das, was man bei TalkTo erlebt: die <\/span><b><span data-contrast=\"none\">Vertrauen <\/span><\/b><span data-contrast=\"none\">die allm\u00e4hlich zur\u00fcckkehrt, die <\/span><b><span data-contrast=\"none\">Wort <\/span><\/b><span data-contrast=\"none\">die freigesetzt wird, und die <\/span><b><span data-contrast=\"none\">Kollektiv <\/span><\/b><span data-contrast=\"none\">die zu einer echten St\u00fctze in der <\/span><b><span data-contrast=\"none\">pers\u00f6nliche und berufliche Ver\u00e4nderung<\/span><\/b><span data-contrast=\"none\">.<\/span><span data-ccp-props=\"{&quot;134233117&quot;:false,&quot;134233118&quot;:false,&quot;201341983&quot;:0,&quot;335559738&quot;:240,&quot;335559739&quot;:240,&quot;335559740&quot;:278}\">\u00a0<\/span><\/p>\t\t\t\t\t\t\t\t<\/div>\n\t\t\t\t<\/div>\n\t\t\t\t\t<\/div>\n\t\t<\/div>\n\t\t\t\t\t<\/div>\n\t\t<\/section>\n\t\t\t\t<section class=\"elementor-section elementor-top-section elementor-element elementor-element-760fdfc elementor-section-boxed elementor-section-height-default elementor-section-height-default\" data-id=\"760fdfc\" data-element_type=\"section\" data-e-type=\"section\">\n\t\t\t\t\t\t<div class=\"elementor-container elementor-column-gap-default\">\n\t\t\t\t\t<div class=\"elementor-column elementor-col-100 elementor-top-column elementor-element elementor-element-5cfeb86\" data-id=\"5cfeb86\" data-element_type=\"column\" data-e-type=\"column\">\n\t\t\t<div class=\"elementor-widget-wrap elementor-element-populated\">\n\t\t\t\t\t\t<div class=\"elementor-element elementor-element-2332cca elementor-widget elementor-widget-heading\" data-id=\"2332cca\" data-element_type=\"widget\" data-e-type=\"widget\" data-widget_type=\"heading.default\">\n\t\t\t\t<div class=\"elementor-widget-container\">\n\t\t\t\t\t<h2 class=\"elementor-heading-title elementor-size-xl\">Entdecken Sie TalkTo: Von der Neugierde zur Selbstverst\u00e4ndlichkeit<\/h2>\t\t\t\t<\/div>\n\t\t\t\t<\/div>\n\t\t\t\t\t<\/div>\n\t\t<\/div>\n\t\t\t\t\t<\/div>\n\t\t<\/section>\n\t\t\t\t<section class=\"elementor-section elementor-top-section elementor-element elementor-element-fa759a3 elementor-section-boxed elementor-section-height-default elementor-section-height-default\" data-id=\"fa759a3\" data-element_type=\"section\" data-e-type=\"section\">\n\t\t\t\t\t\t<div class=\"elementor-container elementor-column-gap-default\">\n\t\t\t\t\t<div class=\"elementor-column elementor-col-100 elementor-top-column elementor-element elementor-element-9747d2f\" data-id=\"9747d2f\" data-element_type=\"column\" data-e-type=\"column\">\n\t\t\t<div class=\"elementor-widget-wrap elementor-element-populated\">\n\t\t\t\t\t\t<div class=\"elementor-element elementor-element-cf4db14 elementor-widget__width-initial elementor-widget elementor-widget-text-editor\" data-id=\"cf4db14\" data-element_type=\"widget\" data-e-type=\"widget\" data-widget_type=\"text-editor.default\">\n\t\t\t\t<div class=\"elementor-widget-container\">\n\t\t\t\t\t\t\t\t\t<p><span data-contrast=\"none\">Weder Baptiste noch \u00c9ric kannten den <\/span><b><span data-contrast=\"none\">TalkTo-Programm, <\/span><\/b><span data-contrast=\"none\">Beide haben sich ohne besondere Erwartungen angemeldet, einfach nur neugierig darauf, einen anderen Ansatz der beruflichen Weiterentwicklung kennenzulernen.<\/span><span data-ccp-props=\"{&quot;134233117&quot;:false,&quot;134233118&quot;:false,&quot;201341983&quot;:0,&quot;335559738&quot;:240,&quot;335559739&quot;:240,&quot;335559740&quot;:278}\">\u00a0<\/span><\/p><p><span data-contrast=\"none\">Baptiste erkl\u00e4rt, dass er sich in einer Phase des Umdenkens befand: Er hatte ein klares Ziel vor Augen, aber er hatte das Gef\u00fchl, dass ihm ein echter Mehrwert fehlte, ohne diesen jedoch genau benennen zu k\u00f6nnen. \u00c9ric lie\u00df sich von dem Versprechen einer innovativen Begleitung \u00fcberzeugen, die Folgendes kombiniert: <\/span><b><span data-contrast=\"none\">pers\u00f6nliches Coaching<\/span><\/b><span data-contrast=\"none\"> und <\/span><b><span data-contrast=\"none\">digitale Werkzeuge<\/span><\/b><span data-contrast=\"none\">.<\/span><span data-ccp-props=\"{&quot;134233117&quot;:false,&quot;134233118&quot;:false,&quot;201341983&quot;:0,&quot;335559738&quot;:240,&quot;335559739&quot;:240,&quot;335559740&quot;:278}\">\u00a0<\/span><\/p><p><span data-contrast=\"none\">Sehr schnell \u00fcbertrifft das Erlebnis ihre Erwartungen. Der freundliche Empfang, die Qualit\u00e4t des Coachings und die Dynamik der Gruppe schaffen ein Klima des Vertrauens, das dem Fortschritt f\u00f6rderlich ist.<\/span>\u00a0<\/p>\t\t\t\t\t\t\t\t<\/div>\n\t\t\t\t<\/div>\n\t\t\t\t\t<\/div>\n\t\t<\/div>\n\t\t\t\t\t<\/div>\n\t\t<\/section>\n\t\t\t\t<section class=\"elementor-section elementor-top-section elementor-element elementor-element-df943c8 elementor-section-boxed elementor-section-height-default elementor-section-height-default\" data-id=\"df943c8\" data-element_type=\"section\" data-e-type=\"section\" data-settings=\"{&quot;background_background&quot;:&quot;classic&quot;}\">\n\t\t\t\t\t\t<div class=\"elementor-container elementor-column-gap-default\">\n\t\t\t\t\t<div class=\"elementor-column elementor-col-100 elementor-top-column elementor-element elementor-element-edb6ddd\" data-id=\"edb6ddd\" data-element_type=\"column\" data-e-type=\"column\" data-settings=\"{&quot;background_background&quot;:&quot;classic&quot;}\">\n\t\t\t<div class=\"elementor-widget-wrap elementor-element-populated\">\n\t\t\t\t\t\t<div class=\"elementor-element elementor-element-52d7881 elementor-widget elementor-widget-heading\" data-id=\"52d7881\" data-element_type=\"widget\" data-e-type=\"widget\" data-widget_type=\"heading.default\">\n\t\t\t\t<div class=\"elementor-widget-container\">\n\t\t\t\t\t<h3 class=\"elementor-heading-title elementor-size-large\">\u00abIch hatte keine konkreten Erwartungen, war nur neugierig darauf, was mich erwarten w\u00fcrde, und letztendlich war es eine sehr sch\u00f6ne Entdeckung. Diese Fortbildung hat mir wieder Lust gemacht, weiterzumachen.\u00bb<\/h3>\t\t\t\t<\/div>\n\t\t\t\t<\/div>\n\t\t\t\t<div class=\"elementor-element elementor-element-97dcb3b elementor-widget elementor-widget-heading\" data-id=\"97dcb3b\" data-element_type=\"widget\" data-e-type=\"widget\" data-widget_type=\"heading.default\">\n\t\t\t\t<div class=\"elementor-widget-container\">\n\t\t\t\t\t<h3 class=\"elementor-heading-title elementor-size-medium\">Baptiste \u2013 Teilnehmer<\/h3>\t\t\t\t<\/div>\n\t\t\t\t<\/div>\n\t\t\t\t\t<\/div>\n\t\t<\/div>\n\t\t\t\t\t<\/div>\n\t\t<\/section>\n\t\t\t\t<section class=\"elementor-section elementor-top-section elementor-element elementor-element-5ab85a8 elementor-section-boxed elementor-section-height-default elementor-section-height-default\" data-id=\"5ab85a8\" data-element_type=\"section\" data-e-type=\"section\">\n\t\t\t\t\t\t<div class=\"elementor-container elementor-column-gap-default\">\n\t\t\t\t\t<div class=\"elementor-column elementor-col-100 elementor-top-column elementor-element elementor-element-d0c05da\" data-id=\"d0c05da\" data-element_type=\"column\" data-e-type=\"column\">\n\t\t\t<div class=\"elementor-widget-wrap elementor-element-populated\">\n\t\t\t\t\t\t<div class=\"elementor-element elementor-element-b5c7631 elementor-widget__width-initial elementor-widget elementor-widget-text-editor\" data-id=\"b5c7631\" data-element_type=\"widget\" data-e-type=\"widget\" data-widget_type=\"text-editor.default\">\n\t\t\t\t<div class=\"elementor-widget-container\">\n\t\t\t\t\t\t\t\t\t<p><span data-contrast=\"none\">\u00c9ric h\u00e4lt es f\u00fcr wichtig, sich einen Moment Zeit zu nehmen, um sich zu sammeln, bevor man mit der Arbeit beginnt. <\/span><b><span data-contrast=\"none\">TalkTo-Programm<\/span><\/b><span data-contrast=\"none\">, gerade genug, um offen und bereitwillig an die Sache heranzugehen.<\/span><span data-ccp-props=\"{&quot;134233117&quot;:false,&quot;134233118&quot;:false,&quot;201341983&quot;:0,&quot;335559738&quot;:240,&quot;335559739&quot;:240,&quot;335559740&quot;:278}\">\u00a0<\/span><\/p><p><span data-contrast=\"none\">Er betont auch, wie wichtig eine Begleitung bereits in den ersten Phasen einer beruflichen Neuorientierung ist, um den vollen Nutzen daraus zu ziehen: Selbstvertrauen zur\u00fcckgewinnen, Priorit\u00e4ten kl\u00e4ren und <\/span><b><span data-contrast=\"none\">ruhiger voranschreiten beim Bauen<\/span><\/b><span data-contrast=\"none\"> seines Projekts.<\/span><span data-ccp-props=\"{&quot;134233117&quot;:false,&quot;134233118&quot;:false,&quot;201341983&quot;:0,&quot;335559738&quot;:0,&quot;335559739&quot;:160,&quot;335559740&quot;:278}\">\u00a0<\/span><\/p>\t\t\t\t\t\t\t\t<\/div>\n\t\t\t\t<\/div>\n\t\t\t\t\t<\/div>\n\t\t<\/div>\n\t\t\t\t\t<\/div>\n\t\t<\/section>\n\t\t\t\t<section class=\"elementor-section elementor-top-section elementor-element elementor-element-9df7beb elementor-section-boxed elementor-section-height-default elementor-section-height-default\" data-id=\"9df7beb\" data-element_type=\"section\" data-e-type=\"section\">\n\t\t\t\t\t\t<div class=\"elementor-container elementor-column-gap-default\">\n\t\t\t\t\t<div class=\"elementor-column elementor-col-100 elementor-top-column elementor-element elementor-element-54a3ee4\" data-id=\"54a3ee4\" data-element_type=\"column\" data-e-type=\"column\">\n\t\t\t<div class=\"elementor-widget-wrap elementor-element-populated\">\n\t\t\t\t\t\t<div class=\"elementor-element elementor-element-6655fff elementor-widget elementor-widget-heading\" data-id=\"6655fff\" data-element_type=\"widget\" data-e-type=\"widget\" data-widget_type=\"heading.default\">\n\t\t\t\t<div class=\"elementor-widget-container\">\n\t\t\t\t\t<h2 class=\"elementor-heading-title elementor-size-xl\">Die Ausl\u00f6ser: eine schrittweise innere Wandlung <\/h2>\t\t\t\t<\/div>\n\t\t\t\t<\/div>\n\t\t\t\t\t<\/div>\n\t\t<\/div>\n\t\t\t\t\t<\/div>\n\t\t<\/section>\n\t\t\t\t<section class=\"elementor-section elementor-top-section elementor-element elementor-element-ce5fc5f elementor-section-boxed elementor-section-height-default elementor-section-height-default\" data-id=\"ce5fc5f\" data-element_type=\"section\" data-e-type=\"section\">\n\t\t\t\t\t\t<div class=\"elementor-container elementor-column-gap-default\">\n\t\t\t\t\t<div class=\"elementor-column elementor-col-50 elementor-top-column elementor-element elementor-element-2cf4734\" data-id=\"2cf4734\" data-element_type=\"column\" data-e-type=\"column\">\n\t\t\t<div class=\"elementor-widget-wrap elementor-element-populated\">\n\t\t\t\t\t\t<div class=\"elementor-element elementor-element-6c94c2f elementor-widget elementor-widget-text-editor\" data-id=\"6c94c2f\" data-element_type=\"widget\" data-e-type=\"widget\" data-widget_type=\"text-editor.default\">\n\t\t\t\t<div class=\"elementor-widget-container\">\n\t\t\t\t\t\t\t\t\t<p><span data-contrast=\"none\">Beide Teilnehmer beschreiben unterschiedliche, aber sich erg\u00e4nzende Ausl\u00f6ser.<\/span>\u00a0<br \/><span data-contrast=\"none\">F\u00fcr Baptiste war die Ver\u00e4nderung ein schrittweiser Prozess. Jede Woche sp\u00fcrte er durch die \u00dcbungen, den Austausch und das Feedback der Gruppe, wie sein Selbstvertrauen zur\u00fcckkehrte.<\/span>\u00a0<br \/><span data-contrast=\"none\">\u00abDank der Trainerin und der Gruppe habe ich mein verlorenes Selbstvertrauen wiedergefunden\u00bb, erkl\u00e4rt er.<\/span><span data-ccp-props=\"{&quot;134233117&quot;:false,&quot;134233118&quot;:false,&quot;201341983&quot;:0,&quot;335559738&quot;:240,&quot;335559739&quot;:240,&quot;335559740&quot;:278}\">\u00a0<\/span><\/p><p>\u00a0<\/p><p><span data-contrast=\"none\">\u00c9ric seinerseits spricht von einem echten Wendepunkt bereits nach den ersten Sitzungen. Eine \u00dcbung rund um die <\/span><b><span data-contrast=\"none\">Kommunikationsprofile ihm<\/span><\/b><span data-contrast=\"none\"> hat zu einem besseren Verst\u00e4ndnis seiner Funktionsweise und der anderer gef\u00fchrt.<\/span>\u00a0<\/p>\t\t\t\t\t\t\t\t<\/div>\n\t\t\t\t<\/div>\n\t\t\t\t\t<\/div>\n\t\t<\/div>\n\t\t\t\t<div class=\"elementor-column elementor-col-50 elementor-top-column elementor-element elementor-element-ee9cd5e\" data-id=\"ee9cd5e\" data-element_type=\"column\" data-e-type=\"column\">\n\t\t\t<div class=\"elementor-widget-wrap elementor-element-populated\">\n\t\t\t\t\t\t<div class=\"elementor-element elementor-element-0bfb3aa elementor-widget__width-initial elementor-widget elementor-widget-video\" data-id=\"0bfb3aa\" data-element_type=\"widget\" data-e-type=\"widget\" data-settings=\"{&quot;video_type&quot;:&quot;hosted&quot;,&quot;autoplay&quot;:&quot;yes&quot;,&quot;loop&quot;:&quot;yes&quot;,&quot;play_on_mobile&quot;:&quot;yes&quot;,&quot;mute&quot;:&quot;yes&quot;}\" data-widget_type=\"video.default\">\n\t\t\t\t<div class=\"elementor-widget-container\">\n\t\t\t\t\t\t\t<div class=\"e-hosted-video elementor-wrapper elementor-open-inline\">\n\t\t\t\t\t<video class=\"elementor-video\" src=\"https:\/\/talk.swiss\/wp-content\/uploads\/2025\/12\/VISUEL_1.mp4\" autoplay=\"\" loop=\"\" muted=\"muted\" playsinline=\"\" controlslist=\"nodownload\"><\/video>\n\t\t\t\t<\/div>\n\t\t\t\t\t\t<\/div>\n\t\t\t\t<\/div>\n\t\t\t\t\t<\/div>\n\t\t<\/div>\n\t\t\t\t\t<\/div>\n\t\t<\/section>\n\t\t\t\t<section class=\"elementor-section elementor-top-section elementor-element elementor-element-cc2677b elementor-section-boxed elementor-section-height-default elementor-section-height-default\" data-id=\"cc2677b\" data-element_type=\"section\" data-e-type=\"section\">\n\t\t\t\t\t\t<div class=\"elementor-container elementor-column-gap-default\">\n\t\t\t\t\t<div class=\"elementor-column elementor-col-100 elementor-top-column elementor-element elementor-element-c83f593\" data-id=\"c83f593\" data-element_type=\"column\" data-e-type=\"column\">\n\t\t\t<div class=\"elementor-widget-wrap elementor-element-populated\">\n\t\t\t\t\t\t<div class=\"elementor-element elementor-element-e35be70 elementor-widget elementor-widget-text-editor\" data-id=\"e35be70\" data-element_type=\"widget\" data-e-type=\"widget\" data-widget_type=\"text-editor.default\">\n\t\t\t\t<div class=\"elementor-widget-container\">\n\t\t\t\t\t\t\t\t\t<p><span data-contrast=\"none\">\u00abDas war eine Offenbarung. Ich begann, gro\u00dfen Spa\u00df am Lernen zu haben, mich selbst zu filmen und mich vor der Kamera auszudr\u00fccken.\u00bb<\/span><span data-ccp-props=\"{&quot;134233117&quot;:false,&quot;134233118&quot;:false,&quot;201341983&quot;:0,&quot;335559738&quot;:240,&quot;335559739&quot;:240,&quot;335559740&quot;:278}\">\u00a0<\/span><\/p><p><span data-contrast=\"none\">Seitdem pr\u00e4gt diese Erkenntnis seine berufliche Praxis. Er sagt, dass er das, was er im <\/span><b><span data-contrast=\"none\">TalkTo-Programm<\/span><\/b><span data-contrast=\"none\"> : bewusster kommunizieren, besser zuh\u00f6ren und echte Freude daran haben, andere in ihrer Entwicklung zu begleiten.<\/span><span data-ccp-props=\"{&quot;134233117&quot;:false,&quot;134233118&quot;:false,&quot;201341983&quot;:0,&quot;335559738&quot;:240,&quot;335559739&quot;:240,&quot;335559740&quot;:278}\">\u00a0<\/span><\/p>\t\t\t\t\t\t\t\t<\/div>\n\t\t\t\t<\/div>\n\t\t\t\t\t<\/div>\n\t\t<\/div>\n\t\t\t\t\t<\/div>\n\t\t<\/section>\n\t\t\t\t<section class=\"elementor-section elementor-top-section elementor-element elementor-element-bb1d37e elementor-section-boxed elementor-section-height-default elementor-section-height-default\" data-id=\"bb1d37e\" data-element_type=\"section\" data-e-type=\"section\">\n\t\t\t\t\t\t<div class=\"elementor-container elementor-column-gap-default\">\n\t\t\t\t\t<div class=\"elementor-column elementor-col-100 elementor-top-column elementor-element elementor-element-0e8b595\" data-id=\"0e8b595\" data-element_type=\"column\" data-e-type=\"column\">\n\t\t\t<div class=\"elementor-widget-wrap elementor-element-populated\">\n\t\t\t\t\t\t<div class=\"elementor-element elementor-element-3bf89d5 elementor-widget elementor-widget-heading\" data-id=\"3bf89d5\" data-element_type=\"widget\" data-e-type=\"widget\" data-widget_type=\"heading.default\">\n\t\t\t\t<div class=\"elementor-widget-container\">\n\t\t\t\t\t<h2 class=\"elementor-heading-title elementor-size-xl\">Vertrauen zur\u00fcckgewinnen und die eigene Kommunikation wieder in die Hand nehmen <\/h2>\t\t\t\t<\/div>\n\t\t\t\t<\/div>\n\t\t\t\t\t<\/div>\n\t\t<\/div>\n\t\t\t\t\t<\/div>\n\t\t<\/section>\n\t\t\t\t<section class=\"elementor-section elementor-top-section elementor-element elementor-element-59c0f3b elementor-section-boxed elementor-section-height-default elementor-section-height-default\" data-id=\"59c0f3b\" data-element_type=\"section\" data-e-type=\"section\">\n\t\t\t\t\t\t<div class=\"elementor-container elementor-column-gap-default\">\n\t\t\t\t\t<div class=\"elementor-column elementor-col-50 elementor-top-column elementor-element elementor-element-d1c37b0\" data-id=\"d1c37b0\" data-element_type=\"column\" data-e-type=\"column\">\n\t\t\t<div class=\"elementor-widget-wrap elementor-element-populated\">\n\t\t\t\t\t\t<div class=\"elementor-element elementor-element-56d4d2b elementor-widget__width-initial elementor-widget elementor-widget-video\" data-id=\"56d4d2b\" data-element_type=\"widget\" data-e-type=\"widget\" data-settings=\"{&quot;video_type&quot;:&quot;hosted&quot;,&quot;autoplay&quot;:&quot;yes&quot;,&quot;loop&quot;:&quot;yes&quot;,&quot;play_on_mobile&quot;:&quot;yes&quot;,&quot;mute&quot;:&quot;yes&quot;}\" data-widget_type=\"video.default\">\n\t\t\t\t<div class=\"elementor-widget-container\">\n\t\t\t\t\t\t\t<div class=\"e-hosted-video elementor-wrapper elementor-open-inline\">\n\t\t\t\t\t<video class=\"elementor-video\" src=\"https:\/\/talk.swiss\/wp-content\/uploads\/2025\/12\/VISUEL_2.mp4\" autoplay=\"\" loop=\"\" muted=\"muted\" playsinline=\"\" controlslist=\"nodownload\"><\/video>\n\t\t\t\t<\/div>\n\t\t\t\t\t\t<\/div>\n\t\t\t\t<\/div>\n\t\t\t\t\t<\/div>\n\t\t<\/div>\n\t\t\t\t<div class=\"elementor-column elementor-col-50 elementor-top-column elementor-element elementor-element-4b54cf6\" data-id=\"4b54cf6\" data-element_type=\"column\" data-e-type=\"column\">\n\t\t\t<div class=\"elementor-widget-wrap elementor-element-populated\">\n\t\t\t\t\t\t<div class=\"elementor-element elementor-element-3607f01 elementor-widget__width-initial elementor-widget elementor-widget-text-editor\" data-id=\"3607f01\" data-element_type=\"widget\" data-e-type=\"widget\" data-widget_type=\"text-editor.default\">\n\t\t\t\t<div class=\"elementor-widget-container\">\n\t\t\t\t\t\t\t\t\t<p><span data-contrast=\"none\">Beide berichten von einem nachhaltigen Einfluss auf ihre Art zu kommunizieren.<\/span>\u00a0<br \/><span data-contrast=\"none\">Baptiste erkl\u00e4rt, dass die gr\u00f6\u00dfte Ver\u00e4nderung das wiedergewonnene Selbstvertrauen beim Sprechen ist. Das Erlernen der richtigen Stimmf\u00fchrung, der Strukturierung seiner Rede und des klaren Ausdrucks seiner Ideen hat ihm neues Selbstvertrauen im beruflichen Umgang gegeben.<\/span>\u00a0<br \/><span data-contrast=\"none\">\u00abDas sind F\u00e4higkeiten, die oft untersch\u00e4tzt werden, aber alles ver\u00e4ndern.\u00bb<\/span><span data-ccp-props=\"{&quot;134233117&quot;:false,&quot;134233118&quot;:false,&quot;201341983&quot;:0,&quot;335559738&quot;:240,&quot;335559739&quot;:240,&quot;335559740&quot;:278}\">\u00a0<\/span><\/p><p>\u00a0<\/p><p><span data-contrast=\"none\">\u00c9ric betont seinerseits, dass der <\/span><b><span data-contrast=\"none\">TalkTo-Programm<\/span><\/b><span data-contrast=\"none\"> hat ihm erm\u00f6glicht, sich selbst besser kennenzulernen und an Koh\u00e4renz zu gewinnen.<\/span>\u00a0<br \/><span data-contrast=\"none\">\u00abIch habe gelernt, meine Gedanken zu strukturieren, meinen Aussagen Bedeutung zu verleihen und dies auf nat\u00fcrlichere Weise zu tun\u00bb, erz\u00e4hlt er.<\/span><\/p>\t\t\t\t\t\t\t\t<\/div>\n\t\t\t\t<\/div>\n\t\t\t\t\t<\/div>\n\t\t<\/div>\n\t\t\t\t\t<\/div>\n\t\t<\/section>\n\t\t\t\t<section class=\"elementor-section elementor-top-section elementor-element elementor-element-d2a009a elementor-section-boxed elementor-section-height-default elementor-section-height-default\" data-id=\"d2a009a\" data-element_type=\"section\" data-e-type=\"section\">\n\t\t\t\t\t\t<div class=\"elementor-container elementor-column-gap-default\">\n\t\t\t\t\t<div class=\"elementor-column elementor-col-100 elementor-top-column elementor-element elementor-element-d97f764\" data-id=\"d97f764\" data-element_type=\"column\" data-e-type=\"column\">\n\t\t\t<div class=\"elementor-widget-wrap elementor-element-populated\">\n\t\t\t\t\t\t<div class=\"elementor-element elementor-element-e799c01 elementor-widget elementor-widget-text-editor\" data-id=\"e799c01\" data-element_type=\"widget\" data-e-type=\"widget\" data-widget_type=\"text-editor.default\">\n\t\t\t\t<div class=\"elementor-widget-container\">\n\t\t\t\t\t\t\t\t\t<p><span data-contrast=\"none\">Die Wirkung lie\u00df nicht lange auf sich warten. Dank des Programms hat \u00c9ric eine authentischere und ehrlichere Art gefunden, sich zu pr\u00e4sentieren.<\/span>\u00a0<br \/><span data-contrast=\"none\">Die <\/span><b><span data-contrast=\"none\">Abschlussvideo<\/span><\/b><span data-contrast=\"none\">, die am Ende des Programms durchgef\u00fchrt wurde, hat ihre Gespr\u00e4chspartner besonders beeindruckt. Diese \u00dcbung, eine kurze gefilmte Selbstpr\u00e4sentation, erm\u00f6glicht es <\/span><b><span data-contrast=\"none\">seine St\u00e4rken und seinen Werdegang aus einem originellen beruflichen Blickwinkel hervorheben<\/span><\/b><span data-contrast=\"none\">, w\u00e4hrend <\/span><b><span data-contrast=\"none\">Aufmerksamkeit erregend und Eindruck hinterlassend<\/span><\/b><span data-contrast=\"none\">.<\/span>\u00a0<br \/><span data-contrast=\"none\">\u00abSie sagten mir: Eine so klare und nat\u00fcrliche Pr\u00e4sentation sticht aus der Masse heraus.\u00bb<\/span><span data-ccp-props=\"{&quot;134233117&quot;:false,&quot;134233118&quot;:false,&quot;201341983&quot;:0,&quot;335559738&quot;:240,&quot;335559739&quot;:240,&quot;335559740&quot;:278}\">\u00a0<\/span><\/p>\t\t\t\t\t\t\t\t<\/div>\n\t\t\t\t<\/div>\n\t\t\t\t\t<\/div>\n\t\t<\/div>\n\t\t\t\t\t<\/div>\n\t\t<\/section>\n\t\t\t\t<section class=\"elementor-section elementor-top-section elementor-element elementor-element-e7df301 elementor-section-boxed elementor-section-height-default elementor-section-height-default\" data-id=\"e7df301\" data-element_type=\"section\" data-e-type=\"section\">\n\t\t\t\t\t\t<div class=\"elementor-container elementor-column-gap-default\">\n\t\t\t\t\t<div class=\"elementor-column elementor-col-100 elementor-top-column elementor-element elementor-element-6079914\" data-id=\"6079914\" data-element_type=\"column\" data-e-type=\"column\">\n\t\t\t<div class=\"elementor-widget-wrap elementor-element-populated\">\n\t\t\t\t\t\t<div class=\"elementor-element elementor-element-798db9f elementor-widget elementor-widget-heading\" data-id=\"798db9f\" data-element_type=\"widget\" data-e-type=\"widget\" data-widget_type=\"heading.default\">\n\t\t\t\t<div class=\"elementor-widget-container\">\n\t\t\t\t\t<h2 class=\"elementor-heading-title elementor-size-xl\">Die Bedeutung des Trios: Begleitung, Gemeinschaft und Technologie<\/h2>\t\t\t\t<\/div>\n\t\t\t\t<\/div>\n\t\t\t\t\t<\/div>\n\t\t<\/div>\n\t\t\t\t\t<\/div>\n\t\t<\/section>\n\t\t\t\t<section class=\"elementor-section elementor-top-section elementor-element elementor-element-9da82f4 elementor-section-boxed elementor-section-height-default elementor-section-height-default\" data-id=\"9da82f4\" data-element_type=\"section\" data-e-type=\"section\">\n\t\t\t\t\t\t<div class=\"elementor-container elementor-column-gap-default\">\n\t\t\t\t\t<div class=\"elementor-column elementor-col-50 elementor-top-column elementor-element elementor-element-382a049\" data-id=\"382a049\" data-element_type=\"column\" data-e-type=\"column\">\n\t\t\t<div class=\"elementor-widget-wrap elementor-element-populated\">\n\t\t\t\t\t\t<div class=\"elementor-element elementor-element-a51aa8a elementor-widget__width-initial elementor-widget elementor-widget-text-editor\" data-id=\"a51aa8a\" data-element_type=\"widget\" data-e-type=\"widget\" data-widget_type=\"text-editor.default\">\n\t\t\t\t<div class=\"elementor-widget-container\">\n\t\t\t\t\t\t\t\t\t<p><span data-contrast=\"none\">Die beiden ehemaligen Teilnehmer sind sich in einem wesentlichen Punkt einig: dem Gleichgewicht zwischen den drei S\u00e4ulen des <\/span><b><span data-contrast=\"none\">Blended-Learning-Programm<\/span><\/b><span data-contrast=\"none\">\u00a0<\/span><b><span data-contrast=\"none\"> TalkTo<\/span><\/b><span data-contrast=\"none\">.<\/span><span data-ccp-props=\"{&quot;134233117&quot;:false,&quot;134233118&quot;:false,&quot;201341983&quot;:0,&quot;335559738&quot;:240,&quot;335559739&quot;:240,&quot;335559740&quot;:278}\">\u00a0<\/span><\/p><p><span data-contrast=\"none\">Die Begleitung steht im Mittelpunkt der Erfahrung. Baptiste spricht von einer Betreuung von seltener Qualit\u00e4t.<\/span>\u00a0<br \/><span data-contrast=\"none\">\u00abDie Ausbilder waren sowohl anspruchsvoll als auch wohlwollend. Ich h\u00e4tte die Ausbildung gerne um ein oder zwei Wochen verl\u00e4ngert.\u00bb<\/span><\/p><p><span class=\"TextRun SCXW126033920 BCX2\" lang=\"FR\" xml:lang=\"FR\" data-contrast=\"none\"><span class=\"NormalTextRun SCXW126033920 BCX2\">\u00c9ric teilt diese Meinung: \u00abDie Begleitung ist die wahre St\u00e4rke des Programms. Man sp\u00fcrt, dass die Coaches fest an das glauben, was sie vermitteln, und das motiviert einen, auch daran zu glauben.\u00bb<\/span><\/span><\/p>\t\t\t\t\t\t\t\t<\/div>\n\t\t\t\t<\/div>\n\t\t\t\t\t<\/div>\n\t\t<\/div>\n\t\t\t\t<div class=\"elementor-column elementor-col-50 elementor-top-column elementor-element elementor-element-6c372fd\" data-id=\"6c372fd\" data-element_type=\"column\" data-e-type=\"column\">\n\t\t\t<div class=\"elementor-widget-wrap elementor-element-populated\">\n\t\t\t\t\t\t<div class=\"elementor-element elementor-element-70cc163 elementor-widget__width-initial elementor-widget elementor-widget-video\" data-id=\"70cc163\" data-element_type=\"widget\" data-e-type=\"widget\" data-settings=\"{&quot;video_type&quot;:&quot;hosted&quot;,&quot;autoplay&quot;:&quot;yes&quot;,&quot;loop&quot;:&quot;yes&quot;,&quot;play_on_mobile&quot;:&quot;yes&quot;,&quot;mute&quot;:&quot;yes&quot;}\" data-widget_type=\"video.default\">\n\t\t\t\t<div class=\"elementor-widget-container\">\n\t\t\t\t\t\t\t<div class=\"e-hosted-video elementor-wrapper elementor-open-inline\">\n\t\t\t\t\t<video class=\"elementor-video\" src=\"https:\/\/talk.swiss\/wp-content\/uploads\/2025\/12\/POST-4_PARTICIPANT.mp4\" autoplay=\"\" loop=\"\" muted=\"muted\" playsinline=\"\" controlslist=\"nodownload\"><\/video>\n\t\t\t\t<\/div>\n\t\t\t\t\t\t<\/div>\n\t\t\t\t<\/div>\n\t\t\t\t\t<\/div>\n\t\t<\/div>\n\t\t\t\t\t<\/div>\n\t\t<\/section>\n\t\t\t\t<section class=\"elementor-section elementor-top-section elementor-element elementor-element-d2ed1e0 elementor-section-boxed elementor-section-height-default elementor-section-height-default\" data-id=\"d2ed1e0\" data-element_type=\"section\" data-e-type=\"section\" data-settings=\"{&quot;background_background&quot;:&quot;classic&quot;}\">\n\t\t\t\t\t\t<div class=\"elementor-container elementor-column-gap-default\">\n\t\t\t\t\t<div class=\"elementor-column elementor-col-100 elementor-top-column elementor-element elementor-element-2d4febf\" data-id=\"2d4febf\" data-element_type=\"column\" data-e-type=\"column\" data-settings=\"{&quot;background_background&quot;:&quot;classic&quot;}\">\n\t\t\t<div class=\"elementor-widget-wrap elementor-element-populated\">\n\t\t\t\t\t\t<div class=\"elementor-element elementor-element-55dd6b4 elementor-widget elementor-widget-heading\" data-id=\"55dd6b4\" data-element_type=\"widget\" data-e-type=\"widget\" data-widget_type=\"heading.default\">\n\t\t\t\t<div class=\"elementor-widget-container\">\n\t\t\t\t\t<h3 class=\"elementor-heading-title elementor-size-large\">\u00abDie Begleitung ist die wahre St\u00e4rke des Programms. Man sp\u00fcrt, dass die Coaches fest an das glauben, was sie vermitteln, und das motiviert einen, auch daran zu glauben.\u00bb\u00a0<\/h3>\t\t\t\t<\/div>\n\t\t\t\t<\/div>\n\t\t\t\t<div class=\"elementor-element elementor-element-fb63035 elementor-widget elementor-widget-heading\" data-id=\"fb63035\" data-element_type=\"widget\" data-e-type=\"widget\" data-widget_type=\"heading.default\">\n\t\t\t\t<div class=\"elementor-widget-container\">\n\t\t\t\t\t<h3 class=\"elementor-heading-title elementor-size-medium\">\u00c9ric \u2013 Teilnehmer<\/h3>\t\t\t\t<\/div>\n\t\t\t\t<\/div>\n\t\t\t\t\t<\/div>\n\t\t<\/div>\n\t\t\t\t\t<\/div>\n\t\t<\/section>\n\t\t\t\t<section class=\"elementor-section elementor-top-section elementor-element elementor-element-7e60c87 elementor-section-boxed elementor-section-height-default elementor-section-height-default\" data-id=\"7e60c87\" data-element_type=\"section\" data-e-type=\"section\">\n\t\t\t\t\t\t<div class=\"elementor-container elementor-column-gap-default\">\n\t\t\t\t\t<div class=\"elementor-column elementor-col-50 elementor-top-column elementor-element elementor-element-d7fe2f3\" data-id=\"d7fe2f3\" data-element_type=\"column\" data-e-type=\"column\">\n\t\t\t<div class=\"elementor-widget-wrap elementor-element-populated\">\n\t\t\t\t\t\t<div class=\"elementor-element elementor-element-9301977 elementor-widget__width-initial elementor-widget elementor-widget-video\" data-id=\"9301977\" data-element_type=\"widget\" data-e-type=\"widget\" data-settings=\"{&quot;video_type&quot;:&quot;hosted&quot;,&quot;autoplay&quot;:&quot;yes&quot;,&quot;loop&quot;:&quot;yes&quot;,&quot;play_on_mobile&quot;:&quot;yes&quot;,&quot;mute&quot;:&quot;yes&quot;}\" data-widget_type=\"video.default\">\n\t\t\t\t<div class=\"elementor-widget-container\">\n\t\t\t\t\t\t\t<div class=\"e-hosted-video elementor-wrapper elementor-open-inline\">\n\t\t\t\t\t<video class=\"elementor-video\" src=\"https:\/\/talk.swiss\/wp-content\/uploads\/2025\/12\/VISUEL_3.mp4\" autoplay=\"\" loop=\"\" muted=\"muted\" playsinline=\"\" controlslist=\"nodownload\"><\/video>\n\t\t\t\t<\/div>\n\t\t\t\t\t\t<\/div>\n\t\t\t\t<\/div>\n\t\t\t\t\t<\/div>\n\t\t<\/div>\n\t\t\t\t<div class=\"elementor-column elementor-col-50 elementor-top-column elementor-element elementor-element-ac1a3ed\" data-id=\"ac1a3ed\" data-element_type=\"column\" data-e-type=\"column\">\n\t\t\t<div class=\"elementor-widget-wrap elementor-element-populated\">\n\t\t\t\t\t\t<div class=\"elementor-element elementor-element-95873a1 elementor-widget elementor-widget-text-editor\" data-id=\"95873a1\" data-element_type=\"widget\" data-e-type=\"widget\" data-widget_type=\"text-editor.default\">\n\t\t\t\t<div class=\"elementor-widget-container\">\n\t\t\t\t\t\t\t\t\t<p><span data-contrast=\"none\">Die Gruppendynamik ist ein weiterer wichtiger Hebel. Baptiste spricht von einer einzigartigen Atmosph\u00e4re, die von Zuh\u00f6ren und gegenseitiger Unterst\u00fctzung gepr\u00e4gt ist.<\/span>\u00a0<br \/><span data-contrast=\"none\">\u00abIch habe noch nie eine so wohlwollende Gruppe erlebt, in der Kritik immer konstruktiv war. Das hat mir geholfen, meine Komfortzone zu verlassen.\u00bb<\/span>\u00a0<\/p><p><span data-contrast=\"none\">F\u00fcr \u00c9ric war dieser schnelle Zusammenhalt entscheidend:<\/span>\u00a0<br \/><span data-contrast=\"none\">\u00abOhne diese Freundlichkeit w\u00e4re das Erlebnis nicht dasselbe.\u00bb<\/span><span data-ccp-props=\"{&quot;134233117&quot;:false,&quot;134233118&quot;:false,&quot;201341983&quot;:0,&quot;335559738&quot;:240,&quot;335559739&quot;:240,&quot;335559740&quot;:278}\">\u00a0<\/span><\/p><p><span data-contrast=\"none\">Im Laufe der Sitzungen hat sich diese kollektive Intelligenz ganz nat\u00fcrlich entwickelt: Jeder lernt von den anderen, l\u00e4sst sich von ihren Erfahrungen inspirieren und macht dank des reichen Austauschs Fortschritte. Es ist diese Gruppenenergie, die das <\/span><b><span data-contrast=\"none\">TalkTo-Programm<\/span><\/b><span data-contrast=\"none\"> eine ebenso anregende wie menschliche Erfahrung.<\/span><span data-ccp-props=\"{&quot;134233117&quot;:false,&quot;134233118&quot;:false,&quot;201341983&quot;:0,&quot;335559738&quot;:240,&quot;335559739&quot;:240,&quot;335559740&quot;:278}\">\u00a0<\/span><\/p>\t\t\t\t\t\t\t\t<\/div>\n\t\t\t\t<\/div>\n\t\t\t\t\t<\/div>\n\t\t<\/div>\n\t\t\t\t\t<\/div>\n\t\t<\/section>\n\t\t\t\t<section class=\"elementor-section elementor-top-section elementor-element elementor-element-c1a2e88 elementor-section-boxed elementor-section-height-default elementor-section-height-default\" data-id=\"c1a2e88\" data-element_type=\"section\" data-e-type=\"section\">\n\t\t\t\t\t\t<div class=\"elementor-container elementor-column-gap-default\">\n\t\t\t\t\t<div class=\"elementor-column elementor-col-100 elementor-top-column elementor-element elementor-element-fba9a5a\" data-id=\"fba9a5a\" data-element_type=\"column\" data-e-type=\"column\">\n\t\t\t<div class=\"elementor-widget-wrap elementor-element-populated\">\n\t\t\t\t\t\t<div class=\"elementor-element elementor-element-0026ff1 elementor-widget elementor-widget-text-editor\" data-id=\"0026ff1\" data-element_type=\"widget\" data-e-type=\"widget\" data-widget_type=\"text-editor.default\">\n\t\t\t\t<div class=\"elementor-widget-container\">\n\t\t\t\t\t\t\t\t\t<p><span data-contrast=\"none\">Schlie\u00dflich erg\u00e4nzt die mobile App das im Pr\u00e4senzunterricht erworbene Wissen.<\/span>\u00a0<br \/><span data-contrast=\"none\">Sie erm\u00f6glicht es, zwischen den Sitzungen zu \u00fcben und seine Fortschritte in seinem eigenen Tempo zu verfolgen, w\u00e4hrend gleichzeitig die Verbindung zur Gruppendynamik aufrechterhalten bleibt.<\/span>\u00a0<br \/><span data-contrast=\"none\">\u00c9ric verr\u00e4t: \u00abIch benutze es auch heute noch, um bestimmte \u00dcbungen zu wiederholen.\u00bb<\/span>\u00a0<br \/><span data-contrast=\"none\">Baptiste f\u00fcgt hinzu: \u00abEs ist ein junges Tool, aber mit echtem Potenzial.\u00bb<\/span><span data-ccp-props=\"{&quot;134233117&quot;:false,&quot;134233118&quot;:false,&quot;201341983&quot;:0,&quot;335559738&quot;:240,&quot;335559739&quot;:240,&quot;335559740&quot;:278}\">\u00a0<\/span><\/p><p><span data-contrast=\"none\">Ihre R\u00fcckmeldungen verdeutlichen den Geist von <\/span><b><span data-contrast=\"none\">TALK<\/span><\/b><span data-contrast=\"none\">\u00a0: ein sich st\u00e4ndig weiterentwickelndes Hybridsystem, bei dem die Technologie die menschliche Wirkung der Ausbildung verst\u00e4rkt.<\/span>\u00a0<br \/><span data-contrast=\"none\">Ab Januar wird dieses Modell durch die Einf\u00fchrung des <\/span><b><span data-contrast=\"none\">Einzelcoaching<\/span><\/b><span data-contrast=\"none\">, um den n\u00e4chsten Jahrg\u00e4ngen eine individuellere Betreuung zu bieten.<\/span><span data-ccp-props=\"{&quot;134233117&quot;:false,&quot;134233118&quot;:false,&quot;201341983&quot;:0,&quot;335559738&quot;:240,&quot;335559739&quot;:240,&quot;335559740&quot;:278}\">\u00a0<\/span><\/p>\t\t\t\t\t\t\t\t<\/div>\n\t\t\t\t<\/div>\n\t\t\t\t\t<\/div>\n\t\t<\/div>\n\t\t\t\t\t<\/div>\n\t\t<\/section>\n\t\t\t\t<section class=\"elementor-section elementor-top-section elementor-element elementor-element-349aaf3 elementor-section-boxed elementor-section-height-default elementor-section-height-default\" data-id=\"349aaf3\" data-element_type=\"section\" data-e-type=\"section\">\n\t\t\t\t\t\t<div class=\"elementor-container elementor-column-gap-default\">\n\t\t\t\t\t<div class=\"elementor-column elementor-col-100 elementor-top-column elementor-element elementor-element-285f445\" data-id=\"285f445\" data-element_type=\"column\" data-e-type=\"column\">\n\t\t\t<div class=\"elementor-widget-wrap elementor-element-populated\">\n\t\t\t\t\t\t<div class=\"elementor-element elementor-element-8d638b0 elementor-widget elementor-widget-heading\" data-id=\"8d638b0\" data-element_type=\"widget\" data-e-type=\"widget\" data-widget_type=\"heading.default\">\n\t\t\t\t<div class=\"elementor-widget-container\">\n\t\t\t\t\t<h2 class=\"elementor-heading-title elementor-size-xl\">Fazit: Seine Stimme wiederfinden, seinen Platz wiederfinden <\/h2>\t\t\t\t<\/div>\n\t\t\t\t<\/div>\n\t\t\t\t<div class=\"elementor-element elementor-element-50d5179 elementor-widget elementor-widget-text-editor\" data-id=\"50d5179\" data-element_type=\"widget\" data-e-type=\"widget\" data-widget_type=\"text-editor.default\">\n\t\t\t\t<div class=\"elementor-widget-container\">\n\t\t\t\t\t\t\t\t\t<p><span data-contrast=\"none\">Mit diesen Erfahrungsberichten schlie\u00dft sich der Kreis. Nachdem wir die Entwickler und Coaches geh\u00f6rt haben, best\u00e4tigen nun die Teilnehmer die <\/span><b><span data-contrast=\"none\">Leistung <\/span><\/b><span data-contrast=\"none\">des TalkTo-Modells. Ein Modell, das auf drei untrennbaren Komponenten basiert: der <\/span><b><span data-contrast=\"none\">Technologie <\/span><\/b><span data-contrast=\"none\">im Dienste des Menschen, die Kraft des <\/span><b><span data-contrast=\"none\">Kollektiv<\/span><\/b><span data-contrast=\"none\">, und die anspruchsvolle, aber wohlwollende Haltung der <\/span><b><span data-contrast=\"none\">Coaches<\/span><\/b><span data-contrast=\"none\">.<\/span><span data-ccp-props=\"{&quot;134233117&quot;:false,&quot;134233118&quot;:false,&quot;201341983&quot;:0,&quot;335559738&quot;:240,&quot;335559739&quot;:240,&quot;335559740&quot;:278}\">\u00a0<\/span><\/p><p><span data-contrast=\"none\">TalkTo ist nicht nur ein Kommunikationsprogramm, sondern eine Erfahrung von <\/span><b><span data-contrast=\"none\">pers\u00f6nliche Ver\u00e4nderung<\/span><\/b><span data-contrast=\"none\">, ein lebendiger Lernraum, in dem jeder lernt, zuzuh\u00f6ren, sich zu behaupten und seine Stimme zu finden.<\/span><span data-ccp-props=\"{&quot;134233117&quot;:false,&quot;134233118&quot;:false,&quot;201341983&quot;:0,&quot;335559738&quot;:240,&quot;335559739&quot;:240,&quot;335559740&quot;:278}\">\u00a0<\/span><\/p><p><span data-contrast=\"none\">Und wenn man einen Satz w\u00e4hlen m\u00fcsste, um diese Serie abzuschlie\u00dfen, w\u00e4re es dieser:<\/span>\u00a0<\/p>\t\t\t\t\t\t\t\t<\/div>\n\t\t\t\t<\/div>\n\t\t\t\t\t<\/div>\n\t\t<\/div>\n\t\t\t\t\t<\/div>\n\t\t<\/section>\n\t\t\t\t<section class=\"elementor-section elementor-top-section elementor-element elementor-element-e055351 elementor-section-boxed elementor-section-height-default elementor-section-height-default\" data-id=\"e055351\" data-element_type=\"section\" data-e-type=\"section\" data-settings=\"{&quot;background_background&quot;:&quot;classic&quot;}\">\n\t\t\t\t\t\t<div class=\"elementor-container elementor-column-gap-default\">\n\t\t\t\t\t<div class=\"elementor-column elementor-col-100 elementor-top-column elementor-element elementor-element-670e576\" data-id=\"670e576\" data-element_type=\"column\" data-e-type=\"column\" data-settings=\"{&quot;background_background&quot;:&quot;classic&quot;}\">\n\t\t\t<div class=\"elementor-widget-wrap elementor-element-populated\">\n\t\t\t\t\t\t<div class=\"elementor-element elementor-element-a63a894 elementor-widget elementor-widget-heading\" data-id=\"a63a894\" data-element_type=\"widget\" data-e-type=\"widget\" data-widget_type=\"heading.default\">\n\t\t\t\t<div class=\"elementor-widget-container\">\n\t\t\t\t\t<h3 class=\"elementor-heading-title elementor-size-large\">\u00abWahre St\u00e4rke bedeutet nicht, lauter zu sprechen als andere, sondern seine eigene Stimme zu finden und den Mut zu haben, sie zu erheben.\u00bb<br><\/h3>\t\t\t\t<\/div>\n\t\t\t\t<\/div>\n\t\t\t\t\t<\/div>\n\t\t<\/div>\n\t\t\t\t\t<\/div>\n\t\t<\/section>\n\t\t\t\t<section class=\"elementor-section elementor-top-section elementor-element elementor-element-6a68feb elementor-section-boxed elementor-section-height-default elementor-section-height-default\" data-id=\"6a68feb\" data-element_type=\"section\" data-e-type=\"section\">\n\t\t\t\t\t\t<div class=\"elementor-container elementor-column-gap-default\">\n\t\t\t\t\t<div class=\"elementor-column elementor-col-100 elementor-top-column elementor-element elementor-element-179c667\" data-id=\"179c667\" data-element_type=\"column\" data-e-type=\"column\" data-settings=\"{&quot;background_background&quot;:&quot;classic&quot;}\">\n\t\t\t<div class=\"elementor-widget-wrap elementor-element-populated\">\n\t\t\t\t\t<div class=\"elementor-background-overlay\"><\/div>\n\t\t\t\t\t\t<div class=\"elementor-element elementor-element-8f7b648 elementor-widget elementor-widget-heading\" data-id=\"8f7b648\" data-element_type=\"widget\" data-e-type=\"widget\" data-widget_type=\"heading.default\">\n\t\t\t\t<div class=\"elementor-widget-container\">\n\t\t\t\t\t<h2 class=\"elementor-heading-title elementor-size-default\">Hast du Lust, wieder das Wort zu ergreifen, dein Vorhaben zu kl\u00e4ren und zur Tat zu schreiten?<\/h2>\t\t\t\t<\/div>\n\t\t\t\t<\/div>\n\t\t\t\t<div class=\"elementor-element elementor-element-37d641f elementor-align-center elementor-widget__width-initial elementor-widget elementor-widget-button\" data-id=\"37d641f\" data-element_type=\"widget\" data-e-type=\"widget\" data-widget_type=\"button.default\">\n\t\t\t\t<div class=\"elementor-widget-container\">\n\t\t\t\t\t\t\t\t\t<div class=\"elementor-button-wrapper\">\n\t\t\t\t\t<a class=\"elementor-button elementor-button-link elementor-size-sm\" href=\"https:\/\/talk.swiss\/de\/solution\/\">\n\t\t\t\t\t\t<span class=\"elementor-button-content-wrapper\">\n\t\t\t\t\t\t\t\t\t<span class=\"elementor-button-text\">Das TALK-Programm ist bereit. Und Sie?<\/span>\n\t\t\t\t\t<\/span>\n\t\t\t\t\t<\/a>\n\t\t\t\t<\/div>\n\t\t\t\t\t\t\t\t<\/div>\n\t\t\t\t<\/div>\n\t\t\t\t\t<\/div>\n\t\t<\/div>\n\t\t\t\t\t<\/div>\n\t\t<\/section>\n\t\t\t\t<\/div>","protected":false},"excerpt":{"rendered":"<p>Den Kreis schlie\u00dfen: Das Wort haben diejenigen, die diese Erfahrung gemacht haben <\/p>\n<p>Im Rahmen unserer Interviewreihe mit ehemaligen Teilnehmern des TalkTo-Programms haben wir Baptiste und \u00c9ric getroffen, zwei Fachleute, die im vergangenen Fr\u00fchjahr zwischen April und Juni an der Schulung teilgenommen haben. <\/p>","protected":false},"author":19,"featured_media":8541,"comment_status":"closed","ping_status":"closed","sticky":false,"template":"","format":"standard","meta":{"footnotes":""},"categories":[38,1],"tags":[48,47,49],"class_list":["post-8512","post","type-post","status-publish","format-standard","has-post-thumbnail","hentry","category-actus","category-divers","tag-communication","tag-emotion","tag-prise-de-parole"],"yoast_head":"<!-- This site is optimized with the Yoast SEO plugin v28.3 - https:\/\/yoast.com\/product\/yoast-seo-wordpress\/ -->\n<title>TalkTo : retrouver confiance, lib\u00e9rer sa parole - TALK.SWISS<\/title>\n<meta name=\"robots\" content=\"index, follow, max-snippet:-1, max-image-preview:large, max-video-preview:-1\" \/>\n<link rel=\"canonical\" href=\"https:\/\/talk.swiss\/de\/talkto-retrouver-confiance-liberer-sa-parole\/\" \/>\n<meta property=\"og:locale\" content=\"de_DE\" \/>\n<meta property=\"og:type\" content=\"article\" \/>\n<meta property=\"og:title\" content=\"TalkTo : retrouver confiance, lib\u00e9rer sa parole - TALK.SWISS\" \/>\n<meta property=\"og:description\" content=\"Clore la boucle : la parole \u00e0 celles et ceux qui ont v\u00e9cu l\u2019exp\u00e9rience  Dans le cadre de notre s\u00e9rie d\u2019interviews d\u2019anciens participants du programme TalkTo, nous avons rencontr\u00e9 Baptiste et \u00c9ric, deux professionnels ayant suivi la formation au printemps dernier, entre avril et juin.\" \/>\n<meta property=\"og:url\" content=\"https:\/\/talk.swiss\/de\/talkto-retrouver-confiance-liberer-sa-parole\/\" \/>\n<meta property=\"og:site_name\" content=\"TALK.SWISS\" \/>\n<meta property=\"article:published_time\" content=\"2025-12-04T14:34:33+00:00\" \/>\n<meta property=\"article:modified_time\" content=\"2025-12-11T10:41:48+00:00\" \/>\n<meta property=\"og:image\" content=\"https:\/\/talk.swiss\/wp-content\/uploads\/2025\/12\/talk_bg-scaled.jpg\" \/>\n\t<meta property=\"og:image:width\" content=\"2560\" \/>\n\t<meta property=\"og:image:height\" content=\"1435\" \/>\n\t<meta property=\"og:image:type\" content=\"image\/jpeg\" \/>\n<meta name=\"author\" content=\"Margaux Fazio\" \/>\n<meta name=\"twitter:card\" content=\"summary_large_image\" \/>\n<meta name=\"twitter:label1\" content=\"Geschrieben von\" \/>\n\t<meta name=\"twitter:data1\" content=\"Margaux Fazio\" \/>\n\t<meta name=\"twitter:label2\" content=\"Gesch\u00e4tzte Lesezeit\" \/>\n\t<meta name=\"twitter:data2\" content=\"6\u00a0Minuten\" \/>\n<script type=\"application\/ld+json\" class=\"yoast-schema-graph\">{\"@context\":\"https:\\\/\\\/schema.org\",\"@graph\":[{\"@type\":\"Article\",\"@id\":\"https:\\\/\\\/talk.swiss\\\/talkto-retrouver-confiance-liberer-sa-parole\\\/#article\",\"isPartOf\":{\"@id\":\"https:\\\/\\\/talk.swiss\\\/talkto-retrouver-confiance-liberer-sa-parole\\\/\"},\"author\":{\"name\":\"Margaux Fazio\",\"@id\":\"https:\\\/\\\/talk.swiss\\\/#\\\/schema\\\/person\\\/e561e8c726fba568eaa4ee2712b1f043\"},\"headline\":\"TalkTo : retrouver confiance, lib\u00e9rer sa parole\",\"datePublished\":\"2025-12-04T14:34:33+00:00\",\"dateModified\":\"2025-12-11T10:41:48+00:00\",\"mainEntityOfPage\":{\"@id\":\"https:\\\/\\\/talk.swiss\\\/talkto-retrouver-confiance-liberer-sa-parole\\\/\"},\"wordCount\":1296,\"publisher\":{\"@id\":\"https:\\\/\\\/talk.swiss\\\/#organization\"},\"image\":{\"@id\":\"https:\\\/\\\/talk.swiss\\\/talkto-retrouver-confiance-liberer-sa-parole\\\/#primaryimage\"},\"thumbnailUrl\":\"https:\\\/\\\/talk.swiss\\\/wp-content\\\/uploads\\\/2025\\\/12\\\/talk_bg-scaled.jpg\",\"keywords\":[\"Communication\",\"Emotion\",\"Prise de parole\"],\"articleSection\":[\"Blog\",\"Divers\"],\"inLanguage\":\"de-CH\"},{\"@type\":\"WebPage\",\"@id\":\"https:\\\/\\\/talk.swiss\\\/talkto-retrouver-confiance-liberer-sa-parole\\\/\",\"url\":\"https:\\\/\\\/talk.swiss\\\/talkto-retrouver-confiance-liberer-sa-parole\\\/\",\"name\":\"TalkTo : retrouver confiance, lib\u00e9rer sa parole - TALK.SWISS\",\"isPartOf\":{\"@id\":\"https:\\\/\\\/talk.swiss\\\/#website\"},\"primaryImageOfPage\":{\"@id\":\"https:\\\/\\\/talk.swiss\\\/talkto-retrouver-confiance-liberer-sa-parole\\\/#primaryimage\"},\"image\":{\"@id\":\"https:\\\/\\\/talk.swiss\\\/talkto-retrouver-confiance-liberer-sa-parole\\\/#primaryimage\"},\"thumbnailUrl\":\"https:\\\/\\\/talk.swiss\\\/wp-content\\\/uploads\\\/2025\\\/12\\\/talk_bg-scaled.jpg\",\"datePublished\":\"2025-12-04T14:34:33+00:00\",\"dateModified\":\"2025-12-11T10:41:48+00:00\",\"breadcrumb\":{\"@id\":\"https:\\\/\\\/talk.swiss\\\/talkto-retrouver-confiance-liberer-sa-parole\\\/#breadcrumb\"},\"inLanguage\":\"de-CH\",\"potentialAction\":[{\"@type\":\"ReadAction\",\"target\":[\"https:\\\/\\\/talk.swiss\\\/talkto-retrouver-confiance-liberer-sa-parole\\\/\"]}]},{\"@type\":\"ImageObject\",\"inLanguage\":\"de-CH\",\"@id\":\"https:\\\/\\\/talk.swiss\\\/talkto-retrouver-confiance-liberer-sa-parole\\\/#primaryimage\",\"url\":\"https:\\\/\\\/talk.swiss\\\/wp-content\\\/uploads\\\/2025\\\/12\\\/talk_bg-scaled.jpg\",\"contentUrl\":\"https:\\\/\\\/talk.swiss\\\/wp-content\\\/uploads\\\/2025\\\/12\\\/talk_bg-scaled.jpg\",\"width\":2560,\"height\":1435,\"caption\":\"Screenshot\"},{\"@type\":\"BreadcrumbList\",\"@id\":\"https:\\\/\\\/talk.swiss\\\/talkto-retrouver-confiance-liberer-sa-parole\\\/#breadcrumb\",\"itemListElement\":[{\"@type\":\"ListItem\",\"position\":1,\"name\":\"Accueil\",\"item\":\"https:\\\/\\\/talk.swiss\\\/\"},{\"@type\":\"ListItem\",\"position\":2,\"name\":\"TalkTo : retrouver confiance, lib\u00e9rer sa parole\"}]},{\"@type\":\"WebSite\",\"@id\":\"https:\\\/\\\/talk.swiss\\\/#website\",\"url\":\"https:\\\/\\\/talk.swiss\\\/\",\"name\":\"TALK.SWISS\",\"description\":\"Talk, la parole au centre\",\"publisher\":{\"@id\":\"https:\\\/\\\/talk.swiss\\\/#organization\"},\"potentialAction\":[{\"@type\":\"SearchAction\",\"target\":{\"@type\":\"EntryPoint\",\"urlTemplate\":\"https:\\\/\\\/talk.swiss\\\/?s={search_term_string}\"},\"query-input\":{\"@type\":\"PropertyValueSpecification\",\"valueRequired\":true,\"valueName\":\"search_term_string\"}}],\"inLanguage\":\"de-CH\"},{\"@type\":\"Organization\",\"@id\":\"https:\\\/\\\/talk.swiss\\\/#organization\",\"name\":\"TALK.SWISS\",\"url\":\"https:\\\/\\\/talk.swiss\\\/\",\"logo\":{\"@type\":\"ImageObject\",\"inLanguage\":\"de-CH\",\"@id\":\"https:\\\/\\\/talk.swiss\\\/#\\\/schema\\\/logo\\\/image\\\/\",\"url\":\"https:\\\/\\\/talk.swiss\\\/wp-content\\\/uploads\\\/2022\\\/08\\\/cropped-Talk_logo.png\",\"contentUrl\":\"https:\\\/\\\/talk.swiss\\\/wp-content\\\/uploads\\\/2022\\\/08\\\/cropped-Talk_logo.png\",\"width\":400,\"height\":400,\"caption\":\"TALK.SWISS\"},\"image\":{\"@id\":\"https:\\\/\\\/talk.swiss\\\/#\\\/schema\\\/logo\\\/image\\\/\"}},{\"@type\":\"Person\",\"@id\":\"https:\\\/\\\/talk.swiss\\\/#\\\/schema\\\/person\\\/e561e8c726fba568eaa4ee2712b1f043\",\"name\":\"Margaux Fazio\",\"image\":{\"@type\":\"ImageObject\",\"inLanguage\":\"de-CH\",\"@id\":\"https:\\\/\\\/secure.gravatar.com\\\/avatar\\\/c48efacdbd92c7c5165220228cede76810391f66ffa18c221c28729c5ce1bab9?s=96&d=mm&r=g\",\"url\":\"https:\\\/\\\/secure.gravatar.com\\\/avatar\\\/c48efacdbd92c7c5165220228cede76810391f66ffa18c221c28729c5ce1bab9?s=96&d=mm&r=g\",\"contentUrl\":\"https:\\\/\\\/secure.gravatar.com\\\/avatar\\\/c48efacdbd92c7c5165220228cede76810391f66ffa18c221c28729c5ce1bab9?s=96&d=mm&r=g\",\"caption\":\"Margaux Fazio\"},\"url\":\"https:\\\/\\\/talk.swiss\\\/de\\\/author\\\/margaux-faziotalk-swiss\\\/\"}]}<\/script>\n<!-- \/ Yoast SEO plugin. -->","yoast_head_json":{"title":"TalkTo : retrouver confiance, lib\u00e9rer sa parole - TALK.SWISS","robots":{"index":"index","follow":"follow","max-snippet":"max-snippet:-1","max-image-preview":"max-image-preview:large","max-video-preview":"max-video-preview:-1"},"canonical":"https:\/\/talk.swiss\/de\/talkto-retrouver-confiance-liberer-sa-parole\/","og_locale":"de_DE","og_type":"article","og_title":"TalkTo : retrouver confiance, lib\u00e9rer sa parole - TALK.SWISS","og_description":"Clore la boucle : la parole \u00e0 celles et ceux qui ont v\u00e9cu l\u2019exp\u00e9rience  Dans le cadre de notre s\u00e9rie d\u2019interviews d\u2019anciens participants du programme TalkTo, nous avons rencontr\u00e9 Baptiste et \u00c9ric, deux professionnels ayant suivi la formation au printemps dernier, entre avril et juin.","og_url":"https:\/\/talk.swiss\/de\/talkto-retrouver-confiance-liberer-sa-parole\/","og_site_name":"TALK.SWISS","article_published_time":"2025-12-04T14:34:33+00:00","article_modified_time":"2025-12-11T10:41:48+00:00","og_image":[{"width":2560,"height":1435,"url":"https:\/\/talk.swiss\/wp-content\/uploads\/2025\/12\/talk_bg-scaled.jpg","type":"image\/jpeg"}],"author":"Margaux Fazio","twitter_card":"summary_large_image","twitter_misc":{"Geschrieben von":"Margaux Fazio","Gesch\u00e4tzte Lesezeit":"6\u00a0Minuten"},"schema":{"@context":"https:\/\/schema.org","@graph":[{"@type":"Article","@id":"https:\/\/talk.swiss\/talkto-retrouver-confiance-liberer-sa-parole\/#article","isPartOf":{"@id":"https:\/\/talk.swiss\/talkto-retrouver-confiance-liberer-sa-parole\/"},"author":{"name":"Margaux Fazio","@id":"https:\/\/talk.swiss\/#\/schema\/person\/e561e8c726fba568eaa4ee2712b1f043"},"headline":"TalkTo : retrouver confiance, lib\u00e9rer sa parole","datePublished":"2025-12-04T14:34:33+00:00","dateModified":"2025-12-11T10:41:48+00:00","mainEntityOfPage":{"@id":"https:\/\/talk.swiss\/talkto-retrouver-confiance-liberer-sa-parole\/"},"wordCount":1296,"publisher":{"@id":"https:\/\/talk.swiss\/#organization"},"image":{"@id":"https:\/\/talk.swiss\/talkto-retrouver-confiance-liberer-sa-parole\/#primaryimage"},"thumbnailUrl":"https:\/\/talk.swiss\/wp-content\/uploads\/2025\/12\/talk_bg-scaled.jpg","keywords":["Communication","Emotion","Prise de parole"],"articleSection":["Blog","Divers"],"inLanguage":"de-CH"},{"@type":"WebPage","@id":"https:\/\/talk.swiss\/talkto-retrouver-confiance-liberer-sa-parole\/","url":"https:\/\/talk.swiss\/talkto-retrouver-confiance-liberer-sa-parole\/","name":"TalkTo : retrouver confiance, lib\u00e9rer sa parole - TALK.SWISS","isPartOf":{"@id":"https:\/\/talk.swiss\/#website"},"primaryImageOfPage":{"@id":"https:\/\/talk.swiss\/talkto-retrouver-confiance-liberer-sa-parole\/#primaryimage"},"image":{"@id":"https:\/\/talk.swiss\/talkto-retrouver-confiance-liberer-sa-parole\/#primaryimage"},"thumbnailUrl":"https:\/\/talk.swiss\/wp-content\/uploads\/2025\/12\/talk_bg-scaled.jpg","datePublished":"2025-12-04T14:34:33+00:00","dateModified":"2025-12-11T10:41:48+00:00","breadcrumb":{"@id":"https:\/\/talk.swiss\/talkto-retrouver-confiance-liberer-sa-parole\/#breadcrumb"},"inLanguage":"de-CH","potentialAction":[{"@type":"ReadAction","target":["https:\/\/talk.swiss\/talkto-retrouver-confiance-liberer-sa-parole\/"]}]},{"@type":"ImageObject","inLanguage":"de-CH","@id":"https:\/\/talk.swiss\/talkto-retrouver-confiance-liberer-sa-parole\/#primaryimage","url":"https:\/\/talk.swiss\/wp-content\/uploads\/2025\/12\/talk_bg-scaled.jpg","contentUrl":"https:\/\/talk.swiss\/wp-content\/uploads\/2025\/12\/talk_bg-scaled.jpg","width":2560,"height":1435,"caption":"Screenshot"},{"@type":"BreadcrumbList","@id":"https:\/\/talk.swiss\/talkto-retrouver-confiance-liberer-sa-parole\/#breadcrumb","itemListElement":[{"@type":"ListItem","position":1,"name":"Accueil","item":"https:\/\/talk.swiss\/"},{"@type":"ListItem","position":2,"name":"TalkTo : retrouver confiance, lib\u00e9rer sa parole"}]},{"@type":"WebSite","@id":"https:\/\/talk.swiss\/#website","url":"https:\/\/talk.swiss\/","name":"TALK.SWISS","description":"Talk, das Wort im Mittelpunkt","publisher":{"@id":"https:\/\/talk.swiss\/#organization"},"potentialAction":[{"@type":"SearchAction","target":{"@type":"EntryPoint","urlTemplate":"https:\/\/talk.swiss\/?s={search_term_string}"},"query-input":{"@type":"PropertyValueSpecification","valueRequired":true,"valueName":"search_term_string"}}],"inLanguage":"de-CH"},{"@type":"Organization","@id":"https:\/\/talk.swiss\/#organization","name":"TALK.SWISS","url":"https:\/\/talk.swiss\/","logo":{"@type":"ImageObject","inLanguage":"de-CH","@id":"https:\/\/talk.swiss\/#\/schema\/logo\/image\/","url":"https:\/\/talk.swiss\/wp-content\/uploads\/2022\/08\/cropped-Talk_logo.png","contentUrl":"https:\/\/talk.swiss\/wp-content\/uploads\/2022\/08\/cropped-Talk_logo.png","width":400,"height":400,"caption":"TALK.SWISS"},"image":{"@id":"https:\/\/talk.swiss\/#\/schema\/logo\/image\/"}},{"@type":"Person","@id":"https:\/\/talk.swiss\/#\/schema\/person\/e561e8c726fba568eaa4ee2712b1f043","name":"Margaux Fazio","image":{"@type":"ImageObject","inLanguage":"de-CH","@id":"https:\/\/secure.gravatar.com\/avatar\/c48efacdbd92c7c5165220228cede76810391f66ffa18c221c28729c5ce1bab9?s=96&d=mm&r=g","url":"https:\/\/secure.gravatar.com\/avatar\/c48efacdbd92c7c5165220228cede76810391f66ffa18c221c28729c5ce1bab9?s=96&d=mm&r=g","contentUrl":"https:\/\/secure.gravatar.com\/avatar\/c48efacdbd92c7c5165220228cede76810391f66ffa18c221c28729c5ce1bab9?s=96&d=mm&r=g","caption":"Margaux Fazio"},"url":"https:\/\/talk.swiss\/de\/author\/margaux-faziotalk-swiss\/"}]}},"_links":{"self":[{"href":"https:\/\/talk.swiss\/de\/wp-json\/wp\/v2\/posts\/8512","targetHints":{"allow":["GET"]}}],"collection":[{"href":"https:\/\/talk.swiss\/de\/wp-json\/wp\/v2\/posts"}],"about":[{"href":"https:\/\/talk.swiss\/de\/wp-json\/wp\/v2\/types\/post"}],"author":[{"embeddable":true,"href":"https:\/\/talk.swiss\/de\/wp-json\/wp\/v2\/users\/19"}],"replies":[{"embeddable":true,"href":"https:\/\/talk.swiss\/de\/wp-json\/wp\/v2\/comments?post=8512"}],"version-history":[{"count":17,"href":"https:\/\/talk.swiss\/de\/wp-json\/wp\/v2\/posts\/8512\/revisions"}],"predecessor-version":[{"id":8544,"href":"https:\/\/talk.swiss\/de\/wp-json\/wp\/v2\/posts\/8512\/revisions\/8544"}],"wp:featuredmedia":[{"embeddable":true,"href":"https:\/\/talk.swiss\/de\/wp-json\/wp\/v2\/media\/8541"}],"wp:attachment":[{"href":"https:\/\/talk.swiss\/de\/wp-json\/wp\/v2\/media?parent=8512"}],"wp:term":[{"taxonomy":"category","embeddable":true,"href":"https:\/\/talk.swiss\/de\/wp-json\/wp\/v2\/categories?post=8512"},{"taxonomy":"post_tag","embeddable":true,"href":"https:\/\/talk.swiss\/de\/wp-json\/wp\/v2\/tags?post=8512"}],"curies":[{"name":"wp","href":"https:\/\/api.w.org\/{rel}","templated":true}]}}