{"id":8386,"date":"2025-09-02T16:47:13","date_gmt":"2025-09-02T14:47:13","guid":{"rendered":"https:\/\/talk.swiss\/?p=8386"},"modified":"2025-10-28T08:41:25","modified_gmt":"2025-10-28T07:41:25","slug":"talkto-eveiller-sa-communication-et-sa-confiance-grace-a-lelan-du-collectif-et-de-lhumain","status":"publish","type":"post","link":"https:\/\/talk.swiss\/de\/talkto-eveiller-sa-communication-et-sa-confiance-grace-a-lelan-du-collectif-et-de-lhumain\/","title":{"rendered":"TalkTo: Erwecken Sie Ihre Kommunikation und Ihr Vertrauen durch den Schwung des Kollektiven und des Menschlichen."},"content":{"rendered":"<div data-elementor-type=\"wp-post\" data-elementor-id=\"8386\" class=\"elementor elementor-8386\" data-elementor-post-type=\"post\">\n\t\t\t\t\t\t<section class=\"elementor-section elementor-top-section elementor-element elementor-element-5921726 elementor-section-boxed elementor-section-height-default elementor-section-height-default\" data-id=\"5921726\" data-element_type=\"section\" data-e-type=\"section\">\n\t\t\t\t\t\t<div class=\"elementor-container elementor-column-gap-default\">\n\t\t\t\t\t<div class=\"elementor-column elementor-col-100 elementor-top-column elementor-element elementor-element-62fc3165\" data-id=\"62fc3165\" data-element_type=\"column\" data-e-type=\"column\">\n\t\t\t<div class=\"elementor-widget-wrap elementor-element-populated\">\n\t\t\t\t\t\t<div class=\"elementor-element elementor-element-99098ce elementor-widget elementor-widget-text-editor\" data-id=\"99098ce\" data-element_type=\"widget\" data-e-type=\"widget\" data-widget_type=\"text-editor.default\">\n\t\t\t\t<div class=\"elementor-widget-container\">\n\t\t\t\t\t\t\t\t\t<p>Von Vincent Duport<\/p>\t\t\t\t\t\t\t\t<\/div>\n\t\t\t\t<\/div>\n\t\t\t\t\t<\/div>\n\t\t<\/div>\n\t\t\t\t\t<\/div>\n\t\t<\/section>\n\t\t\t\t<section class=\"elementor-section elementor-top-section elementor-element elementor-element-fa759a3 elementor-section-boxed elementor-section-height-default elementor-section-height-default\" data-id=\"fa759a3\" data-element_type=\"section\" data-e-type=\"section\">\n\t\t\t\t\t\t<div class=\"elementor-container elementor-column-gap-default\">\n\t\t\t\t\t<div class=\"elementor-column elementor-col-100 elementor-top-column elementor-element elementor-element-9747d2f\" data-id=\"9747d2f\" data-element_type=\"column\" data-e-type=\"column\">\n\t\t\t<div class=\"elementor-widget-wrap elementor-element-populated\">\n\t\t\t\t\t\t<div class=\"elementor-element elementor-element-2332cca elementor-widget elementor-widget-heading\" data-id=\"2332cca\" data-element_type=\"widget\" data-e-type=\"widget\" data-widget_type=\"heading.default\">\n\t\t\t\t<div class=\"elementor-widget-container\">\n\t\t\t\t\t<h2 class=\"elementor-heading-title elementor-size-xl\">Eine Begleitung, die die Kraft unserer Technologie verst\u00e4rkt<\/h2>\t\t\t\t<\/div>\n\t\t\t\t<\/div>\n\t\t\t\t<div class=\"elementor-element elementor-element-cf4db14 elementor-widget elementor-widget-text-editor\" data-id=\"cf4db14\" data-element_type=\"widget\" data-e-type=\"widget\" data-widget_type=\"text-editor.default\">\n\t\t\t\t<div class=\"elementor-widget-container\">\n\t\t\t\t\t\t\t\t\t<p aria-level=\"2\"><b><span data-contrast=\"none\">TalkTo<\/span><\/b><span data-contrast=\"none\">Es ist ein Weg, der die Art und Weise, wie Sie Ihr Leben f\u00fchren, grundlegend ver\u00e4ndert. <\/span><b><span data-contrast=\"none\">kommunizieren<\/span><\/b><span data-contrast=\"none\">sich zu trauen <\/span><b><span data-contrast=\"none\">seinen Platz einnehmen<\/span><\/b><span data-contrast=\"none\"> und seine st\u00e4rken <\/span><b><span data-contrast=\"none\">Vertrauen<\/span><\/b><span data-contrast=\"none\">. Weit entfernt von einem rein technischen Ansatz st\u00fctzt sich das Programm auf ein Modell von <\/span><b><span data-contrast=\"none\">Blended Learning<\/span><\/b><span data-contrast=\"none\"> das drei komplement\u00e4re Dimensionen vereint: die Begleitung durch Coach-Facilitators, die Dynamik der Gruppe und eine intern entwickelte mobile Anwendung. Die App beinhaltet insbesondere Funktionen der k\u00fcnstlichen Intelligenz, die eine pers\u00f6nliche Betreuung, sofortiges Feedback und Kontinuit\u00e4t zwischen den Sitzungen erm\u00f6glichen. Diese einzigartige Kombination erm\u00f6glicht es den Teilnehmern, zu experimentieren, sich selbst zu bewerten und regelm\u00e4\u00dfiges Feedback zu erhalten, um ihre Lernerfolge schrittweise zu verankern und die Ver\u00e4nderung langfristig zu verankern.<\/span><span data-ccp-props=\"{&quot;134245418&quot;:true,&quot;134245529&quot;:true,&quot;335559738&quot;:160,&quot;335559739&quot;:80}\">\u00a0<\/span><\/p>\t\t\t\t\t\t\t\t<\/div>\n\t\t\t\t<\/div>\n\t\t\t\t<div class=\"elementor-element elementor-element-147422e elementor-widget elementor-widget-image\" data-id=\"147422e\" data-element_type=\"widget\" data-e-type=\"widget\" data-widget_type=\"image.default\">\n\t\t\t\t<div class=\"elementor-widget-container\">\n\t\t\t\t\t\t\t\t\t\t\t\t\t\t\t<img fetchpriority=\"high\" decoding=\"async\" width=\"768\" height=\"402\" src=\"https:\/\/talk.swiss\/wp-content\/uploads\/2025\/09\/TALK_1-768x402.jpg\" class=\"attachment-medium_large size-medium_large wp-image-8393\" alt=\"\" srcset=\"https:\/\/talk.swiss\/wp-content\/uploads\/2025\/09\/TALK_1-768x402.jpg 768w, https:\/\/talk.swiss\/wp-content\/uploads\/2025\/09\/TALK_1-300x157.jpg 300w, https:\/\/talk.swiss\/wp-content\/uploads\/2025\/09\/TALK_1-18x9.jpg 18w, https:\/\/talk.swiss\/wp-content\/uploads\/2025\/09\/TALK_1.jpg 1000w\" sizes=\"(max-width: 768px) 100vw, 768px\" \/>\t\t\t\t\t\t\t\t\t\t\t\t\t\t\t<\/div>\n\t\t\t\t<\/div>\n\t\t\t\t<div class=\"elementor-element elementor-element-c6bda5a elementor-widget elementor-widget-text-editor\" data-id=\"c6bda5a\" data-element_type=\"widget\" data-e-type=\"widget\" data-widget_type=\"text-editor.default\">\n\t\t\t\t<div class=\"elementor-widget-container\">\n\t\t\t\t\t\t\t\t\t<p><span data-contrast=\"auto\">In der <\/span><span data-contrast=\"none\">erster Artikel dieser Reihe<\/span><span data-contrast=\"auto\">Wir haben diese <\/span><b><span data-contrast=\"auto\">globale Sicht<\/span><\/b><span data-contrast=\"auto\"> und gezeigt, wie <\/span><b><span data-contrast=\"auto\">TalkTo <\/span><\/b><span data-contrast=\"auto\">begleitet Fachkr\u00e4fte in ihrer Entwicklung. Heute befassen wir uns mit einer <\/span><b><span data-contrast=\"auto\">Dimension <\/span><\/b><span data-contrast=\"auto\">komplement\u00e4r: die der <\/span><b><span data-contrast=\"auto\">Vermittler\/in<\/span><\/b><span data-contrast=\"auto\">. Ihre Rolle beschr\u00e4nkt sich nicht auf die Leitung von Workshops. Sie sind w\u00e4hrend des gesamten Kurses anwesend und sorgen daf\u00fcr, dass ein Klima des Vertrauens und des Zuh\u00f6rens entsteht, in dem Bewusstwerdung m\u00f6glich ist.\u00a0<\/span><span data-ccp-props=\"{&quot;335559738&quot;:240,&quot;335559739&quot;:240}\">\u00a0<\/span><\/p><p><span data-contrast=\"auto\">Dieses schrittweise Tempo bietet somit den n\u00f6tigen Raum, damit sich die Ver\u00e4nderungen dauerhaft durchsetzen k\u00f6nnen.<\/span><span data-ccp-props=\"{&quot;335559738&quot;:240,&quot;335559739&quot;:240}\">\u00a0<\/span><\/p><p><span data-contrast=\"auto\">Tanguy fasst es so zusammen: \"Ich versuche nicht, die Menschen zu inspirieren. Mein Ziel ist es, dass sie selbst ihre eigene Inspiration finden\". <\/span><span data-ccp-props=\"{&quot;335559738&quot;:240,&quot;335559739&quot;:240}\">\u00a0<\/span><\/p><p><span data-contrast=\"auto\">Dieser Satz sagt das Wesentliche aus. Hier wird die <\/span><b><span data-contrast=\"auto\">Transformation <\/span><\/b><span data-contrast=\"auto\">stammt nicht aus einem vertikal vermittelten Wissen: Sie <\/span><b><span data-contrast=\"auto\">entsteht von innen heraus<\/span><\/b><span data-contrast=\"auto\">. Und genau diese Haltung der Moderatoren zwischen Forderung und Wohlwollen wollen wir im Folgenden erkunden.<\/span><span data-ccp-props=\"{&quot;335559738&quot;:240,&quot;335559739&quot;:240}\">\u00a0<\/span><\/p><p><span data-contrast=\"auto\">Die Zeugnisse stammen von <\/span><span data-contrast=\"auto\">drei Coach-Facilitators<\/span><span data-contrast=\"auto\"> TALK: Ivana, Natacha und Tanguy aus dem gesamten Betreuungsteam. Obwohl jeder von ihnen sich mit seiner eigenen Sensibilit\u00e4t ausdr\u00fcckt, spiegeln ihre \u00c4u\u00dferungen den kollektiven Geist und die gemeinsame Haltung wider, die das TalkTo-Programm antreiben.<\/span><span data-ccp-props=\"{&quot;335551550&quot;:0,&quot;335551620&quot;:0}\">\u00a0<\/span><\/p><p><i><span data-contrast=\"auto\">Im dritten und letzten Artikel dieser Reihe kommen schlie\u00dflich die <\/span><\/i><b><i><span data-contrast=\"auto\">Teilnehmer\/innen <\/span><\/i><\/b><i><span data-contrast=\"auto\">selbst. Ihre Berichte werden diesen Zyklus abschlie\u00dfen, indem sie die ganze Kraft der TalkTo-Erfahrung von innen heraus zeigen.<\/span><\/i><span data-ccp-props=\"{&quot;335559738&quot;:240,&quot;335559739&quot;:240}\">\u00a0<\/span><\/p>\t\t\t\t\t\t\t\t<\/div>\n\t\t\t\t<\/div>\n\t\t\t\t\t<\/div>\n\t\t<\/div>\n\t\t\t\t\t<\/div>\n\t\t<\/section>\n\t\t\t\t<section class=\"elementor-section elementor-top-section elementor-element elementor-element-98ce7a4 elementor-section-content-middle elementor-section-boxed elementor-section-height-default elementor-section-height-default\" data-id=\"98ce7a4\" data-element_type=\"section\" data-e-type=\"section\" data-settings=\"{&quot;shape_divider_top&quot;:&quot;mountains&quot;}\">\n\t\t\t\t\t<div class=\"elementor-shape elementor-shape-top\" aria-hidden=\"true\" data-negative=\"false\">\n\t\t\t<svg xmlns=\"http:\/\/www.w3.org\/2000\/svg\" viewbox=\"0 0 1000 100\" preserveaspectratio=\"none\">\n\t<path class=\"elementor-shape-fill\" opacity=\"0.33\" d=\"M473,67.3c-203.9,88.3-263.1-34-320.3,0C66,119.1,0,59.7,0,59.7V0h1000v59.7 c0,0-62.1,26.1-94.9,29.3c-32.8,3.3-62.8-12.3-75.8-22.1C806,49.6,745.3,8.7,694.9,4.7S492.4,59,473,67.3z\"\/>\n\t<path class=\"elementor-shape-fill\" opacity=\"0.66\" d=\"M734,67.3c-45.5,0-77.2-23.2-129.1-39.1c-28.6-8.7-150.3-10.1-254,39.1 s-91.7-34.4-149.2,0C115.7,118.3,0,39.8,0,39.8V0h1000v36.5c0,0-28.2-18.5-92.1-18.5C810.2,18.1,775.7,67.3,734,67.3z\"\/>\n\t<path class=\"elementor-shape-fill\" d=\"M766.1,28.9c-200-57.5-266,65.5-395.1,19.5C242,1.8,242,5.4,184.8,20.6C128,35.8,132.3,44.9,89.9,52.5C28.6,63.7,0,0,0,0 h1000c0,0-9.9,40.9-83.6,48.1S829.6,47,766.1,28.9z\"\/>\n<\/svg>\t\t<\/div>\n\t\t\t\t\t<div class=\"elementor-container elementor-column-gap-default\">\n\t\t\t\t\t<div class=\"elementor-column elementor-col-50 elementor-top-column elementor-element elementor-element-c35d83e\" data-id=\"c35d83e\" data-element_type=\"column\" data-e-type=\"column\">\n\t\t\t<div class=\"elementor-widget-wrap elementor-element-populated\">\n\t\t\t\t\t\t<div class=\"elementor-element elementor-element-fce95c3 elementor-widget elementor-widget-image\" data-id=\"fce95c3\" data-element_type=\"widget\" data-e-type=\"widget\" data-widget_type=\"image.default\">\n\t\t\t\t<div class=\"elementor-widget-container\">\n\t\t\t\t\t\t\t\t\t\t\t\t\t\t\t<img decoding=\"async\" width=\"300\" height=\"300\" src=\"https:\/\/talk.swiss\/wp-content\/uploads\/2025\/09\/tanguy_1-300x300.png\" class=\"attachment-medium size-medium wp-image-8395\" alt=\"\" srcset=\"https:\/\/talk.swiss\/wp-content\/uploads\/2025\/09\/tanguy_1-300x300.png 300w, https:\/\/talk.swiss\/wp-content\/uploads\/2025\/09\/tanguy_1-1024x1024.png 1024w, https:\/\/talk.swiss\/wp-content\/uploads\/2025\/09\/tanguy_1-150x150.png 150w, https:\/\/talk.swiss\/wp-content\/uploads\/2025\/09\/tanguy_1-768x768.png 768w, https:\/\/talk.swiss\/wp-content\/uploads\/2025\/09\/tanguy_1-12x12.png 12w, https:\/\/talk.swiss\/wp-content\/uploads\/2025\/09\/tanguy_1.png 1114w\" sizes=\"(max-width: 300px) 100vw, 300px\" \/>\t\t\t\t\t\t\t\t\t\t\t\t\t\t\t<\/div>\n\t\t\t\t<\/div>\n\t\t\t\t\t<\/div>\n\t\t<\/div>\n\t\t\t\t<div class=\"elementor-column elementor-col-50 elementor-top-column elementor-element elementor-element-58a7b11\" data-id=\"58a7b11\" data-element_type=\"column\" data-e-type=\"column\">\n\t\t\t<div class=\"elementor-widget-wrap elementor-element-populated\">\n\t\t\t\t\t\t<div class=\"elementor-element elementor-element-b6b0cc9 elementor-widget elementor-widget-heading\" data-id=\"b6b0cc9\" data-element_type=\"widget\" data-e-type=\"widget\" data-widget_type=\"heading.default\">\n\t\t\t\t<div class=\"elementor-widget-container\">\n\t\t\t\t\t<h3 class=\"elementor-heading-title elementor-size-large\">\" Ich versuche nicht, die Menschen zu inspirieren. Mein Ziel ist es, dass sie selbst ihre eigene Inspiration finden\".<\/h3>\t\t\t\t<\/div>\n\t\t\t\t<\/div>\n\t\t\t\t<div class=\"elementor-element elementor-element-49e7925 elementor-widget elementor-widget-heading\" data-id=\"49e7925\" data-element_type=\"widget\" data-e-type=\"widget\" data-widget_type=\"heading.default\">\n\t\t\t\t<div class=\"elementor-widget-container\">\n\t\t\t\t\t<h3 class=\"elementor-heading-title elementor-size-medium\"><i>- Tanguy Laurent<\/i><\/h3>\t\t\t\t<\/div>\n\t\t\t\t<\/div>\n\t\t\t\t\t<\/div>\n\t\t<\/div>\n\t\t\t\t\t<\/div>\n\t\t<\/section>\n\t\t\t\t<section class=\"elementor-section elementor-top-section elementor-element elementor-element-9df7beb elementor-section-boxed elementor-section-height-default elementor-section-height-default\" data-id=\"9df7beb\" data-element_type=\"section\" data-e-type=\"section\">\n\t\t\t\t\t\t<div class=\"elementor-container elementor-column-gap-default\">\n\t\t\t\t\t<div class=\"elementor-column elementor-col-100 elementor-top-column elementor-element elementor-element-54a3ee4\" data-id=\"54a3ee4\" data-element_type=\"column\" data-e-type=\"column\">\n\t\t\t<div class=\"elementor-widget-wrap elementor-element-populated\">\n\t\t\t\t\t\t<div class=\"elementor-element elementor-element-6655fff elementor-widget elementor-widget-heading\" data-id=\"6655fff\" data-element_type=\"widget\" data-e-type=\"widget\" data-widget_type=\"heading.default\">\n\t\t\t\t<div class=\"elementor-widget-container\">\n\t\t\t\t\t<h2 class=\"elementor-heading-title elementor-size-xl\">Die Haltung der Facilitators: Ein Rahmen, der sichert und befreit<\/h2>\t\t\t\t<\/div>\n\t\t\t\t<\/div>\n\t\t\t\t<div class=\"elementor-element elementor-element-790ae45 elementor-widget elementor-widget-text-editor\" data-id=\"790ae45\" data-element_type=\"widget\" data-e-type=\"widget\" data-widget_type=\"text-editor.default\">\n\t\t\t\t<div class=\"elementor-widget-container\">\n\t\t\t\t\t\t\t\t\t<p><span data-contrast=\"auto\">Ein Facilitator bei TALK zu sein, bedeutet vor allem, eine einzigartige Haltung zu verk\u00f6rpern: eine diskrete, aber entscheidende Pr\u00e4senz, bei der <\/span><b><span data-contrast=\"auto\">Anspruch und Wohlwollen<\/span><\/b><span data-contrast=\"auto\"> nebeneinander bestehen. Diese Haltung erfordert ein hohes Ma\u00df an Flexibilit\u00e4t: zwischen strukturierendem Rahmen und Freiraum schwanken, tief zuh\u00f6ren, die Bed\u00fcrfnisse der Gruppe ersp\u00fcren, den Ball ins Rollen bringen oder im Gegenteil schweigen k\u00f6nnen.<\/span><span data-ccp-props=\"{&quot;335559738&quot;:240,&quot;335559739&quot;:240}\">\u00a0<\/span><\/p><p><span data-contrast=\"auto\">F\u00fcr Ivana geht es darum, eine <\/span><b><span data-contrast=\"auto\">wahres Wort<\/span><\/b><span data-contrast=\"auto\"> :<\/span>\u00a0<br \/><span data-contrast=\"auto\">\"Keine perfekte Kommunikation oder Form<\/span><span data-contrast=\"auto\">Es ist eine authentische Kommunikation, die widerspiegelt, wer man wirklich ist. Schlie\u00dflich ist es diese Aufrichtigkeit, die das Band des Vertrauens zu sich selbst und zum anderen kn\u00fcpft\".<\/span><span data-ccp-props=\"{&quot;335559738&quot;:240,&quot;335559739&quot;:240}\">\u00a0<\/span><\/p><p><span data-contrast=\"auto\">F\u00fcr Natacha geht es darum, \"sich <\/span><b><span data-contrast=\"auto\">zum Dienst<\/span><\/b><span data-contrast=\"auto\"> \"Sie sollten die Gruppe leiten, aber nie die Macht \u00fcbernehmen:<\/span>\u00a0<br \/><span data-contrast=\"auto\">\" Wir beobachten, wir nehmen mit, wir begleiten. Aber es sind die Teilnehmer, die vorankommen\".<\/span><span data-ccp-props=\"{&quot;335559738&quot;:240,&quot;335559739&quot;:240}\">\u00a0<\/span><\/p><p><span data-contrast=\"auto\">Tanguy legt den Schwerpunkt auf die <\/span><b><span data-contrast=\"auto\">Koh\u00e4renz <\/span><\/b><span data-contrast=\"auto\">:<\/span>\u00a0<br \/><span data-contrast=\"auto\">\"Klar und eindringlich sein und dabei jedem den Raum lassen, seine eigene intrinsische Motivation hervorzubringen.\"<\/span><span data-ccp-props=\"{&quot;335559738&quot;:240,&quot;335559739&quot;:240}\">\u00a0<\/span><\/p><p><span data-contrast=\"auto\">Konkret nimmt diese Haltung bereits am ersten Tag Gestalt an, wenn Teilnehmer und Coaches gemeinsam eine <\/span><b><span data-contrast=\"auto\">gemeinsame Charta<\/span><\/b><span data-contrast=\"auto\">. Mehr als ein Satz von Regeln wird die Charta zum Fundament einer\u00a0<\/span><b><span data-contrast=\"auto\">Mikrogesellschaft im Kleinen<\/span><\/b><span data-contrast=\"auto\">\u00a0Ein Ort, an dem neue Wege des Zusammenseins erprobt werden, die manchmal v\u00f6llig neu sind. Wie Natascha sagt, ist es ein\u00a0<\/span><b><span data-contrast=\"auto\">Labor f\u00fcr gemeinsame Gesten, <\/span><\/b><span data-contrast=\"auto\">zuh\u00f6ren, ohne zu urteilen, bedingungslos respektieren, aufrichtig reden. Einfache Gesten, die aber zusammengenommen eine kleine Gemeinschaft bilden, die zeigen kann, dass man auch anders zusammenleben kann, in Harmonie trotz aller Unterschiede.<\/span><span data-ccp-props=\"{&quot;335551550&quot;:0,&quot;335551620&quot;:0}\">\u00a0<\/span><\/p><p><span data-contrast=\"auto\">Und um die Rolle des Vermittlers zu illustrieren, taucht ein Bild immer wieder auf, das sowohl von Natacha als auch von Tanguy zitiert wird: das Bild des \"? <\/span><b><span data-contrast=\"auto\">Sch\u00e4ferhund<\/span><\/b><span data-contrast=\"auto\"> \".<\/span>\u00a0<br \/><span data-contrast=\"auto\">\"Unsere Aufgabe ist es, diskret darauf zu achten, dass der Rahmen eingehalten wird. Wenn jemand aus den Regeln ausbricht, sanktionieren wir nicht, sondern stellen Fragen. Ist sich die Person dessen bewusst, was vor sich geht? Was schl\u00e4gt sie vor, um wieder in den Rahmen zu kommen? Sie bleibt Akteurin ihres Weges\".<\/span><span data-ccp-props=\"{&quot;335559738&quot;:240,&quot;335559739&quot;:240}\">\u00a0<\/span><\/p><p><span data-contrast=\"auto\">Dieser feste, aber wohlwollende Rahmen beruhigt. Sehr schnell verstehen die Teilnehmer, dass ihre Worte ohne Bewertung aufgenommen werden. Und es ist dieses Klima des Vertrauens, das es ihnen erm\u00f6glicht, das Wagnis einzugehen, etwas zu sagen, zu experimentieren und zu wagen.<\/span><span data-ccp-props=\"{&quot;335559738&quot;:240,&quot;335559739&quot;:240}\">\u00a0<\/span><\/p>\t\t\t\t\t\t\t\t<\/div>\n\t\t\t\t<\/div>\n\t\t\t\t\t<\/div>\n\t\t<\/div>\n\t\t\t\t\t<\/div>\n\t\t<\/section>\n\t\t\t\t<section class=\"elementor-section elementor-top-section elementor-element elementor-element-8be9361 elementor-section-content-middle elementor-section-boxed elementor-section-height-default elementor-section-height-default\" data-id=\"8be9361\" data-element_type=\"section\" data-e-type=\"section\" data-settings=\"{&quot;shape_divider_top&quot;:&quot;mountains&quot;}\">\n\t\t\t\t\t<div class=\"elementor-shape elementor-shape-top\" aria-hidden=\"true\" data-negative=\"false\">\n\t\t\t<svg xmlns=\"http:\/\/www.w3.org\/2000\/svg\" viewbox=\"0 0 1000 100\" preserveaspectratio=\"none\">\n\t<path class=\"elementor-shape-fill\" opacity=\"0.33\" d=\"M473,67.3c-203.9,88.3-263.1-34-320.3,0C66,119.1,0,59.7,0,59.7V0h1000v59.7 c0,0-62.1,26.1-94.9,29.3c-32.8,3.3-62.8-12.3-75.8-22.1C806,49.6,745.3,8.7,694.9,4.7S492.4,59,473,67.3z\"\/>\n\t<path class=\"elementor-shape-fill\" opacity=\"0.66\" d=\"M734,67.3c-45.5,0-77.2-23.2-129.1-39.1c-28.6-8.7-150.3-10.1-254,39.1 s-91.7-34.4-149.2,0C115.7,118.3,0,39.8,0,39.8V0h1000v36.5c0,0-28.2-18.5-92.1-18.5C810.2,18.1,775.7,67.3,734,67.3z\"\/>\n\t<path class=\"elementor-shape-fill\" d=\"M766.1,28.9c-200-57.5-266,65.5-395.1,19.5C242,1.8,242,5.4,184.8,20.6C128,35.8,132.3,44.9,89.9,52.5C28.6,63.7,0,0,0,0 h1000c0,0-9.9,40.9-83.6,48.1S829.6,47,766.1,28.9z\"\/>\n<\/svg>\t\t<\/div>\n\t\t\t\t\t<div class=\"elementor-container elementor-column-gap-default\">\n\t\t\t\t\t<div class=\"elementor-column elementor-col-50 elementor-top-column elementor-element elementor-element-fadfa0d\" data-id=\"fadfa0d\" data-element_type=\"column\" data-e-type=\"column\">\n\t\t\t<div class=\"elementor-widget-wrap elementor-element-populated\">\n\t\t\t\t\t\t<div class=\"elementor-element elementor-element-a6b8223 elementor-widget elementor-widget-heading\" data-id=\"a6b8223\" data-element_type=\"widget\" data-e-type=\"widget\" data-widget_type=\"heading.default\">\n\t\t\t\t<div class=\"elementor-widget-container\">\n\t\t\t\t\t<h3 class=\"elementor-heading-title elementor-size-large\"><span data-contrast=\"auto\">\" Wir beobachten, wir nehmen mit, wir begleiten. Aber es sind die Teilnehmer, die vorankommen\".<\/span><span data-ccp-props=\"{&quot;335559738&quot;:240,&quot;335559739&quot;:240}\">&nbsp;<\/span><\/h3>\t\t\t\t<\/div>\n\t\t\t\t<\/div>\n\t\t\t\t<div class=\"elementor-element elementor-element-e57f769 elementor-widget elementor-widget-heading\" data-id=\"e57f769\" data-element_type=\"widget\" data-e-type=\"widget\" data-widget_type=\"heading.default\">\n\t\t\t\t<div class=\"elementor-widget-container\">\n\t\t\t\t\t<h3 class=\"elementor-heading-title elementor-size-medium\"><i>- Natacha Kmarin<\/i><\/h3>\t\t\t\t<\/div>\n\t\t\t\t<\/div>\n\t\t\t\t\t<\/div>\n\t\t<\/div>\n\t\t\t\t<div class=\"elementor-column elementor-col-50 elementor-top-column elementor-element elementor-element-bcb4eba\" data-id=\"bcb4eba\" data-element_type=\"column\" data-e-type=\"column\">\n\t\t\t<div class=\"elementor-widget-wrap elementor-element-populated\">\n\t\t\t\t\t\t<div class=\"elementor-element elementor-element-5f8fac7 elementor-widget elementor-widget-image\" data-id=\"5f8fac7\" data-element_type=\"widget\" data-e-type=\"widget\" data-widget_type=\"image.default\">\n\t\t\t\t<div class=\"elementor-widget-container\">\n\t\t\t\t\t\t\t\t\t\t\t\t\t\t\t<img decoding=\"async\" width=\"300\" height=\"300\" src=\"https:\/\/talk.swiss\/wp-content\/uploads\/2025\/09\/natacha_2-300x300.png\" class=\"attachment-medium size-medium wp-image-8392\" alt=\"\" srcset=\"https:\/\/talk.swiss\/wp-content\/uploads\/2025\/09\/natacha_2-300x300.png 300w, https:\/\/talk.swiss\/wp-content\/uploads\/2025\/09\/natacha_2-1024x1024.png 1024w, https:\/\/talk.swiss\/wp-content\/uploads\/2025\/09\/natacha_2-150x150.png 150w, https:\/\/talk.swiss\/wp-content\/uploads\/2025\/09\/natacha_2-768x768.png 768w, https:\/\/talk.swiss\/wp-content\/uploads\/2025\/09\/natacha_2-12x12.png 12w, https:\/\/talk.swiss\/wp-content\/uploads\/2025\/09\/natacha_2.png 1114w\" sizes=\"(max-width: 300px) 100vw, 300px\" \/>\t\t\t\t\t\t\t\t\t\t\t\t\t\t\t<\/div>\n\t\t\t\t<\/div>\n\t\t\t\t\t<\/div>\n\t\t<\/div>\n\t\t\t\t\t<\/div>\n\t\t<\/section>\n\t\t\t\t<section class=\"elementor-section elementor-top-section elementor-element elementor-element-6c73696 elementor-section-boxed elementor-section-height-default elementor-section-height-default\" data-id=\"6c73696\" data-element_type=\"section\" data-e-type=\"section\">\n\t\t\t\t\t\t<div class=\"elementor-container elementor-column-gap-default\">\n\t\t\t\t\t<div class=\"elementor-column elementor-col-100 elementor-top-column elementor-element elementor-element-5a9c0f0\" data-id=\"5a9c0f0\" data-element_type=\"column\" data-e-type=\"column\">\n\t\t\t<div class=\"elementor-widget-wrap elementor-element-populated\">\n\t\t\t\t\t\t<div class=\"elementor-element elementor-element-3d732bc elementor-widget elementor-widget-heading\" data-id=\"3d732bc\" data-element_type=\"widget\" data-e-type=\"widget\" data-widget_type=\"heading.default\">\n\t\t\t\t<div class=\"elementor-widget-container\">\n\t\t\t\t\t<h2 class=\"elementor-heading-title elementor-size-xl\">Die Wendepunkte: Woche 3 bis Woche 4 <\/h2>\t\t\t\t<\/div>\n\t\t\t\t<\/div>\n\t\t\t\t<div class=\"elementor-element elementor-element-5e069e4 elementor-widget elementor-widget-text-editor\" data-id=\"5e069e4\" data-element_type=\"widget\" data-e-type=\"widget\" data-widget_type=\"text-editor.default\">\n\t\t\t\t<div class=\"elementor-widget-container\">\n\t\t\t\t\t\t\t\t\t<p><i>Die Coaches sind sich einig, dass es w\u00e4hrend des gesamten Programms entscheidende Wippen gibt.<\/i><\/p>\t\t\t\t\t\t\t\t<\/div>\n\t\t\t\t<\/div>\n\t\t\t\t<div class=\"elementor-element elementor-element-11069c6 elementor-widget elementor-widget-text-editor\" data-id=\"11069c6\" data-element_type=\"widget\" data-e-type=\"widget\" data-widget_type=\"text-editor.default\">\n\t\t\t\t<div class=\"elementor-widget-container\">\n\t\t\t\t\t\t\t\t\t<p><b><span data-contrast=\"auto\">Die Wochen 1 und 2 dienen als Grundlage.<\/span><\/b><span data-contrast=\"auto\"> Sie legen die Grundlagen, installieren die Gruppendynamik und konfrontieren bereits jeden mit seinen Emotionen. Manche sind von der Tiefe der Arbeit \u00fcberrascht: Man beschr\u00e4nkt sich nicht auf die Technik, sondern ber\u00fchrt auch die Haltung und das Vertrauen.<\/span><span data-ccp-props=\"{&quot;335559738&quot;:240,&quot;335559739&quot;:240}\">\u00a0<\/span><\/p><p><b><span data-contrast=\"auto\">Woche 3 markiert einen ersten gro\u00dfen Wendepunkt<\/span><\/b><span data-contrast=\"auto\">. Die anf\u00e4ngliche Zur\u00fcckhaltung weicht. Die Teilnehmerinnen und Teilnehmer beginnen, sich gegenseitig zu ermutigen, sich zu offenbaren und mit mehr Selbstvertrauen zu sprechen. Natacha spricht von einem \"Switch\": eine pers\u00f6nliche Erkenntnis, die zu einem kollektiven Umschwung f\u00fchrt.<\/span><span data-ccp-props=\"{&quot;335559738&quot;:240,&quot;335559739&quot;:240}\">\u00a0<\/span><\/p><p><b><span data-contrast=\"auto\">In Woche 4 werden diese Ver\u00e4nderungen verankert. <\/span><\/b><span data-contrast=\"auto\">Es wird daran gearbeitet, aktiv zuzuh\u00f6ren, Bed\u00fcrfnisse zu formulieren und auf unbequeme Fragen zu reagieren. Diese Arbeit lebt vom Hin und Her zwischen der App und den Workshops: Die individuell durchgef\u00fchrten \u00dcbungen finden ihren Widerhall im Feedback der Coaches und der Gruppe. F\u00fcr Ivana ist das ein Schl\u00fcsselmoment:<\/span>\u00a0<br \/><span data-contrast=\"auto\">\"An diesem Punkt wird vielen klar, dass sie nicht nur lernen, wie man ein Projekt vorstellt, sondern dass sie nun einen tiefgreifenden Dialog f\u00fchren k\u00f6nnen.\"<\/span><span data-ccp-props=\"{&quot;335559738&quot;:240,&quot;335559739&quot;:240}\">\u00a0<\/span><\/p><p><span data-contrast=\"auto\">Doch die Transformation geht noch weiter. <\/span><b><span data-contrast=\"auto\">Die Wochen 5 und 6 spielen eine ebenso entscheidende Rolle <\/span><\/b><span data-contrast=\"auto\">: Sie erm\u00f6glichen es, das Gelernte zu integrieren und in komplexeren und realistischeren Situationen anzuwenden. Nach und nach erreicht die Gruppe eine Synergie: Die Teilnehmer\/innen unterst\u00fctzen sich gegenseitig, geben sich konstruktives Feedback und erproben ihre neuen F\u00e4higkeiten in realit\u00e4tsnahen Situationen.<\/span><span data-ccp-props=\"{&quot;335559738&quot;:240,&quot;335559739&quot;:240}\">\u00a0<\/span><\/p><p><span data-contrast=\"auto\">Wie Tanguy betont: \"In diesen letzten Wochen zeigt sich die Koh\u00e4renz zwischen dem, was die Teilnehmer\/innen sagen, was sie tun und was sie verk\u00f6rpern. Diese progressive Zeit ist notwendig, um das Gelernte zu festigen und Ver\u00e4nderungen dauerhaft zu verankern.<\/span><span data-ccp-props=\"{&quot;335559738&quot;:240,&quot;335559739&quot;:240}\">\u00a0<\/span><\/p>\t\t\t\t\t\t\t\t<\/div>\n\t\t\t\t<\/div>\n\t\t\t\t\t<\/div>\n\t\t<\/div>\n\t\t\t\t\t<\/div>\n\t\t<\/section>\n\t\t\t\t<section class=\"elementor-section elementor-top-section elementor-element elementor-element-813caae elementor-section-boxed elementor-section-height-default elementor-section-height-default\" data-id=\"813caae\" data-element_type=\"section\" data-e-type=\"section\">\n\t\t\t\t\t\t<div class=\"elementor-container elementor-column-gap-default\">\n\t\t\t\t\t<div class=\"elementor-column elementor-col-100 elementor-top-column elementor-element elementor-element-c7bbfdb\" data-id=\"c7bbfdb\" data-element_type=\"column\" data-e-type=\"column\">\n\t\t\t<div class=\"elementor-widget-wrap elementor-element-populated\">\n\t\t\t\t\t\t<div class=\"elementor-element elementor-element-d4bd3a5 elementor-widget elementor-widget-heading\" data-id=\"d4bd3a5\" data-element_type=\"widget\" data-e-type=\"widget\" data-widget_type=\"heading.default\">\n\t\t\t\t<div class=\"elementor-widget-container\">\n\t\t\t\t\t<h2 class=\"elementor-heading-title elementor-size-xl\">Geschichten, die sich einpr\u00e4gen<\/h2>\t\t\t\t<\/div>\n\t\t\t\t<\/div>\n\t\t\t\t<div class=\"elementor-element elementor-element-297d477 elementor-widget elementor-widget-text-editor\" data-id=\"297d477\" data-element_type=\"widget\" data-e-type=\"widget\" data-widget_type=\"text-editor.default\">\n\t\t\t\t<div class=\"elementor-widget-container\">\n\t\t\t\t\t\t\t\t\t<p><span data-contrast=\"auto\">Jede Gruppe hinterl\u00e4sst bei den Vermittlerinnen und Vermittlern unvergessliche Erinnerungen.<\/span><span data-ccp-props=\"{&quot;335559738&quot;:240,&quot;335559739&quot;:240}\">\u00a0<\/span><\/p><p><span data-contrast=\"auto\">Natacha erinnert sich an eine Teilnehmerin, die \"m\u00fcde, geschw\u00e4cht, fast ausgestorben\" ankam. Im Laufe der Wochen fand sie ihre Energie und ihren Schaffensdrang wieder: \"Eines Tages sagte sie zu mir: Es ist wieder da. Es war \u00fcberw\u00e4ltigend, sie zu sehen <\/span><b><span data-contrast=\"auto\">sich wieder einschalten<\/span><\/b><span data-contrast=\"auto\">...wieder Pl\u00e4ne und W\u00fcnsche zu haben\".<\/span><span data-ccp-props=\"{&quot;335559738&quot;:240,&quot;335559739&quot;:240}\">\u00a0<\/span><\/p><p><span data-contrast=\"auto\">Sie erinnert auch an den Weg eines <\/span><b><span data-contrast=\"auto\">Teilnehmer<\/span><\/b><span data-contrast=\"auto\">der zun\u00e4chst zur\u00fcckhaltend war und sich dann <\/span><b><span data-contrast=\"auto\">nach und nach ge\u00f6ffnet<\/span><\/b><span data-contrast=\"auto\">\u00a0<\/span><span data-contrast=\"auto\">wie eine Blume<\/span><span data-contrast=\"auto\">. Da er sich nicht wohl dabei f\u00fchlte, ein Pr\u00e4sentationsvideo zu drehen, fand er schlie\u00dflich eine treffende Metapher: Er beschrieb sich als\u00a0<\/span><b><span data-contrast=\"auto\">Dirigent<\/span><\/b><span data-contrast=\"auto\">Sie spielte mit der Idee von Harmonie und falschen Noten. \"Es war wundersch\u00f6n\", erz\u00e4hlt sie.<\/span><span data-ccp-props=\"{&quot;335551550&quot;:0,&quot;335551620&quot;:0}\">\u00a0<\/span><\/p><p><span data-contrast=\"auto\">Tanguy erinnert sich an eine Teilnehmerin, die einen Moment der emotionalen Blockade durchmachte. \"Wir boten ihr einfach Stille und Zuh\u00f6ren an. Ein paar Minuten sp\u00e4ter hatte sie einen Schritt nach vorn gemacht. Sie hatte sich selbst bewiesen, dass sie es konnte.<\/span><b><span data-contrast=\"auto\"> \u00fcberqueren <\/span><\/b><span data-contrast=\"auto\">diese <\/span><b><span data-contrast=\"auto\">Schwierigkeit<\/span><\/b><span data-contrast=\"auto\">. \"<\/span><span data-ccp-props=\"{&quot;335559738&quot;:240,&quot;335559739&quot;:240}\">\u00a0<\/span><\/p><p><span data-contrast=\"auto\">Diese Anekdoten sagen das Wesentliche: TalkTo ist keine akademische Ausbildung. Es ist ein Raum, in dem man entdeckt, dass man in der Lage ist<\/span><b><span data-contrast=\"auto\"> seine \u00c4ngste \u00fcberwinden<\/span><\/b><span data-contrast=\"auto\">zu erfinden <\/span><b><span data-contrast=\"auto\">neue Wege, sich zu pr\u00e4sentieren,<\/span><\/b><span data-contrast=\"auto\"> sich <\/span><b><span data-contrast=\"auto\">sich wieder mit seiner Lebensenergie verbinden<\/span><\/b><span data-contrast=\"auto\">.<\/span><span data-ccp-props=\"{&quot;335559738&quot;:240,&quot;335559739&quot;:240}\">\u00a0<\/span><\/p>\t\t\t\t\t\t\t\t<\/div>\n\t\t\t\t<\/div>\n\t\t\t\t<div class=\"elementor-element elementor-element-a9cecca elementor-widget elementor-widget-image\" data-id=\"a9cecca\" data-element_type=\"widget\" data-e-type=\"widget\" data-widget_type=\"image.default\">\n\t\t\t\t<div class=\"elementor-widget-container\">\n\t\t\t\t\t\t\t\t\t\t\t\t\t\t\t<img loading=\"lazy\" decoding=\"async\" width=\"768\" height=\"432\" src=\"https:\/\/talk.swiss\/wp-content\/uploads\/2025\/09\/TALK_2-768x432.jpg\" class=\"attachment-medium_large size-medium_large wp-image-8394\" alt=\"\" srcset=\"https:\/\/talk.swiss\/wp-content\/uploads\/2025\/09\/TALK_2-768x432.jpg 768w, https:\/\/talk.swiss\/wp-content\/uploads\/2025\/09\/TALK_2-300x169.jpg 300w, https:\/\/talk.swiss\/wp-content\/uploads\/2025\/09\/TALK_2-18x10.jpg 18w, https:\/\/talk.swiss\/wp-content\/uploads\/2025\/09\/TALK_2.jpg 1000w\" sizes=\"(max-width: 768px) 100vw, 768px\" \/>\t\t\t\t\t\t\t\t\t\t\t\t\t\t\t<\/div>\n\t\t\t\t<\/div>\n\t\t\t\t\t<\/div>\n\t\t<\/div>\n\t\t\t\t\t<\/div>\n\t\t<\/section>\n\t\t\t\t<section class=\"elementor-section elementor-top-section elementor-element elementor-element-0fe57e6 elementor-section-boxed elementor-section-height-default elementor-section-height-default\" data-id=\"0fe57e6\" data-element_type=\"section\" data-e-type=\"section\">\n\t\t\t\t\t\t<div class=\"elementor-container elementor-column-gap-default\">\n\t\t\t\t\t<div class=\"elementor-column elementor-col-100 elementor-top-column elementor-element elementor-element-611d724\" data-id=\"611d724\" data-element_type=\"column\" data-e-type=\"column\">\n\t\t\t<div class=\"elementor-widget-wrap elementor-element-populated\">\n\t\t\t\t\t\t<div class=\"elementor-element elementor-element-03e0d54 elementor-widget elementor-widget-heading\" data-id=\"03e0d54\" data-element_type=\"widget\" data-e-type=\"widget\" data-widget_type=\"heading.default\">\n\t\t\t\t<div class=\"elementor-widget-container\">\n\t\t\t\t\t<h2 class=\"elementor-heading-title elementor-size-xl\">Die Beziehungsschl\u00fcssel, die TalkTo stark machen <\/h2>\t\t\t\t<\/div>\n\t\t\t\t<\/div>\n\t\t\t\t<div class=\"elementor-element elementor-element-9ad46ab elementor-widget elementor-widget-text-editor\" data-id=\"9ad46ab\" data-element_type=\"widget\" data-e-type=\"widget\" data-widget_type=\"text-editor.default\">\n\t\t\t\t<div class=\"elementor-widget-container\">\n\t\t\t\t\t\t\t\t\t<p><span data-contrast=\"auto\">\u00dcber die F\u00e4higkeiten der Kommunikation und der emotionalen Intelligenz hinaus entwickelt das TalkTo-Programm auch <\/span><b><span data-contrast=\"auto\">starke Beziehungsf\u00e4higkeiten<\/span><\/b><span data-contrast=\"auto\"> die die Art und Weise, wie wir zusammenarbeiten und mit anderen interagieren, ver\u00e4ndern.<\/span><span data-ccp-props=\"{&quot;335559738&quot;:240,&quot;335559739&quot;:240}\">\u00a0<\/span><\/p><p><span data-contrast=\"auto\">Darunter betonen die Coaches einstimmig :<\/span><\/p>\t\t\t\t\t\t\t\t<\/div>\n\t\t\t\t<\/div>\n\t\t\t\t<div class=\"elementor-element elementor-element-1f3047c animated-slow elementor-list-item-link-inline elementor-icon-list--layout-traditional elementor-widget elementor-widget-icon-list\" data-id=\"1f3047c\" data-element_type=\"widget\" data-e-type=\"widget\" data-settings=\"{&quot;_animation&quot;:&quot;none&quot;}\" data-widget_type=\"icon-list.default\">\n\t\t\t\t<div class=\"elementor-widget-container\">\n\t\t\t\t\t\t\t<ul class=\"elementor-icon-list-items\">\n\t\t\t\t\t\t\t<li class=\"elementor-icon-list-item\">\n\t\t\t\t\t\t\t\t\t\t\t<span class=\"elementor-icon-list-icon\">\n\t\t\t\t\t\t\t<i aria-hidden=\"true\" class=\"fas fa-chevron-right\"><\/i>\t\t\t\t\t\t<\/span>\n\t\t\t\t\t\t\t\t\t\t<span class=\"elementor-icon-list-text\"><b>Aktives Zuh\u00f6ren,<\/b> nicht, um zu antworten, sondern um den anderen wirklich zu verstehen.&nbsp;<\/span>\n\t\t\t\t\t\t\t\t\t<\/li>\n\t\t\t\t\t\t\t\t<li class=\"elementor-icon-list-item\">\n\t\t\t\t\t\t\t\t\t\t\t<span class=\"elementor-icon-list-icon\">\n\t\t\t\t\t\t\t<i aria-hidden=\"true\" class=\"fas fa-chevron-right\"><\/i>\t\t\t\t\t\t<\/span>\n\t\t\t\t\t\t\t\t\t\t<span class=\"elementor-icon-list-text\"><b>Offenheit und Humanismus,<\/b> eine Haltung, die Vielfalt wertsch\u00e4tzt und respektiert.&nbsp;<\/span>\n\t\t\t\t\t\t\t\t\t<\/li>\n\t\t\t\t\t\t\t\t<li class=\"elementor-icon-list-item\">\n\t\t\t\t\t\t\t\t\t\t\t<span class=\"elementor-icon-list-icon\">\n\t\t\t\t\t\t\t<i aria-hidden=\"true\" class=\"fas fa-chevron-right\"><\/i>\t\t\t\t\t\t<\/span>\n\t\t\t\t\t\t\t\t\t\t<span class=\"elementor-icon-list-text\"><b>Respekt vor sich selbst und anderen,<\/b> Grundlage jeder konstruktiven Interaktion.&nbsp;<\/span>\n\t\t\t\t\t\t\t\t\t<\/li>\n\t\t\t\t\t\t<\/ul>\n\t\t\t\t\t\t<\/div>\n\t\t\t\t<\/div>\n\t\t\t\t<div class=\"elementor-element elementor-element-4547cc3 elementor-widget elementor-widget-text-editor\" data-id=\"4547cc3\" data-element_type=\"widget\" data-e-type=\"widget\" data-widget_type=\"text-editor.default\">\n\t\t\t\t<div class=\"elementor-widget-container\">\n\t\t\t\t\t\t\t\t\t<p><span data-contrast=\"auto\">Diese F\u00e4higkeiten werden nicht in der Theorie behandelt, sondern konkret erprobt: wohlwollendes Feedback, simulierte Gespr\u00e4che, gemeinsamer Austausch. Sie werden zu greifbaren Hebeln, um besser zu \u00fcberzeugen, zu kooperieren und zu dialogisieren.<\/span><span data-ccp-props=\"{&quot;335559738&quot;:240,&quot;335559739&quot;:240}\">\u00a0<\/span><\/p><p><span data-contrast=\"auto\">Dies ist eine der St\u00e4rken von TalkTo: In einer Landschaft, in der es eine F\u00fclle von Ausbildungsm\u00f6glichkeiten gibt, ist der <\/span><b><span data-contrast=\"auto\">Programm zeichnet sich durch mehrere einzigartige Dimensionen aus<\/span><\/b><span data-contrast=\"auto\"> :<\/span><\/p>\t\t\t\t\t\t\t\t<\/div>\n\t\t\t\t<\/div>\n\t\t\t\t<div class=\"elementor-element elementor-element-f7c59a5 animated-slow elementor-list-item-link-inline elementor-icon-list--layout-traditional elementor-widget elementor-widget-icon-list\" data-id=\"f7c59a5\" data-element_type=\"widget\" data-e-type=\"widget\" data-settings=\"{&quot;_animation&quot;:&quot;none&quot;}\" data-widget_type=\"icon-list.default\">\n\t\t\t\t<div class=\"elementor-widget-container\">\n\t\t\t\t\t\t\t<ul class=\"elementor-icon-list-items\">\n\t\t\t\t\t\t\t<li class=\"elementor-icon-list-item\">\n\t\t\t\t\t\t\t\t\t\t\t<span class=\"elementor-icon-list-icon\">\n\t\t\t\t\t\t\t<i aria-hidden=\"true\" class=\"fas fa-chevron-right\"><\/i>\t\t\t\t\t\t<\/span>\n\t\t\t\t\t\t\t\t\t\t<span class=\"elementor-icon-list-text\"><b>Ein transversaler und ganzheitlicher Ansatz :<\/b> man arbeitet nicht nur an der Leistung eines Pitches, sondern auch an der Identit\u00e4t, den Emotionen, der K\u00f6rperhaltung, dem Zuh\u00f6ren und dem Ausdruck.&nbsp;<\/span>\n\t\t\t\t\t\t\t\t\t<\/li>\n\t\t\t\t\t\t\t\t<li class=\"elementor-icon-list-item\">\n\t\t\t\t\t\t\t\t\t\t\t<span class=\"elementor-icon-list-icon\">\n\t\t\t\t\t\t\t<i aria-hidden=\"true\" class=\"fas fa-chevron-right\"><\/i>\t\t\t\t\t\t<\/span>\n\t\t\t\t\t\t\t\t\t\t<span class=\"elementor-icon-list-text\"><b>Eine gewidmete Zeit, um in sich selbst zu investieren :<\/b> ein progressiver Rhythmus, der es erm\u00f6glicht, dass die Erkenntnisse durchsickern und die Lernerfolge sich dauerhaft verankern.&nbsp;<\/span>\n\t\t\t\t\t\t\t\t\t<\/li>\n\t\t\t\t\t\t\t\t<li class=\"elementor-icon-list-item\">\n\t\t\t\t\t\t\t\t\t\t\t<span class=\"elementor-icon-list-icon\">\n\t\t\t\t\t\t\t<i aria-hidden=\"true\" class=\"fas fa-chevron-right\"><\/i>\t\t\t\t\t\t<\/span>\n\t\t\t\t\t\t\t\t\t\t<span class=\"elementor-icon-list-text\"><b>Teamzusammenhalt :<\/b> alle Coaches teilen die gleichen Werte und die gleiche Haltung, was dem Erlebten eine besondere Kraft verleiht.&nbsp;<\/span>\n\t\t\t\t\t\t\t\t\t<\/li>\n\t\t\t\t\t\t\t\t<li class=\"elementor-icon-list-item\">\n\t\t\t\t\t\t\t\t\t\t\t<span class=\"elementor-icon-list-icon\">\n\t\t\t\t\t\t\t<i aria-hidden=\"true\" class=\"fas fa-chevron-right\"><\/i>\t\t\t\t\t\t<\/span>\n\t\t\t\t\t\t\t\t\t\t<span class=\"elementor-icon-list-text\"><b>Die Verbindung von Mensch und Technologie :<\/b> die Pr\u00e4senzworkshops werden durch eine eigens entwickelte mobile App mit \u00dcbungen, Feedback und Selbstbewertungen verl\u00e4ngert, um das Lernen im Alltag zu verst\u00e4rken.&nbsp;<\/span>\n\t\t\t\t\t\t\t\t\t<\/li>\n\t\t\t\t\t\t\t\t<li class=\"elementor-icon-list-item\">\n\t\t\t\t\t\t\t\t\t\t\t<span class=\"elementor-icon-list-icon\">\n\t\t\t\t\t\t\t<i aria-hidden=\"true\" class=\"fas fa-chevron-right\"><\/i>\t\t\t\t\t\t<\/span>\n\t\t\t\t\t\t\t\t\t\t<span class=\"elementor-icon-list-text\"><b>Eine Wirkung, die \u00fcber den Fachmann hinausgeht :<\/b> die erarbeiteten F\u00e4higkeiten dienen in allen Lebensbereichen, in Beziehungen, in der Familie und im sozialen Bereich.&nbsp;<\/span>\n\t\t\t\t\t\t\t\t\t<\/li>\n\t\t\t\t\t\t<\/ul>\n\t\t\t\t\t\t<\/div>\n\t\t\t\t<\/div>\n\t\t\t\t<div class=\"elementor-element elementor-element-7ca35b8 elementor-widget elementor-widget-text-editor\" data-id=\"7ca35b8\" data-element_type=\"widget\" data-e-type=\"widget\" data-widget_type=\"text-editor.default\">\n\t\t\t\t<div class=\"elementor-widget-container\">\n\t\t\t\t\t\t\t\t\t<p><b><span data-contrast=\"auto\">TalkTo ist ein Programm zur Entwicklung von Kommunikationsf\u00e4higkeiten, um das Selbstvertrauen, die K\u00f6rperhaltung und die F\u00e4higkeit, Beziehungen einzugehen, zu st\u00e4rken.<\/span><\/b><span data-ccp-props=\"{}\">\u00a0<\/span><\/p>\t\t\t\t\t\t\t\t<\/div>\n\t\t\t\t<\/div>\n\t\t\t\t\t<\/div>\n\t\t<\/div>\n\t\t\t\t\t<\/div>\n\t\t<\/section>\n\t\t\t\t<section class=\"elementor-section elementor-top-section elementor-element elementor-element-ba681c5 elementor-section-boxed elementor-section-height-default elementor-section-height-default\" data-id=\"ba681c5\" data-element_type=\"section\" data-e-type=\"section\">\n\t\t\t\t\t\t<div class=\"elementor-container elementor-column-gap-default\">\n\t\t\t\t\t<div class=\"elementor-column elementor-col-100 elementor-top-column elementor-element elementor-element-1c0def7\" data-id=\"1c0def7\" data-element_type=\"column\" data-e-type=\"column\">\n\t\t\t<div class=\"elementor-widget-wrap elementor-element-populated\">\n\t\t\t\t\t\t<div class=\"elementor-element elementor-element-4d18f50 elementor-widget elementor-widget-heading\" data-id=\"4d18f50\" data-element_type=\"widget\" data-e-type=\"widget\" data-widget_type=\"heading.default\">\n\t\t\t\t<div class=\"elementor-widget-container\">\n\t\t\t\t\t<h2 class=\"elementor-heading-title elementor-size-xl\">Eine gemeinsame Transformation <\/h2>\t\t\t\t<\/div>\n\t\t\t\t<\/div>\n\t\t\t\t<div class=\"elementor-element elementor-element-efea3d4 elementor-widget elementor-widget-text-editor\" data-id=\"efea3d4\" data-element_type=\"widget\" data-e-type=\"widget\" data-widget_type=\"text-editor.default\">\n\t\t\t\t<div class=\"elementor-widget-container\">\n\t\t\t\t\t\t\t\t\t<p><span data-contrast=\"auto\">Die Auswirkungen von TalkTo betreffen nicht nur die <\/span><b><span data-contrast=\"auto\">Teilnehmer<\/span><\/b><span data-contrast=\"auto\">. Die <\/span><b><span data-contrast=\"auto\">Coaches <\/span><\/b><span data-contrast=\"auto\">selbst ver\u00e4ndern sich im Laufe der Sitzungen.<\/span><span data-ccp-props=\"{&quot;335559738&quot;:240,&quot;335559739&quot;:240}\">\u00a0<\/span><\/p><p><span data-contrast=\"auto\">Ivana erkl\u00e4rt:<\/span>\u00a0<br \/><span data-contrast=\"auto\">\"Es hat mich gelehrt, zu kultivieren <\/span><b><span data-contrast=\"auto\">Demut<\/span><\/b><span data-contrast=\"auto\">. Jede Person<\/span><span data-contrast=\"auto\">onne hat ungeahnte St\u00e4rken. Ich wachse mit jeder Gruppe. Bescheidenheit in der Begleitung wertet den Weg des Lernenden auf, indem sie auf seine Stimme h\u00f6rt und Zusammenarbeit und offenen Dialog f\u00f6rdert\".<\/span><span data-ccp-props=\"{&quot;335559738&quot;:240,&quot;335559739&quot;:240}\">\u00a0<\/span><\/p><p><span data-contrast=\"auto\">Tanguy sieht darin eine Mission, die zutiefst mit seinen <\/span><b><span data-contrast=\"auto\">Werte <\/span><\/b><span data-contrast=\"auto\">:<\/span>\u00a0<br \/><span data-contrast=\"auto\">\"Ich habe das Bed\u00fcrfnis, anderen zu dienen. Diese Rolle erm\u00f6glicht es mir, diese Mission fortzusetzen, die f\u00fcr mich eine tiefe Bedeutung hat.\"<\/span><span data-ccp-props=\"{&quot;335559738&quot;:240,&quot;335559739&quot;:240}\">\u00a0<\/span><\/p><p><span data-contrast=\"auto\">F\u00fcr Natascha schlie\u00dflich ist es eine Selbstverst\u00e4ndlichkeit:<\/span>\u00a0<br \/><span data-contrast=\"auto\">\"Ich f\u00fchle mich in <\/span><b><span data-contrast=\"auto\">mein rechter Platz<\/span><\/b><span data-contrast=\"auto\">. Mehr als ein Beruf, es ist eine Berufung\".<\/span><span data-ccp-props=\"{&quot;335559738&quot;:240,&quot;335559739&quot;:240}\">\u00a0<\/span><\/p><p><span data-contrast=\"auto\">Diese Gegenseitigkeit ist das Herzst\u00fcck von TalkTo: Die Transformation flie\u00dft in beide Richtungen. Was die Teilnehmer entdecken, strahlt auf die Coaches ab und umgekehrt.<\/span><span data-ccp-props=\"{&quot;335559738&quot;:240,&quot;335559739&quot;:240}\">\u00a0<\/span><\/p>\t\t\t\t\t\t\t\t<\/div>\n\t\t\t\t<\/div>\n\t\t\t\t\t<\/div>\n\t\t<\/div>\n\t\t\t\t\t<\/div>\n\t\t<\/section>\n\t\t\t\t<section class=\"elementor-section elementor-top-section elementor-element elementor-element-1692aac elementor-section-content-middle elementor-section-boxed elementor-section-height-default elementor-section-height-default\" data-id=\"1692aac\" data-element_type=\"section\" data-e-type=\"section\" data-settings=\"{&quot;shape_divider_top&quot;:&quot;mountains&quot;}\">\n\t\t\t\t\t<div class=\"elementor-shape elementor-shape-top\" aria-hidden=\"true\" data-negative=\"false\">\n\t\t\t<svg xmlns=\"http:\/\/www.w3.org\/2000\/svg\" viewbox=\"0 0 1000 100\" preserveaspectratio=\"none\">\n\t<path class=\"elementor-shape-fill\" opacity=\"0.33\" d=\"M473,67.3c-203.9,88.3-263.1-34-320.3,0C66,119.1,0,59.7,0,59.7V0h1000v59.7 c0,0-62.1,26.1-94.9,29.3c-32.8,3.3-62.8-12.3-75.8-22.1C806,49.6,745.3,8.7,694.9,4.7S492.4,59,473,67.3z\"\/>\n\t<path class=\"elementor-shape-fill\" opacity=\"0.66\" d=\"M734,67.3c-45.5,0-77.2-23.2-129.1-39.1c-28.6-8.7-150.3-10.1-254,39.1 s-91.7-34.4-149.2,0C115.7,118.3,0,39.8,0,39.8V0h1000v36.5c0,0-28.2-18.5-92.1-18.5C810.2,18.1,775.7,67.3,734,67.3z\"\/>\n\t<path class=\"elementor-shape-fill\" d=\"M766.1,28.9c-200-57.5-266,65.5-395.1,19.5C242,1.8,242,5.4,184.8,20.6C128,35.8,132.3,44.9,89.9,52.5C28.6,63.7,0,0,0,0 h1000c0,0-9.9,40.9-83.6,48.1S829.6,47,766.1,28.9z\"\/>\n<\/svg>\t\t<\/div>\n\t\t\t\t\t<div class=\"elementor-container elementor-column-gap-default\">\n\t\t\t\t\t<div class=\"elementor-column elementor-col-50 elementor-top-column elementor-element elementor-element-a289fbe\" data-id=\"a289fbe\" data-element_type=\"column\" data-e-type=\"column\">\n\t\t\t<div class=\"elementor-widget-wrap elementor-element-populated\">\n\t\t\t\t\t\t<div class=\"elementor-element elementor-element-ed9f0a2 elementor-widget elementor-widget-image\" data-id=\"ed9f0a2\" data-element_type=\"widget\" data-e-type=\"widget\" data-widget_type=\"image.default\">\n\t\t\t\t<div class=\"elementor-widget-container\">\n\t\t\t\t\t\t\t\t\t\t\t\t\t\t\t<img loading=\"lazy\" decoding=\"async\" width=\"300\" height=\"300\" src=\"https:\/\/talk.swiss\/wp-content\/uploads\/2025\/09\/ivana_1-300x300.png\" class=\"attachment-medium size-medium wp-image-8391\" alt=\"\" srcset=\"https:\/\/talk.swiss\/wp-content\/uploads\/2025\/09\/ivana_1-300x300.png 300w, https:\/\/talk.swiss\/wp-content\/uploads\/2025\/09\/ivana_1-1024x1024.png 1024w, https:\/\/talk.swiss\/wp-content\/uploads\/2025\/09\/ivana_1-150x150.png 150w, https:\/\/talk.swiss\/wp-content\/uploads\/2025\/09\/ivana_1-768x768.png 768w, https:\/\/talk.swiss\/wp-content\/uploads\/2025\/09\/ivana_1-12x12.png 12w, https:\/\/talk.swiss\/wp-content\/uploads\/2025\/09\/ivana_1.png 1114w\" sizes=\"(max-width: 300px) 100vw, 300px\" \/>\t\t\t\t\t\t\t\t\t\t\t\t\t\t\t<\/div>\n\t\t\t\t<\/div>\n\t\t\t\t\t<\/div>\n\t\t<\/div>\n\t\t\t\t<div class=\"elementor-column elementor-col-50 elementor-top-column elementor-element elementor-element-72b3f21\" data-id=\"72b3f21\" data-element_type=\"column\" data-e-type=\"column\">\n\t\t\t<div class=\"elementor-widget-wrap elementor-element-populated\">\n\t\t\t\t\t\t<div class=\"elementor-element elementor-element-4f3b7c0 elementor-widget elementor-widget-heading\" data-id=\"4f3b7c0\" data-element_type=\"widget\" data-e-type=\"widget\" data-widget_type=\"heading.default\">\n\t\t\t\t<div class=\"elementor-widget-container\">\n\t\t\t\t\t<h3 class=\"elementor-heading-title elementor-size-large\">\"Es hat mich gelehrt, Demut zu kultivieren. Jeder Mensch hat ungeahnte St\u00e4rken. Ich wachse mit jeder Gruppe. Bescheidenheit in der Begleitung wertet den Lernweg der Lernenden auf, indem sie auf ihre Stimme h\u00f6rt, die Zusammenarbeit und den offenen Dialog f\u00f6rdert.\"<\/h3>\t\t\t\t<\/div>\n\t\t\t\t<\/div>\n\t\t\t\t<div class=\"elementor-element elementor-element-b9d1eb3 elementor-widget elementor-widget-heading\" data-id=\"b9d1eb3\" data-element_type=\"widget\" data-e-type=\"widget\" data-widget_type=\"heading.default\">\n\t\t\t\t<div class=\"elementor-widget-container\">\n\t\t\t\t\t<h3 class=\"elementor-heading-title elementor-size-medium\"><i>- Ivana Dugalic Montefusco<\/i><\/h3>\t\t\t\t<\/div>\n\t\t\t\t<\/div>\n\t\t\t\t\t<\/div>\n\t\t<\/div>\n\t\t\t\t\t<\/div>\n\t\t<\/section>\n\t\t\t\t<section class=\"elementor-section elementor-top-section elementor-element elementor-element-3e2e588 elementor-section-boxed elementor-section-height-default elementor-section-height-default\" data-id=\"3e2e588\" data-element_type=\"section\" data-e-type=\"section\">\n\t\t\t\t\t\t<div class=\"elementor-container elementor-column-gap-default\">\n\t\t\t\t\t<div class=\"elementor-column elementor-col-100 elementor-top-column elementor-element elementor-element-c27f754\" data-id=\"c27f754\" data-element_type=\"column\" data-e-type=\"column\">\n\t\t\t<div class=\"elementor-widget-wrap elementor-element-populated\">\n\t\t\t\t\t\t<div class=\"elementor-element elementor-element-6d15644 elementor-widget elementor-widget-spacer\" data-id=\"6d15644\" data-element_type=\"widget\" data-e-type=\"widget\" data-widget_type=\"spacer.default\">\n\t\t\t\t<div class=\"elementor-widget-container\">\n\t\t\t\t\t\t\t<div class=\"elementor-spacer\">\n\t\t\t<div class=\"elementor-spacer-inner\"><\/div>\n\t\t<\/div>\n\t\t\t\t\t\t<\/div>\n\t\t\t\t<\/div>\n\t\t\t\t<div class=\"elementor-element elementor-element-deb4670 elementor-widget elementor-widget-text-editor\" data-id=\"deb4670\" data-element_type=\"widget\" data-e-type=\"widget\" data-widget_type=\"text-editor.default\">\n\t\t\t\t<div class=\"elementor-widget-container\">\n\t\t\t\t\t\t\t\t\t<p><b><span data-contrast=\"auto\">Letztendlich ist TalkTo viel mehr als ein Programm: Es ist ein anspruchsvoller und wohlwollender Raum, in dem jeder lernt, zuzuh\u00f6ren, sich auszudr\u00fccken und im Einklang mit dem zu handeln, wer er wirklich ist.<\/span><\/b><span data-ccp-props=\"{&quot;335559738&quot;:240,&quot;335559739&quot;:240}\">\u00a0<\/span><\/p><p><span data-contrast=\"auto\">Und wenn ein Satz diesen Geist zusammenfassen sollte, dann w\u00e4re es dieser, der in den Interviews geteilt wurde:<\/span><\/p>\t\t\t\t\t\t\t\t<\/div>\n\t\t\t\t<\/div>\n\t\t\t\t<div class=\"elementor-element elementor-element-3e0f725 elementor-widget elementor-widget-text-editor\" data-id=\"3e0f725\" data-element_type=\"widget\" data-e-type=\"widget\" data-widget_type=\"text-editor.default\">\n\t\t\t\t<div class=\"elementor-widget-container\">\n\t\t\t\t\t\t\t\t\t<p><strong>\"Wahre St\u00e4rke besteht nicht darin, lauter als andere zu sprechen, sondern darin, seine Stimme zu finden und es zu wagen, sie h\u00f6rbar zu machen.\"<\/strong><\/p>\t\t\t\t\t\t\t\t<\/div>\n\t\t\t\t<\/div>\n\t\t\t\t<div class=\"elementor-element elementor-element-68bf3e0 elementor-widget elementor-widget-spacer\" data-id=\"68bf3e0\" data-element_type=\"widget\" data-e-type=\"widget\" data-widget_type=\"spacer.default\">\n\t\t\t\t<div class=\"elementor-widget-container\">\n\t\t\t\t\t\t\t<div class=\"elementor-spacer\">\n\t\t\t<div class=\"elementor-spacer-inner\"><\/div>\n\t\t<\/div>\n\t\t\t\t\t\t<\/div>\n\t\t\t\t<\/div>\n\t\t\t\t\t<\/div>\n\t\t<\/div>\n\t\t\t\t\t<\/div>\n\t\t<\/section>\n\t\t\t\t<section class=\"elementor-section elementor-top-section elementor-element elementor-element-53bcb2f elementor-section-boxed elementor-section-height-default elementor-section-height-default\" data-id=\"53bcb2f\" data-element_type=\"section\" data-e-type=\"section\">\n\t\t\t\t\t\t<div class=\"elementor-container elementor-column-gap-default\">\n\t\t\t\t\t<div class=\"elementor-column elementor-col-100 elementor-top-column elementor-element elementor-element-0385e00\" data-id=\"0385e00\" data-element_type=\"column\" data-e-type=\"column\" data-settings=\"{&quot;background_background&quot;:&quot;classic&quot;}\">\n\t\t\t<div class=\"elementor-widget-wrap elementor-element-populated\">\n\t\t\t\t\t<div class=\"elementor-background-overlay\"><\/div>\n\t\t\t\t\t\t<div class=\"elementor-element elementor-element-f00586f elementor-widget elementor-widget-heading\" data-id=\"f00586f\" data-element_type=\"widget\" data-e-type=\"widget\" data-widget_type=\"heading.default\">\n\t\t\t\t<div class=\"elementor-widget-container\">\n\t\t\t\t\t<h2 class=\"elementor-heading-title elementor-size-default\">Hast du Lust, wieder das Wort zu ergreifen, dein Vorhaben zu kl\u00e4ren und zur Tat zu schreiten?<\/h2>\t\t\t\t<\/div>\n\t\t\t\t<\/div>\n\t\t\t\t<div class=\"elementor-element elementor-element-9cc31b2 elementor-align-center elementor-widget__width-initial elementor-widget elementor-widget-button\" data-id=\"9cc31b2\" data-element_type=\"widget\" data-e-type=\"widget\" data-widget_type=\"button.default\">\n\t\t\t\t<div class=\"elementor-widget-container\">\n\t\t\t\t\t\t\t\t\t<div class=\"elementor-button-wrapper\">\n\t\t\t\t\t<a class=\"elementor-button elementor-button-link elementor-size-sm\" href=\"https:\/\/talk.swiss\/de\/solution\/\">\n\t\t\t\t\t\t<span class=\"elementor-button-content-wrapper\">\n\t\t\t\t\t\t\t\t\t<span class=\"elementor-button-text\">Das TalkTo-Programm ist bereit. Und Sie?<\/span>\n\t\t\t\t\t<\/span>\n\t\t\t\t\t<\/a>\n\t\t\t\t<\/div>\n\t\t\t\t\t\t\t\t<\/div>\n\t\t\t\t<\/div>\n\t\t\t\t\t<\/div>\n\t\t<\/div>\n\t\t\t\t\t<\/div>\n\t\t<\/section>\n\t\t\t\t<\/div>","protected":false},"excerpt":{"rendered":"<p>Emotionen werden im beruflichen Kontext oft als unangemessen empfunden. Emotionale Intelligenz erm\u00f6glicht es jedoch, viele Vorteile aus ihnen zu ziehen.<\/p>","protected":false},"author":19,"featured_media":7084,"comment_status":"closed","ping_status":"closed","sticky":false,"template":"","format":"standard","meta":{"footnotes":""},"categories":[38,1],"tags":[48,47,49],"class_list":["post-8386","post","type-post","status-publish","format-standard","has-post-thumbnail","hentry","category-actus","category-divers","tag-communication","tag-emotion","tag-prise-de-parole"],"yoast_head":"<!-- This site is optimized with the Yoast SEO plugin v28.3 - https:\/\/yoast.com\/product\/yoast-seo-wordpress\/ -->\n<title>TalkTo : \u00e9veiller sa communication et sa confiance gr\u00e2ce \u00e0 l\u2019\u00e9lan du collectif et de l\u2019humain - TALK.SWISS<\/title>\n<meta name=\"robots\" content=\"index, follow, max-snippet:-1, max-image-preview:large, max-video-preview:-1\" \/>\n<link rel=\"canonical\" href=\"https:\/\/talk.swiss\/de\/talkto-eveiller-sa-communication-et-sa-confiance-grace-a-lelan-du-collectif-et-de-lhumain\/\" \/>\n<meta property=\"og:locale\" content=\"de_DE\" \/>\n<meta property=\"og:type\" content=\"article\" \/>\n<meta property=\"og:title\" content=\"TalkTo : \u00e9veiller sa communication et sa confiance gr\u00e2ce \u00e0 l\u2019\u00e9lan du collectif et de l\u2019humain - TALK.SWISS\" \/>\n<meta property=\"og:description\" content=\"Les \u00e9motions sont souvent per\u00e7ues comme inappropri\u00e9e dans le contexte professionnel. Cependant l\u2019intelligence \u00e9motionnelle permet d\u2019en tirer de nombreux b\u00e9n\u00e9fices.\" \/>\n<meta property=\"og:url\" content=\"https:\/\/talk.swiss\/de\/talkto-eveiller-sa-communication-et-sa-confiance-grace-a-lelan-du-collectif-et-de-lhumain\/\" \/>\n<meta property=\"og:site_name\" content=\"TALK.SWISS\" \/>\n<meta property=\"article:published_time\" content=\"2025-09-02T14:47:13+00:00\" \/>\n<meta property=\"article:modified_time\" content=\"2025-10-28T07:41:25+00:00\" \/>\n<meta property=\"og:image\" content=\"https:\/\/talk.swiss\/wp-content\/uploads\/2024\/04\/Visuel_blog_LS.jpg\" \/>\n\t<meta property=\"og:image:width\" content=\"1200\" \/>\n\t<meta property=\"og:image:height\" content=\"627\" \/>\n\t<meta property=\"og:image:type\" content=\"image\/jpeg\" \/>\n<meta name=\"author\" content=\"Margaux Fazio\" \/>\n<meta name=\"twitter:card\" content=\"summary_large_image\" \/>\n<meta name=\"twitter:label1\" content=\"Geschrieben von\" \/>\n\t<meta name=\"twitter:data1\" content=\"Margaux Fazio\" \/>\n\t<meta name=\"twitter:label2\" content=\"Gesch\u00e4tzte Lesezeit\" \/>\n\t<meta name=\"twitter:data2\" content=\"11\u00a0Minuten\" \/>\n<script type=\"application\/ld+json\" class=\"yoast-schema-graph\">{\"@context\":\"https:\\\/\\\/schema.org\",\"@graph\":[{\"@type\":\"Article\",\"@id\":\"https:\\\/\\\/talk.swiss\\\/talkto-eveiller-sa-communication-et-sa-confiance-grace-a-lelan-du-collectif-et-de-lhumain\\\/#article\",\"isPartOf\":{\"@id\":\"https:\\\/\\\/talk.swiss\\\/talkto-eveiller-sa-communication-et-sa-confiance-grace-a-lelan-du-collectif-et-de-lhumain\\\/\"},\"author\":{\"name\":\"Margaux Fazio\",\"@id\":\"https:\\\/\\\/talk.swiss\\\/#\\\/schema\\\/person\\\/e561e8c726fba568eaa4ee2712b1f043\"},\"headline\":\"TalkTo : \u00e9veiller sa communication et sa confiance gr\u00e2ce \u00e0 l\u2019\u00e9lan du collectif et de l\u2019humain\",\"datePublished\":\"2025-09-02T14:47:13+00:00\",\"dateModified\":\"2025-10-28T07:41:25+00:00\",\"mainEntityOfPage\":{\"@id\":\"https:\\\/\\\/talk.swiss\\\/talkto-eveiller-sa-communication-et-sa-confiance-grace-a-lelan-du-collectif-et-de-lhumain\\\/\"},\"wordCount\":2023,\"publisher\":{\"@id\":\"https:\\\/\\\/talk.swiss\\\/#organization\"},\"image\":{\"@id\":\"https:\\\/\\\/talk.swiss\\\/talkto-eveiller-sa-communication-et-sa-confiance-grace-a-lelan-du-collectif-et-de-lhumain\\\/#primaryimage\"},\"thumbnailUrl\":\"https:\\\/\\\/talk.swiss\\\/wp-content\\\/uploads\\\/2024\\\/04\\\/Visuel_blog_LS.jpg\",\"keywords\":[\"Communication\",\"Emotion\",\"Prise de parole\"],\"articleSection\":[\"Blog\",\"Divers\"],\"inLanguage\":\"de-CH\"},{\"@type\":\"WebPage\",\"@id\":\"https:\\\/\\\/talk.swiss\\\/talkto-eveiller-sa-communication-et-sa-confiance-grace-a-lelan-du-collectif-et-de-lhumain\\\/\",\"url\":\"https:\\\/\\\/talk.swiss\\\/talkto-eveiller-sa-communication-et-sa-confiance-grace-a-lelan-du-collectif-et-de-lhumain\\\/\",\"name\":\"TalkTo : \u00e9veiller sa communication et sa confiance gr\u00e2ce \u00e0 l\u2019\u00e9lan du collectif et de l\u2019humain - TALK.SWISS\",\"isPartOf\":{\"@id\":\"https:\\\/\\\/talk.swiss\\\/#website\"},\"primaryImageOfPage\":{\"@id\":\"https:\\\/\\\/talk.swiss\\\/talkto-eveiller-sa-communication-et-sa-confiance-grace-a-lelan-du-collectif-et-de-lhumain\\\/#primaryimage\"},\"image\":{\"@id\":\"https:\\\/\\\/talk.swiss\\\/talkto-eveiller-sa-communication-et-sa-confiance-grace-a-lelan-du-collectif-et-de-lhumain\\\/#primaryimage\"},\"thumbnailUrl\":\"https:\\\/\\\/talk.swiss\\\/wp-content\\\/uploads\\\/2024\\\/04\\\/Visuel_blog_LS.jpg\",\"datePublished\":\"2025-09-02T14:47:13+00:00\",\"dateModified\":\"2025-10-28T07:41:25+00:00\",\"breadcrumb\":{\"@id\":\"https:\\\/\\\/talk.swiss\\\/talkto-eveiller-sa-communication-et-sa-confiance-grace-a-lelan-du-collectif-et-de-lhumain\\\/#breadcrumb\"},\"inLanguage\":\"de-CH\",\"potentialAction\":[{\"@type\":\"ReadAction\",\"target\":[\"https:\\\/\\\/talk.swiss\\\/talkto-eveiller-sa-communication-et-sa-confiance-grace-a-lelan-du-collectif-et-de-lhumain\\\/\"]}]},{\"@type\":\"ImageObject\",\"inLanguage\":\"de-CH\",\"@id\":\"https:\\\/\\\/talk.swiss\\\/talkto-eveiller-sa-communication-et-sa-confiance-grace-a-lelan-du-collectif-et-de-lhumain\\\/#primaryimage\",\"url\":\"https:\\\/\\\/talk.swiss\\\/wp-content\\\/uploads\\\/2024\\\/04\\\/Visuel_blog_LS.jpg\",\"contentUrl\":\"https:\\\/\\\/talk.swiss\\\/wp-content\\\/uploads\\\/2024\\\/04\\\/Visuel_blog_LS.jpg\",\"width\":1200,\"height\":627},{\"@type\":\"BreadcrumbList\",\"@id\":\"https:\\\/\\\/talk.swiss\\\/talkto-eveiller-sa-communication-et-sa-confiance-grace-a-lelan-du-collectif-et-de-lhumain\\\/#breadcrumb\",\"itemListElement\":[{\"@type\":\"ListItem\",\"position\":1,\"name\":\"Accueil\",\"item\":\"https:\\\/\\\/talk.swiss\\\/\"},{\"@type\":\"ListItem\",\"position\":2,\"name\":\"TalkTo : \u00e9veiller sa communication et sa confiance gr\u00e2ce \u00e0 l\u2019\u00e9lan du collectif et de l\u2019humain\"}]},{\"@type\":\"WebSite\",\"@id\":\"https:\\\/\\\/talk.swiss\\\/#website\",\"url\":\"https:\\\/\\\/talk.swiss\\\/\",\"name\":\"TALK.SWISS\",\"description\":\"Talk, la parole au centre\",\"publisher\":{\"@id\":\"https:\\\/\\\/talk.swiss\\\/#organization\"},\"potentialAction\":[{\"@type\":\"SearchAction\",\"target\":{\"@type\":\"EntryPoint\",\"urlTemplate\":\"https:\\\/\\\/talk.swiss\\\/?s={search_term_string}\"},\"query-input\":{\"@type\":\"PropertyValueSpecification\",\"valueRequired\":true,\"valueName\":\"search_term_string\"}}],\"inLanguage\":\"de-CH\"},{\"@type\":\"Organization\",\"@id\":\"https:\\\/\\\/talk.swiss\\\/#organization\",\"name\":\"TALK.SWISS\",\"url\":\"https:\\\/\\\/talk.swiss\\\/\",\"logo\":{\"@type\":\"ImageObject\",\"inLanguage\":\"de-CH\",\"@id\":\"https:\\\/\\\/talk.swiss\\\/#\\\/schema\\\/logo\\\/image\\\/\",\"url\":\"https:\\\/\\\/talk.swiss\\\/wp-content\\\/uploads\\\/2022\\\/08\\\/cropped-Talk_logo.png\",\"contentUrl\":\"https:\\\/\\\/talk.swiss\\\/wp-content\\\/uploads\\\/2022\\\/08\\\/cropped-Talk_logo.png\",\"width\":400,\"height\":400,\"caption\":\"TALK.SWISS\"},\"image\":{\"@id\":\"https:\\\/\\\/talk.swiss\\\/#\\\/schema\\\/logo\\\/image\\\/\"}},{\"@type\":\"Person\",\"@id\":\"https:\\\/\\\/talk.swiss\\\/#\\\/schema\\\/person\\\/e561e8c726fba568eaa4ee2712b1f043\",\"name\":\"Margaux Fazio\",\"image\":{\"@type\":\"ImageObject\",\"inLanguage\":\"de-CH\",\"@id\":\"https:\\\/\\\/secure.gravatar.com\\\/avatar\\\/c48efacdbd92c7c5165220228cede76810391f66ffa18c221c28729c5ce1bab9?s=96&d=mm&r=g\",\"url\":\"https:\\\/\\\/secure.gravatar.com\\\/avatar\\\/c48efacdbd92c7c5165220228cede76810391f66ffa18c221c28729c5ce1bab9?s=96&d=mm&r=g\",\"contentUrl\":\"https:\\\/\\\/secure.gravatar.com\\\/avatar\\\/c48efacdbd92c7c5165220228cede76810391f66ffa18c221c28729c5ce1bab9?s=96&d=mm&r=g\",\"caption\":\"Margaux Fazio\"},\"url\":\"https:\\\/\\\/talk.swiss\\\/de\\\/author\\\/margaux-faziotalk-swiss\\\/\"}]}<\/script>\n<!-- \/ Yoast SEO plugin. -->","yoast_head_json":{"title":"TalkTo : \u00e9veiller sa communication et sa confiance gr\u00e2ce \u00e0 l\u2019\u00e9lan du collectif et de l\u2019humain - TALK.SWISS","robots":{"index":"index","follow":"follow","max-snippet":"max-snippet:-1","max-image-preview":"max-image-preview:large","max-video-preview":"max-video-preview:-1"},"canonical":"https:\/\/talk.swiss\/de\/talkto-eveiller-sa-communication-et-sa-confiance-grace-a-lelan-du-collectif-et-de-lhumain\/","og_locale":"de_DE","og_type":"article","og_title":"TalkTo : \u00e9veiller sa communication et sa confiance gr\u00e2ce \u00e0 l\u2019\u00e9lan du collectif et de l\u2019humain - TALK.SWISS","og_description":"Les \u00e9motions sont souvent per\u00e7ues comme inappropri\u00e9e dans le contexte professionnel. Cependant l\u2019intelligence \u00e9motionnelle permet d\u2019en tirer de nombreux b\u00e9n\u00e9fices.","og_url":"https:\/\/talk.swiss\/de\/talkto-eveiller-sa-communication-et-sa-confiance-grace-a-lelan-du-collectif-et-de-lhumain\/","og_site_name":"TALK.SWISS","article_published_time":"2025-09-02T14:47:13+00:00","article_modified_time":"2025-10-28T07:41:25+00:00","og_image":[{"width":1200,"height":627,"url":"https:\/\/talk.swiss\/wp-content\/uploads\/2024\/04\/Visuel_blog_LS.jpg","type":"image\/jpeg"}],"author":"Margaux Fazio","twitter_card":"summary_large_image","twitter_misc":{"Geschrieben von":"Margaux Fazio","Gesch\u00e4tzte Lesezeit":"11\u00a0Minuten"},"schema":{"@context":"https:\/\/schema.org","@graph":[{"@type":"Article","@id":"https:\/\/talk.swiss\/talkto-eveiller-sa-communication-et-sa-confiance-grace-a-lelan-du-collectif-et-de-lhumain\/#article","isPartOf":{"@id":"https:\/\/talk.swiss\/talkto-eveiller-sa-communication-et-sa-confiance-grace-a-lelan-du-collectif-et-de-lhumain\/"},"author":{"name":"Margaux Fazio","@id":"https:\/\/talk.swiss\/#\/schema\/person\/e561e8c726fba568eaa4ee2712b1f043"},"headline":"TalkTo : \u00e9veiller sa communication et sa confiance gr\u00e2ce \u00e0 l\u2019\u00e9lan du collectif et de l\u2019humain","datePublished":"2025-09-02T14:47:13+00:00","dateModified":"2025-10-28T07:41:25+00:00","mainEntityOfPage":{"@id":"https:\/\/talk.swiss\/talkto-eveiller-sa-communication-et-sa-confiance-grace-a-lelan-du-collectif-et-de-lhumain\/"},"wordCount":2023,"publisher":{"@id":"https:\/\/talk.swiss\/#organization"},"image":{"@id":"https:\/\/talk.swiss\/talkto-eveiller-sa-communication-et-sa-confiance-grace-a-lelan-du-collectif-et-de-lhumain\/#primaryimage"},"thumbnailUrl":"https:\/\/talk.swiss\/wp-content\/uploads\/2024\/04\/Visuel_blog_LS.jpg","keywords":["Communication","Emotion","Prise de parole"],"articleSection":["Blog","Divers"],"inLanguage":"de-CH"},{"@type":"WebPage","@id":"https:\/\/talk.swiss\/talkto-eveiller-sa-communication-et-sa-confiance-grace-a-lelan-du-collectif-et-de-lhumain\/","url":"https:\/\/talk.swiss\/talkto-eveiller-sa-communication-et-sa-confiance-grace-a-lelan-du-collectif-et-de-lhumain\/","name":"TalkTo : \u00e9veiller sa communication et sa confiance gr\u00e2ce \u00e0 l\u2019\u00e9lan du collectif et de l\u2019humain - TALK.SWISS","isPartOf":{"@id":"https:\/\/talk.swiss\/#website"},"primaryImageOfPage":{"@id":"https:\/\/talk.swiss\/talkto-eveiller-sa-communication-et-sa-confiance-grace-a-lelan-du-collectif-et-de-lhumain\/#primaryimage"},"image":{"@id":"https:\/\/talk.swiss\/talkto-eveiller-sa-communication-et-sa-confiance-grace-a-lelan-du-collectif-et-de-lhumain\/#primaryimage"},"thumbnailUrl":"https:\/\/talk.swiss\/wp-content\/uploads\/2024\/04\/Visuel_blog_LS.jpg","datePublished":"2025-09-02T14:47:13+00:00","dateModified":"2025-10-28T07:41:25+00:00","breadcrumb":{"@id":"https:\/\/talk.swiss\/talkto-eveiller-sa-communication-et-sa-confiance-grace-a-lelan-du-collectif-et-de-lhumain\/#breadcrumb"},"inLanguage":"de-CH","potentialAction":[{"@type":"ReadAction","target":["https:\/\/talk.swiss\/talkto-eveiller-sa-communication-et-sa-confiance-grace-a-lelan-du-collectif-et-de-lhumain\/"]}]},{"@type":"ImageObject","inLanguage":"de-CH","@id":"https:\/\/talk.swiss\/talkto-eveiller-sa-communication-et-sa-confiance-grace-a-lelan-du-collectif-et-de-lhumain\/#primaryimage","url":"https:\/\/talk.swiss\/wp-content\/uploads\/2024\/04\/Visuel_blog_LS.jpg","contentUrl":"https:\/\/talk.swiss\/wp-content\/uploads\/2024\/04\/Visuel_blog_LS.jpg","width":1200,"height":627},{"@type":"BreadcrumbList","@id":"https:\/\/talk.swiss\/talkto-eveiller-sa-communication-et-sa-confiance-grace-a-lelan-du-collectif-et-de-lhumain\/#breadcrumb","itemListElement":[{"@type":"ListItem","position":1,"name":"Accueil","item":"https:\/\/talk.swiss\/"},{"@type":"ListItem","position":2,"name":"TalkTo : \u00e9veiller sa communication et sa confiance gr\u00e2ce \u00e0 l\u2019\u00e9lan du collectif et de l\u2019humain"}]},{"@type":"WebSite","@id":"https:\/\/talk.swiss\/#website","url":"https:\/\/talk.swiss\/","name":"TALK.SWISS","description":"Talk, das Wort im Mittelpunkt","publisher":{"@id":"https:\/\/talk.swiss\/#organization"},"potentialAction":[{"@type":"SearchAction","target":{"@type":"EntryPoint","urlTemplate":"https:\/\/talk.swiss\/?s={search_term_string}"},"query-input":{"@type":"PropertyValueSpecification","valueRequired":true,"valueName":"search_term_string"}}],"inLanguage":"de-CH"},{"@type":"Organization","@id":"https:\/\/talk.swiss\/#organization","name":"TALK.SWISS","url":"https:\/\/talk.swiss\/","logo":{"@type":"ImageObject","inLanguage":"de-CH","@id":"https:\/\/talk.swiss\/#\/schema\/logo\/image\/","url":"https:\/\/talk.swiss\/wp-content\/uploads\/2022\/08\/cropped-Talk_logo.png","contentUrl":"https:\/\/talk.swiss\/wp-content\/uploads\/2022\/08\/cropped-Talk_logo.png","width":400,"height":400,"caption":"TALK.SWISS"},"image":{"@id":"https:\/\/talk.swiss\/#\/schema\/logo\/image\/"}},{"@type":"Person","@id":"https:\/\/talk.swiss\/#\/schema\/person\/e561e8c726fba568eaa4ee2712b1f043","name":"Margaux Fazio","image":{"@type":"ImageObject","inLanguage":"de-CH","@id":"https:\/\/secure.gravatar.com\/avatar\/c48efacdbd92c7c5165220228cede76810391f66ffa18c221c28729c5ce1bab9?s=96&d=mm&r=g","url":"https:\/\/secure.gravatar.com\/avatar\/c48efacdbd92c7c5165220228cede76810391f66ffa18c221c28729c5ce1bab9?s=96&d=mm&r=g","contentUrl":"https:\/\/secure.gravatar.com\/avatar\/c48efacdbd92c7c5165220228cede76810391f66ffa18c221c28729c5ce1bab9?s=96&d=mm&r=g","caption":"Margaux Fazio"},"url":"https:\/\/talk.swiss\/de\/author\/margaux-faziotalk-swiss\/"}]}},"_links":{"self":[{"href":"https:\/\/talk.swiss\/de\/wp-json\/wp\/v2\/posts\/8386","targetHints":{"allow":["GET"]}}],"collection":[{"href":"https:\/\/talk.swiss\/de\/wp-json\/wp\/v2\/posts"}],"about":[{"href":"https:\/\/talk.swiss\/de\/wp-json\/wp\/v2\/types\/post"}],"author":[{"embeddable":true,"href":"https:\/\/talk.swiss\/de\/wp-json\/wp\/v2\/users\/19"}],"replies":[{"embeddable":true,"href":"https:\/\/talk.swiss\/de\/wp-json\/wp\/v2\/comments?post=8386"}],"version-history":[{"count":7,"href":"https:\/\/talk.swiss\/de\/wp-json\/wp\/v2\/posts\/8386\/revisions"}],"predecessor-version":[{"id":8435,"href":"https:\/\/talk.swiss\/de\/wp-json\/wp\/v2\/posts\/8386\/revisions\/8435"}],"wp:featuredmedia":[{"embeddable":true,"href":"https:\/\/talk.swiss\/de\/wp-json\/wp\/v2\/media\/7084"}],"wp:attachment":[{"href":"https:\/\/talk.swiss\/de\/wp-json\/wp\/v2\/media?parent=8386"}],"wp:term":[{"taxonomy":"category","embeddable":true,"href":"https:\/\/talk.swiss\/de\/wp-json\/wp\/v2\/categories?post=8386"},{"taxonomy":"post_tag","embeddable":true,"href":"https:\/\/talk.swiss\/de\/wp-json\/wp\/v2\/tags?post=8386"}],"curies":[{"name":"wp","href":"https:\/\/api.w.org\/{rel}","templated":true}]}}