{"id":7238,"date":"2024-04-30T13:31:02","date_gmt":"2024-04-30T11:31:02","guid":{"rendered":"https:\/\/talk.swiss\/?p=7238"},"modified":"2024-05-13T19:10:41","modified_gmt":"2024-05-13T17:10:41","slug":"lorganisation-face-a-ses-emotions-un-voyage-initiatique","status":"publish","type":"post","link":"https:\/\/talk.swiss\/de\/lorganisation-face-a-ses-emotions-un-voyage-initiatique\/","title":{"rendered":"Die Organisation im Umgang mit ihren Emotionen: eine Initiationsreise"},"content":{"rendered":"<div data-elementor-type=\"wp-post\" data-elementor-id=\"7238\" class=\"elementor elementor-7238\" data-elementor-post-type=\"post\">\n\t\t\t\t\t\t<section class=\"elementor-section elementor-top-section elementor-element elementor-element-5921726 elementor-section-boxed elementor-section-height-default elementor-section-height-default\" data-id=\"5921726\" data-element_type=\"section\" data-e-type=\"section\">\n\t\t\t\t\t\t<div class=\"elementor-container elementor-column-gap-default\">\n\t\t\t\t\t<div class=\"elementor-column elementor-col-100 elementor-top-column elementor-element elementor-element-62fc3165\" data-id=\"62fc3165\" data-element_type=\"column\" data-e-type=\"column\">\n\t\t\t<div class=\"elementor-widget-wrap elementor-element-populated\">\n\t\t\t\t\t\t<div class=\"elementor-element elementor-element-99098ce elementor-widget elementor-widget-text-editor\" data-id=\"99098ce\" data-element_type=\"widget\" data-e-type=\"widget\" data-widget_type=\"text-editor.default\">\n\t\t\t\t<div class=\"elementor-widget-container\">\n\t\t\t\t\t\t\t\t\t<p>Von Laurent Sch\u00fctz<\/p>\t\t\t\t\t\t\t\t<\/div>\n\t\t\t\t<\/div>\n\t\t\t\t<div class=\"elementor-element elementor-element-5c488380 elementor-widget elementor-widget-text-editor\" data-id=\"5c488380\" data-element_type=\"widget\" data-e-type=\"widget\" data-widget_type=\"text-editor.default\">\n\t\t\t\t<div class=\"elementor-widget-container\">\n\t\t\t\t\t\t\t\t\t<p><span class=\"TextRun MacChromeBold SCXW25202821 BCX0\" lang=\"FR-FR\" xml:lang=\"FR-FR\" data-contrast=\"auto\"><span class=\"NormalTextRun SCXW25202821 BCX0\" data-ccp-parastyle=\"Title\">Im ersten Teil unserer \u00dcberlegungen erinnerten wir an die Grundz\u00fcge der emotionalen Intelligenz und tr\u00e4umten davon, sie auf unsere Organisationen anwenden zu k\u00f6nnen. Doch wie l\u00e4sst sich diese Intuition in die Tat umsetzen<\/span><\/span><span class=\"TextRun MacChromeBold SCXW25202821 BCX0\" lang=\"FR-FR\" xml:lang=\"FR-FR\" data-contrast=\"auto\"><span class=\"NormalTextRun SCXW25202821 BCX0\" data-ccp-parastyle=\"Title\">\u202f<\/span><\/span><span class=\"TextRun MacChromeBold SCXW25202821 BCX0\" lang=\"FR-FR\" xml:lang=\"FR-FR\" data-contrast=\"auto\"><span class=\"NormalTextRun SCXW25202821 BCX0\" data-ccp-parastyle=\"Title\">?<\/span> <span class=\"NormalTextRun SCXW25202821 BCX0\" data-ccp-parastyle=\"Title\">Das ist eine ganz sch\u00f6ne Herausforderung! <\/span><span class=\"NormalTextRun SCXW25202821 BCX0\" data-ccp-parastyle=\"Title\">Dennoch q<\/span><span class=\"NormalTextRun SCXW25202821 BCX0\" data-ccp-parastyle=\"Title\">Einige <\/span><span class=\"NormalTextRun SCXW25202821 BCX0\" data-ccp-parastyle=\"Title\">Aktionen<\/span><span class=\"NormalTextRun SCXW25202821 BCX0\" data-ccp-parastyle=\"Title\"> einfach und zug\u00e4nglich <\/span><span class=\"NormalTextRun SCXW25202821 BCX0\" data-ccp-parastyle=\"Title\">erm\u00f6glicht<\/span><span class=\"NormalTextRun SCXW25202821 BCX0\" data-ccp-parastyle=\"Title\">tent <\/span><span class=\"NormalTextRun SCXW25202821 BCX0\" data-ccp-parastyle=\"Title\">bereits d<\/span><span class=\"NormalTextRun SCXW25202821 BCX0\" data-ccp-parastyle=\"Title\">eine konkrete und tragende Arbeit initiieren. <\/span><span class=\"NormalTextRun SCXW25202821 BCX0\" data-ccp-parastyle=\"Title\">Und\u00a0<\/span> <span class=\"NormalTextRun SCXW25202821 BCX0\" data-ccp-parastyle=\"Title\">unsere Fernen <\/span><span class=\"NormalTextRun SCXW25202821 BCX0\" data-ccp-parastyle=\"Title\">Vorfahren<\/span><span class=\"NormalTextRun SCXW25202821 BCX0\" data-ccp-parastyle=\"Title\">Die besten Geschichtenerz\u00e4hler<\/span><span class=\"NormalTextRun SCXW25202821 BCX0\" data-ccp-parastyle=\"Title\">,<\/span><span class=\"NormalTextRun SCXW25202821 BCX0\" data-ccp-parastyle=\"Title\"> die uns weitergegeben haben<\/span> <span class=\"NormalTextRun SCXW25202821 BCX0\" data-ccp-parastyle=\"Title\">l<\/span><span class=\"NormalTextRun SCXW25202821 BCX0\" data-ccp-parastyle=\"Title\">ie Erz\u00e4hlungen und <\/span><span class=\"NormalTextRun SCXW25202821 BCX0\" data-ccp-parastyle=\"Title\">l<\/span><span class=\"NormalTextRun SCXW25202821 BCX0\" data-ccp-parastyle=\"Title\">die Mythen <\/span><span class=\"NormalTextRun SCXW25202821 BCX0\" data-ccp-parastyle=\"Title\">die <\/span><span class=\"NormalTextRun SCXW25202821 BCX0\" data-ccp-parastyle=\"Title\">bev\u00f6lkern noch immer unsere Vorstellungswelt<\/span><span class=\"NormalTextRun SCXW25202821 BCX0\" data-ccp-parastyle=\"Title\"> Kollektiv<\/span><span class=\"NormalTextRun SCXW25202821 BCX0\" data-ccp-parastyle=\"Title\"> fl\u00fcstern uns einen vielversprechenden Hinweis zu.<\/span><\/span><span class=\"EOP SCXW25202821 BCX0\" data-ccp-props=\"{&quot;201341983&quot;:0,&quot;335559739&quot;:80,&quot;335559740&quot;:240}\">\u00a0<\/span><\/p>\t\t\t\t\t\t\t\t<\/div>\n\t\t\t\t<\/div>\n\t\t\t\t\t<\/div>\n\t\t<\/div>\n\t\t\t\t\t<\/div>\n\t\t<\/section>\n\t\t\t\t<section class=\"elementor-section elementor-top-section elementor-element elementor-element-fa759a3 elementor-section-boxed elementor-section-height-default elementor-section-height-default\" data-id=\"fa759a3\" data-element_type=\"section\" data-e-type=\"section\">\n\t\t\t\t\t\t<div class=\"elementor-container elementor-column-gap-default\">\n\t\t\t\t\t<div class=\"elementor-column elementor-col-100 elementor-top-column elementor-element elementor-element-9747d2f\" data-id=\"9747d2f\" data-element_type=\"column\" data-e-type=\"column\">\n\t\t\t<div class=\"elementor-widget-wrap elementor-element-populated\">\n\t\t\t\t\t\t<div class=\"elementor-element elementor-element-2332cca elementor-widget elementor-widget-heading\" data-id=\"2332cca\" data-element_type=\"widget\" data-e-type=\"widget\" data-widget_type=\"heading.default\">\n\t\t\t\t<div class=\"elementor-widget-container\">\n\t\t\t\t\t<h2 class=\"elementor-heading-title elementor-size-xl\">Der emotionale Zustand Ihrer Organisation<\/h2>\t\t\t\t<\/div>\n\t\t\t\t<\/div>\n\t\t\t\t<div class=\"elementor-element elementor-element-cf4db14 elementor-widget elementor-widget-text-editor\" data-id=\"cf4db14\" data-element_type=\"widget\" data-e-type=\"widget\" data-widget_type=\"text-editor.default\">\n\t\t\t\t<div class=\"elementor-widget-container\">\n\t\t\t\t\t\t\t\t\t<p><span data-contrast=\"auto\">Die Frage nach der emotionalen Intelligenz einer Organisation zu stellen, bedeutet nicht nur, sich zu fragen, ob sie in der Lage ist, die Emotionen der Menschen, die sie bilden, zu ber\u00fccksichtigen. Es bedeutet vor allem, sich zu fragen:\u00a0<\/span><span data-ccp-props=\"{&quot;201341983&quot;:0,&quot;335551550&quot;:6,&quot;335551620&quot;:6,&quot;335559739&quot;:160,&quot;335559740&quot;:259}\">\u00a0<\/span><\/p><p>\u00a0<\/p>\t\t\t\t\t\t\t\t<\/div>\n\t\t\t\t<\/div>\n\t\t\t\t<div class=\"elementor-element elementor-element-f73b66a animated-slow elementor-list-item-link-inline elementor-icon-list--layout-traditional elementor-widget elementor-widget-icon-list\" data-id=\"f73b66a\" data-element_type=\"widget\" data-e-type=\"widget\" data-settings=\"{&quot;_animation&quot;:&quot;none&quot;}\" data-widget_type=\"icon-list.default\">\n\t\t\t\t<div class=\"elementor-widget-container\">\n\t\t\t\t\t\t\t<ul class=\"elementor-icon-list-items\">\n\t\t\t\t\t\t\t<li class=\"elementor-icon-list-item\">\n\t\t\t\t\t\t\t\t\t\t\t<span class=\"elementor-icon-list-icon\">\n\t\t\t\t\t\t\t<i aria-hidden=\"true\" class=\"fas fa-chevron-right\"><\/i>\t\t\t\t\t\t<\/span>\n\t\t\t\t\t\t\t\t\t\t<span class=\"elementor-icon-list-text\">Wie ist der emotionale Zustand der Organisation selbst?\u00a0<\/span>\n\t\t\t\t\t\t\t\t\t<\/li>\n\t\t\t\t\t\t\t\t<li class=\"elementor-icon-list-item\">\n\t\t\t\t\t\t\t\t\t\t\t<span class=\"elementor-icon-list-icon\">\n\t\t\t\t\t\t\t<i aria-hidden=\"true\" class=\"fas fa-chevron-right\"><\/i>\t\t\t\t\t\t<\/span>\n\t\t\t\t\t\t\t\t\t\t<span class=\"elementor-icon-list-text\">Und wie gut ist sie in der Lage, mit dieser Dimension umzugehen und sie konstruktiv zu nutzen?\u00a0<\/span>\n\t\t\t\t\t\t\t\t\t<\/li>\n\t\t\t\t\t\t<\/ul>\n\t\t\t\t\t\t<\/div>\n\t\t\t\t<\/div>\n\t\t\t\t<div class=\"elementor-element elementor-element-4e796c8 elementor-widget elementor-widget-text-editor\" data-id=\"4e796c8\" data-element_type=\"widget\" data-e-type=\"widget\" data-widget_type=\"text-editor.default\">\n\t\t\t\t<div class=\"elementor-widget-container\">\n\t\t\t\t\t\t\t\t\t<p><span data-contrast=\"auto\">Emotionen sind ansteckend, das wissen wir aus Erfahrung! Und in unseren Unternehmen erfolgt diese Ansteckung meist auf informellen und umst\u00e4ndlichen Wegen. Sie findet eher auf den Fluren und in der Cafeteria statt als in offiziellen Gremien. \u00c4hnlich wie unsere eigenen Emotionen, die sich uns ohne unser Wissen aufdr\u00e4ngen, wird der emotionale Zustand einer Organisation unterhalb ihres Bewusstseins und weit au\u00dferhalb ihrer Kontrolle aufgebaut.<\/span><\/p>\t\t\t\t\t\t\t\t<\/div>\n\t\t\t\t<\/div>\n\t\t\t\t\t<\/div>\n\t\t<\/div>\n\t\t\t\t\t<\/div>\n\t\t<\/section>\n\t\t\t\t<section class=\"elementor-section elementor-top-section elementor-element elementor-element-9df7beb elementor-section-boxed elementor-section-height-default elementor-section-height-default\" data-id=\"9df7beb\" data-element_type=\"section\" data-e-type=\"section\">\n\t\t\t\t\t\t<div class=\"elementor-container elementor-column-gap-default\">\n\t\t\t\t\t<div class=\"elementor-column elementor-col-100 elementor-top-column elementor-element elementor-element-54a3ee4\" data-id=\"54a3ee4\" data-element_type=\"column\" data-e-type=\"column\">\n\t\t\t<div class=\"elementor-widget-wrap elementor-element-populated\">\n\t\t\t\t\t\t<div class=\"elementor-element elementor-element-6655fff elementor-widget elementor-widget-heading\" data-id=\"6655fff\" data-element_type=\"widget\" data-e-type=\"widget\" data-widget_type=\"heading.default\">\n\t\t\t\t<div class=\"elementor-widget-container\">\n\t\t\t\t\t<h2 class=\"elementor-heading-title elementor-size-xl\">Ein kollektives emotionales Bewusstsein entwickeln<\/h2>\t\t\t\t<\/div>\n\t\t\t\t<\/div>\n\t\t\t\t<div class=\"elementor-element elementor-element-790ae45 elementor-widget elementor-widget-text-editor\" data-id=\"790ae45\" data-element_type=\"widget\" data-e-type=\"widget\" data-widget_type=\"text-editor.default\">\n\t\t\t\t<div class=\"elementor-widget-container\">\n\t\t\t\t\t\t\t\t\t<p><span data-contrast=\"auto\">Diese Str\u00f6me transparenter zu machen, aufmerksamer zu werden und Emotionen als wesentliche Informationen zu integrieren, w\u00e4re daher ein n\u00fctzlicher erster Schritt. Emotionen, die sichtbar gemacht werden, w\u00fcrden besser aufgenommen und somit leichter in die Denkweise des Alltags integriert werden.\u00a0<\/span><span data-ccp-props=\"{&quot;201341983&quot;:0,&quot;335551550&quot;:6,&quot;335551620&quot;:6,&quot;335559739&quot;:160,&quot;335559740&quot;:259}\">\u00a0<\/span><\/p>\t\t\t\t\t\t\t\t<\/div>\n\t\t\t\t<\/div>\n\t\t\t\t\t<\/div>\n\t\t<\/div>\n\t\t\t\t\t<\/div>\n\t\t<\/section>\n\t\t\t\t<section class=\"elementor-section elementor-top-section elementor-element elementor-element-7ac0d08 elementor-section-boxed elementor-section-height-default elementor-section-height-default\" data-id=\"7ac0d08\" data-element_type=\"section\" data-e-type=\"section\">\n\t\t\t\t\t\t<div class=\"elementor-container elementor-column-gap-default\">\n\t\t\t\t\t<div class=\"elementor-column elementor-col-50 elementor-top-column elementor-element elementor-element-1090b38\" data-id=\"1090b38\" data-element_type=\"column\" data-e-type=\"column\">\n\t\t\t<div class=\"elementor-widget-wrap elementor-element-populated\">\n\t\t\t\t\t\t<div class=\"elementor-element elementor-element-b53a26c elementor-widget__width-initial elementor-widget elementor-widget-text-editor\" data-id=\"b53a26c\" data-element_type=\"widget\" data-e-type=\"widget\" data-widget_type=\"text-editor.default\">\n\t\t\t\t<div class=\"elementor-widget-container\">\n\t\t\t\t\t\t\t\t\t<p><span data-contrast=\"auto\">Die St\u00e4rkung des emotionalen Bewusstseins der Organisation bedeutet also bereits, dieser Dimension ihren angemessenen Platz einzur\u00e4umen, zuzuh\u00f6ren, Gef\u00fchle offen zu verbalisieren und eine Art und Weise zu entwickeln, \u00fcber diese Gef\u00fchle zu sprechen, die in direktem Zusammenhang mit den Aktionen und den <\/span><span data-contrast=\"auto\">Entscheidungen<\/span><span data-contrast=\"auto\"> die wir einnehmen.\u00a0<\/span><span data-ccp-props=\"{&quot;201341983&quot;:0,&quot;335551550&quot;:6,&quot;335551620&quot;:6,&quot;335559739&quot;:160,&quot;335559740&quot;:259}\">\u00a0<\/span><\/p><p><span data-contrast=\"auto\">N<\/span><span data-contrast=\"none\">nsere Wette lautet, dass es m\u00f6glich sein muss, diese R\u00e4ume zu schaffen, in denen gesprochen und gef\u00fchlt werden kann - R\u00e4ume im Tun, im Handeln, in der Arbeit und in den Sitzungen.<\/span><span data-ccp-props=\"{&quot;201341983&quot;:0,&quot;335551550&quot;:6,&quot;335551620&quot;:6,&quot;335559739&quot;:160,&quot;335559740&quot;:259}\">\u00a0<\/span><\/p>\t\t\t\t\t\t\t\t<\/div>\n\t\t\t\t<\/div>\n\t\t\t\t\t<\/div>\n\t\t<\/div>\n\t\t\t\t<div class=\"elementor-column elementor-col-50 elementor-top-column elementor-element elementor-element-9277db9\" data-id=\"9277db9\" data-element_type=\"column\" data-e-type=\"column\" data-settings=\"{&quot;background_background&quot;:&quot;classic&quot;}\">\n\t\t\t<div class=\"elementor-widget-wrap elementor-element-populated\">\n\t\t\t\t\t<div class=\"elementor-background-overlay\"><\/div>\n\t\t\t\t\t\t\t<\/div>\n\t\t<\/div>\n\t\t\t\t\t<\/div>\n\t\t<\/section>\n\t\t\t\t<section class=\"elementor-section elementor-top-section elementor-element elementor-element-92db3a0 elementor-section-boxed elementor-section-height-default elementor-section-height-default\" data-id=\"92db3a0\" data-element_type=\"section\" data-e-type=\"section\">\n\t\t\t\t\t\t<div class=\"elementor-container elementor-column-gap-default\">\n\t\t\t\t\t<div class=\"elementor-column elementor-col-100 elementor-top-column elementor-element elementor-element-0ff942f\" data-id=\"0ff942f\" data-element_type=\"column\" data-e-type=\"column\">\n\t\t\t<div class=\"elementor-widget-wrap elementor-element-populated\">\n\t\t\t\t\t\t<div class=\"elementor-element elementor-element-f70c78d elementor-widget elementor-widget-heading\" data-id=\"f70c78d\" data-element_type=\"widget\" data-e-type=\"widget\" data-widget_type=\"heading.default\">\n\t\t\t\t<div class=\"elementor-widget-container\">\n\t\t\t\t\t<h2 class=\"elementor-heading-title elementor-size-xl\">Die transformierende Kraft von Erz\u00e4hlungen<\/h2>\t\t\t\t<\/div>\n\t\t\t\t<\/div>\n\t\t\t\t<div class=\"elementor-element elementor-element-f5bf181 elementor-widget elementor-widget-text-editor\" data-id=\"f5bf181\" data-element_type=\"widget\" data-e-type=\"widget\" data-widget_type=\"text-editor.default\">\n\t\t\t\t<div class=\"elementor-widget-container\">\n\t\t\t\t\t\t\t\t\t<p><span data-contrast=\"auto\">Mit dem neuen emotionalen Bewusstsein k\u00f6nnte die Organisation beginnen, Strategien zu entwickeln, um ihre Herausforderungen besser zu bew\u00e4ltigen. Zun\u00e4chst, um den emotional g\u00fcnstigen Zeitpunkt f\u00fcr Handlungen oder Entscheidungen besser zu w\u00e4hlen. Zweitens, um die Dinge feinf\u00fchliger anzugehen, um konstruktive Emotionen zu wecken oder Verletzungen zu verhindern.\u00a0<\/span><span data-ccp-props=\"{&quot;201341983&quot;:0,&quot;335551550&quot;:6,&quot;335551620&quot;:6,&quot;335559739&quot;:160,&quot;335559740&quot;:259}\">\u00a0<\/span><\/p><p><span data-contrast=\"auto\">Aber es gibt einen m\u00e4chtigeren Hebel, der unser menschliches Abenteuer seit Urzeiten begleitet und dem wir bei Talk eine gro\u00dfe Bedeutung beimessen: das Erz\u00e4hlen. Neben den Ereignissen, von denen sie berichten, transportieren die Geschichten, die wir teilen, auch Emotionen, die unsere Kultur und unsere Vorstellungen nachhaltig pr\u00e4gen.<\/span><span data-ccp-props=\"{&quot;201341983&quot;:0,&quot;335551550&quot;:6,&quot;335551620&quot;:6,&quot;335559739&quot;:160,&quot;335559740&quot;:259}\">\u00a0<\/span><\/p><p><span data-contrast=\"auto\">\u00a0<\/span><span data-contrast=\"auto\">Starke Gr\u00fcndungsgeschichten teilen, strategische Wendungen in Epen verwandeln, aber auch ein offenes Ohr f\u00fcr die Erfahrungen des Alltags haben<\/span><span data-contrast=\"auto\">. Dies<\/span><span data-contrast=\"auto\"> verleiht dem Stolz der Teams Gestalt und verk\u00f6rpert die Werte, die am Werk sind <\/span><span data-contrast=\"auto\">in <\/span><span data-contrast=\"auto\">die Organisation<\/span><span data-contrast=\"auto\">. Dies hat <\/span><span data-contrast=\"auto\">eine gro\u00dfe Auswirkung auf die Entwicklung der emotionalen Managementkompetenz unserer Unternehmen.<\/span><span data-ccp-props=\"{&quot;201341983&quot;:0,&quot;335551550&quot;:6,&quot;335551620&quot;:6,&quot;335559739&quot;:160,&quot;335559740&quot;:259}\">\u00a0<\/span><\/p>\t\t\t\t\t\t\t\t<\/div>\n\t\t\t\t<\/div>\n\t\t\t\t\t<\/div>\n\t\t<\/div>\n\t\t\t\t\t<\/div>\n\t\t<\/section>\n\t\t\t\t<section class=\"elementor-section elementor-top-section elementor-element elementor-element-5a8704f elementor-section-boxed elementor-section-height-default elementor-section-height-default\" data-id=\"5a8704f\" data-element_type=\"section\" data-e-type=\"section\">\n\t\t\t\t\t\t<div class=\"elementor-container elementor-column-gap-default\">\n\t\t\t\t\t<div class=\"elementor-column elementor-col-100 elementor-top-column elementor-element elementor-element-7bdef56\" data-id=\"7bdef56\" data-element_type=\"column\" data-e-type=\"column\" data-settings=\"{&quot;background_background&quot;:&quot;classic&quot;}\">\n\t\t\t<div class=\"elementor-widget-wrap elementor-element-populated\">\n\t\t\t\t\t<div class=\"elementor-background-overlay\"><\/div>\n\t\t\t\t\t\t<div class=\"elementor-element elementor-element-724916a elementor-widget elementor-widget-heading\" data-id=\"724916a\" data-element_type=\"widget\" data-e-type=\"widget\" data-widget_type=\"heading.default\">\n\t\t\t\t<div class=\"elementor-widget-container\">\n\t\t\t\t\t<h2 class=\"elementor-heading-title elementor-size-default\">Den Emotionen im eigenen Unternehmen Raum geben, ihnen zuh\u00f6ren und sie offen verbalisieren.<\/h2>\t\t\t\t<\/div>\n\t\t\t\t<\/div>\n\t\t\t\t\t<\/div>\n\t\t<\/div>\n\t\t\t\t\t<\/div>\n\t\t<\/section>\n\t\t\t\t<section class=\"elementor-section elementor-top-section elementor-element elementor-element-16b465c elementor-section-boxed elementor-section-height-default elementor-section-height-default\" data-id=\"16b465c\" data-element_type=\"section\" data-e-type=\"section\">\n\t\t\t\t\t\t<div class=\"elementor-container elementor-column-gap-default\">\n\t\t\t\t\t<div class=\"elementor-column elementor-col-100 elementor-top-column elementor-element elementor-element-f35774f\" data-id=\"f35774f\" data-element_type=\"column\" data-e-type=\"column\">\n\t\t\t<div class=\"elementor-widget-wrap elementor-element-populated\">\n\t\t\t\t\t\t<div class=\"elementor-element elementor-element-ccbd065 elementor-widget elementor-widget-heading\" data-id=\"ccbd065\" data-element_type=\"widget\" data-e-type=\"widget\" data-widget_type=\"heading.default\">\n\t\t\t\t<div class=\"elementor-widget-container\">\n\t\t\t\t\t<h2 class=\"elementor-heading-title elementor-size-xl\">Auf dem Weg zu einer neuen Vision von Emotionen in Unternehmen<\/h2>\t\t\t\t<\/div>\n\t\t\t\t<\/div>\n\t\t\t\t<div class=\"elementor-element elementor-element-2f66fe2 elementor-widget elementor-widget-text-editor\" data-id=\"2f66fe2\" data-element_type=\"widget\" data-e-type=\"widget\" data-widget_type=\"text-editor.default\">\n\t\t\t\t<div class=\"elementor-widget-container\">\n\t\t\t\t\t\t\t\t\t<p><span data-contrast=\"none\">Kann eine Organisation den Mut haben, einen Paradigmenwechsel vorzunehmen und sich f\u00fcr Emotionen als Ressource und Reichtum zu \u00f6ffnen?<\/span> <span data-contrast=\"none\">Wir wollen glauben, dass es m\u00f6glich ist!\u00a0<\/span><span data-ccp-props=\"{&quot;201341983&quot;:0,&quot;335551550&quot;:6,&quot;335551620&quot;:6,&quot;335559739&quot;:160,&quot;335559740&quot;:259}\">\u00a0<\/span><\/p><p><span data-contrast=\"none\">Dank unserer Technologie und unserer jahrelangen Arbeit mit Emotionen konnten wir die Auswirkungen auf Einzelpersonen, aber auch auf Kollektive messen<\/span><span data-contrast=\"none\">. Wir\u00a0<\/span><span data-contrast=\"none\">sind davon \u00fcberzeugt, dass ein aufmerksamer Prozess, der durch starke Lerninstrumente und -methoden unterst\u00fctzt wird, diese Entwicklung hin zu kollektiver emotionaler Reife bewirken kann.<\/span><span data-ccp-props=\"{&quot;201341983&quot;:0,&quot;335551550&quot;:6,&quot;335551620&quot;:6,&quot;335559739&quot;:160,&quot;335559740&quot;:259}\">\u00a0<\/span><\/p><p><span data-contrast=\"none\">\u00dcber diese wenigen Ans\u00e4tze hinaus sind wir \u00fcberzeugt, dass es noch viel gemeinsam zu entdecken und zu erdenken gibt. <\/span><span data-contrast=\"none\">R<\/span><span data-contrast=\"none\">lassen Sie uns  zusammenstellen<\/span><span data-contrast=\"none\">-Wir und inspirieren uns durch <\/span><span data-contrast=\"none\">der <\/span><span data-contrast=\"none\">Ideen und <\/span><span data-contrast=\"none\">von <\/span><span data-contrast=\"none\">guten Praktiken am 30. Mai.<\/span><\/p>\t\t\t\t\t\t\t\t<\/div>\n\t\t\t\t<\/div>\n\t\t\t\t\t<\/div>\n\t\t<\/div>\n\t\t\t\t\t<\/div>\n\t\t<\/section>\n\t\t\t\t<section class=\"elementor-section elementor-top-section elementor-element elementor-element-5736b3f elementor-section-boxed elementor-section-height-default elementor-section-height-default\" data-id=\"5736b3f\" data-element_type=\"section\" data-e-type=\"section\">\n\t\t\t\t\t\t<div class=\"elementor-container elementor-column-gap-default\">\n\t\t\t\t\t<div class=\"elementor-column elementor-col-100 elementor-top-column elementor-element elementor-element-aa22c2c\" data-id=\"aa22c2c\" data-element_type=\"column\" data-e-type=\"column\">\n\t\t\t<div class=\"elementor-widget-wrap elementor-element-populated\">\n\t\t\t\t\t\t<div class=\"elementor-element elementor-element-50ae48c elementor-widget elementor-widget-image\" data-id=\"50ae48c\" data-element_type=\"widget\" data-e-type=\"widget\" data-widget_type=\"image.default\">\n\t\t\t\t<div class=\"elementor-widget-container\">\n\t\t\t\t\t\t\t\t\t\t\t\t\t\t\t\t<a href=\"https:\/\/infomaniak.events\/shop\/iqKAvq5nR2\/?utm_source=Site+web_+talk.swiss+&#038;utm_medium=site+web&#038;utm_campaign=Ev%C3%A9nement+talk+30+mai+%20\">\n\t\t\t\t\t\t\t<img fetchpriority=\"high\" decoding=\"async\" width=\"2048\" height=\"570\" src=\"https:\/\/talk.swiss\/wp-content\/uploads\/2024\/04\/banner_article.jpg\" class=\"attachment-full size-full wp-image-7144\" alt=\"\" srcset=\"https:\/\/talk.swiss\/wp-content\/uploads\/2024\/04\/banner_article.jpg 2048w, https:\/\/talk.swiss\/wp-content\/uploads\/2024\/04\/banner_article-300x83.jpg 300w, https:\/\/talk.swiss\/wp-content\/uploads\/2024\/04\/banner_article-1024x285.jpg 1024w, https:\/\/talk.swiss\/wp-content\/uploads\/2024\/04\/banner_article-768x214.jpg 768w, https:\/\/talk.swiss\/wp-content\/uploads\/2024\/04\/banner_article-1536x428.jpg 1536w, https:\/\/talk.swiss\/wp-content\/uploads\/2024\/04\/banner_article-18x5.jpg 18w\" sizes=\"(max-width: 2048px) 100vw, 2048px\" \/>\t\t\t\t\t\t\t\t<\/a>\n\t\t\t\t\t\t\t\t\t\t\t\t\t\t\t<\/div>\n\t\t\t\t<\/div>\n\t\t\t\t\t<\/div>\n\t\t<\/div>\n\t\t\t\t\t<\/div>\n\t\t<\/section>\n\t\t\t\t<section class=\"elementor-section elementor-top-section elementor-element elementor-element-3d69224 elementor-section-boxed elementor-section-height-default elementor-section-height-default\" data-id=\"3d69224\" data-element_type=\"section\" data-e-type=\"section\">\n\t\t\t\t\t\t<div class=\"elementor-container elementor-column-gap-default\">\n\t\t\t\t\t<div class=\"elementor-column elementor-col-100 elementor-top-column elementor-element elementor-element-b3e011f\" data-id=\"b3e011f\" data-element_type=\"column\" data-e-type=\"column\">\n\t\t\t<div class=\"elementor-widget-wrap elementor-element-populated\">\n\t\t\t\t\t\t<div class=\"elementor-element elementor-element-797716f elementor-align-left elementor-widget__width-initial elementor-widget elementor-widget-button\" data-id=\"797716f\" data-element_type=\"widget\" data-e-type=\"widget\" data-widget_type=\"button.default\">\n\t\t\t\t<div class=\"elementor-widget-container\">\n\t\t\t\t\t\t\t\t\t<div class=\"elementor-button-wrapper\">\n\t\t\t\t\t<a class=\"elementor-button elementor-button-link elementor-size-sm\" href=\"https:\/\/talk.swiss\/de\/solution\/\">\n\t\t\t\t\t\t<span class=\"elementor-button-content-wrapper\">\n\t\t\t\t\t\t\t\t\t<span class=\"elementor-button-text\">Entdecken Sie unsere L\u00f6sung<\/span>\n\t\t\t\t\t<\/span>\n\t\t\t\t\t<\/a>\n\t\t\t\t<\/div>\n\t\t\t\t\t\t\t\t<\/div>\n\t\t\t\t<\/div>\n\t\t\t\t\t<\/div>\n\t\t<\/div>\n\t\t\t\t\t<\/div>\n\t\t<\/section>\n\t\t\t\t<section class=\"elementor-section elementor-top-section elementor-element elementor-element-a93c517 elementor-section-boxed elementor-section-height-default elementor-section-height-default\" data-id=\"a93c517\" data-element_type=\"section\" data-e-type=\"section\">\n\t\t\t\t\t\t<div class=\"elementor-container elementor-column-gap-default\">\n\t\t\t\t\t<div class=\"elementor-column elementor-col-100 elementor-top-column elementor-element elementor-element-7a65565\" data-id=\"7a65565\" data-element_type=\"column\" data-e-type=\"column\">\n\t\t\t<div class=\"elementor-widget-wrap elementor-element-populated\">\n\t\t\t\t\t\t<div class=\"elementor-element elementor-element-e08f1e6 elementor-widget elementor-widget-spacer\" data-id=\"e08f1e6\" data-element_type=\"widget\" data-e-type=\"widget\" data-widget_type=\"spacer.default\">\n\t\t\t\t<div class=\"elementor-widget-container\">\n\t\t\t\t\t\t\t<div class=\"elementor-spacer\">\n\t\t\t<div class=\"elementor-spacer-inner\"><\/div>\n\t\t<\/div>\n\t\t\t\t\t\t<\/div>\n\t\t\t\t<\/div>\n\t\t\t\t\t<\/div>\n\t\t<\/div>\n\t\t\t\t\t<\/div>\n\t\t<\/section>\n\t\t\t\t<section class=\"elementor-section elementor-top-section elementor-element elementor-element-bf571a6 elementor-section-boxed elementor-section-height-default elementor-section-height-default\" data-id=\"bf571a6\" data-element_type=\"section\" data-e-type=\"section\">\n\t\t\t\t\t\t<div class=\"elementor-container elementor-column-gap-default\">\n\t\t\t\t\t<div class=\"elementor-column elementor-col-50 elementor-top-column elementor-element elementor-element-046daa4\" data-id=\"046daa4\" data-element_type=\"column\" data-e-type=\"column\">\n\t\t\t<div class=\"elementor-widget-wrap elementor-element-populated\">\n\t\t\t\t\t\t<div class=\"elementor-element elementor-element-171160a elementor-widget elementor-widget-image\" data-id=\"171160a\" data-element_type=\"widget\" data-e-type=\"widget\" data-widget_type=\"image.default\">\n\t\t\t\t<div class=\"elementor-widget-container\">\n\t\t\t\t\t\t\t\t\t\t\t\t\t\t\t<img decoding=\"async\" width=\"1118\" height=\"1118\" src=\"https:\/\/talk.swiss\/wp-content\/uploads\/2023\/12\/Team-Laurent-Schutz.webp\" class=\"attachment-full size-full wp-image-5697\" alt=\"Laurent Sch\u00fctz\" srcset=\"https:\/\/talk.swiss\/wp-content\/uploads\/2023\/12\/Team-Laurent-Schutz.webp 1118w, https:\/\/talk.swiss\/wp-content\/uploads\/2023\/12\/Team-Laurent-Schutz-300x300.webp 300w, https:\/\/talk.swiss\/wp-content\/uploads\/2023\/12\/Team-Laurent-Schutz-1024x1024.webp 1024w, https:\/\/talk.swiss\/wp-content\/uploads\/2023\/12\/Team-Laurent-Schutz-150x150.webp 150w, https:\/\/talk.swiss\/wp-content\/uploads\/2023\/12\/Team-Laurent-Schutz-768x768.webp 768w, https:\/\/talk.swiss\/wp-content\/uploads\/2023\/12\/Team-Laurent-Schutz-12x12.webp 12w, https:\/\/talk.swiss\/wp-content\/uploads\/2023\/12\/Team-Laurent-Schutz-1000x1000.webp 1000w, https:\/\/talk.swiss\/wp-content\/uploads\/2023\/12\/Team-Laurent-Schutz-100x100.webp 100w\" sizes=\"(max-width: 1118px) 100vw, 1118px\" \/>\t\t\t\t\t\t\t\t\t\t\t\t\t\t\t<\/div>\n\t\t\t\t<\/div>\n\t\t\t\t\t<\/div>\n\t\t<\/div>\n\t\t\t\t<div class=\"elementor-column elementor-col-50 elementor-top-column elementor-element elementor-element-9a31647\" data-id=\"9a31647\" data-element_type=\"column\" data-e-type=\"column\">\n\t\t\t<div class=\"elementor-widget-wrap elementor-element-populated\">\n\t\t\t\t\t\t<div class=\"elementor-element elementor-element-8b16b8f elementor-widget elementor-widget-text-editor\" data-id=\"8b16b8f\" data-element_type=\"widget\" data-e-type=\"widget\" data-widget_type=\"text-editor.default\">\n\t\t\t\t<div class=\"elementor-widget-container\">\n\t\t\t\t\t\t\t\t\t<p>Artikel vorgeschlagen von Laurent Sch\u00fctz<\/p>\t\t\t\t\t\t\t\t<\/div>\n\t\t\t\t<\/div>\n\t\t\t\t<div class=\"elementor-element elementor-element-5b3e518 elementor-widget elementor-widget-text-editor\" data-id=\"5b3e518\" data-element_type=\"widget\" data-e-type=\"widget\" data-widget_type=\"text-editor.default\">\n\t\t\t\t<div class=\"elementor-widget-container\">\n\t\t\t\t\t\t\t\t\t<p><span data-contrast=\"auto\">Laurent war in verschiedenen Positionen im Bereich Personalmanagement und -entwicklung sowie in F\u00fchrungspositionen im privaten und \u00f6ffentlichen Bereich t\u00e4tig, bevor er sich voll und ganz auf die Verbesserung der Beziehungen in Unternehmen durch die Entwicklung einer partnerschaftlichen Kultur und einer humanistischen F\u00fchrungsrolle konzentrierte.<\/span><\/p><p><span data-contrast=\"auto\">Ehemaliger Leiter der Abteilung f\u00fcr Ausbildung und Entwicklung bei RTS und c<\/span><span data-contrast=\"auto\">Als Leiter des Ausbildungsprogramms f\u00fcr Radiomoderatoren am Centre Romand de Formation des Journalistes legt er in seinen Coachings besonderen Wert auf das Sprechen und die Kommunikation. Er ist auf zwischenmenschliche Beziehungen spezialisiert und Mitbegr\u00fcnder der Equicoaching-Methode Equites. Seit mehr als 18 Jahren arbeitet er als Coach und Senior-Trainer in Organisationen und Unternehmen, um die Entwicklung der F\u00fchrungskultur zu f\u00f6rdern, innovative Systeme der gemeinsamen F\u00fchrung entstehen zu lassen und die Widerstandsf\u00e4higkeit und das Engagement der Teams zu st\u00e4rken. Seine Arbeit, die die Beziehung zwischen Menschen und Pferden vereint, wird von der \u00dcberzeugung getragen, dass eine f\u00fcrsorgliche und wohlwollende Bindung das Herzst\u00fcck jedes nachhaltigen Erfolgs ist.<\/span><span data-ccp-props=\"{}\">\u00a0<\/span><\/p>\t\t\t\t\t\t\t\t<\/div>\n\t\t\t\t<\/div>\n\t\t\t\t\t<\/div>\n\t\t<\/div>\n\t\t\t\t\t<\/div>\n\t\t<\/section>\n\t\t\t\t<\/div>","protected":false},"excerpt":{"rendered":"<p>Wie kann man Emotionen in sein Unternehmen integrieren? Das ist eine gro\u00dfe Herausforderung! Doch schon mit einigen einfachen und zug\u00e4nglichen Ma\u00dfnahmen l\u00e4sst sich eine konkrete und tragende Arbeit einleiten. Und unsere fernen Vorfahren, die uns als hervorragende Geschichtenerz\u00e4hler Geschichten und Mythen \u00fcberliefert haben, die noch heute unsere kollektive Vorstellungswelt bev\u00f6lkern, fl\u00fcstern uns eine vielversprechende Spur zu. <\/p>","protected":false},"author":18,"featured_media":7242,"comment_status":"closed","ping_status":"closed","sticky":false,"template":"","format":"standard","meta":{"footnotes":""},"categories":[38,1],"tags":[48,47,49],"class_list":["post-7238","post","type-post","status-publish","format-standard","has-post-thumbnail","hentry","category-actus","category-divers","tag-communication","tag-emotion","tag-prise-de-parole"],"yoast_head":"<!-- This site is optimized with the Yoast SEO plugin v28.3 - https:\/\/yoast.com\/product\/yoast-seo-wordpress\/ -->\n<title>L&#039;organisation face \u00e0 ses \u00e9motions : un voyage initiatique - TALK.SWISS<\/title>\n<meta name=\"robots\" content=\"index, follow, max-snippet:-1, max-image-preview:large, max-video-preview:-1\" \/>\n<link rel=\"canonical\" href=\"https:\/\/talk.swiss\/de\/lorganisation-face-a-ses-emotions-un-voyage-initiatique\/\" \/>\n<meta property=\"og:locale\" content=\"de_DE\" \/>\n<meta property=\"og:type\" content=\"article\" \/>\n<meta property=\"og:title\" content=\"L&#039;organisation face \u00e0 ses \u00e9motions : un voyage initiatique - TALK.SWISS\" \/>\n<meta property=\"og:description\" content=\"Comment int\u00e9grer les \u00e9motions dans son entreprise ? Voil\u00e0 un sacr\u00e9 d\u00e9fi\u202f! Pourtant, quelques actions simples et accessibles permettent d\u00e9j\u00e0 d\u2019initier un travail concret et porteur. Et nos lointains anc\u00eatres, conteurs hors pair, qui nous ont transmis les r\u00e9cits et les mythes qui peuplent encore notre imaginaire collectif nous murmurent une piste prometteuse.\" \/>\n<meta property=\"og:url\" content=\"https:\/\/talk.swiss\/de\/lorganisation-face-a-ses-emotions-un-voyage-initiatique\/\" \/>\n<meta property=\"og:site_name\" content=\"TALK.SWISS\" \/>\n<meta property=\"article:published_time\" content=\"2024-04-30T11:31:02+00:00\" \/>\n<meta property=\"article:modified_time\" content=\"2024-05-13T17:10:41+00:00\" \/>\n<meta property=\"og:image\" content=\"https:\/\/talk.swiss\/wp-content\/uploads\/2024\/04\/Visue_blog4.png\" \/>\n\t<meta property=\"og:image:width\" content=\"1200\" \/>\n\t<meta property=\"og:image:height\" content=\"627\" \/>\n\t<meta property=\"og:image:type\" content=\"image\/png\" \/>\n<meta name=\"author\" content=\"TALK\" \/>\n<meta name=\"twitter:card\" content=\"summary_large_image\" \/>\n<meta name=\"twitter:label1\" content=\"Geschrieben von\" \/>\n\t<meta name=\"twitter:data1\" content=\"TALK\" \/>\n\t<meta name=\"twitter:label2\" content=\"Gesch\u00e4tzte Lesezeit\" \/>\n\t<meta name=\"twitter:data2\" content=\"5\u00a0Minuten\" \/>\n<script type=\"application\/ld+json\" class=\"yoast-schema-graph\">{\"@context\":\"https:\\\/\\\/schema.org\",\"@graph\":[{\"@type\":\"Article\",\"@id\":\"https:\\\/\\\/talk.swiss\\\/lorganisation-face-a-ses-emotions-un-voyage-initiatique\\\/#article\",\"isPartOf\":{\"@id\":\"https:\\\/\\\/talk.swiss\\\/lorganisation-face-a-ses-emotions-un-voyage-initiatique\\\/\"},\"author\":{\"name\":\"TALK\",\"@id\":\"https:\\\/\\\/talk.swiss\\\/#\\\/schema\\\/person\\\/1881fee19cecd45279fad94065e432cf\"},\"headline\":\"L&rsquo;organisation face \u00e0 ses \u00e9motions : un voyage initiatique\",\"datePublished\":\"2024-04-30T11:31:02+00:00\",\"dateModified\":\"2024-05-13T17:10:41+00:00\",\"mainEntityOfPage\":{\"@id\":\"https:\\\/\\\/talk.swiss\\\/lorganisation-face-a-ses-emotions-un-voyage-initiatique\\\/\"},\"wordCount\":911,\"publisher\":{\"@id\":\"https:\\\/\\\/talk.swiss\\\/#organization\"},\"image\":{\"@id\":\"https:\\\/\\\/talk.swiss\\\/lorganisation-face-a-ses-emotions-un-voyage-initiatique\\\/#primaryimage\"},\"thumbnailUrl\":\"https:\\\/\\\/talk.swiss\\\/wp-content\\\/uploads\\\/2024\\\/04\\\/Visue_blog4.png\",\"keywords\":[\"Communication\",\"Emotion\",\"Prise de parole\"],\"articleSection\":[\"Blog\",\"Divers\"],\"inLanguage\":\"de-CH\"},{\"@type\":\"WebPage\",\"@id\":\"https:\\\/\\\/talk.swiss\\\/lorganisation-face-a-ses-emotions-un-voyage-initiatique\\\/\",\"url\":\"https:\\\/\\\/talk.swiss\\\/lorganisation-face-a-ses-emotions-un-voyage-initiatique\\\/\",\"name\":\"L'organisation face \u00e0 ses \u00e9motions : un voyage initiatique - TALK.SWISS\",\"isPartOf\":{\"@id\":\"https:\\\/\\\/talk.swiss\\\/#website\"},\"primaryImageOfPage\":{\"@id\":\"https:\\\/\\\/talk.swiss\\\/lorganisation-face-a-ses-emotions-un-voyage-initiatique\\\/#primaryimage\"},\"image\":{\"@id\":\"https:\\\/\\\/talk.swiss\\\/lorganisation-face-a-ses-emotions-un-voyage-initiatique\\\/#primaryimage\"},\"thumbnailUrl\":\"https:\\\/\\\/talk.swiss\\\/wp-content\\\/uploads\\\/2024\\\/04\\\/Visue_blog4.png\",\"datePublished\":\"2024-04-30T11:31:02+00:00\",\"dateModified\":\"2024-05-13T17:10:41+00:00\",\"breadcrumb\":{\"@id\":\"https:\\\/\\\/talk.swiss\\\/lorganisation-face-a-ses-emotions-un-voyage-initiatique\\\/#breadcrumb\"},\"inLanguage\":\"de-CH\",\"potentialAction\":[{\"@type\":\"ReadAction\",\"target\":[\"https:\\\/\\\/talk.swiss\\\/lorganisation-face-a-ses-emotions-un-voyage-initiatique\\\/\"]}]},{\"@type\":\"ImageObject\",\"inLanguage\":\"de-CH\",\"@id\":\"https:\\\/\\\/talk.swiss\\\/lorganisation-face-a-ses-emotions-un-voyage-initiatique\\\/#primaryimage\",\"url\":\"https:\\\/\\\/talk.swiss\\\/wp-content\\\/uploads\\\/2024\\\/04\\\/Visue_blog4.png\",\"contentUrl\":\"https:\\\/\\\/talk.swiss\\\/wp-content\\\/uploads\\\/2024\\\/04\\\/Visue_blog4.png\",\"width\":1200,\"height\":627},{\"@type\":\"BreadcrumbList\",\"@id\":\"https:\\\/\\\/talk.swiss\\\/lorganisation-face-a-ses-emotions-un-voyage-initiatique\\\/#breadcrumb\",\"itemListElement\":[{\"@type\":\"ListItem\",\"position\":1,\"name\":\"Accueil\",\"item\":\"https:\\\/\\\/talk.swiss\\\/\"},{\"@type\":\"ListItem\",\"position\":2,\"name\":\"L&#8217;organisation face \u00e0 ses \u00e9motions : un voyage initiatique\"}]},{\"@type\":\"WebSite\",\"@id\":\"https:\\\/\\\/talk.swiss\\\/#website\",\"url\":\"https:\\\/\\\/talk.swiss\\\/\",\"name\":\"TALK.SWISS\",\"description\":\"Talk, la parole au centre\",\"publisher\":{\"@id\":\"https:\\\/\\\/talk.swiss\\\/#organization\"},\"potentialAction\":[{\"@type\":\"SearchAction\",\"target\":{\"@type\":\"EntryPoint\",\"urlTemplate\":\"https:\\\/\\\/talk.swiss\\\/?s={search_term_string}\"},\"query-input\":{\"@type\":\"PropertyValueSpecification\",\"valueRequired\":true,\"valueName\":\"search_term_string\"}}],\"inLanguage\":\"de-CH\"},{\"@type\":\"Organization\",\"@id\":\"https:\\\/\\\/talk.swiss\\\/#organization\",\"name\":\"TALK.SWISS\",\"url\":\"https:\\\/\\\/talk.swiss\\\/\",\"logo\":{\"@type\":\"ImageObject\",\"inLanguage\":\"de-CH\",\"@id\":\"https:\\\/\\\/talk.swiss\\\/#\\\/schema\\\/logo\\\/image\\\/\",\"url\":\"https:\\\/\\\/talk.swiss\\\/wp-content\\\/uploads\\\/2022\\\/08\\\/cropped-Talk_logo.png\",\"contentUrl\":\"https:\\\/\\\/talk.swiss\\\/wp-content\\\/uploads\\\/2022\\\/08\\\/cropped-Talk_logo.png\",\"width\":400,\"height\":400,\"caption\":\"TALK.SWISS\"},\"image\":{\"@id\":\"https:\\\/\\\/talk.swiss\\\/#\\\/schema\\\/logo\\\/image\\\/\"}},{\"@type\":\"Person\",\"@id\":\"https:\\\/\\\/talk.swiss\\\/#\\\/schema\\\/person\\\/1881fee19cecd45279fad94065e432cf\",\"name\":\"TALK\",\"image\":{\"@type\":\"ImageObject\",\"inLanguage\":\"de-CH\",\"@id\":\"https:\\\/\\\/secure.gravatar.com\\\/avatar\\\/a844e88bbef9d283565411206105d6790df914da829c2400e7bde0f0ddb2e2e9?s=96&d=mm&r=g\",\"url\":\"https:\\\/\\\/secure.gravatar.com\\\/avatar\\\/a844e88bbef9d283565411206105d6790df914da829c2400e7bde0f0ddb2e2e9?s=96&d=mm&r=g\",\"contentUrl\":\"https:\\\/\\\/secure.gravatar.com\\\/avatar\\\/a844e88bbef9d283565411206105d6790df914da829c2400e7bde0f0ddb2e2e9?s=96&d=mm&r=g\",\"caption\":\"TALK\"},\"url\":\"https:\\\/\\\/talk.swiss\\\/de\\\/author\\\/talktalk-swiss\\\/\"}]}<\/script>\n<!-- \/ Yoast SEO plugin. -->","yoast_head_json":{"title":"Die Organisation im Umgang mit ihren Emotionen: eine Initiationsreise - TALK.SWISS","robots":{"index":"index","follow":"follow","max-snippet":"max-snippet:-1","max-image-preview":"max-image-preview:large","max-video-preview":"max-video-preview:-1"},"canonical":"https:\/\/talk.swiss\/de\/lorganisation-face-a-ses-emotions-un-voyage-initiatique\/","og_locale":"de_DE","og_type":"article","og_title":"L'organisation face \u00e0 ses \u00e9motions : un voyage initiatique - TALK.SWISS","og_description":"Comment int\u00e9grer les \u00e9motions dans son entreprise ? Voil\u00e0 un sacr\u00e9 d\u00e9fi\u202f! Pourtant, quelques actions simples et accessibles permettent d\u00e9j\u00e0 d\u2019initier un travail concret et porteur. Et nos lointains anc\u00eatres, conteurs hors pair, qui nous ont transmis les r\u00e9cits et les mythes qui peuplent encore notre imaginaire collectif nous murmurent une piste prometteuse.","og_url":"https:\/\/talk.swiss\/de\/lorganisation-face-a-ses-emotions-un-voyage-initiatique\/","og_site_name":"TALK.SWISS","article_published_time":"2024-04-30T11:31:02+00:00","article_modified_time":"2024-05-13T17:10:41+00:00","og_image":[{"width":1200,"height":627,"url":"https:\/\/talk.swiss\/wp-content\/uploads\/2024\/04\/Visue_blog4.png","type":"image\/png"}],"author":"TALK","twitter_card":"summary_large_image","twitter_misc":{"Geschrieben von":"TALK","Gesch\u00e4tzte Lesezeit":"5\u00a0Minuten"},"schema":{"@context":"https:\/\/schema.org","@graph":[{"@type":"Article","@id":"https:\/\/talk.swiss\/lorganisation-face-a-ses-emotions-un-voyage-initiatique\/#article","isPartOf":{"@id":"https:\/\/talk.swiss\/lorganisation-face-a-ses-emotions-un-voyage-initiatique\/"},"author":{"name":"TALK","@id":"https:\/\/talk.swiss\/#\/schema\/person\/1881fee19cecd45279fad94065e432cf"},"headline":"L&rsquo;organisation face \u00e0 ses \u00e9motions : un voyage initiatique","datePublished":"2024-04-30T11:31:02+00:00","dateModified":"2024-05-13T17:10:41+00:00","mainEntityOfPage":{"@id":"https:\/\/talk.swiss\/lorganisation-face-a-ses-emotions-un-voyage-initiatique\/"},"wordCount":911,"publisher":{"@id":"https:\/\/talk.swiss\/#organization"},"image":{"@id":"https:\/\/talk.swiss\/lorganisation-face-a-ses-emotions-un-voyage-initiatique\/#primaryimage"},"thumbnailUrl":"https:\/\/talk.swiss\/wp-content\/uploads\/2024\/04\/Visue_blog4.png","keywords":["Communication","Emotion","Prise de parole"],"articleSection":["Blog","Divers"],"inLanguage":"de-CH"},{"@type":"WebPage","@id":"https:\/\/talk.swiss\/lorganisation-face-a-ses-emotions-un-voyage-initiatique\/","url":"https:\/\/talk.swiss\/lorganisation-face-a-ses-emotions-un-voyage-initiatique\/","name":"Die Organisation im Umgang mit ihren Emotionen: eine Initiationsreise - TALK.SWISS","isPartOf":{"@id":"https:\/\/talk.swiss\/#website"},"primaryImageOfPage":{"@id":"https:\/\/talk.swiss\/lorganisation-face-a-ses-emotions-un-voyage-initiatique\/#primaryimage"},"image":{"@id":"https:\/\/talk.swiss\/lorganisation-face-a-ses-emotions-un-voyage-initiatique\/#primaryimage"},"thumbnailUrl":"https:\/\/talk.swiss\/wp-content\/uploads\/2024\/04\/Visue_blog4.png","datePublished":"2024-04-30T11:31:02+00:00","dateModified":"2024-05-13T17:10:41+00:00","breadcrumb":{"@id":"https:\/\/talk.swiss\/lorganisation-face-a-ses-emotions-un-voyage-initiatique\/#breadcrumb"},"inLanguage":"de-CH","potentialAction":[{"@type":"ReadAction","target":["https:\/\/talk.swiss\/lorganisation-face-a-ses-emotions-un-voyage-initiatique\/"]}]},{"@type":"ImageObject","inLanguage":"de-CH","@id":"https:\/\/talk.swiss\/lorganisation-face-a-ses-emotions-un-voyage-initiatique\/#primaryimage","url":"https:\/\/talk.swiss\/wp-content\/uploads\/2024\/04\/Visue_blog4.png","contentUrl":"https:\/\/talk.swiss\/wp-content\/uploads\/2024\/04\/Visue_blog4.png","width":1200,"height":627},{"@type":"BreadcrumbList","@id":"https:\/\/talk.swiss\/lorganisation-face-a-ses-emotions-un-voyage-initiatique\/#breadcrumb","itemListElement":[{"@type":"ListItem","position":1,"name":"Accueil","item":"https:\/\/talk.swiss\/"},{"@type":"ListItem","position":2,"name":"L&#8217;organisation face \u00e0 ses \u00e9motions : un voyage initiatique"}]},{"@type":"WebSite","@id":"https:\/\/talk.swiss\/#website","url":"https:\/\/talk.swiss\/","name":"TALK.SWISS","description":"Talk, das Wort im Mittelpunkt","publisher":{"@id":"https:\/\/talk.swiss\/#organization"},"potentialAction":[{"@type":"SearchAction","target":{"@type":"EntryPoint","urlTemplate":"https:\/\/talk.swiss\/?s={search_term_string}"},"query-input":{"@type":"PropertyValueSpecification","valueRequired":true,"valueName":"search_term_string"}}],"inLanguage":"de-CH"},{"@type":"Organization","@id":"https:\/\/talk.swiss\/#organization","name":"TALK.SWISS","url":"https:\/\/talk.swiss\/","logo":{"@type":"ImageObject","inLanguage":"de-CH","@id":"https:\/\/talk.swiss\/#\/schema\/logo\/image\/","url":"https:\/\/talk.swiss\/wp-content\/uploads\/2022\/08\/cropped-Talk_logo.png","contentUrl":"https:\/\/talk.swiss\/wp-content\/uploads\/2022\/08\/cropped-Talk_logo.png","width":400,"height":400,"caption":"TALK.SWISS"},"image":{"@id":"https:\/\/talk.swiss\/#\/schema\/logo\/image\/"}},{"@type":"Person","@id":"https:\/\/talk.swiss\/#\/schema\/person\/1881fee19cecd45279fad94065e432cf","name":"TALK","image":{"@type":"ImageObject","inLanguage":"de-CH","@id":"https:\/\/secure.gravatar.com\/avatar\/a844e88bbef9d283565411206105d6790df914da829c2400e7bde0f0ddb2e2e9?s=96&d=mm&r=g","url":"https:\/\/secure.gravatar.com\/avatar\/a844e88bbef9d283565411206105d6790df914da829c2400e7bde0f0ddb2e2e9?s=96&d=mm&r=g","contentUrl":"https:\/\/secure.gravatar.com\/avatar\/a844e88bbef9d283565411206105d6790df914da829c2400e7bde0f0ddb2e2e9?s=96&d=mm&r=g","caption":"TALK"},"url":"https:\/\/talk.swiss\/de\/author\/talktalk-swiss\/"}]}},"_links":{"self":[{"href":"https:\/\/talk.swiss\/de\/wp-json\/wp\/v2\/posts\/7238","targetHints":{"allow":["GET"]}}],"collection":[{"href":"https:\/\/talk.swiss\/de\/wp-json\/wp\/v2\/posts"}],"about":[{"href":"https:\/\/talk.swiss\/de\/wp-json\/wp\/v2\/types\/post"}],"author":[{"embeddable":true,"href":"https:\/\/talk.swiss\/de\/wp-json\/wp\/v2\/users\/18"}],"replies":[{"embeddable":true,"href":"https:\/\/talk.swiss\/de\/wp-json\/wp\/v2\/comments?post=7238"}],"version-history":[{"count":10,"href":"https:\/\/talk.swiss\/de\/wp-json\/wp\/v2\/posts\/7238\/revisions"}],"predecessor-version":[{"id":7267,"href":"https:\/\/talk.swiss\/de\/wp-json\/wp\/v2\/posts\/7238\/revisions\/7267"}],"wp:featuredmedia":[{"embeddable":true,"href":"https:\/\/talk.swiss\/de\/wp-json\/wp\/v2\/media\/7242"}],"wp:attachment":[{"href":"https:\/\/talk.swiss\/de\/wp-json\/wp\/v2\/media?parent=7238"}],"wp:term":[{"taxonomy":"category","embeddable":true,"href":"https:\/\/talk.swiss\/de\/wp-json\/wp\/v2\/categories?post=7238"},{"taxonomy":"post_tag","embeddable":true,"href":"https:\/\/talk.swiss\/de\/wp-json\/wp\/v2\/tags?post=7238"}],"curies":[{"name":"wp","href":"https:\/\/api.w.org\/{rel}","templated":true}]}}