{"id":7081,"date":"2024-04-16T14:06:15","date_gmt":"2024-04-16T12:06:15","guid":{"rendered":"https:\/\/talk.swiss\/?p=7081"},"modified":"2024-04-19T14:50:39","modified_gmt":"2024-04-19T12:50:39","slug":"votre-organisation-est-elle-emotionnellement-intelligente","status":"publish","type":"post","link":"https:\/\/talk.swiss\/de\/votre-organisation-est-elle-emotionnellement-intelligente\/","title":{"rendered":"Ist Ihre Organisation emotional intelligent?"},"content":{"rendered":"<div data-elementor-type=\"wp-post\" data-elementor-id=\"7081\" class=\"elementor elementor-7081\" data-elementor-post-type=\"post\">\n\t\t\t\t\t\t<section class=\"elementor-section elementor-top-section elementor-element elementor-element-5921726 elementor-section-boxed elementor-section-height-default elementor-section-height-default\" data-id=\"5921726\" data-element_type=\"section\" data-e-type=\"section\">\n\t\t\t\t\t\t<div class=\"elementor-container elementor-column-gap-default\">\n\t\t\t\t\t<div class=\"elementor-column elementor-col-100 elementor-top-column elementor-element elementor-element-62fc3165\" data-id=\"62fc3165\" data-element_type=\"column\" data-e-type=\"column\">\n\t\t\t<div class=\"elementor-widget-wrap elementor-element-populated\">\n\t\t\t\t\t\t<div class=\"elementor-element elementor-element-99098ce elementor-widget elementor-widget-text-editor\" data-id=\"99098ce\" data-element_type=\"widget\" data-e-type=\"widget\" data-widget_type=\"text-editor.default\">\n\t\t\t\t<div class=\"elementor-widget-container\">\n\t\t\t\t\t\t\t\t\t<p>Von Laurent Sch\u00fctz<\/p>\t\t\t\t\t\t\t\t<\/div>\n\t\t\t\t<\/div>\n\t\t\t\t<div class=\"elementor-element elementor-element-5c488380 elementor-widget elementor-widget-text-editor\" data-id=\"5c488380\" data-element_type=\"widget\" data-e-type=\"widget\" data-widget_type=\"text-editor.default\">\n\t\t\t\t<div class=\"elementor-widget-container\">\n\t\t\t\t\t\t\t\t\t<p><span class=\"TextRun SCXW256328242 BCX0\" lang=\"FR-FR\" xml:lang=\"FR-FR\" data-contrast=\"none\"><span class=\"NormalTextRun SCXW256328242 BCX0\">Kann das Konzept der emotionalen Intelligenz auf Organisationen angewendet werden? Es mag schwierig erscheinen, diese Frage zu beantworten. Der Umkehrschluss ist weit weniger zutreffend. Viele<\/span><\/span><span class=\"TrackChangeTextInsertion TrackedChange SCXW256328242 BCX0\"><span class=\"TextRun SCXW256328242 BCX0\" lang=\"FR-FR\" xml:lang=\"FR-FR\" data-contrast=\"none\"><span class=\"NormalTextRun SCXW256328242 BCX0\">\u2013<\/span><\/span><\/span><span class=\"TextRun SCXW256328242 BCX0\" lang=\"FR-FR\" xml:lang=\"FR-FR\" data-contrast=\"none\"><span class=\"NormalTextRun SCXW256328242 BCX0\">uns im Laufe ihrer Karriere auf emotional unf\u00e4hige Organisationen gesto\u00dfen sind. So sehr, dass Arbeitsleid, Burnout, toxisches Management und Mobbing zu vertrauten Themen in unseren <\/span><span class=\"NormalTextRun CommentStart CommentHighlightPipeRestV2 CommentHighlightRest SCXW256328242 BCX0\">Unterhaltungen<\/span><span class=\"NormalTextRun CommentHighlightPipeRestV2 SCXW256328242 BCX0\">.<\/span><\/span><\/p>\t\t\t\t\t\t\t\t<\/div>\n\t\t\t\t<\/div>\n\t\t\t\t\t<\/div>\n\t\t<\/div>\n\t\t\t\t\t<\/div>\n\t\t<\/section>\n\t\t\t\t<section class=\"elementor-section elementor-top-section elementor-element elementor-element-bb1d37e elementor-section-boxed elementor-section-height-default elementor-section-height-default\" data-id=\"bb1d37e\" data-element_type=\"section\" data-e-type=\"section\">\n\t\t\t\t\t\t<div class=\"elementor-container elementor-column-gap-default\">\n\t\t\t\t\t<div class=\"elementor-column elementor-col-100 elementor-top-column elementor-element elementor-element-0e8b595\" data-id=\"0e8b595\" data-element_type=\"column\" data-e-type=\"column\">\n\t\t\t<div class=\"elementor-widget-wrap elementor-element-populated\">\n\t\t\t\t\t\t<div class=\"elementor-element elementor-element-6655fff elementor-widget elementor-widget-heading\" data-id=\"6655fff\" data-element_type=\"widget\" data-e-type=\"widget\" data-widget_type=\"heading.default\">\n\t\t\t\t<div class=\"elementor-widget-container\">\n\t\t\t\t\t<h2 class=\"elementor-heading-title elementor-size-xl\">Emotionale Intelligenz<\/h2>\t\t\t\t<\/div>\n\t\t\t\t<\/div>\n\t\t\t\t<div class=\"elementor-element elementor-element-cf4db14 elementor-widget elementor-widget-text-editor\" data-id=\"cf4db14\" data-element_type=\"widget\" data-e-type=\"widget\" data-widget_type=\"text-editor.default\">\n\t\t\t\t<div class=\"elementor-widget-container\">\n\t\t\t\t\t\t\t\t\t<p><span data-contrast=\"none\"><span class=\"TextRun SCXW256328242 BCX0\" lang=\"FR-FR\" xml:lang=\"FR-FR\" data-contrast=\"none\"><span class=\"NormalTextRun SCXW256328242 BCX0\">In<\/span><span class=\"NormalTextRun SCXW256328242 BCX0\"> 2017 bereits die<\/span><span class=\"NormalTextRun SCXW256328242 BCX0\">Bundesamt f\u00fcr Statistik <\/span><span class=\"NormalTextRun SCXW256328242 BCX0\">wies auf<\/span><span class=\"NormalTextRun SCXW256328242 BCX0\"> psychosoziale Risiken<\/span><span class=\"NormalTextRun SCXW256328242 BCX0\"> am Arbeitsplatz<\/span> <span class=\"NormalTextRun SCXW256328242 BCX0\">in <\/span><span class=\"NormalTextRun SCXW256328242 BCX0\">Konstante <\/span><span class=\"NormalTextRun SCXW256328242 BCX0\">Zunahme und in einer Studie, die in<\/span><span class=\"NormalTextRun SCXW256328242 BCX0\"> 2023,<\/span> <span class=\"NormalTextRun SCXW256328242 BCX0\">sch\u00e4tzte sie auf <\/span><span class=\"NormalTextRun SCXW256328242 BCX0\">25% <\/span><span class=\"NormalTextRun SCXW256328242 BCX0\">die Burnout-Rate in der Schweiz<\/span> <span class=\"NormalTextRun SCXW256328242 BCX0\">romand<\/span><span class=\"NormalTextRun SCXW256328242 BCX0\">e<\/span><span class=\"NormalTextRun SCXW256328242 BCX0\">.<\/span><span class=\"NormalTextRun SCXW256328242 BCX0\">\u00a0<\/span><span class=\"NormalTextRun SCXW256328242 BCX0\"> Unersch\u00fctterliche Optimisten, so scheint es uns<\/span><span class=\"NormalTextRun SCXW256328242 BCX0\"> dennoch<\/span><span class=\"NormalTextRun SCXW256328242 BCX0\"> dass, wenn schlechte Praktiken die emotionale Intelligenz einer Organisation negativ beeinflussen, es m\u00f6glich sein muss, gute Praktiken einzuf\u00fchren, um das Blatt zu wenden.<\/span><\/span><span class=\"EOP SCXW256328242 BCX0\" data-ccp-props=\"{&quot;201341983&quot;:0,&quot;335551550&quot;:6,&quot;335551620&quot;:6,&quot;335559738&quot;:120,&quot;335559740&quot;:288}\">\u00a0<\/span><\/span><\/p><p>\u00a0<\/p><p><span data-contrast=\"none\">Der Begriff emotionale Intelligenz ist zwar wie selbstverst\u00e4ndlich in den g\u00e4ngigen Wortschatz eingegangen, doch was sich dahinter verbirgt, bleibt f\u00fcr die meisten von uns unklar. Zur Erinnerung wollen wir uns die Zeit f\u00fcr einen kurzen \u00dcberblick nehmen:<\/span><span data-ccp-props=\"{&quot;201341983&quot;:0,&quot;335551550&quot;:6,&quot;335551620&quot;:6,&quot;335559738&quot;:120,&quot;335559740&quot;:288}\">\u00a0<\/span><\/p>\t\t\t\t\t\t\t\t<\/div>\n\t\t\t\t<\/div>\n\t\t\t\t<div class=\"elementor-element elementor-element-f73b66a animated-slow elementor-list-item-link-inline elementor-icon-list--layout-traditional elementor-widget elementor-widget-icon-list\" data-id=\"f73b66a\" data-element_type=\"widget\" data-e-type=\"widget\" data-settings=\"{&quot;_animation&quot;:&quot;none&quot;}\" data-widget_type=\"icon-list.default\">\n\t\t\t\t<div class=\"elementor-widget-container\">\n\t\t\t\t\t\t\t<ul class=\"elementor-icon-list-items\">\n\t\t\t\t\t\t\t<li class=\"elementor-icon-list-item\">\n\t\t\t\t\t\t\t\t\t\t\t<span class=\"elementor-icon-list-icon\">\n\t\t\t\t\t\t\t<i aria-hidden=\"true\" class=\"fas fa-chevron-right\"><\/i>\t\t\t\t\t\t<\/span>\n\t\t\t\t\t\t\t\t\t\t<span class=\"elementor-icon-list-text\">Emotionen erkennen und akzeptieren<\/span>\n\t\t\t\t\t\t\t\t\t<\/li>\n\t\t\t\t\t\t<\/ul>\n\t\t\t\t\t\t<\/div>\n\t\t\t\t<\/div>\n\t\t\t\t<div class=\"elementor-element elementor-element-dbf382c elementor-widget elementor-widget-text-editor\" data-id=\"dbf382c\" data-element_type=\"widget\" data-e-type=\"widget\" data-widget_type=\"text-editor.default\">\n\t\t\t\t<div class=\"elementor-widget-container\">\n\t\t\t\t\t\t\t\t\t<p>Die erste Herausforderung besteht darin, seine Gef\u00fchle zu erkennen und zu akzeptieren<span data-contrast=\"none\">. Das mag banal klingen, ist es aber nicht: Wie fein ist meine emotionale Wahrnehmung? Kann ich meine Gef\u00fchle mit meinen Emotionen in Verbindung bringen, sie benennen und vor allem akzeptieren? Achte ich auf meine eigenen schwachen Signale?<\/span><span data-ccp-props=\"{&quot;201341983&quot;:0,&quot;335551550&quot;:6,&quot;335551620&quot;:6,&quot;335559738&quot;:120,&quot;335559740&quot;:288}\">\u00a0<\/span><\/p>\t\t\t\t\t\t\t\t<\/div>\n\t\t\t\t<\/div>\n\t\t\t\t<div class=\"elementor-element elementor-element-164e6a5 animated-slow elementor-list-item-link-inline elementor-icon-list--layout-traditional elementor-widget elementor-widget-icon-list\" data-id=\"164e6a5\" data-element_type=\"widget\" data-e-type=\"widget\" data-settings=\"{&quot;_animation&quot;:&quot;none&quot;}\" data-widget_type=\"icon-list.default\">\n\t\t\t\t<div class=\"elementor-widget-container\">\n\t\t\t\t\t\t\t<ul class=\"elementor-icon-list-items\">\n\t\t\t\t\t\t\t<li class=\"elementor-icon-list-item\">\n\t\t\t\t\t\t\t\t\t\t\t<span class=\"elementor-icon-list-icon\">\n\t\t\t\t\t\t\t<i aria-hidden=\"true\" class=\"fas fa-chevron-right\"><\/i>\t\t\t\t\t\t<\/span>\n\t\t\t\t\t\t\t\t\t\t<span class=\"elementor-icon-list-text\">Wie ich auf sie reagiere und wie ich \u00fcber sie kommuniziere<\/span>\n\t\t\t\t\t\t\t\t\t<\/li>\n\t\t\t\t\t\t<\/ul>\n\t\t\t\t\t\t<\/div>\n\t\t\t\t<\/div>\n\t\t\t\t<div class=\"elementor-element elementor-element-25418b6 elementor-widget elementor-widget-text-editor\" data-id=\"25418b6\" data-element_type=\"widget\" data-e-type=\"widget\" data-widget_type=\"text-editor.default\">\n\t\t\t\t<div class=\"elementor-widget-container\">\n\t\t\t\t\t\t\t\t\t<p>Die zweite Herausforderung besteht darin, die Art und Weise, wie ich auf Emotionen reagiere, besser zu steuern und \u00fcber sie zu kommunizieren. Bin ich mir der Reaktionen bewusst, die meine Gef\u00fchle hervorrufen? Kann ich mit ihnen umgehen, wenn sie schwach sind, um zu verhindern, dass sie mich \u00fcberfordern? Habe ich den Mut und die Offenheit, meine Gef\u00fchle mit meinen Mitmenschen zu teilen?\u00a0\u00a0<\/p>\t\t\t\t\t\t\t\t<\/div>\n\t\t\t\t<\/div>\n\t\t\t\t<div class=\"elementor-element elementor-element-9cf8f83 animated-slow elementor-list-item-link-inline elementor-icon-list--layout-traditional elementor-widget elementor-widget-icon-list\" data-id=\"9cf8f83\" data-element_type=\"widget\" data-e-type=\"widget\" data-settings=\"{&quot;_animation&quot;:&quot;none&quot;}\" data-widget_type=\"icon-list.default\">\n\t\t\t\t<div class=\"elementor-widget-container\">\n\t\t\t\t\t\t\t<ul class=\"elementor-icon-list-items\">\n\t\t\t\t\t\t\t<li class=\"elementor-icon-list-item\">\n\t\t\t\t\t\t\t\t\t\t\t<span class=\"elementor-icon-list-icon\">\n\t\t\t\t\t\t\t<i aria-hidden=\"true\" class=\"fas fa-chevron-right\"><\/i>\t\t\t\t\t\t<\/span>\n\t\t\t\t\t\t\t\t\t\t<span class=\"elementor-icon-list-text\">Handeln aufgrund von Emotionen statt gegen sie<\/span>\n\t\t\t\t\t\t\t\t\t<\/li>\n\t\t\t\t\t\t<\/ul>\n\t\t\t\t\t\t<\/div>\n\t\t\t\t<\/div>\n\t\t\t\t<div class=\"elementor-element elementor-element-cf977cb elementor-widget elementor-widget-text-editor\" data-id=\"cf977cb\" data-element_type=\"widget\" data-e-type=\"widget\" data-widget_type=\"text-editor.default\">\n\t\t\t\t<div class=\"elementor-widget-container\">\n\t\t\t\t\t\t\t\t\t<p>Der dritte Aspekt bezieht sich auf die F\u00e4higkeit, aufgrund meiner Gef\u00fchle und nicht trotz ihnen zu handeln. Bin ich in der Lage, meine Gef\u00fchle und meine Absicht aufeinander abzustimmen? Kann ich meine Handlungsweise an meinen emotionalen Zustand anpassen? Habe ich die schwierige Herausforderung der Authentizit\u00e4t gemeistert? Bin ich letztendlich in der Lage, dank meiner Emotionen wahrhaftig und effektiv zu sein?\u00a0<\/p>\t\t\t\t\t\t\t\t<\/div>\n\t\t\t\t<\/div>\n\t\t\t\t<div class=\"elementor-element elementor-element-b07fe01 animated-slow elementor-list-item-link-inline elementor-icon-list--layout-traditional elementor-widget elementor-widget-icon-list\" data-id=\"b07fe01\" data-element_type=\"widget\" data-e-type=\"widget\" data-settings=\"{&quot;_animation&quot;:&quot;none&quot;}\" data-widget_type=\"icon-list.default\">\n\t\t\t\t<div class=\"elementor-widget-container\">\n\t\t\t\t\t\t\t<ul class=\"elementor-icon-list-items\">\n\t\t\t\t\t\t\t<li class=\"elementor-icon-list-item\">\n\t\t\t\t\t\t\t\t\t\t\t<span class=\"elementor-icon-list-icon\">\n\t\t\t\t\t\t\t<i aria-hidden=\"true\" class=\"fas fa-chevron-right\"><\/i>\t\t\t\t\t\t<\/span>\n\t\t\t\t\t\t\t\t\t\t<span class=\"elementor-icon-list-text\">Die Emotionen anderer begr\u00fc\u00dfen und akzeptieren<\/span>\n\t\t\t\t\t\t\t\t\t<\/li>\n\t\t\t\t\t\t<\/ul>\n\t\t\t\t\t\t<\/div>\n\t\t\t\t<\/div>\n\t\t\t\t<div class=\"elementor-element elementor-element-fc25eef elementor-widget elementor-widget-text-editor\" data-id=\"fc25eef\" data-element_type=\"widget\" data-e-type=\"widget\" data-widget_type=\"text-editor.default\">\n\t\t\t\t<div class=\"elementor-widget-container\">\n\t\t\t\t\t\t\t\t\t<p>Und schlie\u00dflich die Bereitschaft, die Gef\u00fchle anderer zu begr\u00fc\u00dfen und zu akzeptieren. Kann ich mich gut in andere einf\u00fchlen? Gelingt es mir, die emotionalen Auswirkungen meiner Handlungen oder Worte auf andere zu antizipieren? Verf\u00fcge ich \u00fcber gen\u00fcgend Selbstvertrauen und emotionale St\u00e4rke, um das Risiko einzugehen, mich den Emotionen anderer zu \u00f6ffnen?\u00a0<\/p>\t\t\t\t\t\t\t\t<\/div>\n\t\t\t\t<\/div>\n\t\t\t\t\t<\/div>\n\t\t<\/div>\n\t\t\t\t\t<\/div>\n\t\t<\/section>\n\t\t\t\t<section class=\"elementor-section elementor-top-section elementor-element elementor-element-d850b3e elementor-section-boxed elementor-section-height-default elementor-section-height-default\" data-id=\"d850b3e\" data-element_type=\"section\" data-e-type=\"section\">\n\t\t\t\t\t\t<div class=\"elementor-container elementor-column-gap-default\">\n\t\t\t\t\t<div class=\"elementor-column elementor-col-100 elementor-top-column elementor-element elementor-element-9277db9\" data-id=\"9277db9\" data-element_type=\"column\" data-e-type=\"column\" data-settings=\"{&quot;background_background&quot;:&quot;classic&quot;}\">\n\t\t\t<div class=\"elementor-widget-wrap elementor-element-populated\">\n\t\t\t\t\t<div class=\"elementor-background-overlay\"><\/div>\n\t\t\t\t\t\t<div class=\"elementor-element elementor-element-298466c elementor-widget elementor-widget-heading\" data-id=\"298466c\" data-element_type=\"widget\" data-e-type=\"widget\" data-widget_type=\"heading.default\">\n\t\t\t\t<div class=\"elementor-widget-container\">\n\t\t\t\t\t<h2 class=\"elementor-heading-title elementor-size-default\">Emotionen nutzen, um ein Unternehmen zu werden, das von nachhaltigem Engagement und der Entwicklung seiner Teams getragen wird<\/h2>\t\t\t\t<\/div>\n\t\t\t\t<\/div>\n\t\t\t\t\t<\/div>\n\t\t<\/div>\n\t\t\t\t\t<\/div>\n\t\t<\/section>\n\t\t\t\t<section class=\"elementor-section elementor-top-section elementor-element elementor-element-ae5f9ba elementor-section-boxed elementor-section-height-default elementor-section-height-default\" data-id=\"ae5f9ba\" data-element_type=\"section\" data-e-type=\"section\">\n\t\t\t\t\t\t<div class=\"elementor-container elementor-column-gap-default\">\n\t\t\t\t\t<div class=\"elementor-column elementor-col-100 elementor-top-column elementor-element elementor-element-0afb8fb\" data-id=\"0afb8fb\" data-element_type=\"column\" data-e-type=\"column\">\n\t\t\t<div class=\"elementor-widget-wrap elementor-element-populated\">\n\t\t\t\t\t\t<div class=\"elementor-element elementor-element-2047df0 elementor-widget elementor-widget-heading\" data-id=\"2047df0\" data-element_type=\"widget\" data-e-type=\"widget\" data-widget_type=\"heading.default\">\n\t\t\t\t<div class=\"elementor-widget-container\">\n\t\t\t\t\t<h2 class=\"elementor-heading-title elementor-size-xl\">Die Ertr\u00e4ge<\/h2>\t\t\t\t<\/div>\n\t\t\t\t<\/div>\n\t\t\t\t\t<\/div>\n\t\t<\/div>\n\t\t\t\t\t<\/div>\n\t\t<\/section>\n\t\t\t\t<section class=\"elementor-section elementor-top-section elementor-element elementor-element-8de2e0a elementor-section-boxed elementor-section-height-default elementor-section-height-default\" data-id=\"8de2e0a\" data-element_type=\"section\" data-e-type=\"section\">\n\t\t\t\t\t\t<div class=\"elementor-container elementor-column-gap-default\">\n\t\t\t\t\t<div class=\"elementor-column elementor-col-100 elementor-top-column elementor-element elementor-element-260cf53\" data-id=\"260cf53\" data-element_type=\"column\" data-e-type=\"column\">\n\t\t\t<div class=\"elementor-widget-wrap elementor-element-populated\">\n\t\t\t\t\t\t<div class=\"elementor-element elementor-element-66be01d elementor-widget elementor-widget-text-editor\" data-id=\"66be01d\" data-element_type=\"widget\" data-e-type=\"widget\" data-widget_type=\"text-editor.default\">\n\t\t\t\t<div class=\"elementor-widget-container\">\n\t\t\t\t\t\t\t\t\t<p><span data-contrast=\"none\">Dies sind in Kurzform die wichtigsten konkreten Herausforderungen, die sich aus den Forschungen ergeben, die in den letzten 30 Jahren von zahlreichen Psychologen durchgef\u00fchrt wurden, von denen Daniel Goleman zweifellos der bekannteste ist. Und die Vorteile, werden Sie fragen? Die wichtigsten ermittelten sind:<\/span><span data-ccp-props=\"{&quot;201341983&quot;:0,&quot;335551550&quot;:6,&quot;335551620&quot;:6,&quot;335559738&quot;:120,&quot;335559740&quot;:288}\">\u00a0<\/span><\/p>\t\t\t\t\t\t\t\t<\/div>\n\t\t\t\t<\/div>\n\t\t\t\t<div class=\"elementor-element elementor-element-a64a2ff animated-slow elementor-list-item-link-inline elementor-icon-list--layout-traditional elementor-widget elementor-widget-icon-list\" data-id=\"a64a2ff\" data-element_type=\"widget\" data-e-type=\"widget\" data-settings=\"{&quot;_animation&quot;:&quot;none&quot;}\" data-widget_type=\"icon-list.default\">\n\t\t\t\t<div class=\"elementor-widget-container\">\n\t\t\t\t\t\t\t<ul class=\"elementor-icon-list-items\">\n\t\t\t\t\t\t\t<li class=\"elementor-icon-list-item\">\n\t\t\t\t\t\t\t\t\t\t\t<span class=\"elementor-icon-list-icon\">\n\t\t\t\t\t\t\t<i aria-hidden=\"true\" class=\"fas fa-caret-right\"><\/i>\t\t\t\t\t\t<\/span>\n\t\t\t\t\t\t\t\t\t\t<span class=\"elementor-icon-list-text\">\u00dcberlegene Anpassungsf\u00e4higkeit<\/span>\n\t\t\t\t\t\t\t\t\t<\/li>\n\t\t\t\t\t\t\t\t<li class=\"elementor-icon-list-item\">\n\t\t\t\t\t\t\t\t\t\t\t<span class=\"elementor-icon-list-icon\">\n\t\t\t\t\t\t\t<i aria-hidden=\"true\" class=\"fas fa-caret-right\"><\/i>\t\t\t\t\t\t<\/span>\n\t\t\t\t\t\t\t\t\t\t<span class=\"elementor-icon-list-text\">Besserer Erfolg in allen Bereichen\u00a0<\/span>\n\t\t\t\t\t\t\t\t\t<\/li>\n\t\t\t\t\t\t\t\t<li class=\"elementor-icon-list-item\">\n\t\t\t\t\t\t\t\t\t\t\t<span class=\"elementor-icon-list-icon\">\n\t\t\t\t\t\t\t<i aria-hidden=\"true\" class=\"fas fa-caret-right\"><\/i>\t\t\t\t\t\t<\/span>\n\t\t\t\t\t\t\t\t\t\t<span class=\"elementor-icon-list-text\">H\u00f6here Effizienz in Kontexten des Wandels\u00a0<\/span>\n\t\t\t\t\t\t\t\t\t<\/li>\n\t\t\t\t\t\t\t\t<li class=\"elementor-icon-list-item\">\n\t\t\t\t\t\t\t\t\t\t\t<span class=\"elementor-icon-list-icon\">\n\t\t\t\t\t\t\t<i aria-hidden=\"true\" class=\"fas fa-caret-right\"><\/i>\t\t\t\t\t\t<\/span>\n\t\t\t\t\t\t\t\t\t\t<span class=\"elementor-icon-list-text\">Nachhaltige Beziehungen\u00a0<\/span>\n\t\t\t\t\t\t\t\t\t<\/li>\n\t\t\t\t\t\t\t\t<li class=\"elementor-icon-list-item\">\n\t\t\t\t\t\t\t\t\t\t\t<span class=\"elementor-icon-list-icon\">\n\t\t\t\t\t\t\t<i aria-hidden=\"true\" class=\"fas fa-caret-right\"><\/i>\t\t\t\t\t\t<\/span>\n\t\t\t\t\t\t\t\t\t\t<span class=\"elementor-icon-list-text\">Ein erf\u00fcllteres Leben\u00a0<\/span>\n\t\t\t\t\t\t\t\t\t<\/li>\n\t\t\t\t\t\t<\/ul>\n\t\t\t\t\t\t<\/div>\n\t\t\t\t<\/div>\n\t\t\t\t\t<\/div>\n\t\t<\/div>\n\t\t\t\t\t<\/div>\n\t\t<\/section>\n\t\t\t\t<section class=\"elementor-section elementor-top-section elementor-element elementor-element-4f09956 elementor-section-boxed elementor-section-height-default elementor-section-height-default\" data-id=\"4f09956\" data-element_type=\"section\" data-e-type=\"section\">\n\t\t\t\t\t\t<div class=\"elementor-container elementor-column-gap-default\">\n\t\t\t\t\t<div class=\"elementor-column elementor-col-100 elementor-top-column elementor-element elementor-element-313556d\" data-id=\"313556d\" data-element_type=\"column\" data-e-type=\"column\">\n\t\t\t<div class=\"elementor-widget-wrap elementor-element-populated\">\n\t\t\t\t\t\t<div class=\"elementor-element elementor-element-802ea32 elementor-widget elementor-widget-text-editor\" data-id=\"802ea32\" data-element_type=\"widget\" data-e-type=\"widget\" data-widget_type=\"text-editor.default\">\n\t\t\t\t<div class=\"elementor-widget-container\">\n\t\t\t\t\t\t\t\t\t<p><span class=\"TextRun SCXW205732199 BCX0\" lang=\"FR-FR\" xml:lang=\"FR-FR\" data-contrast=\"none\"><span class=\"NormalTextRun SCXW205732199 BCX0\">C<\/span><span class=\"NormalTextRun SCXW205732199 BCX0\">hez Talk, <\/span><span class=\"NormalTextRun SCXW205732199 BCX0\">wir haben von diesen emotional intelligenten Organisationen getr\u00e4umt<\/span><span class=\"NormalTextRun SCXW205732199 BCX0\">,<\/span> <span class=\"NormalTextRun SCXW205732199 BCX0\">o<\/span><span class=\"NormalTextRun SCXW205732199 BCX0\">uverts to change<\/span><span class=\"NormalTextRun SCXW205732199 BCX0\">,<\/span><span class=\"NormalTextRun SCXW205732199 BCX0\"> agil<\/span><span class=\"NormalTextRun CatchUpActivityHoveredHighlight CatchUpActivityHighlightBegin CatchUpActivityHighlightMiddle CatchUpActivityHighlightEnd SCXW205732199 BCX0\">,<\/span><span class=\"NormalTextRun SCXW205732199 BCX0\"> die erfolgsorientiert sind und von nachhaltigem Engagement und der Entwicklung ihrer Teams getragen werden.<\/span> <span class=\"NormalTextRun SCXW205732199 BCX0\">In der <\/span><span class=\"NormalTextRun SCXW205732199 BCX0\">Im zweiten Teil unseres Artikels werden wir einige Ans\u00e4tze skizzieren, aber<\/span><span class=\"NormalTextRun SCXW205732199 BCX0\"> wir haben<\/span><span class=\"NormalTextRun SCXW205732199 BCX0\"> vor allem<\/span><span class=\"NormalTextRun SCXW205732199 BCX0\"> brauchen Sie<\/span><span class=\"NormalTextRun CatchUpActivityHoveredHighlight CatchUpActivityHighlightBegin CatchUpActivityHighlightMiddle CatchUpActivityHighlightEnd SCXW205732199 BCX0\">,<\/span><span class=\"NormalTextRun SCXW205732199 BCX0\"> von Ihren wertvollen Ideen und Erfahrungen<\/span> <span class=\"NormalTextRun SCXW205732199 BCX0\">um diese Einsicht zu bereichern. Es geht darum <\/span><span class=\"NormalTextRun SpellingErrorV2Themed DefaultHighlightTransition SCXW205732199 BCX0\">co-construct<\/span><span class=\"NormalTextRun SCXW205732199 BCX0\"> dieses Abenteuer, zu dem wir Sie einladen <\/span><span class=\"NormalTextRun CatchUpActivityHoveredHighlight CatchUpActivityHighlightBegin CatchUpActivityHighlightMiddle CatchUpActivityHighlightEnd SCXW205732199 BCX0\">teilnehmen<\/span><span class=\"NormalTextRun SCXW205732199 BCX0\"> zu unserem Ev<\/span><span class=\"NormalTextRun CatchUpActivityHoveredHighlight CatchUpActivityHighlightBegin CatchUpActivityHighlightMiddle CatchUpActivityHighlightEnd SCXW205732199 BCX0\">\u00e9<\/span><span class=\"NormalTextRun SCXW205732199 BCX0\">nement zu diesem Thema am 30. Mai. <\/span><span class=\"NormalTextRun CatchUpActivityHoveredHighlight CatchUpActivityHighlightBegin CatchUpActivityHighlightMiddle SCXW205732199 BCX0\">Verpassen Sie dieses Rendezvous nicht<\/span><span class=\"NormalTextRun CommentStart CommentHighlightPipeRestV2 CommentHighlightRest CatchUpActivityHoveredHighlight CatchUpActivityHighlightMiddle SCXW205732199 BCX0\">Sie<\/span><span class=\"NormalTextRun CommentHighlightPipeRestV2 CatchUpActivityHoveredHighlight CatchUpActivityHighlightMiddle CatchUpActivityHighlightEnd SCXW205732199 BCX0\">!<\/span><\/span><span class=\"EOP SCXW205732199 BCX0\" data-ccp-props=\"{&quot;201341983&quot;:0,&quot;335551550&quot;:6,&quot;335551620&quot;:6,&quot;335559738&quot;:120,&quot;335559740&quot;:288}\">\u00a0<\/span><\/p>\t\t\t\t\t\t\t\t<\/div>\n\t\t\t\t<\/div>\n\t\t\t\t\t<\/div>\n\t\t<\/div>\n\t\t\t\t\t<\/div>\n\t\t<\/section>\n\t\t\t\t<section class=\"elementor-section elementor-top-section elementor-element elementor-element-152fa8a elementor-section-boxed elementor-section-height-default elementor-section-height-default\" data-id=\"152fa8a\" data-element_type=\"section\" data-e-type=\"section\">\n\t\t\t\t\t\t<div class=\"elementor-container elementor-column-gap-default\">\n\t\t\t\t\t<div class=\"elementor-column elementor-col-100 elementor-top-column elementor-element elementor-element-46b8296\" data-id=\"46b8296\" data-element_type=\"column\" data-e-type=\"column\">\n\t\t\t<div class=\"elementor-widget-wrap elementor-element-populated\">\n\t\t\t\t\t\t<div class=\"elementor-element elementor-element-f3fc185 elementor-widget elementor-widget-spacer\" data-id=\"f3fc185\" data-element_type=\"widget\" data-e-type=\"widget\" data-widget_type=\"spacer.default\">\n\t\t\t\t<div class=\"elementor-widget-container\">\n\t\t\t\t\t\t\t<div class=\"elementor-spacer\">\n\t\t\t<div class=\"elementor-spacer-inner\"><\/div>\n\t\t<\/div>\n\t\t\t\t\t\t<\/div>\n\t\t\t\t<\/div>\n\t\t\t\t\t<\/div>\n\t\t<\/div>\n\t\t\t\t\t<\/div>\n\t\t<\/section>\n\t\t\t\t<section class=\"elementor-section elementor-top-section elementor-element elementor-element-bf571a6 elementor-section-boxed elementor-section-height-default elementor-section-height-default\" data-id=\"bf571a6\" data-element_type=\"section\" data-e-type=\"section\">\n\t\t\t\t\t\t<div class=\"elementor-container elementor-column-gap-default\">\n\t\t\t\t\t<div class=\"elementor-column elementor-col-50 elementor-top-column elementor-element elementor-element-046daa4\" data-id=\"046daa4\" data-element_type=\"column\" data-e-type=\"column\">\n\t\t\t<div class=\"elementor-widget-wrap elementor-element-populated\">\n\t\t\t\t\t\t<div class=\"elementor-element elementor-element-171160a elementor-widget elementor-widget-image\" data-id=\"171160a\" data-element_type=\"widget\" data-e-type=\"widget\" data-widget_type=\"image.default\">\n\t\t\t\t<div class=\"elementor-widget-container\">\n\t\t\t\t\t\t\t\t\t\t\t\t\t\t\t<img fetchpriority=\"high\" decoding=\"async\" width=\"1118\" height=\"1118\" src=\"https:\/\/talk.swiss\/wp-content\/uploads\/2023\/12\/Team-Laurent-Schutz.webp\" class=\"attachment-full size-full wp-image-5697\" alt=\"Laurent Sch\u00fctz\" srcset=\"https:\/\/talk.swiss\/wp-content\/uploads\/2023\/12\/Team-Laurent-Schutz.webp 1118w, https:\/\/talk.swiss\/wp-content\/uploads\/2023\/12\/Team-Laurent-Schutz-300x300.webp 300w, https:\/\/talk.swiss\/wp-content\/uploads\/2023\/12\/Team-Laurent-Schutz-1024x1024.webp 1024w, https:\/\/talk.swiss\/wp-content\/uploads\/2023\/12\/Team-Laurent-Schutz-150x150.webp 150w, https:\/\/talk.swiss\/wp-content\/uploads\/2023\/12\/Team-Laurent-Schutz-768x768.webp 768w, https:\/\/talk.swiss\/wp-content\/uploads\/2023\/12\/Team-Laurent-Schutz-12x12.webp 12w, https:\/\/talk.swiss\/wp-content\/uploads\/2023\/12\/Team-Laurent-Schutz-1000x1000.webp 1000w, https:\/\/talk.swiss\/wp-content\/uploads\/2023\/12\/Team-Laurent-Schutz-100x100.webp 100w\" sizes=\"(max-width: 1118px) 100vw, 1118px\" \/>\t\t\t\t\t\t\t\t\t\t\t\t\t\t\t<\/div>\n\t\t\t\t<\/div>\n\t\t\t\t\t<\/div>\n\t\t<\/div>\n\t\t\t\t<div class=\"elementor-column elementor-col-50 elementor-top-column elementor-element elementor-element-9a31647\" data-id=\"9a31647\" data-element_type=\"column\" data-e-type=\"column\">\n\t\t\t<div class=\"elementor-widget-wrap elementor-element-populated\">\n\t\t\t\t\t\t<div class=\"elementor-element elementor-element-8b16b8f elementor-widget elementor-widget-text-editor\" data-id=\"8b16b8f\" data-element_type=\"widget\" data-e-type=\"widget\" data-widget_type=\"text-editor.default\">\n\t\t\t\t<div class=\"elementor-widget-container\">\n\t\t\t\t\t\t\t\t\t<p>Artikel vorgeschlagen von Laurent Sch\u00fctz\u00a0<\/p>\t\t\t\t\t\t\t\t<\/div>\n\t\t\t\t<\/div>\n\t\t\t\t<div class=\"elementor-element elementor-element-5b3e518 elementor-widget elementor-widget-text-editor\" data-id=\"5b3e518\" data-element_type=\"widget\" data-e-type=\"widget\" data-widget_type=\"text-editor.default\">\n\t\t\t\t<div class=\"elementor-widget-container\">\n\t\t\t\t\t\t\t\t\t<p><span data-contrast=\"none\">Laurent ist Psychologe mit den Schwerpunkten Arbeitspsychologie und Organisationssoziologie. Er hat verschiedene Positionen im Personalwesen und im Management bekleidet. <\/span><span data-contrast=\"none\">Als ehemaliger Verantwortlicher f\u00fcr Ausbildung und Entwicklung bei RTS legt er besonderen Wert auf <\/span><span data-contrast=\"none\">auf die Kommunikation in ihren Begleitungen. <\/span><\/p><p><span data-contrast=\"none\">Er ist auf zwischenmenschliche Beziehungen spezialisiert und arbeitet seit \u00fcber 18 Jahren als Coach in Organisationen und Unternehmen, um die Entwicklung der F\u00fchrungskultur zu f\u00f6rdern, innovative Systeme der gemeinsamen F\u00fchrung entstehen zu lassen und die Widerstandsf\u00e4higkeit und das Engagement der Teams zu st\u00e4rken. Seine Arbeit wird von der \u00dcberzeugung getragen, dass eine f\u00fcrsorgliche und wohlwollende Bindung das Herzst\u00fcck jedes nachhaltigen Erfolgs ist.<\/span><span data-ccp-props=\"{&quot;134233117&quot;:false,&quot;134233118&quot;:false,&quot;201341983&quot;:0,&quot;335551550&quot;:0,&quot;335551620&quot;:0,&quot;335559738&quot;:0,&quot;335559739&quot;:0,&quot;335559740&quot;:288}\">\u00a0<\/span><\/p>\t\t\t\t\t\t\t\t<\/div>\n\t\t\t\t<\/div>\n\t\t\t\t\t<\/div>\n\t\t<\/div>\n\t\t\t\t\t<\/div>\n\t\t<\/section>\n\t\t\t\t<section class=\"elementor-section elementor-top-section elementor-element elementor-element-7309538 elementor-section-boxed elementor-section-height-default elementor-section-height-default\" data-id=\"7309538\" data-element_type=\"section\" data-e-type=\"section\">\n\t\t\t\t\t\t<div class=\"elementor-container elementor-column-gap-default\">\n\t\t\t\t\t<div class=\"elementor-column elementor-col-100 elementor-top-column elementor-element elementor-element-f948e2a\" data-id=\"f948e2a\" data-element_type=\"column\" data-e-type=\"column\">\n\t\t\t<div class=\"elementor-widget-wrap elementor-element-populated\">\n\t\t\t\t\t\t<div class=\"elementor-element elementor-element-e96656c elementor-widget elementor-widget-spacer\" data-id=\"e96656c\" data-element_type=\"widget\" data-e-type=\"widget\" data-widget_type=\"spacer.default\">\n\t\t\t\t<div class=\"elementor-widget-container\">\n\t\t\t\t\t\t\t<div class=\"elementor-spacer\">\n\t\t\t<div class=\"elementor-spacer-inner\"><\/div>\n\t\t<\/div>\n\t\t\t\t\t\t<\/div>\n\t\t\t\t<\/div>\n\t\t\t\t\t<\/div>\n\t\t<\/div>\n\t\t\t\t\t<\/div>\n\t\t<\/section>\n\t\t\t\t<section class=\"elementor-section elementor-top-section elementor-element elementor-element-237ed72 elementor-section-boxed elementor-section-height-default elementor-section-height-default\" data-id=\"237ed72\" data-element_type=\"section\" data-e-type=\"section\">\n\t\t\t\t\t\t<div class=\"elementor-container elementor-column-gap-default\">\n\t\t\t\t\t<div class=\"elementor-column elementor-col-100 elementor-top-column elementor-element elementor-element-77c3f93\" data-id=\"77c3f93\" data-element_type=\"column\" data-e-type=\"column\">\n\t\t\t<div class=\"elementor-widget-wrap elementor-element-populated\">\n\t\t\t\t\t\t<div class=\"elementor-element elementor-element-d53556a elementor-widget elementor-widget-image\" data-id=\"d53556a\" data-element_type=\"widget\" data-e-type=\"widget\" data-widget_type=\"image.default\">\n\t\t\t\t<div class=\"elementor-widget-container\">\n\t\t\t\t\t\t\t\t\t\t\t\t\t\t\t\t<a href=\"https:\/\/infomaniak.events\/shop\/iqKAvq5nR2\/?utm_source=Site+web_+talk.swiss+&#038;utm_medium=site+web&#038;utm_campaign=Ev%C3%A9nement+talk+30+mai+%20\">\n\t\t\t\t\t\t\t<img decoding=\"async\" width=\"2048\" height=\"570\" src=\"https:\/\/talk.swiss\/wp-content\/uploads\/2024\/04\/banner_article.jpg\" class=\"attachment-full size-full wp-image-7144\" alt=\"\" srcset=\"https:\/\/talk.swiss\/wp-content\/uploads\/2024\/04\/banner_article.jpg 2048w, https:\/\/talk.swiss\/wp-content\/uploads\/2024\/04\/banner_article-300x83.jpg 300w, https:\/\/talk.swiss\/wp-content\/uploads\/2024\/04\/banner_article-1024x285.jpg 1024w, https:\/\/talk.swiss\/wp-content\/uploads\/2024\/04\/banner_article-768x214.jpg 768w, https:\/\/talk.swiss\/wp-content\/uploads\/2024\/04\/banner_article-1536x428.jpg 1536w, https:\/\/talk.swiss\/wp-content\/uploads\/2024\/04\/banner_article-18x5.jpg 18w\" sizes=\"(max-width: 2048px) 100vw, 2048px\" \/>\t\t\t\t\t\t\t\t<\/a>\n\t\t\t\t\t\t\t\t\t\t\t\t\t\t\t<\/div>\n\t\t\t\t<\/div>\n\t\t\t\t\t<\/div>\n\t\t<\/div>\n\t\t\t\t\t<\/div>\n\t\t<\/section>\n\t\t\t\t<section class=\"elementor-section elementor-top-section elementor-element elementor-element-3d69224 elementor-section-boxed elementor-section-height-default elementor-section-height-default\" data-id=\"3d69224\" data-element_type=\"section\" data-e-type=\"section\">\n\t\t\t\t\t\t<div class=\"elementor-container elementor-column-gap-default\">\n\t\t\t\t\t<div class=\"elementor-column elementor-col-100 elementor-top-column elementor-element elementor-element-b3e011f\" data-id=\"b3e011f\" data-element_type=\"column\" data-e-type=\"column\">\n\t\t\t<div class=\"elementor-widget-wrap elementor-element-populated\">\n\t\t\t\t\t\t<div class=\"elementor-element elementor-element-797716f elementor-align-left elementor-widget__width-initial elementor-widget elementor-widget-button\" data-id=\"797716f\" data-element_type=\"widget\" data-e-type=\"widget\" data-widget_type=\"button.default\">\n\t\t\t\t<div class=\"elementor-widget-container\">\n\t\t\t\t\t\t\t\t\t<div class=\"elementor-button-wrapper\">\n\t\t\t\t\t<a class=\"elementor-button elementor-button-link elementor-size-sm\" href=\"https:\/\/talk.swiss\/de\/solution\/\">\n\t\t\t\t\t\t<span class=\"elementor-button-content-wrapper\">\n\t\t\t\t\t\t\t\t\t<span class=\"elementor-button-text\">Entdecken Sie unsere L\u00f6sung<\/span>\n\t\t\t\t\t<\/span>\n\t\t\t\t\t<\/a>\n\t\t\t\t<\/div>\n\t\t\t\t\t\t\t\t<\/div>\n\t\t\t\t<\/div>\n\t\t\t\t\t<\/div>\n\t\t<\/div>\n\t\t\t\t\t<\/div>\n\t\t<\/section>\n\t\t\t\t<\/div>","protected":false},"excerpt":{"rendered":"<p>Emotionen werden im beruflichen Kontext oft als unangemessen empfunden. Emotionale Intelligenz erm\u00f6glicht es jedoch, viele Vorteile aus ihnen zu ziehen.<\/p>","protected":false},"author":18,"featured_media":7084,"comment_status":"closed","ping_status":"closed","sticky":false,"template":"","format":"standard","meta":{"footnotes":""},"categories":[38],"tags":[48,47,49],"class_list":["post-7081","post","type-post","status-publish","format-standard","has-post-thumbnail","hentry","category-actus","tag-communication","tag-emotion","tag-prise-de-parole"],"yoast_head":"<!-- This site is optimized with the Yoast SEO plugin v28.3 - https:\/\/yoast.com\/product\/yoast-seo-wordpress\/ -->\n<title>Votre organisation est-elle \u00e9motionnellement intelligente ? - TALK.SWISS<\/title>\n<meta name=\"robots\" content=\"index, follow, max-snippet:-1, max-image-preview:large, max-video-preview:-1\" \/>\n<link rel=\"canonical\" href=\"https:\/\/talk.swiss\/de\/votre-organisation-est-elle-emotionnellement-intelligente\/\" \/>\n<meta property=\"og:locale\" content=\"de_DE\" \/>\n<meta property=\"og:type\" content=\"article\" \/>\n<meta property=\"og:title\" content=\"Votre organisation est-elle \u00e9motionnellement intelligente ? - TALK.SWISS\" \/>\n<meta property=\"og:description\" content=\"Les \u00e9motions sont souvent per\u00e7ues comme inappropri\u00e9e dans le contexte professionnel. Cependant l\u2019intelligence \u00e9motionnelle permet d\u2019en tirer de nombreux b\u00e9n\u00e9fices.\" \/>\n<meta property=\"og:url\" content=\"https:\/\/talk.swiss\/de\/votre-organisation-est-elle-emotionnellement-intelligente\/\" \/>\n<meta property=\"og:site_name\" content=\"TALK.SWISS\" \/>\n<meta property=\"article:published_time\" content=\"2024-04-16T12:06:15+00:00\" \/>\n<meta property=\"article:modified_time\" content=\"2024-04-19T12:50:39+00:00\" \/>\n<meta property=\"og:image\" content=\"https:\/\/talk.swiss\/wp-content\/uploads\/2024\/04\/Visuel_blog_LS.jpg\" \/>\n\t<meta property=\"og:image:width\" content=\"1200\" \/>\n\t<meta property=\"og:image:height\" content=\"627\" \/>\n\t<meta property=\"og:image:type\" content=\"image\/jpeg\" \/>\n<meta name=\"author\" content=\"TALK\" \/>\n<meta name=\"twitter:card\" content=\"summary_large_image\" \/>\n<meta name=\"twitter:label1\" content=\"Geschrieben von\" \/>\n\t<meta name=\"twitter:data1\" content=\"TALK\" \/>\n\t<meta name=\"twitter:label2\" content=\"Gesch\u00e4tzte Lesezeit\" \/>\n\t<meta name=\"twitter:data2\" content=\"4\u00a0Minuten\" \/>\n<script type=\"application\/ld+json\" class=\"yoast-schema-graph\">{\"@context\":\"https:\\\/\\\/schema.org\",\"@graph\":[{\"@type\":\"Article\",\"@id\":\"https:\\\/\\\/talk.swiss\\\/votre-organisation-est-elle-emotionnellement-intelligente\\\/#article\",\"isPartOf\":{\"@id\":\"https:\\\/\\\/talk.swiss\\\/votre-organisation-est-elle-emotionnellement-intelligente\\\/\"},\"author\":{\"name\":\"TALK\",\"@id\":\"https:\\\/\\\/talk.swiss\\\/#\\\/schema\\\/person\\\/1881fee19cecd45279fad94065e432cf\"},\"headline\":\"Votre organisation est-elle \u00e9motionnellement intelligente ?\",\"datePublished\":\"2024-04-16T12:06:15+00:00\",\"dateModified\":\"2024-04-19T12:50:39+00:00\",\"mainEntityOfPage\":{\"@id\":\"https:\\\/\\\/talk.swiss\\\/votre-organisation-est-elle-emotionnellement-intelligente\\\/\"},\"wordCount\":779,\"publisher\":{\"@id\":\"https:\\\/\\\/talk.swiss\\\/#organization\"},\"image\":{\"@id\":\"https:\\\/\\\/talk.swiss\\\/votre-organisation-est-elle-emotionnellement-intelligente\\\/#primaryimage\"},\"thumbnailUrl\":\"https:\\\/\\\/talk.swiss\\\/wp-content\\\/uploads\\\/2024\\\/04\\\/Visuel_blog_LS.jpg\",\"keywords\":[\"Communication\",\"Emotion\",\"Prise de parole\"],\"articleSection\":[\"Blog\"],\"inLanguage\":\"de-CH\"},{\"@type\":\"WebPage\",\"@id\":\"https:\\\/\\\/talk.swiss\\\/votre-organisation-est-elle-emotionnellement-intelligente\\\/\",\"url\":\"https:\\\/\\\/talk.swiss\\\/votre-organisation-est-elle-emotionnellement-intelligente\\\/\",\"name\":\"Votre organisation est-elle \u00e9motionnellement intelligente ? - TALK.SWISS\",\"isPartOf\":{\"@id\":\"https:\\\/\\\/talk.swiss\\\/#website\"},\"primaryImageOfPage\":{\"@id\":\"https:\\\/\\\/talk.swiss\\\/votre-organisation-est-elle-emotionnellement-intelligente\\\/#primaryimage\"},\"image\":{\"@id\":\"https:\\\/\\\/talk.swiss\\\/votre-organisation-est-elle-emotionnellement-intelligente\\\/#primaryimage\"},\"thumbnailUrl\":\"https:\\\/\\\/talk.swiss\\\/wp-content\\\/uploads\\\/2024\\\/04\\\/Visuel_blog_LS.jpg\",\"datePublished\":\"2024-04-16T12:06:15+00:00\",\"dateModified\":\"2024-04-19T12:50:39+00:00\",\"breadcrumb\":{\"@id\":\"https:\\\/\\\/talk.swiss\\\/votre-organisation-est-elle-emotionnellement-intelligente\\\/#breadcrumb\"},\"inLanguage\":\"de-CH\",\"potentialAction\":[{\"@type\":\"ReadAction\",\"target\":[\"https:\\\/\\\/talk.swiss\\\/votre-organisation-est-elle-emotionnellement-intelligente\\\/\"]}]},{\"@type\":\"ImageObject\",\"inLanguage\":\"de-CH\",\"@id\":\"https:\\\/\\\/talk.swiss\\\/votre-organisation-est-elle-emotionnellement-intelligente\\\/#primaryimage\",\"url\":\"https:\\\/\\\/talk.swiss\\\/wp-content\\\/uploads\\\/2024\\\/04\\\/Visuel_blog_LS.jpg\",\"contentUrl\":\"https:\\\/\\\/talk.swiss\\\/wp-content\\\/uploads\\\/2024\\\/04\\\/Visuel_blog_LS.jpg\",\"width\":1200,\"height\":627},{\"@type\":\"BreadcrumbList\",\"@id\":\"https:\\\/\\\/talk.swiss\\\/votre-organisation-est-elle-emotionnellement-intelligente\\\/#breadcrumb\",\"itemListElement\":[{\"@type\":\"ListItem\",\"position\":1,\"name\":\"Accueil\",\"item\":\"https:\\\/\\\/talk.swiss\\\/\"},{\"@type\":\"ListItem\",\"position\":2,\"name\":\"Votre organisation est-elle \u00e9motionnellement intelligente ?\"}]},{\"@type\":\"WebSite\",\"@id\":\"https:\\\/\\\/talk.swiss\\\/#website\",\"url\":\"https:\\\/\\\/talk.swiss\\\/\",\"name\":\"TALK.SWISS\",\"description\":\"Talk, la parole au centre\",\"publisher\":{\"@id\":\"https:\\\/\\\/talk.swiss\\\/#organization\"},\"potentialAction\":[{\"@type\":\"SearchAction\",\"target\":{\"@type\":\"EntryPoint\",\"urlTemplate\":\"https:\\\/\\\/talk.swiss\\\/?s={search_term_string}\"},\"query-input\":{\"@type\":\"PropertyValueSpecification\",\"valueRequired\":true,\"valueName\":\"search_term_string\"}}],\"inLanguage\":\"de-CH\"},{\"@type\":\"Organization\",\"@id\":\"https:\\\/\\\/talk.swiss\\\/#organization\",\"name\":\"TALK.SWISS\",\"url\":\"https:\\\/\\\/talk.swiss\\\/\",\"logo\":{\"@type\":\"ImageObject\",\"inLanguage\":\"de-CH\",\"@id\":\"https:\\\/\\\/talk.swiss\\\/#\\\/schema\\\/logo\\\/image\\\/\",\"url\":\"https:\\\/\\\/talk.swiss\\\/wp-content\\\/uploads\\\/2022\\\/08\\\/cropped-Talk_logo.png\",\"contentUrl\":\"https:\\\/\\\/talk.swiss\\\/wp-content\\\/uploads\\\/2022\\\/08\\\/cropped-Talk_logo.png\",\"width\":400,\"height\":400,\"caption\":\"TALK.SWISS\"},\"image\":{\"@id\":\"https:\\\/\\\/talk.swiss\\\/#\\\/schema\\\/logo\\\/image\\\/\"}},{\"@type\":\"Person\",\"@id\":\"https:\\\/\\\/talk.swiss\\\/#\\\/schema\\\/person\\\/1881fee19cecd45279fad94065e432cf\",\"name\":\"TALK\",\"image\":{\"@type\":\"ImageObject\",\"inLanguage\":\"de-CH\",\"@id\":\"https:\\\/\\\/secure.gravatar.com\\\/avatar\\\/a844e88bbef9d283565411206105d6790df914da829c2400e7bde0f0ddb2e2e9?s=96&d=mm&r=g\",\"url\":\"https:\\\/\\\/secure.gravatar.com\\\/avatar\\\/a844e88bbef9d283565411206105d6790df914da829c2400e7bde0f0ddb2e2e9?s=96&d=mm&r=g\",\"contentUrl\":\"https:\\\/\\\/secure.gravatar.com\\\/avatar\\\/a844e88bbef9d283565411206105d6790df914da829c2400e7bde0f0ddb2e2e9?s=96&d=mm&r=g\",\"caption\":\"TALK\"},\"url\":\"https:\\\/\\\/talk.swiss\\\/de\\\/author\\\/talktalk-swiss\\\/\"}]}<\/script>\n<!-- \/ Yoast SEO plugin. -->","yoast_head_json":{"title":"Ist Ihre Organisation emotional intelligent? - TALK.SWISS","robots":{"index":"index","follow":"follow","max-snippet":"max-snippet:-1","max-image-preview":"max-image-preview:large","max-video-preview":"max-video-preview:-1"},"canonical":"https:\/\/talk.swiss\/de\/votre-organisation-est-elle-emotionnellement-intelligente\/","og_locale":"de_DE","og_type":"article","og_title":"Votre organisation est-elle \u00e9motionnellement intelligente ? - TALK.SWISS","og_description":"Les \u00e9motions sont souvent per\u00e7ues comme inappropri\u00e9e dans le contexte professionnel. Cependant l\u2019intelligence \u00e9motionnelle permet d\u2019en tirer de nombreux b\u00e9n\u00e9fices.","og_url":"https:\/\/talk.swiss\/de\/votre-organisation-est-elle-emotionnellement-intelligente\/","og_site_name":"TALK.SWISS","article_published_time":"2024-04-16T12:06:15+00:00","article_modified_time":"2024-04-19T12:50:39+00:00","og_image":[{"width":1200,"height":627,"url":"https:\/\/talk.swiss\/wp-content\/uploads\/2024\/04\/Visuel_blog_LS.jpg","type":"image\/jpeg"}],"author":"TALK","twitter_card":"summary_large_image","twitter_misc":{"Geschrieben von":"TALK","Gesch\u00e4tzte Lesezeit":"4\u00a0Minuten"},"schema":{"@context":"https:\/\/schema.org","@graph":[{"@type":"Article","@id":"https:\/\/talk.swiss\/votre-organisation-est-elle-emotionnellement-intelligente\/#article","isPartOf":{"@id":"https:\/\/talk.swiss\/votre-organisation-est-elle-emotionnellement-intelligente\/"},"author":{"name":"TALK","@id":"https:\/\/talk.swiss\/#\/schema\/person\/1881fee19cecd45279fad94065e432cf"},"headline":"Votre organisation est-elle \u00e9motionnellement intelligente ?","datePublished":"2024-04-16T12:06:15+00:00","dateModified":"2024-04-19T12:50:39+00:00","mainEntityOfPage":{"@id":"https:\/\/talk.swiss\/votre-organisation-est-elle-emotionnellement-intelligente\/"},"wordCount":779,"publisher":{"@id":"https:\/\/talk.swiss\/#organization"},"image":{"@id":"https:\/\/talk.swiss\/votre-organisation-est-elle-emotionnellement-intelligente\/#primaryimage"},"thumbnailUrl":"https:\/\/talk.swiss\/wp-content\/uploads\/2024\/04\/Visuel_blog_LS.jpg","keywords":["Communication","Emotion","Prise de parole"],"articleSection":["Blog"],"inLanguage":"de-CH"},{"@type":"WebPage","@id":"https:\/\/talk.swiss\/votre-organisation-est-elle-emotionnellement-intelligente\/","url":"https:\/\/talk.swiss\/votre-organisation-est-elle-emotionnellement-intelligente\/","name":"Ist Ihre Organisation emotional intelligent? - TALK.SWISS","isPartOf":{"@id":"https:\/\/talk.swiss\/#website"},"primaryImageOfPage":{"@id":"https:\/\/talk.swiss\/votre-organisation-est-elle-emotionnellement-intelligente\/#primaryimage"},"image":{"@id":"https:\/\/talk.swiss\/votre-organisation-est-elle-emotionnellement-intelligente\/#primaryimage"},"thumbnailUrl":"https:\/\/talk.swiss\/wp-content\/uploads\/2024\/04\/Visuel_blog_LS.jpg","datePublished":"2024-04-16T12:06:15+00:00","dateModified":"2024-04-19T12:50:39+00:00","breadcrumb":{"@id":"https:\/\/talk.swiss\/votre-organisation-est-elle-emotionnellement-intelligente\/#breadcrumb"},"inLanguage":"de-CH","potentialAction":[{"@type":"ReadAction","target":["https:\/\/talk.swiss\/votre-organisation-est-elle-emotionnellement-intelligente\/"]}]},{"@type":"ImageObject","inLanguage":"de-CH","@id":"https:\/\/talk.swiss\/votre-organisation-est-elle-emotionnellement-intelligente\/#primaryimage","url":"https:\/\/talk.swiss\/wp-content\/uploads\/2024\/04\/Visuel_blog_LS.jpg","contentUrl":"https:\/\/talk.swiss\/wp-content\/uploads\/2024\/04\/Visuel_blog_LS.jpg","width":1200,"height":627},{"@type":"BreadcrumbList","@id":"https:\/\/talk.swiss\/votre-organisation-est-elle-emotionnellement-intelligente\/#breadcrumb","itemListElement":[{"@type":"ListItem","position":1,"name":"Accueil","item":"https:\/\/talk.swiss\/"},{"@type":"ListItem","position":2,"name":"Votre organisation est-elle \u00e9motionnellement intelligente ?"}]},{"@type":"WebSite","@id":"https:\/\/talk.swiss\/#website","url":"https:\/\/talk.swiss\/","name":"TALK.SWISS","description":"Talk, das Wort im Mittelpunkt","publisher":{"@id":"https:\/\/talk.swiss\/#organization"},"potentialAction":[{"@type":"SearchAction","target":{"@type":"EntryPoint","urlTemplate":"https:\/\/talk.swiss\/?s={search_term_string}"},"query-input":{"@type":"PropertyValueSpecification","valueRequired":true,"valueName":"search_term_string"}}],"inLanguage":"de-CH"},{"@type":"Organization","@id":"https:\/\/talk.swiss\/#organization","name":"TALK.SWISS","url":"https:\/\/talk.swiss\/","logo":{"@type":"ImageObject","inLanguage":"de-CH","@id":"https:\/\/talk.swiss\/#\/schema\/logo\/image\/","url":"https:\/\/talk.swiss\/wp-content\/uploads\/2022\/08\/cropped-Talk_logo.png","contentUrl":"https:\/\/talk.swiss\/wp-content\/uploads\/2022\/08\/cropped-Talk_logo.png","width":400,"height":400,"caption":"TALK.SWISS"},"image":{"@id":"https:\/\/talk.swiss\/#\/schema\/logo\/image\/"}},{"@type":"Person","@id":"https:\/\/talk.swiss\/#\/schema\/person\/1881fee19cecd45279fad94065e432cf","name":"TALK","image":{"@type":"ImageObject","inLanguage":"de-CH","@id":"https:\/\/secure.gravatar.com\/avatar\/a844e88bbef9d283565411206105d6790df914da829c2400e7bde0f0ddb2e2e9?s=96&d=mm&r=g","url":"https:\/\/secure.gravatar.com\/avatar\/a844e88bbef9d283565411206105d6790df914da829c2400e7bde0f0ddb2e2e9?s=96&d=mm&r=g","contentUrl":"https:\/\/secure.gravatar.com\/avatar\/a844e88bbef9d283565411206105d6790df914da829c2400e7bde0f0ddb2e2e9?s=96&d=mm&r=g","caption":"TALK"},"url":"https:\/\/talk.swiss\/de\/author\/talktalk-swiss\/"}]}},"_links":{"self":[{"href":"https:\/\/talk.swiss\/de\/wp-json\/wp\/v2\/posts\/7081","targetHints":{"allow":["GET"]}}],"collection":[{"href":"https:\/\/talk.swiss\/de\/wp-json\/wp\/v2\/posts"}],"about":[{"href":"https:\/\/talk.swiss\/de\/wp-json\/wp\/v2\/types\/post"}],"author":[{"embeddable":true,"href":"https:\/\/talk.swiss\/de\/wp-json\/wp\/v2\/users\/18"}],"replies":[{"embeddable":true,"href":"https:\/\/talk.swiss\/de\/wp-json\/wp\/v2\/comments?post=7081"}],"version-history":[{"count":111,"href":"https:\/\/talk.swiss\/de\/wp-json\/wp\/v2\/posts\/7081\/revisions"}],"predecessor-version":[{"id":7237,"href":"https:\/\/talk.swiss\/de\/wp-json\/wp\/v2\/posts\/7081\/revisions\/7237"}],"wp:featuredmedia":[{"embeddable":true,"href":"https:\/\/talk.swiss\/de\/wp-json\/wp\/v2\/media\/7084"}],"wp:attachment":[{"href":"https:\/\/talk.swiss\/de\/wp-json\/wp\/v2\/media?parent=7081"}],"wp:term":[{"taxonomy":"category","embeddable":true,"href":"https:\/\/talk.swiss\/de\/wp-json\/wp\/v2\/categories?post=7081"},{"taxonomy":"post_tag","embeddable":true,"href":"https:\/\/talk.swiss\/de\/wp-json\/wp\/v2\/tags?post=7081"}],"curies":[{"name":"wp","href":"https:\/\/api.w.org\/{rel}","templated":true}]}}