{"id":6929,"date":"2024-03-21T23:48:20","date_gmt":"2024-03-21T22:48:20","guid":{"rendered":"https:\/\/talk.swiss\/?p=6929"},"modified":"2024-05-07T12:31:57","modified_gmt":"2024-05-07T10:31:57","slug":"emotions-communication-impactante","status":"publish","type":"post","link":"https:\/\/talk.swiss\/de\/emotions-communication-impactante\/","title":{"rendered":"Meine Emotionen: Der Mehrwert f\u00fcr eine wirkungsvolle Kommunikation"},"content":{"rendered":"<div data-elementor-type=\"wp-post\" data-elementor-id=\"6929\" class=\"elementor elementor-6929\" data-elementor-post-type=\"post\">\n\t\t\t\t\t\t<section class=\"elementor-section elementor-top-section elementor-element elementor-element-5921726 elementor-section-boxed elementor-section-height-default elementor-section-height-default\" data-id=\"5921726\" data-element_type=\"section\" data-e-type=\"section\">\n\t\t\t\t\t\t<div class=\"elementor-container elementor-column-gap-default\">\n\t\t\t\t\t<div class=\"elementor-column elementor-col-100 elementor-top-column elementor-element elementor-element-62fc3165\" data-id=\"62fc3165\" data-element_type=\"column\" data-e-type=\"column\">\n\t\t\t<div class=\"elementor-widget-wrap elementor-element-populated\">\n\t\t\t\t\t\t<div class=\"elementor-element elementor-element-99098ce elementor-widget elementor-widget-text-editor\" data-id=\"99098ce\" data-element_type=\"widget\" data-e-type=\"widget\" data-widget_type=\"text-editor.default\">\n\t\t\t\t<div class=\"elementor-widget-container\">\n\t\t\t\t\t\t\t\t\t<p>Von Laurent Vuarraz<\/p>\t\t\t\t\t\t\t\t<\/div>\n\t\t\t\t<\/div>\n\t\t\t\t<div class=\"elementor-element elementor-element-5c488380 elementor-widget elementor-widget-text-editor\" data-id=\"5c488380\" data-element_type=\"widget\" data-e-type=\"widget\" data-widget_type=\"text-editor.default\">\n\t\t\t\t<div class=\"elementor-widget-container\">\n\t\t\t\t\t\t\t\t\t<p>Was macht den Unterschied zwischen einem anregenden Waldspaziergang, einer Beerdigungszeremonie, einer aufregenden Expedition, einer Hochzeit oder dem Verirren im Wald bei Einbruch der Dunkelheit aus?  Die unterschiedlichen Emotionen, die diese Erlebnisse bei mir ausl\u00f6sen.<\/p>\t\t\t\t\t\t\t\t<\/div>\n\t\t\t\t<\/div>\n\t\t\t\t\t<\/div>\n\t\t<\/div>\n\t\t\t\t\t<\/div>\n\t\t<\/section>\n\t\t\t\t<section class=\"elementor-section elementor-top-section elementor-element elementor-element-05a3924 elementor-section-boxed elementor-section-height-default elementor-section-height-default\" data-id=\"05a3924\" data-element_type=\"section\" data-e-type=\"section\">\n\t\t\t\t\t\t<div class=\"elementor-container elementor-column-gap-default\">\n\t\t\t\t\t<div class=\"elementor-column elementor-col-50 elementor-top-column elementor-element elementor-element-c1085e4\" data-id=\"c1085e4\" data-element_type=\"column\" data-e-type=\"column\">\n\t\t\t<div class=\"elementor-widget-wrap elementor-element-populated\">\n\t\t\t\t\t\t<div class=\"elementor-element elementor-element-daeb67a elementor-widget__width-initial elementor-widget elementor-widget-image\" data-id=\"daeb67a\" data-element_type=\"widget\" data-e-type=\"widget\" data-widget_type=\"image.default\">\n\t\t\t\t<div class=\"elementor-widget-container\">\n\t\t\t\t\t\t\t\t\t\t\t\t<figure class=\"wp-caption\">\n\t\t\t\t\t\t\t\t\t\t<img fetchpriority=\"high\" decoding=\"async\" width=\"1006\" height=\"822\" src=\"https:\/\/talk.swiss\/wp-content\/uploads\/2024\/03\/Laurent_pres.jpg\" class=\"attachment-full size-full wp-image-7067\" alt=\"\" srcset=\"https:\/\/talk.swiss\/wp-content\/uploads\/2024\/03\/Laurent_pres.jpg 1006w, https:\/\/talk.swiss\/wp-content\/uploads\/2024\/03\/Laurent_pres-300x245.jpg 300w, https:\/\/talk.swiss\/wp-content\/uploads\/2024\/03\/Laurent_pres-768x628.jpg 768w, https:\/\/talk.swiss\/wp-content\/uploads\/2024\/03\/Laurent_pres-15x12.jpg 15w\" sizes=\"(max-width: 1006px) 100vw, 1006px\" \/>\t\t\t\t\t\t\t\t\t\t\t<figcaption class=\"widget-image-caption wp-caption-text\">Laurent Vuarraz, CEO und Gr\u00fcnder <\/figcaption>\n\t\t\t\t\t\t\t\t\t\t<\/figure>\n\t\t\t\t\t\t\t\t\t<\/div>\n\t\t\t\t<\/div>\n\t\t\t\t\t<\/div>\n\t\t<\/div>\n\t\t\t\t<div class=\"elementor-column elementor-col-50 elementor-top-column elementor-element elementor-element-5279fe5\" data-id=\"5279fe5\" data-element_type=\"column\" data-e-type=\"column\">\n\t\t\t<div class=\"elementor-widget-wrap elementor-element-populated\">\n\t\t\t\t\t\t<div class=\"elementor-element elementor-element-fe50d8d elementor-widget__width-initial elementor-widget elementor-widget-text-editor\" data-id=\"fe50d8d\" data-element_type=\"widget\" data-e-type=\"widget\" data-widget_type=\"text-editor.default\">\n\t\t\t\t<div class=\"elementor-widget-container\">\n\t\t\t\t\t\t\t\t\t<p>Emotionen werden zwar mit den sch\u00f6nsten Momenten unseres Lebens in Verbindung gebracht, sind aber manchmal durch die Reaktionen, die sie in uns ausl\u00f6sen, terrorisierend. Aus diesem Grund w\u00fcnschen sich die Menschen in allen Kursen, die ich seit 20 Jahren gebe, systematisch einen besseren Umgang mit Emotionen in ihrer Kommunikation. Dann frage ich sie: \"Warum? Weil ich mich selbst kontrollieren muss, ich bin zu sensibel, verliere die Kontrolle und bin hilflos\".<\/p>\t\t\t\t\t\t\t\t<\/div>\n\t\t\t\t<\/div>\n\t\t\t\t\t<\/div>\n\t\t<\/div>\n\t\t\t\t\t<\/div>\n\t\t<\/section>\n\t\t\t\t<section class=\"elementor-section elementor-top-section elementor-element elementor-element-bb1d37e elementor-section-boxed elementor-section-height-default elementor-section-height-default\" data-id=\"bb1d37e\" data-element_type=\"section\" data-e-type=\"section\">\n\t\t\t\t\t\t<div class=\"elementor-container elementor-column-gap-default\">\n\t\t\t\t\t<div class=\"elementor-column elementor-col-100 elementor-top-column elementor-element elementor-element-0e8b595\" data-id=\"0e8b595\" data-element_type=\"column\" data-e-type=\"column\">\n\t\t\t<div class=\"elementor-widget-wrap elementor-element-populated\">\n\t\t\t\t\t\t<div class=\"elementor-element elementor-element-6655fff elementor-widget elementor-widget-heading\" data-id=\"6655fff\" data-element_type=\"widget\" data-e-type=\"widget\" data-widget_type=\"heading.default\">\n\t\t\t\t<div class=\"elementor-widget-container\">\n\t\t\t\t\t<h2 class=\"elementor-heading-title elementor-size-xl\">Die Illusion der emotionalen Kontrolle<\/h2>\t\t\t\t<\/div>\n\t\t\t\t<\/div>\n\t\t\t\t<div class=\"elementor-element elementor-element-cf4db14 elementor-widget elementor-widget-text-editor\" data-id=\"cf4db14\" data-element_type=\"widget\" data-e-type=\"widget\" data-widget_type=\"text-editor.default\">\n\t\t\t\t<div class=\"elementor-widget-container\">\n\t\t\t\t\t\t\t\t\t<p>Unsere starken Gef\u00fchle k\u00f6nnen gef\u00fcrchtete Reaktionen und Verhaltensweisen hervorrufen. Sie k\u00f6nnen schmerzhaft und manchmal gef\u00e4hrlich sein. Sie sind oft ein Hindernis f\u00fcr die Qualit\u00e4t von Beziehungen. Sie schaden uns, machen uns l\u00e4cherlich, schwach, inkompetent. Sie ziehen uns den Magen zusammen, lassen uns nicht schlafen, bringen uns zum Schreien und manchmal sogar zum Weinen... Und ihre unkontrollierbare Dimension l\u00e4sst uns an uns selbst zweifeln. Deshalb haben wir alle auf den ersten Blick den Wunsch, unsere Gef\u00fchle zu beherrschen. Wir w\u00fcnschen uns, dass wir mit ihnen umgehen und sie kontrollieren k\u00f6nnen.<\/p><p>Wir glauben, dass eine Person, die sich selbst gut kontrollieren kann, mit ihren Emotionen umgehen und ihre Reaktionen neutralisieren kann. Manche tr\u00e4umen sogar davon, ihre Emotionen unterdr\u00fccken zu k\u00f6nnen. Emotionale Kontrolle w\u00fcrde also darauf hinauslaufen, eine unangemessene Handlung bremsen zu k\u00f6nnen oder gar gar nichts mehr zu empfinden.  Aber wenn ich das tue ... Handle ich dann f\u00fcr oder gegen mich?<\/p>\t\t\t\t\t\t\t\t<\/div>\n\t\t\t\t<\/div>\n\t\t\t\t\t<\/div>\n\t\t<\/div>\n\t\t\t\t\t<\/div>\n\t\t<\/section>\n\t\t\t\t<section class=\"elementor-section elementor-top-section elementor-element elementor-element-92c62b6 elementor-section-boxed elementor-section-height-default elementor-section-height-default\" data-id=\"92c62b6\" data-element_type=\"section\" data-e-type=\"section\">\n\t\t\t\t\t\t<div class=\"elementor-container elementor-column-gap-default\">\n\t\t\t\t\t<div class=\"elementor-column elementor-col-100 elementor-top-column elementor-element elementor-element-24fcce2\" data-id=\"24fcce2\" data-element_type=\"column\" data-e-type=\"column\" data-settings=\"{&quot;background_background&quot;:&quot;classic&quot;}\">\n\t\t\t<div class=\"elementor-widget-wrap elementor-element-populated\">\n\t\t\t\t\t<div class=\"elementor-background-overlay\"><\/div>\n\t\t\t\t\t\t<div class=\"elementor-element elementor-element-b90bb0c elementor-widget elementor-widget-heading\" data-id=\"b90bb0c\" data-element_type=\"widget\" data-e-type=\"widget\" data-widget_type=\"heading.default\">\n\t\t\t\t<div class=\"elementor-widget-container\">\n\t\t\t\t\t<h2 class=\"elementor-heading-title elementor-size-default\">Anstatt seine Gef\u00fchle z\u00e4hmen zu wollen, geht es darum, sie besser zu verstehen.<\/h2>\t\t\t\t<\/div>\n\t\t\t\t<\/div>\n\t\t\t\t\t<\/div>\n\t\t<\/div>\n\t\t\t\t\t<\/div>\n\t\t<\/section>\n\t\t\t\t<section class=\"elementor-section elementor-top-section elementor-element elementor-element-ae5f9ba elementor-section-boxed elementor-section-height-default elementor-section-height-default\" data-id=\"ae5f9ba\" data-element_type=\"section\" data-e-type=\"section\">\n\t\t\t\t\t\t<div class=\"elementor-container elementor-column-gap-default\">\n\t\t\t\t\t<div class=\"elementor-column elementor-col-100 elementor-top-column elementor-element elementor-element-0afb8fb\" data-id=\"0afb8fb\" data-element_type=\"column\" data-e-type=\"column\">\n\t\t\t<div class=\"elementor-widget-wrap elementor-element-populated\">\n\t\t\t\t\t\t<div class=\"elementor-element elementor-element-2047df0 elementor-widget elementor-widget-heading\" data-id=\"2047df0\" data-element_type=\"widget\" data-e-type=\"widget\" data-widget_type=\"heading.default\">\n\t\t\t\t<div class=\"elementor-widget-container\">\n\t\t\t\t\t<h2 class=\"elementor-heading-title elementor-size-xl\">Emotionen erkennen und begreifen\n<\/h2>\t\t\t\t<\/div>\n\t\t\t\t<\/div>\n\t\t\t\t<div class=\"elementor-element elementor-element-2bd88e0 elementor-widget elementor-widget-text-editor\" data-id=\"2bd88e0\" data-element_type=\"widget\" data-e-type=\"widget\" data-widget_type=\"text-editor.default\">\n\t\t\t\t<div class=\"elementor-widget-container\">\n\t\t\t\t\t\t\t\t\t<p>Emotionen sind ein authentisches Spiegelbild dessen, was in unserem Inneren vor sich geht. Und viel mehr als sie zu z\u00e4hmen oder zu unterdr\u00fccken, geht es darum, sie besser zu verstehen. Unsere Talk.Swiss-Technologie bietet die M\u00f6glichkeit, Emotionen zu erfassen und sie in einem sicheren Rahmen zu z\u00e4hmen. Unser Daseinszweck ist es, Sie zu begleiten, damit Sie sie gekonnt einsetzen k\u00f6nnen. Unser Zauberspiegel erm\u00f6glicht es, meine Emotionen gefahrlos kennen zu lernen.<\/p><p>Mit dem dynamischen Bewusstsein meiner Gef\u00fchlswelt kann ich mit den negativen und positiven Emotionen, die in mir entstehen, interagieren. Dann lerne ich, sie zu verbinden, damit sie miteinander kommunizieren, mit dem Ziel, den Zugang zu Bewegung und Lebensenergie zu erleichtern. Dadurch kann ich meine Absicht steuern und weiss, dass wir nicht nur mit positiven Emotionen leben k\u00f6nnen. Negative Emotionen sind f\u00fcr unser \u00dcberleben unerl\u00e4sslich, sie markieren einen Weg und sorgen f\u00fcr Sicherheit.<\/p>\t\t\t\t\t\t\t\t<\/div>\n\t\t\t\t<\/div>\n\t\t\t\t\t<\/div>\n\t\t<\/div>\n\t\t\t\t\t<\/div>\n\t\t<\/section>\n\t\t\t\t<section class=\"elementor-section elementor-top-section elementor-element elementor-element-f2e4f43 elementor-section-boxed elementor-section-height-default elementor-section-height-default\" data-id=\"f2e4f43\" data-element_type=\"section\" data-e-type=\"section\">\n\t\t\t\t\t\t<div class=\"elementor-container elementor-column-gap-default\">\n\t\t\t\t\t<div class=\"elementor-column elementor-col-50 elementor-top-column elementor-element elementor-element-02d257d\" data-id=\"02d257d\" data-element_type=\"column\" data-e-type=\"column\">\n\t\t\t<div class=\"elementor-widget-wrap elementor-element-populated\">\n\t\t\t\t\t\t<div class=\"elementor-element elementor-element-4461016 elementor-widget elementor-widget-image\" data-id=\"4461016\" data-element_type=\"widget\" data-e-type=\"widget\" data-widget_type=\"image.default\">\n\t\t\t\t<div class=\"elementor-widget-container\">\n\t\t\t\t\t\t\t\t\t\t\t\t\t\t\t<img decoding=\"async\" width=\"800\" height=\"455\" src=\"https:\/\/talk.swiss\/wp-content\/uploads\/2024\/03\/Emotion_men_phone-1024x582.jpg\" class=\"attachment-large size-large wp-image-6941\" alt=\"\" srcset=\"https:\/\/talk.swiss\/wp-content\/uploads\/2024\/03\/Emotion_men_phone-1024x582.jpg 1024w, https:\/\/talk.swiss\/wp-content\/uploads\/2024\/03\/Emotion_men_phone-300x171.jpg 300w, https:\/\/talk.swiss\/wp-content\/uploads\/2024\/03\/Emotion_men_phone-768x437.jpg 768w, https:\/\/talk.swiss\/wp-content\/uploads\/2024\/03\/Emotion_men_phone-1536x873.jpg 1536w, https:\/\/talk.swiss\/wp-content\/uploads\/2024\/03\/Emotion_men_phone-2048x1164.jpg 2048w, https:\/\/talk.swiss\/wp-content\/uploads\/2024\/03\/Emotion_men_phone-18x10.jpg 18w\" sizes=\"(max-width: 800px) 100vw, 800px\" \/>\t\t\t\t\t\t\t\t\t\t\t\t\t\t\t<\/div>\n\t\t\t\t<\/div>\n\t\t\t\t\t<\/div>\n\t\t<\/div>\n\t\t\t\t<div class=\"elementor-column elementor-col-50 elementor-top-column elementor-element elementor-element-48c89a0\" data-id=\"48c89a0\" data-element_type=\"column\" data-e-type=\"column\">\n\t\t\t<div class=\"elementor-widget-wrap elementor-element-populated\">\n\t\t\t\t\t\t<div class=\"elementor-element elementor-element-06fb710 elementor-widget elementor-widget-text-editor\" data-id=\"06fb710\" data-element_type=\"widget\" data-e-type=\"widget\" data-widget_type=\"text-editor.default\">\n\t\t\t\t<div class=\"elementor-widget-container\">\n\t\t\t\t\t\t\t\t\t<p>Mit unserer L\u00f6sung f\u00fchlen Sie endlich die M\u00f6glichkeit, zu verstehen, was auf Ihrem Gesicht auf emotionaler Ebene und im weiteren Sinne in Ihrem Inneren vor sich geht.<\/p>\t\t\t\t\t\t\t\t<\/div>\n\t\t\t\t<\/div>\n\t\t\t\t\t<\/div>\n\t\t<\/div>\n\t\t\t\t\t<\/div>\n\t\t<\/section>\n\t\t\t\t<section class=\"elementor-section elementor-top-section elementor-element elementor-element-c90cc72 elementor-section-boxed elementor-section-height-default elementor-section-height-default\" data-id=\"c90cc72\" data-element_type=\"section\" data-e-type=\"section\">\n\t\t\t\t\t\t<div class=\"elementor-container elementor-column-gap-default\">\n\t\t\t\t\t<div class=\"elementor-column elementor-col-100 elementor-top-column elementor-element elementor-element-5016177\" data-id=\"5016177\" data-element_type=\"column\" data-e-type=\"column\">\n\t\t\t<div class=\"elementor-widget-wrap elementor-element-populated\">\n\t\t\t\t\t\t<div class=\"elementor-element elementor-element-4e97319 elementor-widget elementor-widget-image\" data-id=\"4e97319\" data-element_type=\"widget\" data-e-type=\"widget\" data-widget_type=\"image.default\">\n\t\t\t\t<div class=\"elementor-widget-container\">\n\t\t\t\t\t\t\t\t\t\t\t\t\t\t\t<img decoding=\"async\" width=\"1439\" height=\"949\" src=\"https:\/\/talk.swiss\/wp-content\/uploads\/2024\/03\/emotion_phone.png\" class=\"attachment-full size-full wp-image-7015\" alt=\"\" srcset=\"https:\/\/talk.swiss\/wp-content\/uploads\/2024\/03\/emotion_phone.png 1439w, https:\/\/talk.swiss\/wp-content\/uploads\/2024\/03\/emotion_phone-300x198.png 300w, https:\/\/talk.swiss\/wp-content\/uploads\/2024\/03\/emotion_phone-1024x675.png 1024w, https:\/\/talk.swiss\/wp-content\/uploads\/2024\/03\/emotion_phone-768x506.png 768w, https:\/\/talk.swiss\/wp-content\/uploads\/2024\/03\/emotion_phone-18x12.png 18w\" sizes=\"(max-width: 1439px) 100vw, 1439px\" \/>\t\t\t\t\t\t\t\t\t\t\t\t\t\t\t<\/div>\n\t\t\t\t<\/div>\n\t\t\t\t\t<\/div>\n\t\t<\/div>\n\t\t\t\t\t<\/div>\n\t\t<\/section>\n\t\t\t\t<section class=\"elementor-section elementor-top-section elementor-element elementor-element-8de2e0a elementor-section-boxed elementor-section-height-default elementor-section-height-default\" data-id=\"8de2e0a\" data-element_type=\"section\" data-e-type=\"section\">\n\t\t\t\t\t\t<div class=\"elementor-container elementor-column-gap-default\">\n\t\t\t\t\t<div class=\"elementor-column elementor-col-100 elementor-top-column elementor-element elementor-element-260cf53\" data-id=\"260cf53\" data-element_type=\"column\" data-e-type=\"column\">\n\t\t\t<div class=\"elementor-widget-wrap elementor-element-populated\">\n\t\t\t\t\t\t<div class=\"elementor-element elementor-element-66be01d elementor-widget elementor-widget-text-editor\" data-id=\"66be01d\" data-element_type=\"widget\" data-e-type=\"widget\" data-widget_type=\"text-editor.default\">\n\t\t\t\t<div class=\"elementor-widget-container\">\n\t\t\t\t\t\t\t\t\t<p>Sie lernen die grundlegenden Emotionen kennen und entdecken, dass sie in der Regel aus mehreren, einander \u00fcberlappenden Emotionen bestehen. Beispielsweise k\u00f6nnen Sie Irritation empfinden, die sich aus einem Teil Wut und einem Teil Ekel zusammensetzt.  Unser Nervensystem ist so schnell, dass es mehrere emotionale Signale gleichzeitig \u00fcbertragen kann, um komplexe Emotionen zu bilden. Unsere Technologie erm\u00f6glicht es, diese zu visualisieren. Und schliesslich k\u00f6nnen Sie verstehen, was Sie aussenden. Sie k\u00f6nnen erkennen, dass Sie widerspr\u00fcchliche emotionale Signale aussenden, die problemlos nebeneinander existieren k\u00f6nnen, ohne dass Sie sich dessen bewusst sind.<\/p>\t\t\t\t\t\t\t\t<\/div>\n\t\t\t\t<\/div>\n\t\t\t\t\t<\/div>\n\t\t<\/div>\n\t\t\t\t\t<\/div>\n\t\t<\/section>\n\t\t\t\t<section class=\"elementor-section elementor-top-section elementor-element elementor-element-93ce17a elementor-section-boxed elementor-section-height-default elementor-section-height-default\" data-id=\"93ce17a\" data-element_type=\"section\" data-e-type=\"section\">\n\t\t\t\t\t\t<div class=\"elementor-container elementor-column-gap-default\">\n\t\t\t\t\t<div class=\"elementor-column elementor-col-100 elementor-top-column elementor-element elementor-element-7622fad\" data-id=\"7622fad\" data-element_type=\"column\" data-e-type=\"column\" data-settings=\"{&quot;background_background&quot;:&quot;classic&quot;}\">\n\t\t\t<div class=\"elementor-widget-wrap elementor-element-populated\">\n\t\t\t\t\t\t<div class=\"elementor-element elementor-element-70118f2 elementor-widget elementor-widget-heading\" data-id=\"70118f2\" data-element_type=\"widget\" data-e-type=\"widget\" data-widget_type=\"heading.default\">\n\t\t\t\t<div class=\"elementor-widget-container\">\n\t\t\t\t\t<h2 class=\"elementor-heading-title elementor-size-default\">Unser Zauberspiegel<\/h2>\t\t\t\t<\/div>\n\t\t\t\t<\/div>\n\t\t\t\t\t<\/div>\n\t\t<\/div>\n\t\t\t\t\t<\/div>\n\t\t<\/section>\n\t\t\t\t<section class=\"elementor-section elementor-top-section elementor-element elementor-element-4f09956 elementor-section-boxed elementor-section-height-default elementor-section-height-default\" data-id=\"4f09956\" data-element_type=\"section\" data-e-type=\"section\">\n\t\t\t\t\t\t<div class=\"elementor-container elementor-column-gap-default\">\n\t\t\t\t\t<div class=\"elementor-column elementor-col-100 elementor-top-column elementor-element elementor-element-859b36c\" data-id=\"859b36c\" data-element_type=\"column\" data-e-type=\"column\">\n\t\t\t<div class=\"elementor-widget-wrap elementor-element-populated\">\n\t\t\t\t\t\t<div class=\"elementor-element elementor-element-ce68400 elementor-widget elementor-widget-text-editor\" data-id=\"ce68400\" data-element_type=\"widget\" data-e-type=\"widget\" data-widget_type=\"text-editor.default\">\n\t\t\t\t<div class=\"elementor-widget-container\">\n\t\t\t\t\t\t\t\t\t<p>Unser \"Zauberspiegel\", erm\u00f6glicht es Ihnen, sich Ihrer Emotionen bewusst zu werden. Sie versuchen nicht mehr, sie zu beherrschen, sondern betrachten sie als Entwicklungsleitfaden, um Ihre berufliche Wirkung zu verbessern. Nach und nach werden sie zu einem m\u00e4chtigen Hebel, um Ihre Beziehungen und Ihre K\u00f6rperhaltung zu verbessern.<\/p>\t\t\t\t\t\t\t\t<\/div>\n\t\t\t\t<\/div>\n\t\t\t\t\t<\/div>\n\t\t<\/div>\n\t\t\t\t\t<\/div>\n\t\t<\/section>\n\t\t\t\t<section class=\"elementor-section elementor-top-section elementor-element elementor-element-c06b07c elementor-section-boxed elementor-section-height-default elementor-section-height-default\" data-id=\"c06b07c\" data-element_type=\"section\" data-e-type=\"section\">\n\t\t\t\t\t\t<div class=\"elementor-container elementor-column-gap-default\">\n\t\t\t\t\t<div class=\"elementor-column elementor-col-100 elementor-top-column elementor-element elementor-element-2442596\" data-id=\"2442596\" data-element_type=\"column\" data-e-type=\"column\">\n\t\t\t<div class=\"elementor-widget-wrap elementor-element-populated\">\n\t\t\t\t\t\t<div class=\"elementor-element elementor-element-a8ad86d elementor-widget elementor-widget-image\" data-id=\"a8ad86d\" data-element_type=\"widget\" data-e-type=\"widget\" data-widget_type=\"image.default\">\n\t\t\t\t<div class=\"elementor-widget-container\">\n\t\t\t\t\t\t\t\t\t\t\t\t\t\t\t\t<a href=\"https:\/\/infomaniak.events\/shop\/iqKAvq5nR2\/?utm_source=Site+web_+talk.swiss+&#038;utm_medium=site+web&#038;utm_campaign=Ev%C3%A9nement+talk+30+mai+%20\">\n\t\t\t\t\t\t\t<img loading=\"lazy\" decoding=\"async\" width=\"2048\" height=\"570\" src=\"https:\/\/talk.swiss\/wp-content\/uploads\/2024\/04\/banner_article.jpg\" class=\"attachment-full size-full wp-image-7144\" alt=\"\" srcset=\"https:\/\/talk.swiss\/wp-content\/uploads\/2024\/04\/banner_article.jpg 2048w, https:\/\/talk.swiss\/wp-content\/uploads\/2024\/04\/banner_article-300x83.jpg 300w, https:\/\/talk.swiss\/wp-content\/uploads\/2024\/04\/banner_article-1024x285.jpg 1024w, https:\/\/talk.swiss\/wp-content\/uploads\/2024\/04\/banner_article-768x214.jpg 768w, https:\/\/talk.swiss\/wp-content\/uploads\/2024\/04\/banner_article-1536x428.jpg 1536w, https:\/\/talk.swiss\/wp-content\/uploads\/2024\/04\/banner_article-18x5.jpg 18w\" sizes=\"(max-width: 2048px) 100vw, 2048px\" \/>\t\t\t\t\t\t\t\t<\/a>\n\t\t\t\t\t\t\t\t\t\t\t\t\t\t\t<\/div>\n\t\t\t\t<\/div>\n\t\t\t\t\t<\/div>\n\t\t<\/div>\n\t\t\t\t\t<\/div>\n\t\t<\/section>\n\t\t\t\t<section class=\"elementor-section elementor-top-section elementor-element elementor-element-b87dd6f elementor-section-boxed elementor-section-height-default elementor-section-height-default\" data-id=\"b87dd6f\" data-element_type=\"section\" data-e-type=\"section\">\n\t\t\t\t\t\t<div class=\"elementor-container elementor-column-gap-default\">\n\t\t\t\t\t<div class=\"elementor-column elementor-col-100 elementor-top-column elementor-element elementor-element-9af7b20\" data-id=\"9af7b20\" data-element_type=\"column\" data-e-type=\"column\">\n\t\t\t<div class=\"elementor-widget-wrap elementor-element-populated\">\n\t\t\t\t\t\t<div class=\"elementor-element elementor-element-09448d2 elementor-align-left elementor-widget__width-initial elementor-widget elementor-widget-button\" data-id=\"09448d2\" data-element_type=\"widget\" data-e-type=\"widget\" data-widget_type=\"button.default\">\n\t\t\t\t<div class=\"elementor-widget-container\">\n\t\t\t\t\t\t\t\t\t<div class=\"elementor-button-wrapper\">\n\t\t\t\t\t<a class=\"elementor-button elementor-button-link elementor-size-sm\" href=\"https:\/\/talk.swiss\/de\/solution\/\">\n\t\t\t\t\t\t<span class=\"elementor-button-content-wrapper\">\n\t\t\t\t\t\t\t\t\t<span class=\"elementor-button-text\">Entdecken Sie unsere L\u00f6sung<\/span>\n\t\t\t\t\t<\/span>\n\t\t\t\t\t<\/a>\n\t\t\t\t<\/div>\n\t\t\t\t\t\t\t\t<\/div>\n\t\t\t\t<\/div>\n\t\t\t\t\t<\/div>\n\t\t<\/div>\n\t\t\t\t\t<\/div>\n\t\t<\/section>\n\t\t\t\t<section class=\"elementor-section elementor-top-section elementor-element elementor-element-b38661c elementor-section-boxed elementor-section-height-default elementor-section-height-default\" data-id=\"b38661c\" data-element_type=\"section\" data-e-type=\"section\">\n\t\t\t\t\t\t<div class=\"elementor-container elementor-column-gap-default\">\n\t\t\t\t\t<div class=\"elementor-column elementor-col-50 elementor-top-column elementor-element elementor-element-29fc8c9\" data-id=\"29fc8c9\" data-element_type=\"column\" data-e-type=\"column\">\n\t\t\t<div class=\"elementor-widget-wrap elementor-element-populated\">\n\t\t\t\t\t\t<div class=\"elementor-element elementor-element-12aca51 elementor-widget elementor-widget-image\" data-id=\"12aca51\" data-element_type=\"widget\" data-e-type=\"widget\" data-widget_type=\"image.default\">\n\t\t\t\t<div class=\"elementor-widget-container\">\n\t\t\t\t\t\t\t\t\t\t\t\t\t\t\t<img loading=\"lazy\" decoding=\"async\" width=\"1118\" height=\"1118\" src=\"https:\/\/talk.swiss\/wp-content\/uploads\/2023\/12\/Team-Laurent-Vuarraz.webp\" class=\"attachment-full size-full wp-image-5698\" alt=\"Laurent Vuarraz\" srcset=\"https:\/\/talk.swiss\/wp-content\/uploads\/2023\/12\/Team-Laurent-Vuarraz.webp 1118w, https:\/\/talk.swiss\/wp-content\/uploads\/2023\/12\/Team-Laurent-Vuarraz-300x300.webp 300w, https:\/\/talk.swiss\/wp-content\/uploads\/2023\/12\/Team-Laurent-Vuarraz-1024x1024.webp 1024w, https:\/\/talk.swiss\/wp-content\/uploads\/2023\/12\/Team-Laurent-Vuarraz-150x150.webp 150w, https:\/\/talk.swiss\/wp-content\/uploads\/2023\/12\/Team-Laurent-Vuarraz-768x768.webp 768w, https:\/\/talk.swiss\/wp-content\/uploads\/2023\/12\/Team-Laurent-Vuarraz-12x12.webp 12w, https:\/\/talk.swiss\/wp-content\/uploads\/2023\/12\/Team-Laurent-Vuarraz-1000x1000.webp 1000w, https:\/\/talk.swiss\/wp-content\/uploads\/2023\/12\/Team-Laurent-Vuarraz-100x100.webp 100w\" sizes=\"(max-width: 1118px) 100vw, 1118px\" \/>\t\t\t\t\t\t\t\t\t\t\t\t\t\t\t<\/div>\n\t\t\t\t<\/div>\n\t\t\t\t\t<\/div>\n\t\t<\/div>\n\t\t\t\t<div class=\"elementor-column elementor-col-50 elementor-top-column elementor-element elementor-element-4330d2f\" data-id=\"4330d2f\" data-element_type=\"column\" data-e-type=\"column\">\n\t\t\t<div class=\"elementor-widget-wrap elementor-element-populated\">\n\t\t\t\t\t\t<div class=\"elementor-element elementor-element-c680a92 elementor-widget elementor-widget-text-editor\" data-id=\"c680a92\" data-element_type=\"widget\" data-e-type=\"widget\" data-widget_type=\"text-editor.default\">\n\t\t\t\t<div class=\"elementor-widget-container\">\n\t\t\t\t\t\t\t\t\t<p>Artikel vorgeschlagen von Laurent Vuarraz Voisin<\/p>\t\t\t\t\t\t\t\t<\/div>\n\t\t\t\t<\/div>\n\t\t\t\t<div class=\"elementor-element elementor-element-0641b10 elementor-widget elementor-widget-text-editor\" data-id=\"0641b10\" data-element_type=\"widget\" data-e-type=\"widget\" data-widget_type=\"text-editor.default\">\n\t\t\t\t<div class=\"elementor-widget-container\">\n\t\t\t\t\t\t\t\t\t<p>Laurent Vuarraz Voisin hat eine Ausbildung in Humanwissenschaften und kollektiver Intelligenz. Er begleitet Organisationen dabei, neue Formen der gemeinsamen F\u00fchrung und eine neue Positionierung der F\u00fchrung zu erproben. Er gr\u00fcndete TALK im Jahr 2011 und konsolidierte seine Kompetenzen in den Bereichen Humanressourcen und Medien. Als Kommunikationsspezialistin mit mehr als 20 Jahren Erfahrung als Journalistin, Produzentin und Managerin bei RTS beruhen ihr Blick und ihre Interventionen auf einer Synergie ihrer verschiedenen Kompetenzen. Seine auf die Haltung der F\u00fchrungskraft ausgerichtete Praxis stellt das Individuum als Akteur des Wandels und die Beziehung als Motor des Engagements in den Mittelpunkt. Ihr Zuh\u00f6ren und ihre Anpassungsf\u00e4higkeit erm\u00f6glichen es ihr, den Sinn zu enth\u00fcllen und die individuellen Ressourcen durch Ko-Konstruktion zu b\u00fcndeln.<\/p>\t\t\t\t\t\t\t\t<\/div>\n\t\t\t\t<\/div>\n\t\t\t\t\t<\/div>\n\t\t<\/div>\n\t\t\t\t\t<\/div>\n\t\t<\/section>\n\t\t\t\t<\/div>","protected":false},"excerpt":{"rendered":"<p>Emotionen sind ein authentisches Spiegelbild dessen, was in unserem Inneren vor sich geht. Erfahren Sie, wie Sie sich Ihrer Gef\u00fchlswelt bewusst werden und sie als m\u00e4chtigen Hebel nutzen k\u00f6nnen, um Ihre Beziehungen und Ihre K\u00f6rperhaltung zu verbessern.<\/p>","protected":false},"author":18,"featured_media":6968,"comment_status":"closed","ping_status":"closed","sticky":false,"template":"","format":"standard","meta":{"footnotes":""},"categories":[38],"tags":[48,47,49],"class_list":["post-6929","post","type-post","status-publish","format-standard","has-post-thumbnail","hentry","category-actus","tag-communication","tag-emotion","tag-prise-de-parole"],"yoast_head":"<!-- This site is optimized with the Yoast SEO plugin v28.3 - https:\/\/yoast.com\/product\/yoast-seo-wordpress\/ -->\n<title>Mes \u00e9motions : la plus-value pour une communication impactante - TALK.SWISS<\/title>\n<meta name=\"robots\" content=\"index, follow, max-snippet:-1, max-image-preview:large, max-video-preview:-1\" \/>\n<link rel=\"canonical\" href=\"https:\/\/talk.swiss\/de\/emotions-communication-impactante\/\" \/>\n<meta property=\"og:locale\" content=\"de_DE\" \/>\n<meta property=\"og:type\" content=\"article\" \/>\n<meta property=\"og:title\" content=\"Mes \u00e9motions : la plus-value pour une communication impactante - TALK.SWISS\" \/>\n<meta property=\"og:description\" content=\"Les \u00e9motions sont le reflet authentique de ce qui se passe au fond de nous-m\u00eames. D\u00e9couvrez comment prendre conscience de votre univers \u00e9motionnel et l\u2019utiliser comme un levier puissant pour am\u00e9liorer vos relations et votre posture.\" \/>\n<meta property=\"og:url\" content=\"https:\/\/talk.swiss\/de\/emotions-communication-impactante\/\" \/>\n<meta property=\"og:site_name\" content=\"TALK.SWISS\" \/>\n<meta property=\"article:published_time\" content=\"2024-03-21T22:48:20+00:00\" \/>\n<meta property=\"article:modified_time\" content=\"2024-05-07T10:31:57+00:00\" \/>\n<meta property=\"og:image\" content=\"https:\/\/talk.swiss\/wp-content\/uploads\/2024\/03\/pexels-andrea-piacquadio-3756168-1-scaled.jpg\" \/>\n\t<meta property=\"og:image:width\" content=\"2560\" \/>\n\t<meta property=\"og:image:height\" content=\"1707\" \/>\n\t<meta property=\"og:image:type\" content=\"image\/jpeg\" \/>\n<meta name=\"author\" content=\"TALK\" \/>\n<meta name=\"twitter:card\" content=\"summary_large_image\" \/>\n<meta name=\"twitter:label1\" content=\"Geschrieben von\" \/>\n\t<meta name=\"twitter:data1\" content=\"TALK\" \/>\n\t<meta name=\"twitter:label2\" content=\"Gesch\u00e4tzte Lesezeit\" \/>\n\t<meta name=\"twitter:data2\" content=\"5\u00a0Minuten\" \/>\n<script type=\"application\/ld+json\" class=\"yoast-schema-graph\">{\"@context\":\"https:\\\/\\\/schema.org\",\"@graph\":[{\"@type\":\"Article\",\"@id\":\"https:\\\/\\\/talk.swiss\\\/emotions-communication-impactante\\\/#article\",\"isPartOf\":{\"@id\":\"https:\\\/\\\/talk.swiss\\\/emotions-communication-impactante\\\/\"},\"author\":{\"name\":\"TALK\",\"@id\":\"https:\\\/\\\/talk.swiss\\\/#\\\/schema\\\/person\\\/1881fee19cecd45279fad94065e432cf\"},\"headline\":\"Mes \u00e9motions : la plus-value pour une communication impactante\",\"datePublished\":\"2024-03-21T22:48:20+00:00\",\"dateModified\":\"2024-05-07T10:31:57+00:00\",\"mainEntityOfPage\":{\"@id\":\"https:\\\/\\\/talk.swiss\\\/emotions-communication-impactante\\\/\"},\"wordCount\":833,\"publisher\":{\"@id\":\"https:\\\/\\\/talk.swiss\\\/#organization\"},\"image\":{\"@id\":\"https:\\\/\\\/talk.swiss\\\/emotions-communication-impactante\\\/#primaryimage\"},\"thumbnailUrl\":\"https:\\\/\\\/talk.swiss\\\/wp-content\\\/uploads\\\/2024\\\/03\\\/pexels-andrea-piacquadio-3756168-1-scaled.jpg\",\"keywords\":[\"Communication\",\"Emotion\",\"Prise de parole\"],\"articleSection\":[\"Blog\"],\"inLanguage\":\"de-CH\"},{\"@type\":\"WebPage\",\"@id\":\"https:\\\/\\\/talk.swiss\\\/emotions-communication-impactante\\\/\",\"url\":\"https:\\\/\\\/talk.swiss\\\/emotions-communication-impactante\\\/\",\"name\":\"Mes \u00e9motions : la plus-value pour une communication impactante - TALK.SWISS\",\"isPartOf\":{\"@id\":\"https:\\\/\\\/talk.swiss\\\/#website\"},\"primaryImageOfPage\":{\"@id\":\"https:\\\/\\\/talk.swiss\\\/emotions-communication-impactante\\\/#primaryimage\"},\"image\":{\"@id\":\"https:\\\/\\\/talk.swiss\\\/emotions-communication-impactante\\\/#primaryimage\"},\"thumbnailUrl\":\"https:\\\/\\\/talk.swiss\\\/wp-content\\\/uploads\\\/2024\\\/03\\\/pexels-andrea-piacquadio-3756168-1-scaled.jpg\",\"datePublished\":\"2024-03-21T22:48:20+00:00\",\"dateModified\":\"2024-05-07T10:31:57+00:00\",\"breadcrumb\":{\"@id\":\"https:\\\/\\\/talk.swiss\\\/emotions-communication-impactante\\\/#breadcrumb\"},\"inLanguage\":\"de-CH\",\"potentialAction\":[{\"@type\":\"ReadAction\",\"target\":[\"https:\\\/\\\/talk.swiss\\\/emotions-communication-impactante\\\/\"]}]},{\"@type\":\"ImageObject\",\"inLanguage\":\"de-CH\",\"@id\":\"https:\\\/\\\/talk.swiss\\\/emotions-communication-impactante\\\/#primaryimage\",\"url\":\"https:\\\/\\\/talk.swiss\\\/wp-content\\\/uploads\\\/2024\\\/03\\\/pexels-andrea-piacquadio-3756168-1-scaled.jpg\",\"contentUrl\":\"https:\\\/\\\/talk.swiss\\\/wp-content\\\/uploads\\\/2024\\\/03\\\/pexels-andrea-piacquadio-3756168-1-scaled.jpg\",\"width\":2560,\"height\":1707},{\"@type\":\"BreadcrumbList\",\"@id\":\"https:\\\/\\\/talk.swiss\\\/emotions-communication-impactante\\\/#breadcrumb\",\"itemListElement\":[{\"@type\":\"ListItem\",\"position\":1,\"name\":\"Accueil\",\"item\":\"https:\\\/\\\/talk.swiss\\\/\"},{\"@type\":\"ListItem\",\"position\":2,\"name\":\"Mes \u00e9motions : la plus-value pour une communication impactante\"}]},{\"@type\":\"WebSite\",\"@id\":\"https:\\\/\\\/talk.swiss\\\/#website\",\"url\":\"https:\\\/\\\/talk.swiss\\\/\",\"name\":\"TALK.SWISS\",\"description\":\"Talk, la parole au centre\",\"publisher\":{\"@id\":\"https:\\\/\\\/talk.swiss\\\/#organization\"},\"potentialAction\":[{\"@type\":\"SearchAction\",\"target\":{\"@type\":\"EntryPoint\",\"urlTemplate\":\"https:\\\/\\\/talk.swiss\\\/?s={search_term_string}\"},\"query-input\":{\"@type\":\"PropertyValueSpecification\",\"valueRequired\":true,\"valueName\":\"search_term_string\"}}],\"inLanguage\":\"de-CH\"},{\"@type\":\"Organization\",\"@id\":\"https:\\\/\\\/talk.swiss\\\/#organization\",\"name\":\"TALK.SWISS\",\"url\":\"https:\\\/\\\/talk.swiss\\\/\",\"logo\":{\"@type\":\"ImageObject\",\"inLanguage\":\"de-CH\",\"@id\":\"https:\\\/\\\/talk.swiss\\\/#\\\/schema\\\/logo\\\/image\\\/\",\"url\":\"https:\\\/\\\/talk.swiss\\\/wp-content\\\/uploads\\\/2022\\\/08\\\/cropped-Talk_logo.png\",\"contentUrl\":\"https:\\\/\\\/talk.swiss\\\/wp-content\\\/uploads\\\/2022\\\/08\\\/cropped-Talk_logo.png\",\"width\":400,\"height\":400,\"caption\":\"TALK.SWISS\"},\"image\":{\"@id\":\"https:\\\/\\\/talk.swiss\\\/#\\\/schema\\\/logo\\\/image\\\/\"}},{\"@type\":\"Person\",\"@id\":\"https:\\\/\\\/talk.swiss\\\/#\\\/schema\\\/person\\\/1881fee19cecd45279fad94065e432cf\",\"name\":\"TALK\",\"image\":{\"@type\":\"ImageObject\",\"inLanguage\":\"de-CH\",\"@id\":\"https:\\\/\\\/secure.gravatar.com\\\/avatar\\\/a844e88bbef9d283565411206105d6790df914da829c2400e7bde0f0ddb2e2e9?s=96&d=mm&r=g\",\"url\":\"https:\\\/\\\/secure.gravatar.com\\\/avatar\\\/a844e88bbef9d283565411206105d6790df914da829c2400e7bde0f0ddb2e2e9?s=96&d=mm&r=g\",\"contentUrl\":\"https:\\\/\\\/secure.gravatar.com\\\/avatar\\\/a844e88bbef9d283565411206105d6790df914da829c2400e7bde0f0ddb2e2e9?s=96&d=mm&r=g\",\"caption\":\"TALK\"},\"url\":\"https:\\\/\\\/talk.swiss\\\/de\\\/author\\\/talktalk-swiss\\\/\"}]}<\/script>\n<!-- \/ Yoast SEO plugin. -->","yoast_head_json":{"title":"Meine Emotionen: Der Mehrwert f\u00fcr eine wirkungsvolle Kommunikation - TALK.SWISS","robots":{"index":"index","follow":"follow","max-snippet":"max-snippet:-1","max-image-preview":"max-image-preview:large","max-video-preview":"max-video-preview:-1"},"canonical":"https:\/\/talk.swiss\/de\/emotions-communication-impactante\/","og_locale":"de_DE","og_type":"article","og_title":"Mes \u00e9motions : la plus-value pour une communication impactante - TALK.SWISS","og_description":"Les \u00e9motions sont le reflet authentique de ce qui se passe au fond de nous-m\u00eames. D\u00e9couvrez comment prendre conscience de votre univers \u00e9motionnel et l\u2019utiliser comme un levier puissant pour am\u00e9liorer vos relations et votre posture.","og_url":"https:\/\/talk.swiss\/de\/emotions-communication-impactante\/","og_site_name":"TALK.SWISS","article_published_time":"2024-03-21T22:48:20+00:00","article_modified_time":"2024-05-07T10:31:57+00:00","og_image":[{"width":2560,"height":1707,"url":"https:\/\/talk.swiss\/wp-content\/uploads\/2024\/03\/pexels-andrea-piacquadio-3756168-1-scaled.jpg","type":"image\/jpeg"}],"author":"TALK","twitter_card":"summary_large_image","twitter_misc":{"Geschrieben von":"TALK","Gesch\u00e4tzte Lesezeit":"5\u00a0Minuten"},"schema":{"@context":"https:\/\/schema.org","@graph":[{"@type":"Article","@id":"https:\/\/talk.swiss\/emotions-communication-impactante\/#article","isPartOf":{"@id":"https:\/\/talk.swiss\/emotions-communication-impactante\/"},"author":{"name":"TALK","@id":"https:\/\/talk.swiss\/#\/schema\/person\/1881fee19cecd45279fad94065e432cf"},"headline":"Mes \u00e9motions : la plus-value pour une communication impactante","datePublished":"2024-03-21T22:48:20+00:00","dateModified":"2024-05-07T10:31:57+00:00","mainEntityOfPage":{"@id":"https:\/\/talk.swiss\/emotions-communication-impactante\/"},"wordCount":833,"publisher":{"@id":"https:\/\/talk.swiss\/#organization"},"image":{"@id":"https:\/\/talk.swiss\/emotions-communication-impactante\/#primaryimage"},"thumbnailUrl":"https:\/\/talk.swiss\/wp-content\/uploads\/2024\/03\/pexels-andrea-piacquadio-3756168-1-scaled.jpg","keywords":["Communication","Emotion","Prise de parole"],"articleSection":["Blog"],"inLanguage":"de-CH"},{"@type":"WebPage","@id":"https:\/\/talk.swiss\/emotions-communication-impactante\/","url":"https:\/\/talk.swiss\/emotions-communication-impactante\/","name":"Meine Emotionen: Der Mehrwert f\u00fcr eine wirkungsvolle Kommunikation - TALK.SWISS","isPartOf":{"@id":"https:\/\/talk.swiss\/#website"},"primaryImageOfPage":{"@id":"https:\/\/talk.swiss\/emotions-communication-impactante\/#primaryimage"},"image":{"@id":"https:\/\/talk.swiss\/emotions-communication-impactante\/#primaryimage"},"thumbnailUrl":"https:\/\/talk.swiss\/wp-content\/uploads\/2024\/03\/pexels-andrea-piacquadio-3756168-1-scaled.jpg","datePublished":"2024-03-21T22:48:20+00:00","dateModified":"2024-05-07T10:31:57+00:00","breadcrumb":{"@id":"https:\/\/talk.swiss\/emotions-communication-impactante\/#breadcrumb"},"inLanguage":"de-CH","potentialAction":[{"@type":"ReadAction","target":["https:\/\/talk.swiss\/emotions-communication-impactante\/"]}]},{"@type":"ImageObject","inLanguage":"de-CH","@id":"https:\/\/talk.swiss\/emotions-communication-impactante\/#primaryimage","url":"https:\/\/talk.swiss\/wp-content\/uploads\/2024\/03\/pexels-andrea-piacquadio-3756168-1-scaled.jpg","contentUrl":"https:\/\/talk.swiss\/wp-content\/uploads\/2024\/03\/pexels-andrea-piacquadio-3756168-1-scaled.jpg","width":2560,"height":1707},{"@type":"BreadcrumbList","@id":"https:\/\/talk.swiss\/emotions-communication-impactante\/#breadcrumb","itemListElement":[{"@type":"ListItem","position":1,"name":"Accueil","item":"https:\/\/talk.swiss\/"},{"@type":"ListItem","position":2,"name":"Mes \u00e9motions : la plus-value pour une communication impactante"}]},{"@type":"WebSite","@id":"https:\/\/talk.swiss\/#website","url":"https:\/\/talk.swiss\/","name":"TALK.SWISS","description":"Talk, das Wort im Mittelpunkt","publisher":{"@id":"https:\/\/talk.swiss\/#organization"},"potentialAction":[{"@type":"SearchAction","target":{"@type":"EntryPoint","urlTemplate":"https:\/\/talk.swiss\/?s={search_term_string}"},"query-input":{"@type":"PropertyValueSpecification","valueRequired":true,"valueName":"search_term_string"}}],"inLanguage":"de-CH"},{"@type":"Organization","@id":"https:\/\/talk.swiss\/#organization","name":"TALK.SWISS","url":"https:\/\/talk.swiss\/","logo":{"@type":"ImageObject","inLanguage":"de-CH","@id":"https:\/\/talk.swiss\/#\/schema\/logo\/image\/","url":"https:\/\/talk.swiss\/wp-content\/uploads\/2022\/08\/cropped-Talk_logo.png","contentUrl":"https:\/\/talk.swiss\/wp-content\/uploads\/2022\/08\/cropped-Talk_logo.png","width":400,"height":400,"caption":"TALK.SWISS"},"image":{"@id":"https:\/\/talk.swiss\/#\/schema\/logo\/image\/"}},{"@type":"Person","@id":"https:\/\/talk.swiss\/#\/schema\/person\/1881fee19cecd45279fad94065e432cf","name":"TALK","image":{"@type":"ImageObject","inLanguage":"de-CH","@id":"https:\/\/secure.gravatar.com\/avatar\/a844e88bbef9d283565411206105d6790df914da829c2400e7bde0f0ddb2e2e9?s=96&d=mm&r=g","url":"https:\/\/secure.gravatar.com\/avatar\/a844e88bbef9d283565411206105d6790df914da829c2400e7bde0f0ddb2e2e9?s=96&d=mm&r=g","contentUrl":"https:\/\/secure.gravatar.com\/avatar\/a844e88bbef9d283565411206105d6790df914da829c2400e7bde0f0ddb2e2e9?s=96&d=mm&r=g","caption":"TALK"},"url":"https:\/\/talk.swiss\/de\/author\/talktalk-swiss\/"}]}},"_links":{"self":[{"href":"https:\/\/talk.swiss\/de\/wp-json\/wp\/v2\/posts\/6929","targetHints":{"allow":["GET"]}}],"collection":[{"href":"https:\/\/talk.swiss\/de\/wp-json\/wp\/v2\/posts"}],"about":[{"href":"https:\/\/talk.swiss\/de\/wp-json\/wp\/v2\/types\/post"}],"author":[{"embeddable":true,"href":"https:\/\/talk.swiss\/de\/wp-json\/wp\/v2\/users\/18"}],"replies":[{"embeddable":true,"href":"https:\/\/talk.swiss\/de\/wp-json\/wp\/v2\/comments?post=6929"}],"version-history":[{"count":128,"href":"https:\/\/talk.swiss\/de\/wp-json\/wp\/v2\/posts\/6929\/revisions"}],"predecessor-version":[{"id":7261,"href":"https:\/\/talk.swiss\/de\/wp-json\/wp\/v2\/posts\/6929\/revisions\/7261"}],"wp:featuredmedia":[{"embeddable":true,"href":"https:\/\/talk.swiss\/de\/wp-json\/wp\/v2\/media\/6968"}],"wp:attachment":[{"href":"https:\/\/talk.swiss\/de\/wp-json\/wp\/v2\/media?parent=6929"}],"wp:term":[{"taxonomy":"category","embeddable":true,"href":"https:\/\/talk.swiss\/de\/wp-json\/wp\/v2\/categories?post=6929"},{"taxonomy":"post_tag","embeddable":true,"href":"https:\/\/talk.swiss\/de\/wp-json\/wp\/v2\/tags?post=6929"}],"curies":[{"name":"wp","href":"https:\/\/api.w.org\/{rel}","templated":true}]}}