{"id":6753,"date":"2023-10-16T11:51:00","date_gmt":"2023-10-16T09:51:00","guid":{"rendered":"https:\/\/talk.swiss\/?p=6753"},"modified":"2024-04-11T14:18:01","modified_gmt":"2024-04-11T12:18:01","slug":"arcinfo-talk-swiss-une-app-pour-apprendre-a-parler-en-public","status":"publish","type":"post","link":"https:\/\/talk.swiss\/de\/arcinfo-talk-swiss-une-app-pour-apprendre-a-parler-en-public\/","title":{"rendered":"ArcInfo: TALK.SWISS, eine App, um das Sprechen in der \u00d6ffentlichkeit zu lernen"},"content":{"rendered":"<div data-elementor-type=\"wp-post\" data-elementor-id=\"6753\" class=\"elementor elementor-6753\" data-elementor-post-type=\"post\">\n\t\t\t\t\t\t<section class=\"elementor-section elementor-top-section elementor-element elementor-element-5921726 elementor-section-boxed elementor-section-height-default elementor-section-height-default\" data-id=\"5921726\" data-element_type=\"section\" data-e-type=\"section\">\n\t\t\t\t\t\t<div class=\"elementor-container elementor-column-gap-default\">\n\t\t\t\t\t<div class=\"elementor-column elementor-col-100 elementor-top-column elementor-element elementor-element-62fc3165\" data-id=\"62fc3165\" data-element_type=\"column\" data-e-type=\"column\">\n\t\t\t<div class=\"elementor-widget-wrap elementor-element-populated\">\n\t\t\t\t\t\t<div class=\"elementor-element elementor-element-6cb3b78b elementor-widget elementor-widget-heading\" data-id=\"6cb3b78b\" data-element_type=\"widget\" data-e-type=\"widget\" data-widget_type=\"heading.default\">\n\t\t\t\t<div class=\"elementor-widget-container\">\n\t\t\t\t\t<h3 class=\"elementor-heading-title elementor-size-default\">ArcInfo - Von Tiphaine B\u00fchler<\/h3>\t\t\t\t<\/div>\n\t\t\t\t<\/div>\n\t\t\t\t<div class=\"elementor-element elementor-element-33064d5 elementor-widget-divider--view-line elementor-widget elementor-widget-divider\" data-id=\"33064d5\" data-element_type=\"widget\" data-e-type=\"widget\" data-widget_type=\"divider.default\">\n\t\t\t\t<div class=\"elementor-widget-container\">\n\t\t\t\t\t\t\t<div class=\"elementor-divider\">\n\t\t\t<span class=\"elementor-divider-separator\">\n\t\t\t\t\t\t<\/span>\n\t\t<\/div>\n\t\t\t\t\t\t<\/div>\n\t\t\t\t<\/div>\n\t\t\t\t<div class=\"elementor-element elementor-element-5c488380 elementor-widget elementor-widget-text-editor\" data-id=\"5c488380\" data-element_type=\"widget\" data-e-type=\"widget\" data-widget_type=\"text-editor.default\">\n\t\t\t\t<div class=\"elementor-widget-container\">\n\t\t\t\t\t\t\t\t\t<p>NKB INNOVATIONSPREIS - Du tr\u00e4umst davon, fl\u00fcssig und \u00fcberzeugend zu sprechen? Mit der App TALK.SWISS kannst du sofort Feedback zu deinen Sprechf\u00e4higkeiten erhalten und dich auf spielerische Weise weiterbilden.<\/p>\t\t\t\t\t\t\t\t<\/div>\n\t\t\t\t<\/div>\n\t\t\t\t\t<\/div>\n\t\t<\/div>\n\t\t\t\t\t<\/div>\n\t\t<\/section>\n\t\t\t\t<section class=\"elementor-section elementor-top-section elementor-element elementor-element-7992c6f elementor-section-boxed elementor-section-height-default elementor-section-height-default\" data-id=\"7992c6f\" data-element_type=\"section\" data-e-type=\"section\">\n\t\t\t\t\t\t<div class=\"elementor-container elementor-column-gap-default\">\n\t\t\t\t\t<div class=\"elementor-column elementor-col-100 elementor-top-column elementor-element elementor-element-ed322cb\" data-id=\"ed322cb\" data-element_type=\"column\" data-e-type=\"column\">\n\t\t\t<div class=\"elementor-widget-wrap elementor-element-populated\">\n\t\t\t\t\t\t<div class=\"elementor-element elementor-element-77bc7fa elementor-widget elementor-widget-image\" data-id=\"77bc7fa\" data-element_type=\"widget\" data-e-type=\"widget\" data-widget_type=\"image.default\">\n\t\t\t\t<div class=\"elementor-widget-container\">\n\t\t\t\t\t\t\t\t\t\t\t\t<figure class=\"wp-caption\">\n\t\t\t\t\t\t\t\t\t\t<img fetchpriority=\"high\" decoding=\"async\" width=\"1080\" height=\"810\" src=\"https:\/\/talk.swiss\/wp-content\/uploads\/2024\/02\/Laurent_Vuarraz_photo_Lucas_Vuitel.webp\" class=\"attachment-full size-full wp-image-6755\" alt=\"Laurent Vuarraz a implant\u00e9 sa soci\u00e9t\u00e9 Talk dans le canton de Neuch\u00e2tel en 2020; d\u2019abord \u00e0 Microcity, puis \u00e0 Marin. Elle compte aujourd&apos;hui une douzaine de collaborateurs. Photo: Lucas Vuitel\" srcset=\"https:\/\/talk.swiss\/wp-content\/uploads\/2024\/02\/Laurent_Vuarraz_photo_Lucas_Vuitel.webp 1080w, https:\/\/talk.swiss\/wp-content\/uploads\/2024\/02\/Laurent_Vuarraz_photo_Lucas_Vuitel-300x225.webp 300w, https:\/\/talk.swiss\/wp-content\/uploads\/2024\/02\/Laurent_Vuarraz_photo_Lucas_Vuitel-1024x768.webp 1024w, https:\/\/talk.swiss\/wp-content\/uploads\/2024\/02\/Laurent_Vuarraz_photo_Lucas_Vuitel-768x576.webp 768w, https:\/\/talk.swiss\/wp-content\/uploads\/2024\/02\/Laurent_Vuarraz_photo_Lucas_Vuitel-16x12.webp 16w\" sizes=\"(max-width: 1080px) 100vw, 1080px\" \/>\t\t\t\t\t\t\t\t\t\t\t<figcaption class=\"widget-image-caption wp-caption-text\">Laurent Vuarraz hat seine Firma Talk 2020 im Kanton Neuenburg gegr\u00fcndet, zuerst in Microcity und dann in Marin. Heute besch\u00e4ftigt das Unternehmen ein Dutzend Mitarbeiter. Foto: Lucas Vuitel<\/figcaption>\n\t\t\t\t\t\t\t\t\t\t<\/figure>\n\t\t\t\t\t\t\t\t\t<\/div>\n\t\t\t\t<\/div>\n\t\t\t\t\t<\/div>\n\t\t<\/div>\n\t\t\t\t\t<\/div>\n\t\t<\/section>\n\t\t\t\t<section class=\"elementor-section elementor-top-section elementor-element elementor-element-578ef8da elementor-section-boxed elementor-section-height-default elementor-section-height-default\" data-id=\"578ef8da\" data-element_type=\"section\" data-e-type=\"section\">\n\t\t\t\t\t\t<div class=\"elementor-container elementor-column-gap-default\">\n\t\t\t\t\t<div class=\"elementor-column elementor-col-100 elementor-top-column elementor-element elementor-element-50204d01\" data-id=\"50204d01\" data-element_type=\"column\" data-e-type=\"column\">\n\t\t\t<div class=\"elementor-widget-wrap elementor-element-populated\">\n\t\t\t\t\t\t<div class=\"elementor-element elementor-element-556e881e elementor-widget elementor-widget-text-editor\" data-id=\"556e881e\" data-element_type=\"widget\" data-e-type=\"widget\" data-widget_type=\"text-editor.default\">\n\t\t\t\t<div class=\"elementor-widget-container\">\n\t\t\t\t\t\t\t\t\t<p>Eines der Ziele der Neuenburger Kantonalbank (BCN) ist es, ein dynamisches, zukunftsorientiertes Wirtschaftsgef\u00fcge zu erhalten. In diesem Sinne hat sie 2008 den BCN-Innovationspreis ins Leben gerufen, um ihre Unterst\u00fctzung f\u00fcr die Entwicklung des Kantons zu verst\u00e4rken.<\/p><p>Diese Auszeichnung soll ein Sprungbrett f\u00fcr die innovativen Projekte des Ortes sein, damit sie sich entfalten und ihrerseits zum tugendhaften Kreislauf der Schaffung von Ideen, Werten und Arbeitspl\u00e4tzen beitragen k\u00f6nnen.<\/p><p>Mit einem Preisgeld von 150.000 Franken ist der BCN-Innovationspreis eine der wichtigsten Auszeichnungen in der Schweiz. Als Partner der Veranstaltung hat \"ArcInfo\" die drei Finalisten des Jahres 2023 getroffen: Talk.swiss, Solarsplit und SAVinsight.<\/p><p>Bis zum 19. Oktober, dem Tag der Bekanntgabe des Gewinners, finden Sie in Ihrer Tageszeitung Portr\u00e4ts dieser Start-ups, die in den Bereichen Kommunikation, nachhaltige Entwicklung und Kundendienst f\u00fcr Uhren t\u00e4tig sind. Erfahren Sie mehr \u00fcber die menschlichen und technologischen Abenteuer, die hinter diesen Innovationen stehen.<\/p><p>Sprechen stellt jedoch hohe Anforderungen. Wie kann man wissen, ob man sich gut ausdr\u00fcckt, ob man die Aufmerksamkeit auf sich zieht und seine Botschaft vermittelt? Und vor allem: Wie kann man sich verbessern, wenn man sich in der m\u00fcndlichen Kommunikation nicht wohlf\u00fchlt? Laut einer Studie des World Economic Forum aus dem Jahr 2017 belaufen sich die durchschnittlichen Kosten einer schlechten Kommunikation in einem Unternehmen auf 420.000 Franken pro Jahr und 100 Mitarbeiter.<\/p>\t\t\t\t\t\t\t\t<\/div>\n\t\t\t\t<\/div>\n\t\t\t\t\t<\/div>\n\t\t<\/div>\n\t\t\t\t\t<\/div>\n\t\t<\/section>\n\t\t\t\t<section class=\"elementor-section elementor-top-section elementor-element elementor-element-bd94528 elementor-section-boxed elementor-section-height-default elementor-section-height-default\" data-id=\"bd94528\" data-element_type=\"section\" data-e-type=\"section\">\n\t\t\t\t\t\t<div class=\"elementor-container elementor-column-gap-default\">\n\t\t\t\t\t<div class=\"elementor-column elementor-col-100 elementor-top-column elementor-element elementor-element-17060da\" data-id=\"17060da\" data-element_type=\"column\" data-e-type=\"column\">\n\t\t\t<div class=\"elementor-widget-wrap elementor-element-populated\">\n\t\t\t\t\t\t<div class=\"elementor-element elementor-element-9638385 elementor-widget elementor-widget-heading\" data-id=\"9638385\" data-element_type=\"widget\" data-e-type=\"widget\" data-widget_type=\"heading.default\">\n\t\t\t\t<div class=\"elementor-widget-container\">\n\t\t\t\t\t<h3 class=\"elementor-heading-title elementor-size-default\">Objektive Analyse<\/h3>\t\t\t\t<\/div>\n\t\t\t\t<\/div>\n\t\t\t\t<div class=\"elementor-element elementor-element-906032c elementor-widget elementor-widget-text-editor\" data-id=\"906032c\" data-element_type=\"widget\" data-e-type=\"widget\" data-widget_type=\"text-editor.default\">\n\t\t\t\t<div class=\"elementor-widget-container\">\n\t\t\t\t\t\t\t\t\t<p>Die mobile L\u00f6sung Talk.swiss m\u00f6chte gerade Ihre m\u00fcndlichen F\u00e4higkeiten entwickeln, indem Sie sich einfach und selbstst\u00e4ndig weiterbilden. \"Meines Wissens gibt es derzeit kein gr\u00fcndliches und objektives Messinstrument, das Ihre Sprechweise mithilfe von k\u00fcnstlicher Intelligenz analysiert\", spitzt der Gr\u00fcnder des in Marin ans\u00e4ssigen Unternehmens zu. \"Unsere Technologie gibt ein sofortiges Feedback und schl\u00e4gt Ihnen \u00fcber Ihr Smartphone Verbesserungsm\u00f6glichkeiten vor.\" Master Classes, mit einem realen Trainer, verst\u00e4rken das Angebot.<\/p>\t\t\t\t\t\t\t\t<\/div>\n\t\t\t\t<\/div>\n\t\t\t\t<div class=\"elementor-element elementor-element-6994341 elementor-widget__width-initial elementor-widget elementor-widget-heading\" data-id=\"6994341\" data-element_type=\"widget\" data-e-type=\"widget\" data-widget_type=\"heading.default\">\n\t\t\t\t<div class=\"elementor-widget-container\">\n\t\t\t\t\t<h3 class=\"elementor-heading-title elementor-size-default\">Man verliebt sich, verhandelt und l\u00f6st Probleme, <br>man stellt jemanden mit seinem Wort ein. Laurent Vuarraz Voisin, CEO von TALK<\/h3>\t\t\t\t<\/div>\n\t\t\t\t<\/div>\n\t\t\t\t<div class=\"elementor-element elementor-element-f544e09 elementor-widget elementor-widget-text-editor\" data-id=\"f544e09\" data-element_type=\"widget\" data-e-type=\"widget\" data-widget_type=\"text-editor.default\">\n\t\t\t\t<div class=\"elementor-widget-container\">\n\t\t\t\t\t\t\t\t\t<p>Es werden zw\u00f6lf Messindikatoren ber\u00fccksichtigt. Das Verbale (die verwendeten W\u00f6rter und Wendungen), das Paraverbale (die Stimme, die Geschwindigkeit, St\u00f6rungen) und das Nonverbale (Emotionen) werden auseinandergenommen. \"Sie erhalten eine bezifferte Bilanz Ihrer m\u00fcndlichen F\u00e4higkeiten. Das ist sowohl vor einer Rede, wenn Sie sich auf eine Rede vorbereiten, als auch nach einer Rede n\u00fctzlich\", erkl\u00e4rt Laurent Vuarraz Voisin. Anschliessend werden \u00fcber die App spielerische Lernmikrokapseln auf Ihre Bed\u00fcrfnisse ausgerichtet.<\/p>\t\t\t\t\t\t\t\t<\/div>\n\t\t\t\t<\/div>\n\t\t\t\t\t<\/div>\n\t\t<\/div>\n\t\t\t\t\t<\/div>\n\t\t<\/section>\n\t\t\t\t<section class=\"elementor-section elementor-top-section elementor-element elementor-element-82d6553 elementor-section-boxed elementor-section-height-default elementor-section-height-default\" data-id=\"82d6553\" data-element_type=\"section\" data-e-type=\"section\">\n\t\t\t\t\t\t<div class=\"elementor-container elementor-column-gap-default\">\n\t\t\t\t\t<div class=\"elementor-column elementor-col-100 elementor-top-column elementor-element elementor-element-56c592a\" data-id=\"56c592a\" data-element_type=\"column\" data-e-type=\"column\">\n\t\t\t<div class=\"elementor-widget-wrap elementor-element-populated\">\n\t\t\t\t\t\t<div class=\"elementor-element elementor-element-744c377 elementor-widget elementor-widget-heading\" data-id=\"744c377\" data-element_type=\"widget\" data-e-type=\"widget\" data-widget_type=\"heading.default\">\n\t\t\t\t<div class=\"elementor-widget-container\">\n\t\t\t\t\t<h3 class=\"elementor-heading-title elementor-size-default\">In Europa expandieren<\/h3>\t\t\t\t<\/div>\n\t\t\t\t<\/div>\n\t\t\t\t<div class=\"elementor-element elementor-element-b9ea953 elementor-widget elementor-widget-text-editor\" data-id=\"b9ea953\" data-element_type=\"widget\" data-e-type=\"widget\" data-widget_type=\"text-editor.default\">\n\t\t\t\t<div class=\"elementor-widget-container\">\n\t\t\t\t\t\t\t\t\t<p>Hinter jeder neuen Technologie steht ein unternehmerisches Abenteuer. Das von Talk.swiss begann bereits 2011 in Orbe. Laurent Vuarraz Voisin war damals allein. Seine ersten Kunden waren Olivier Sandoz, stellvertretender Direktor des Westschweizer Unternehmerverbands, und Blaise Matthey, unter anderem Vorstandsmitglied des Schweizerischen Arbeitgeberverbands.<\/p><p>\"Damals habe ich sie gefilmt und ihnen einen 15-seitigen Bericht zur\u00fcckgegeben\", schmunzelt der CEO. \"Heute k\u00f6nnen sie alles mit ihrem Telefon machen und bekommen sofort ein Feedback. Unsere Technologie ist wie ein magischer Spiegel! Die Analyse ist dank der Entwicklung der Datenwissenschaft viel feiner geworden.\" Talk.swiss speichert keine Daten und der Nutzer kann sie jederzeit l\u00f6schen.<\/p><p>Das Unternehmen, das vollst\u00e4ndig von Laurent Vuarraz Voisin finanziert wurde, wird sich 2020 im Kanton Neuenburg niederlassen, zuerst in Microcity und dann in Marin. Heute z\u00e4hlt das Unternehmen ein Dutzend Mitarbeiter: Entwickler, Ausbilder in drei Sprachen und Vertriebsmitarbeiter. Ihre Kundschaft besteht haupts\u00e4chlich aus Banken, Versicherungen und grossen Konzernen. \"Seit einem Jahr ist die Nachfrage rasant gestiegen\", sagt der Gesch\u00e4ftsf\u00fchrer, der bereit ist, sich auf dem europ\u00e4ischen Markt zu behaupten. <a href=\"https:\/\/www.arcinfo.ch\/mot-cles\/microcity\/\">Microcity<\/a>und sp\u00e4ter in Marin. Heute hat sie ein Dutzend Mitarbeiter: Entwickler, Ausbilder in drei Sprachen und Vertriebsmitarbeiter. Die Kundschaft besteht haupts\u00e4chlich aus Banken, Versicherungen und gro\u00dfen Konzernen. \"Seit einem Jahr ist die Nachfrage rasant gestiegen\", sagt der Chef, der bereit ist, sich auf dem europ\u00e4ischen Markt zu behaupten.<\/p><p>Denn im Jahr 2024 will Talk.swiss sich in <a href=\"https:\/\/www.arcinfo.ch\/mot-cles\/france\/\">Frankreich<\/a>und dann in <a href=\"https:\/\/www.arcinfo.ch\/mot-cles\/allemagne\/\">Deutschland<\/a>expandieren. Ein neuer Schritt, der Geld erfordert, das das Unternehmen durch den Gewinn des BCN-Innovationspreises zu gewinnen hofft. \"Unsere Technologie ist bereit. Wir k\u00f6nnen ein strategisches Schulungsprogramm f\u00fcr 100.000 Menschen in 20 Sprachen entwickeln\", betont der Perfektionist. Vertriebsmitarbeiter, Personalverantwortliche, F\u00fchrungskr\u00e4fte oder jeden anderen Mitarbeiter eines Unternehmens darin zu schulen, sich \u00fcberzeugend auszudr\u00fccken, wird einfach werden.<\/p><p>Wenn es also einen Kandidaten gibt, der sich bei der Verleihung des BCN-Innovationspreises am 19. Oktober wohlf\u00fchlen wird, dann ist es Laurent Vuarraz Voisin. Oder etwa nicht? \"Wir haben heute Morgen mit Simon und Romain, den Entwicklern von Talk.swiss, die mit mir auf der B\u00fchne stehen werden, genau dar\u00fcber gesprochen\", lacht der Radiomann. \"Vielleicht machen wir vorher noch ein kleines Coaching\".<\/p>\t\t\t\t\t\t\t\t<\/div>\n\t\t\t\t<\/div>\n\t\t\t\t\t<\/div>\n\t\t<\/div>\n\t\t\t\t\t<\/div>\n\t\t<\/section>\n\t\t\t\t<section class=\"elementor-section elementor-top-section elementor-element elementor-element-89234ba elementor-section-boxed elementor-section-height-default elementor-section-height-default\" data-id=\"89234ba\" data-element_type=\"section\" data-e-type=\"section\">\n\t\t\t\t\t\t<div class=\"elementor-container elementor-column-gap-default\">\n\t\t\t\t\t<div class=\"elementor-column elementor-col-100 elementor-top-column elementor-element elementor-element-5edb8b8\" data-id=\"5edb8b8\" data-element_type=\"column\" data-e-type=\"column\">\n\t\t\t<div class=\"elementor-widget-wrap elementor-element-populated\">\n\t\t\t\t\t\t<div class=\"elementor-element elementor-element-e45efbb elementor-widget elementor-widget-heading\" data-id=\"e45efbb\" data-element_type=\"widget\" data-e-type=\"widget\" data-widget_type=\"heading.default\">\n\t\t\t\t<div class=\"elementor-widget-container\">\n\t\t\t\t\t<h3 class=\"elementor-heading-title elementor-size-default\">Sag mir, wie ich besser reden kann<\/h3>\t\t\t\t<\/div>\n\t\t\t\t<\/div>\n\t\t\t\t<div class=\"elementor-element elementor-element-201ad5b elementor-widget elementor-widget-image\" data-id=\"201ad5b\" data-element_type=\"widget\" data-e-type=\"widget\" data-widget_type=\"image.default\">\n\t\t\t\t<div class=\"elementor-widget-container\">\n\t\t\t\t\t\t\t\t\t\t\t\t<figure class=\"wp-caption\">\n\t\t\t\t\t\t\t\t\t\t<img decoding=\"async\" width=\"1400\" height=\"934\" src=\"https:\/\/talk.swiss\/wp-content\/uploads\/2024\/02\/Talk_APP_ArcInfo.webp\" class=\"attachment-full size-full wp-image-6774\" alt=\"Talk APP ArcInfo\" srcset=\"https:\/\/talk.swiss\/wp-content\/uploads\/2024\/02\/Talk_APP_ArcInfo.webp 1400w, https:\/\/talk.swiss\/wp-content\/uploads\/2024\/02\/Talk_APP_ArcInfo-300x200.webp 300w, https:\/\/talk.swiss\/wp-content\/uploads\/2024\/02\/Talk_APP_ArcInfo-1024x683.webp 1024w, https:\/\/talk.swiss\/wp-content\/uploads\/2024\/02\/Talk_APP_ArcInfo-768x512.webp 768w, https:\/\/talk.swiss\/wp-content\/uploads\/2024\/02\/Talk_APP_ArcInfo-18x12.webp 18w\" sizes=\"(max-width: 1400px) 100vw, 1400px\" \/>\t\t\t\t\t\t\t\t\t\t\t<figcaption class=\"widget-image-caption wp-caption-text\">Zw\u00f6lf Messindikatoren werden von der Talk-Anwendung ber\u00fccksichtigt. Es werden verbale (verwendete W\u00f6rter und Wendungen), paraverbale (Stimme, Geschwindigkeit, St\u00f6rungen) und nonverbale (Emotionen) Aspekte analysiert. Foto: Lucas Vuitel<\/figcaption>\n\t\t\t\t\t\t\t\t\t\t<\/figure>\n\t\t\t\t\t\t\t\t\t<\/div>\n\t\t\t\t<\/div>\n\t\t\t\t<div class=\"elementor-element elementor-element-b657a92 elementor-widget elementor-widget-text-editor\" data-id=\"b657a92\" data-element_type=\"widget\" data-e-type=\"widget\" data-widget_type=\"text-editor.default\">\n\t\t\t\t<div class=\"elementor-widget-container\">\n\t\t\t\t\t\t\t\t\t<p>Was findet man in der Zahlenanalyse von Talk? Sprachst\u00f6rungen werden gez\u00e4hlt. Bei mehr als f\u00fcnf Unf\u00e4llen verliert man an Glaubw\u00fcrdigkeit. Dasselbe gilt f\u00fcr die Verwendung von Passivformen: Sie sind zu verbieten, wenn man \u00fcberzeugen will.<\/p><p>Auch die Atmung ist von entscheidender Bedeutung. Sie verr\u00e4t, wie gestresst der Sprecher ist. Ausserdem sollte die Rede nicht l\u00e4nger als 9 Sekunden dauern und aus Wortgruppen bestehen, die eine eigene Bedeutung haben. Man muss seine Rede interpunktieren, um das Publikum nicht zu erm\u00fcden. Die Geschwindigkeit zu variieren und von einem schnellen zu einem langsamen Tempo zu wechseln, hilft ebenfalls, die Aufmerksamkeit aufrechtzuerhalten. Zu beachten ist, dass das Schweigen von entscheidender Bedeutung ist. Sie sind jedoch ein allzu oft vernachl\u00e4ssigtes Element, wenn man vor einem Publikum spricht. Sie helfen dabei, sich das Gesagte besser einzupr\u00e4gen.<\/p><p>Die Verteilung von Emotionen muss beherrscht werden. Die k\u00fcnstliche Intelligenz (KI) von Talk wird in den Gesichtsmuskeln suchen und Angst, Wut, Neutralit\u00e4t usw. bewerten. \"Die KI erm\u00f6glicht es auch, alle Elemente zu korrelieren. Zum Beispiel haben St\u00f6rungen weniger Gewicht, wenn sie dazu dienen, Emotionen zu erzeugen\", beobachtet Laurent Vuarraz.<\/p><p>Sprachliche Ticks, Akzente oder kulturelle Gewohnheiten stellen hingegen noch eine Herausforderung f\u00fcr die Anwendung dar. Das Gleiche gilt f\u00fcr die Kontextualisierung. Mit einem jungen Publikum spricht man anders als mit F\u00fchrungskr\u00e4ften. Talk arbeitet vor allem an diesen Punkten in Meisterklassen und bereitet eine Version vor, die auch deutschsprachige Dialekte einbezieht.<\/p>\t\t\t\t\t\t\t\t<\/div>\n\t\t\t\t<\/div>\n\t\t\t\t\t<\/div>\n\t\t<\/div>\n\t\t\t\t\t<\/div>\n\t\t<\/section>\n\t\t\t\t<section class=\"elementor-section elementor-top-section elementor-element elementor-element-af58915 elementor-section-boxed elementor-section-height-default elementor-section-height-default\" data-id=\"af58915\" data-element_type=\"section\" data-e-type=\"section\">\n\t\t\t\t\t\t<div class=\"elementor-container elementor-column-gap-default\">\n\t\t\t\t\t<div class=\"elementor-column elementor-col-100 elementor-top-column elementor-element elementor-element-d13ca9f\" data-id=\"d13ca9f\" data-element_type=\"column\" data-e-type=\"column\">\n\t\t\t<div class=\"elementor-widget-wrap elementor-element-populated\">\n\t\t\t\t\t\t<div class=\"elementor-element elementor-element-67a6a3c elementor-align-left elementor-widget__width-initial elementor-widget elementor-widget-button\" data-id=\"67a6a3c\" data-element_type=\"widget\" data-e-type=\"widget\" data-widget_type=\"button.default\">\n\t\t\t\t<div class=\"elementor-widget-container\">\n\t\t\t\t\t\t\t\t\t<div class=\"elementor-button-wrapper\">\n\t\t\t\t\t<a class=\"elementor-button elementor-button-link elementor-size-sm\" href=\"https:\/\/www.arcinfo.ch\/neuchatel-canton\/littoral\/la-tene\/talkswiss-une-app-pour-apprendre-a-parler-en-public-1328806\" target=\"_blank\">\n\t\t\t\t\t\t<span class=\"elementor-button-content-wrapper\">\n\t\t\t\t\t\t\t\t\t<span class=\"elementor-button-text\">Artikel lesen<\/span>\n\t\t\t\t\t<\/span>\n\t\t\t\t\t<\/a>\n\t\t\t\t<\/div>\n\t\t\t\t\t\t\t\t<\/div>\n\t\t\t\t<\/div>\n\t\t\t\t\t<\/div>\n\t\t<\/div>\n\t\t\t\t\t<\/div>\n\t\t<\/section>\n\t\t\t\t<\/div>","protected":false},"excerpt":{"rendered":"<p>Tr\u00e4umen Sie davon, fl\u00fcssig und \u00fcberzeugend zu sprechen? Mit Talk.swiss k\u00f6nnen Sie ein schnelles Feedback zu Ihren Sprechfertigkeiten erhalten und sich auf spielerische Weise weiterbilden.<\/p>","protected":false},"author":12,"featured_media":6855,"comment_status":"closed","ping_status":"closed","sticky":false,"template":"","format":"standard","meta":{"footnotes":""},"categories":[39],"tags":[42,43],"class_list":["post-6753","post","type-post","status-publish","format-standard","has-post-thumbnail","hentry","category-medias","tag-charisme","tag-energie"],"yoast_head":"<!-- This site is optimized with the Yoast SEO plugin v28.3 - https:\/\/yoast.com\/product\/yoast-seo-wordpress\/ -->\n<title>ArcInfo: TALK.SWISS, une app pour apprendre \u00e0 parler en public - TALK.SWISS<\/title>\n<meta name=\"robots\" content=\"index, follow, max-snippet:-1, max-image-preview:large, max-video-preview:-1\" \/>\n<link rel=\"canonical\" href=\"https:\/\/talk.swiss\/de\/arcinfo-talk-swiss-une-app-pour-apprendre-a-parler-en-public\/\" \/>\n<meta property=\"og:locale\" content=\"de_DE\" \/>\n<meta property=\"og:type\" content=\"article\" \/>\n<meta property=\"og:title\" content=\"ArcInfo: TALK.SWISS, une app pour apprendre \u00e0 parler en public - TALK.SWISS\" \/>\n<meta property=\"og:description\" content=\"Vous r\u00eavez de parler de mani\u00e8re fluide et convaincante? Avec Talk.swiss, vous pouvez recevoir un feedback rapide sur vos comp\u00e9tences oratoires et vous former de mani\u00e8re ludique.\" \/>\n<meta property=\"og:url\" content=\"https:\/\/talk.swiss\/de\/arcinfo-talk-swiss-une-app-pour-apprendre-a-parler-en-public\/\" \/>\n<meta property=\"og:site_name\" content=\"TALK.SWISS\" \/>\n<meta property=\"article:published_time\" content=\"2023-10-16T09:51:00+00:00\" \/>\n<meta property=\"article:modified_time\" content=\"2024-04-11T12:18:01+00:00\" \/>\n<meta property=\"og:image\" content=\"https:\/\/talk.swiss\/wp-content\/uploads\/2023\/10\/Arc-Info_TALK-SWISS_2023-10-16.webp\" \/>\n\t<meta property=\"og:image:width\" content=\"1500\" \/>\n\t<meta property=\"og:image:height\" content=\"2226\" \/>\n\t<meta property=\"og:image:type\" content=\"image\/webp\" \/>\n<meta name=\"author\" content=\"admin_zaniah\" \/>\n<meta name=\"twitter:card\" content=\"summary_large_image\" \/>\n<meta name=\"twitter:label1\" content=\"Geschrieben von\" \/>\n\t<meta name=\"twitter:data1\" content=\"admin_zaniah\" \/>\n\t<meta name=\"twitter:label2\" content=\"Gesch\u00e4tzte Lesezeit\" \/>\n\t<meta name=\"twitter:data2\" content=\"6\u00a0Minuten\" \/>\n<script type=\"application\/ld+json\" class=\"yoast-schema-graph\">{\"@context\":\"https:\\\/\\\/schema.org\",\"@graph\":[{\"@type\":\"Article\",\"@id\":\"https:\\\/\\\/talk.swiss\\\/arcinfo-talk-swiss-une-app-pour-apprendre-a-parler-en-public\\\/#article\",\"isPartOf\":{\"@id\":\"https:\\\/\\\/talk.swiss\\\/arcinfo-talk-swiss-une-app-pour-apprendre-a-parler-en-public\\\/\"},\"author\":{\"name\":\"admin_zaniah\",\"@id\":\"https:\\\/\\\/talk.swiss\\\/#\\\/schema\\\/person\\\/ba65540af01fcf4cb41dc98849e57120\"},\"headline\":\"ArcInfo: TALK.SWISS, une app pour apprendre \u00e0 parler en public\",\"datePublished\":\"2023-10-16T09:51:00+00:00\",\"dateModified\":\"2024-04-11T12:18:01+00:00\",\"mainEntityOfPage\":{\"@id\":\"https:\\\/\\\/talk.swiss\\\/arcinfo-talk-swiss-une-app-pour-apprendre-a-parler-en-public\\\/\"},\"wordCount\":1207,\"publisher\":{\"@id\":\"https:\\\/\\\/talk.swiss\\\/#organization\"},\"image\":{\"@id\":\"https:\\\/\\\/talk.swiss\\\/arcinfo-talk-swiss-une-app-pour-apprendre-a-parler-en-public\\\/#primaryimage\"},\"thumbnailUrl\":\"https:\\\/\\\/talk.swiss\\\/wp-content\\\/uploads\\\/2023\\\/10\\\/Arc-Info_TALK-SWISS_2023-10-16.webp\",\"keywords\":[\"Charisme\",\"Energie\"],\"articleSection\":[\"M\u00e9dias\"],\"inLanguage\":\"de-CH\"},{\"@type\":\"WebPage\",\"@id\":\"https:\\\/\\\/talk.swiss\\\/arcinfo-talk-swiss-une-app-pour-apprendre-a-parler-en-public\\\/\",\"url\":\"https:\\\/\\\/talk.swiss\\\/arcinfo-talk-swiss-une-app-pour-apprendre-a-parler-en-public\\\/\",\"name\":\"ArcInfo: TALK.SWISS, une app pour apprendre \u00e0 parler en public - TALK.SWISS\",\"isPartOf\":{\"@id\":\"https:\\\/\\\/talk.swiss\\\/#website\"},\"primaryImageOfPage\":{\"@id\":\"https:\\\/\\\/talk.swiss\\\/arcinfo-talk-swiss-une-app-pour-apprendre-a-parler-en-public\\\/#primaryimage\"},\"image\":{\"@id\":\"https:\\\/\\\/talk.swiss\\\/arcinfo-talk-swiss-une-app-pour-apprendre-a-parler-en-public\\\/#primaryimage\"},\"thumbnailUrl\":\"https:\\\/\\\/talk.swiss\\\/wp-content\\\/uploads\\\/2023\\\/10\\\/Arc-Info_TALK-SWISS_2023-10-16.webp\",\"datePublished\":\"2023-10-16T09:51:00+00:00\",\"dateModified\":\"2024-04-11T12:18:01+00:00\",\"breadcrumb\":{\"@id\":\"https:\\\/\\\/talk.swiss\\\/arcinfo-talk-swiss-une-app-pour-apprendre-a-parler-en-public\\\/#breadcrumb\"},\"inLanguage\":\"de-CH\",\"potentialAction\":[{\"@type\":\"ReadAction\",\"target\":[\"https:\\\/\\\/talk.swiss\\\/arcinfo-talk-swiss-une-app-pour-apprendre-a-parler-en-public\\\/\"]}]},{\"@type\":\"ImageObject\",\"inLanguage\":\"de-CH\",\"@id\":\"https:\\\/\\\/talk.swiss\\\/arcinfo-talk-swiss-une-app-pour-apprendre-a-parler-en-public\\\/#primaryimage\",\"url\":\"https:\\\/\\\/talk.swiss\\\/wp-content\\\/uploads\\\/2023\\\/10\\\/Arc-Info_TALK-SWISS_2023-10-16.webp\",\"contentUrl\":\"https:\\\/\\\/talk.swiss\\\/wp-content\\\/uploads\\\/2023\\\/10\\\/Arc-Info_TALK-SWISS_2023-10-16.webp\",\"width\":1500,\"height\":2226,\"caption\":\"ArcInfo\"},{\"@type\":\"BreadcrumbList\",\"@id\":\"https:\\\/\\\/talk.swiss\\\/arcinfo-talk-swiss-une-app-pour-apprendre-a-parler-en-public\\\/#breadcrumb\",\"itemListElement\":[{\"@type\":\"ListItem\",\"position\":1,\"name\":\"Accueil\",\"item\":\"https:\\\/\\\/talk.swiss\\\/\"},{\"@type\":\"ListItem\",\"position\":2,\"name\":\"ArcInfo: TALK.SWISS, une app pour apprendre \u00e0 parler en public\"}]},{\"@type\":\"WebSite\",\"@id\":\"https:\\\/\\\/talk.swiss\\\/#website\",\"url\":\"https:\\\/\\\/talk.swiss\\\/\",\"name\":\"TALK.SWISS\",\"description\":\"Talk, la parole au centre\",\"publisher\":{\"@id\":\"https:\\\/\\\/talk.swiss\\\/#organization\"},\"potentialAction\":[{\"@type\":\"SearchAction\",\"target\":{\"@type\":\"EntryPoint\",\"urlTemplate\":\"https:\\\/\\\/talk.swiss\\\/?s={search_term_string}\"},\"query-input\":{\"@type\":\"PropertyValueSpecification\",\"valueRequired\":true,\"valueName\":\"search_term_string\"}}],\"inLanguage\":\"de-CH\"},{\"@type\":\"Organization\",\"@id\":\"https:\\\/\\\/talk.swiss\\\/#organization\",\"name\":\"TALK.SWISS\",\"url\":\"https:\\\/\\\/talk.swiss\\\/\",\"logo\":{\"@type\":\"ImageObject\",\"inLanguage\":\"de-CH\",\"@id\":\"https:\\\/\\\/talk.swiss\\\/#\\\/schema\\\/logo\\\/image\\\/\",\"url\":\"https:\\\/\\\/talk.swiss\\\/wp-content\\\/uploads\\\/2022\\\/08\\\/cropped-Talk_logo.png\",\"contentUrl\":\"https:\\\/\\\/talk.swiss\\\/wp-content\\\/uploads\\\/2022\\\/08\\\/cropped-Talk_logo.png\",\"width\":400,\"height\":400,\"caption\":\"TALK.SWISS\"},\"image\":{\"@id\":\"https:\\\/\\\/talk.swiss\\\/#\\\/schema\\\/logo\\\/image\\\/\"}},{\"@type\":\"Person\",\"@id\":\"https:\\\/\\\/talk.swiss\\\/#\\\/schema\\\/person\\\/ba65540af01fcf4cb41dc98849e57120\",\"name\":\"admin_zaniah\",\"image\":{\"@type\":\"ImageObject\",\"inLanguage\":\"de-CH\",\"@id\":\"https:\\\/\\\/secure.gravatar.com\\\/avatar\\\/6e3c13c5d0ed8529b9c004df48200cfc1996cc9af076b48e60383c0e40604445?s=96&d=mm&r=g\",\"url\":\"https:\\\/\\\/secure.gravatar.com\\\/avatar\\\/6e3c13c5d0ed8529b9c004df48200cfc1996cc9af076b48e60383c0e40604445?s=96&d=mm&r=g\",\"contentUrl\":\"https:\\\/\\\/secure.gravatar.com\\\/avatar\\\/6e3c13c5d0ed8529b9c004df48200cfc1996cc9af076b48e60383c0e40604445?s=96&d=mm&r=g\",\"caption\":\"admin_zaniah\"},\"url\":\"https:\\\/\\\/talk.swiss\\\/de\\\/author\\\/admin_zaniah\\\/\"}]}<\/script>\n<!-- \/ Yoast SEO plugin. -->","yoast_head_json":{"title":"ArcInfo: TALK.SWISS, une app pour apprendre \u00e0 parler en public - TALK.SWISS","robots":{"index":"index","follow":"follow","max-snippet":"max-snippet:-1","max-image-preview":"max-image-preview:large","max-video-preview":"max-video-preview:-1"},"canonical":"https:\/\/talk.swiss\/de\/arcinfo-talk-swiss-une-app-pour-apprendre-a-parler-en-public\/","og_locale":"de_DE","og_type":"article","og_title":"ArcInfo: TALK.SWISS, une app pour apprendre \u00e0 parler en public - TALK.SWISS","og_description":"Vous r\u00eavez de parler de mani\u00e8re fluide et convaincante? Avec Talk.swiss, vous pouvez recevoir un feedback rapide sur vos comp\u00e9tences oratoires et vous former de mani\u00e8re ludique.","og_url":"https:\/\/talk.swiss\/de\/arcinfo-talk-swiss-une-app-pour-apprendre-a-parler-en-public\/","og_site_name":"TALK.SWISS","article_published_time":"2023-10-16T09:51:00+00:00","article_modified_time":"2024-04-11T12:18:01+00:00","og_image":[{"width":1500,"height":2226,"url":"https:\/\/talk.swiss\/wp-content\/uploads\/2023\/10\/Arc-Info_TALK-SWISS_2023-10-16.webp","type":"image\/webp"}],"author":"admin_zaniah","twitter_card":"summary_large_image","twitter_misc":{"Geschrieben von":"admin_zaniah","Gesch\u00e4tzte Lesezeit":"6\u00a0Minuten"},"schema":{"@context":"https:\/\/schema.org","@graph":[{"@type":"Article","@id":"https:\/\/talk.swiss\/arcinfo-talk-swiss-une-app-pour-apprendre-a-parler-en-public\/#article","isPartOf":{"@id":"https:\/\/talk.swiss\/arcinfo-talk-swiss-une-app-pour-apprendre-a-parler-en-public\/"},"author":{"name":"admin_zaniah","@id":"https:\/\/talk.swiss\/#\/schema\/person\/ba65540af01fcf4cb41dc98849e57120"},"headline":"ArcInfo: TALK.SWISS, une app pour apprendre \u00e0 parler en public","datePublished":"2023-10-16T09:51:00+00:00","dateModified":"2024-04-11T12:18:01+00:00","mainEntityOfPage":{"@id":"https:\/\/talk.swiss\/arcinfo-talk-swiss-une-app-pour-apprendre-a-parler-en-public\/"},"wordCount":1207,"publisher":{"@id":"https:\/\/talk.swiss\/#organization"},"image":{"@id":"https:\/\/talk.swiss\/arcinfo-talk-swiss-une-app-pour-apprendre-a-parler-en-public\/#primaryimage"},"thumbnailUrl":"https:\/\/talk.swiss\/wp-content\/uploads\/2023\/10\/Arc-Info_TALK-SWISS_2023-10-16.webp","keywords":["Charisme","Energie"],"articleSection":["M\u00e9dias"],"inLanguage":"de-CH"},{"@type":"WebPage","@id":"https:\/\/talk.swiss\/arcinfo-talk-swiss-une-app-pour-apprendre-a-parler-en-public\/","url":"https:\/\/talk.swiss\/arcinfo-talk-swiss-une-app-pour-apprendre-a-parler-en-public\/","name":"ArcInfo: TALK.SWISS, une app pour apprendre \u00e0 parler en public - TALK.SWISS","isPartOf":{"@id":"https:\/\/talk.swiss\/#website"},"primaryImageOfPage":{"@id":"https:\/\/talk.swiss\/arcinfo-talk-swiss-une-app-pour-apprendre-a-parler-en-public\/#primaryimage"},"image":{"@id":"https:\/\/talk.swiss\/arcinfo-talk-swiss-une-app-pour-apprendre-a-parler-en-public\/#primaryimage"},"thumbnailUrl":"https:\/\/talk.swiss\/wp-content\/uploads\/2023\/10\/Arc-Info_TALK-SWISS_2023-10-16.webp","datePublished":"2023-10-16T09:51:00+00:00","dateModified":"2024-04-11T12:18:01+00:00","breadcrumb":{"@id":"https:\/\/talk.swiss\/arcinfo-talk-swiss-une-app-pour-apprendre-a-parler-en-public\/#breadcrumb"},"inLanguage":"de-CH","potentialAction":[{"@type":"ReadAction","target":["https:\/\/talk.swiss\/arcinfo-talk-swiss-une-app-pour-apprendre-a-parler-en-public\/"]}]},{"@type":"ImageObject","inLanguage":"de-CH","@id":"https:\/\/talk.swiss\/arcinfo-talk-swiss-une-app-pour-apprendre-a-parler-en-public\/#primaryimage","url":"https:\/\/talk.swiss\/wp-content\/uploads\/2023\/10\/Arc-Info_TALK-SWISS_2023-10-16.webp","contentUrl":"https:\/\/talk.swiss\/wp-content\/uploads\/2023\/10\/Arc-Info_TALK-SWISS_2023-10-16.webp","width":1500,"height":2226,"caption":"ArcInfo"},{"@type":"BreadcrumbList","@id":"https:\/\/talk.swiss\/arcinfo-talk-swiss-une-app-pour-apprendre-a-parler-en-public\/#breadcrumb","itemListElement":[{"@type":"ListItem","position":1,"name":"Accueil","item":"https:\/\/talk.swiss\/"},{"@type":"ListItem","position":2,"name":"ArcInfo: TALK.SWISS, une app pour apprendre \u00e0 parler en public"}]},{"@type":"WebSite","@id":"https:\/\/talk.swiss\/#website","url":"https:\/\/talk.swiss\/","name":"TALK.SWISS","description":"Talk, das Wort im Mittelpunkt","publisher":{"@id":"https:\/\/talk.swiss\/#organization"},"potentialAction":[{"@type":"SearchAction","target":{"@type":"EntryPoint","urlTemplate":"https:\/\/talk.swiss\/?s={search_term_string}"},"query-input":{"@type":"PropertyValueSpecification","valueRequired":true,"valueName":"search_term_string"}}],"inLanguage":"de-CH"},{"@type":"Organization","@id":"https:\/\/talk.swiss\/#organization","name":"TALK.SWISS","url":"https:\/\/talk.swiss\/","logo":{"@type":"ImageObject","inLanguage":"de-CH","@id":"https:\/\/talk.swiss\/#\/schema\/logo\/image\/","url":"https:\/\/talk.swiss\/wp-content\/uploads\/2022\/08\/cropped-Talk_logo.png","contentUrl":"https:\/\/talk.swiss\/wp-content\/uploads\/2022\/08\/cropped-Talk_logo.png","width":400,"height":400,"caption":"TALK.SWISS"},"image":{"@id":"https:\/\/talk.swiss\/#\/schema\/logo\/image\/"}},{"@type":"Person","@id":"https:\/\/talk.swiss\/#\/schema\/person\/ba65540af01fcf4cb41dc98849e57120","name":"admin_zaniah","image":{"@type":"ImageObject","inLanguage":"de-CH","@id":"https:\/\/secure.gravatar.com\/avatar\/6e3c13c5d0ed8529b9c004df48200cfc1996cc9af076b48e60383c0e40604445?s=96&d=mm&r=g","url":"https:\/\/secure.gravatar.com\/avatar\/6e3c13c5d0ed8529b9c004df48200cfc1996cc9af076b48e60383c0e40604445?s=96&d=mm&r=g","contentUrl":"https:\/\/secure.gravatar.com\/avatar\/6e3c13c5d0ed8529b9c004df48200cfc1996cc9af076b48e60383c0e40604445?s=96&d=mm&r=g","caption":"admin_zaniah"},"url":"https:\/\/talk.swiss\/de\/author\/admin_zaniah\/"}]}},"_links":{"self":[{"href":"https:\/\/talk.swiss\/de\/wp-json\/wp\/v2\/posts\/6753","targetHints":{"allow":["GET"]}}],"collection":[{"href":"https:\/\/talk.swiss\/de\/wp-json\/wp\/v2\/posts"}],"about":[{"href":"https:\/\/talk.swiss\/de\/wp-json\/wp\/v2\/types\/post"}],"author":[{"embeddable":true,"href":"https:\/\/talk.swiss\/de\/wp-json\/wp\/v2\/users\/12"}],"replies":[{"embeddable":true,"href":"https:\/\/talk.swiss\/de\/wp-json\/wp\/v2\/comments?post=6753"}],"version-history":[{"count":39,"href":"https:\/\/talk.swiss\/de\/wp-json\/wp\/v2\/posts\/6753\/revisions"}],"predecessor-version":[{"id":7079,"href":"https:\/\/talk.swiss\/de\/wp-json\/wp\/v2\/posts\/6753\/revisions\/7079"}],"wp:featuredmedia":[{"embeddable":true,"href":"https:\/\/talk.swiss\/de\/wp-json\/wp\/v2\/media\/6855"}],"wp:attachment":[{"href":"https:\/\/talk.swiss\/de\/wp-json\/wp\/v2\/media?parent=6753"}],"wp:term":[{"taxonomy":"category","embeddable":true,"href":"https:\/\/talk.swiss\/de\/wp-json\/wp\/v2\/categories?post=6753"},{"taxonomy":"post_tag","embeddable":true,"href":"https:\/\/talk.swiss\/de\/wp-json\/wp\/v2\/tags?post=6753"}],"curies":[{"name":"wp","href":"https:\/\/api.w.org\/{rel}","templated":true}]}}