{"id":6622,"date":"2024-02-02T13:57:00","date_gmt":"2024-02-02T12:57:00","guid":{"rendered":"https:\/\/talk.swiss\/?p=6622"},"modified":"2024-03-12T14:58:49","modified_gmt":"2024-03-12T13:58:49","slug":"reportage-rts-talk-swiss-booster-la-communication-orale-en-entreprise","status":"publish","type":"post","link":"https:\/\/talk.swiss\/de\/reportage-rts-talk-swiss-booster-la-communication-orale-en-entreprise\/","title":{"rendered":"RTS-Reportage"},"content":{"rendered":"<div data-elementor-type=\"wp-post\" data-elementor-id=\"6622\" class=\"elementor elementor-6622\" data-elementor-post-type=\"post\">\n\t\t\t\t\t\t<section class=\"elementor-section elementor-top-section elementor-element elementor-element-5921726 elementor-section-boxed elementor-section-height-default elementor-section-height-default\" data-id=\"5921726\" data-element_type=\"section\" data-e-type=\"section\">\n\t\t\t\t\t\t<div class=\"elementor-container elementor-column-gap-default\">\n\t\t\t\t\t<div class=\"elementor-column elementor-col-100 elementor-top-column elementor-element elementor-element-62fc3165\" data-id=\"62fc3165\" data-element_type=\"column\" data-e-type=\"column\">\n\t\t\t<div class=\"elementor-widget-wrap elementor-element-populated\">\n\t\t\t\t\t\t<div class=\"elementor-element elementor-element-281d4cf elementor-widget elementor-widget-heading\" data-id=\"281d4cf\" data-element_type=\"widget\" data-e-type=\"widget\" data-widget_type=\"heading.default\">\n\t\t\t\t<div class=\"elementor-widget-container\">\n\t\t\t\t\t<h3 class=\"elementor-heading-title elementor-size-default\">Die m\u00fcndliche Kommunikation in Unternehmen steigern<\/h3>\t\t\t\t<\/div>\n\t\t\t\t<\/div>\n\t\t\t\t<div class=\"elementor-element elementor-element-9895b76 elementor-widget__width-initial elementor-widget elementor-widget-text-editor\" data-id=\"9895b76\" data-element_type=\"widget\" data-e-type=\"widget\" data-widget_type=\"text-editor.default\">\n\t\t\t\t<div class=\"elementor-widget-container\">\n\t\t\t\t\t\t\t\t\t<p>In Neuch\u00e2tel nutzt TALK.SWISS k\u00fcnstliche Intelligenz, um die m\u00fcndliche Kommunikation in Unternehmen zu f\u00f6rdern.<\/p>\t\t\t\t\t\t\t\t<\/div>\n\t\t\t\t<\/div>\n\t\t\t\t<div class=\"elementor-element elementor-element-bb0dda8 elementor-icon-list--layout-traditional elementor-list-item-link-full_width elementor-widget elementor-widget-icon-list\" data-id=\"bb0dda8\" data-element_type=\"widget\" data-e-type=\"widget\" data-widget_type=\"icon-list.default\">\n\t\t\t\t<div class=\"elementor-widget-container\">\n\t\t\t\t\t\t\t<ul class=\"elementor-icon-list-items\">\n\t\t\t\t\t\t\t<li class=\"elementor-icon-list-item\">\n\t\t\t\t\t\t\t\t\t\t\t<a href=\"https:\/\/www.rts.ch\/play\/tv\/19h30\/video\/a-neuchatel-un-projet-pilote-utilise-lintelligence-artificielle-pour-aider-les-demandeurs-demploi?urn=urn:rts:video:14675939\" target=\"_blank\">\n\n\t\t\t\t\t\t\t\t\t\t\t\t<span class=\"elementor-icon-list-icon\">\n\t\t\t\t\t\t\t<i aria-hidden=\"true\" class=\"fas fa-video\"><\/i>\t\t\t\t\t\t<\/span>\n\t\t\t\t\t\t\t\t\t\t<span class=\"elementor-icon-list-text\">Video ansehen<\/span>\n\t\t\t\t\t\t\t\t\t\t\t<\/a>\n\t\t\t\t\t\t\t\t\t<\/li>\n\t\t\t\t\t\t<\/ul>\n\t\t\t\t\t\t<\/div>\n\t\t\t\t<\/div>\n\t\t\t\t<div class=\"elementor-element elementor-element-6295db3 elementor-widget elementor-widget-theme-post-featured-image elementor-widget-image\" data-id=\"6295db3\" data-element_type=\"widget\" data-e-type=\"widget\" data-widget_type=\"theme-post-featured-image.default\">\n\t\t\t\t<div class=\"elementor-widget-container\">\n\t\t\t\t\t\t\t\t\t\t\t\t\t\t\t\t<a href=\"https:\/\/www.rtn.ch\/rtn\/Plus\/Radio\/Prix-BCN-Innovation-2023.html\" target=\"_blank\">\n\t\t\t\t\t\t\t<img fetchpriority=\"high\" decoding=\"async\" width=\"1920\" height=\"1080\" src=\"https:\/\/talk.swiss\/wp-content\/uploads\/2024\/02\/Minia-1.jpg\" class=\"attachment-full size-full wp-image-6889\" alt=\"\" srcset=\"https:\/\/talk.swiss\/wp-content\/uploads\/2024\/02\/Minia-1.jpg 1920w, https:\/\/talk.swiss\/wp-content\/uploads\/2024\/02\/Minia-1-300x169.jpg 300w, https:\/\/talk.swiss\/wp-content\/uploads\/2024\/02\/Minia-1-1024x576.jpg 1024w, https:\/\/talk.swiss\/wp-content\/uploads\/2024\/02\/Minia-1-768x432.jpg 768w, https:\/\/talk.swiss\/wp-content\/uploads\/2024\/02\/Minia-1-1536x864.jpg 1536w, https:\/\/talk.swiss\/wp-content\/uploads\/2024\/02\/Minia-1-18x10.jpg 18w\" sizes=\"(max-width: 1920px) 100vw, 1920px\" \/>\t\t\t\t\t\t\t\t<\/a>\n\t\t\t\t\t\t\t\t\t\t\t\t\t\t\t<\/div>\n\t\t\t\t<\/div>\n\t\t\t\t\t<\/div>\n\t\t<\/div>\n\t\t\t\t\t<\/div>\n\t\t<\/section>\n\t\t\t\t<\/div>","protected":false},"excerpt":{"rendered":"<p>In Neuch\u00e2tel nutzt TALK.SWISS k\u00fcnstliche Intelligenz, um die m\u00fcndliche Kommunikation in Unternehmen zu f\u00f6rdern.<\/p>","protected":false},"author":12,"featured_media":6889,"comment_status":"closed","ping_status":"closed","sticky":false,"template":"","format":"standard","meta":{"footnotes":""},"categories":[39],"tags":[42,43],"class_list":["post-6622","post","type-post","status-publish","format-standard","has-post-thumbnail","hentry","category-medias","tag-charisme","tag-energie"],"yoast_head":"<!-- This site is optimized with the Yoast SEO plugin v28.3 - https:\/\/yoast.com\/product\/yoast-seo-wordpress\/ -->\n<title>Reportage RTS - TALK.SWISS<\/title>\n<meta name=\"robots\" content=\"index, follow, max-snippet:-1, max-image-preview:large, max-video-preview:-1\" \/>\n<link rel=\"canonical\" href=\"https:\/\/talk.swiss\/de\/reportage-rts-talk-swiss-booster-la-communication-orale-en-entreprise\/\" \/>\n<meta property=\"og:locale\" content=\"de_DE\" \/>\n<meta property=\"og:type\" content=\"article\" \/>\n<meta property=\"og:title\" content=\"Reportage RTS - TALK.SWISS\" \/>\n<meta property=\"og:description\" content=\"\u00c0 Neuch\u00e2tel, TALK.SWISS utilise l\u2019intelligence artificielle pour d\u00e9velopper la communication orale en entreprise.\" \/>\n<meta property=\"og:url\" content=\"https:\/\/talk.swiss\/de\/reportage-rts-talk-swiss-booster-la-communication-orale-en-entreprise\/\" \/>\n<meta property=\"og:site_name\" content=\"TALK.SWISS\" \/>\n<meta property=\"article:published_time\" content=\"2024-02-02T12:57:00+00:00\" \/>\n<meta property=\"article:modified_time\" content=\"2024-03-12T13:58:49+00:00\" \/>\n<meta property=\"og:image\" content=\"https:\/\/talk.swiss\/wp-content\/uploads\/2024\/02\/Minia-1.jpg\" \/>\n\t<meta property=\"og:image:width\" content=\"1920\" \/>\n\t<meta property=\"og:image:height\" content=\"1080\" \/>\n\t<meta property=\"og:image:type\" content=\"image\/jpeg\" \/>\n<meta name=\"author\" content=\"admin_zaniah\" \/>\n<meta name=\"twitter:card\" content=\"summary_large_image\" \/>\n<meta name=\"twitter:label1\" content=\"Geschrieben von\" \/>\n\t<meta name=\"twitter:data1\" content=\"admin_zaniah\" \/>\n\t<meta name=\"twitter:label2\" content=\"Gesch\u00e4tzte Lesezeit\" \/>\n\t<meta name=\"twitter:data2\" content=\"1\u00a0Minute\" \/>\n<script type=\"application\/ld+json\" class=\"yoast-schema-graph\">{\"@context\":\"https:\\\/\\\/schema.org\",\"@graph\":[{\"@type\":\"Article\",\"@id\":\"https:\\\/\\\/talk.swiss\\\/reportage-rts-talk-swiss-booster-la-communication-orale-en-entreprise\\\/#article\",\"isPartOf\":{\"@id\":\"https:\\\/\\\/talk.swiss\\\/reportage-rts-talk-swiss-booster-la-communication-orale-en-entreprise\\\/\"},\"author\":{\"name\":\"admin_zaniah\",\"@id\":\"https:\\\/\\\/talk.swiss\\\/#\\\/schema\\\/person\\\/ba65540af01fcf4cb41dc98849e57120\"},\"headline\":\"Reportage RTS\",\"datePublished\":\"2024-02-02T12:57:00+00:00\",\"dateModified\":\"2024-03-12T13:58:49+00:00\",\"mainEntityOfPage\":{\"@id\":\"https:\\\/\\\/talk.swiss\\\/reportage-rts-talk-swiss-booster-la-communication-orale-en-entreprise\\\/\"},\"wordCount\":28,\"publisher\":{\"@id\":\"https:\\\/\\\/talk.swiss\\\/#organization\"},\"image\":{\"@id\":\"https:\\\/\\\/talk.swiss\\\/reportage-rts-talk-swiss-booster-la-communication-orale-en-entreprise\\\/#primaryimage\"},\"thumbnailUrl\":\"https:\\\/\\\/talk.swiss\\\/wp-content\\\/uploads\\\/2024\\\/02\\\/Minia-1.jpg\",\"keywords\":[\"Charisme\",\"Energie\"],\"articleSection\":[\"M\u00e9dias\"],\"inLanguage\":\"de-CH\"},{\"@type\":\"WebPage\",\"@id\":\"https:\\\/\\\/talk.swiss\\\/reportage-rts-talk-swiss-booster-la-communication-orale-en-entreprise\\\/\",\"url\":\"https:\\\/\\\/talk.swiss\\\/reportage-rts-talk-swiss-booster-la-communication-orale-en-entreprise\\\/\",\"name\":\"Reportage RTS - TALK.SWISS\",\"isPartOf\":{\"@id\":\"https:\\\/\\\/talk.swiss\\\/#website\"},\"primaryImageOfPage\":{\"@id\":\"https:\\\/\\\/talk.swiss\\\/reportage-rts-talk-swiss-booster-la-communication-orale-en-entreprise\\\/#primaryimage\"},\"image\":{\"@id\":\"https:\\\/\\\/talk.swiss\\\/reportage-rts-talk-swiss-booster-la-communication-orale-en-entreprise\\\/#primaryimage\"},\"thumbnailUrl\":\"https:\\\/\\\/talk.swiss\\\/wp-content\\\/uploads\\\/2024\\\/02\\\/Minia-1.jpg\",\"datePublished\":\"2024-02-02T12:57:00+00:00\",\"dateModified\":\"2024-03-12T13:58:49+00:00\",\"breadcrumb\":{\"@id\":\"https:\\\/\\\/talk.swiss\\\/reportage-rts-talk-swiss-booster-la-communication-orale-en-entreprise\\\/#breadcrumb\"},\"inLanguage\":\"de-CH\",\"potentialAction\":[{\"@type\":\"ReadAction\",\"target\":[\"https:\\\/\\\/talk.swiss\\\/reportage-rts-talk-swiss-booster-la-communication-orale-en-entreprise\\\/\"]}]},{\"@type\":\"ImageObject\",\"inLanguage\":\"de-CH\",\"@id\":\"https:\\\/\\\/talk.swiss\\\/reportage-rts-talk-swiss-booster-la-communication-orale-en-entreprise\\\/#primaryimage\",\"url\":\"https:\\\/\\\/talk.swiss\\\/wp-content\\\/uploads\\\/2024\\\/02\\\/Minia-1.jpg\",\"contentUrl\":\"https:\\\/\\\/talk.swiss\\\/wp-content\\\/uploads\\\/2024\\\/02\\\/Minia-1.jpg\",\"width\":1920,\"height\":1080},{\"@type\":\"BreadcrumbList\",\"@id\":\"https:\\\/\\\/talk.swiss\\\/reportage-rts-talk-swiss-booster-la-communication-orale-en-entreprise\\\/#breadcrumb\",\"itemListElement\":[{\"@type\":\"ListItem\",\"position\":1,\"name\":\"Accueil\",\"item\":\"https:\\\/\\\/talk.swiss\\\/\"},{\"@type\":\"ListItem\",\"position\":2,\"name\":\"Reportage RTS\"}]},{\"@type\":\"WebSite\",\"@id\":\"https:\\\/\\\/talk.swiss\\\/#website\",\"url\":\"https:\\\/\\\/talk.swiss\\\/\",\"name\":\"TALK.SWISS\",\"description\":\"Talk, la parole au centre\",\"publisher\":{\"@id\":\"https:\\\/\\\/talk.swiss\\\/#organization\"},\"potentialAction\":[{\"@type\":\"SearchAction\",\"target\":{\"@type\":\"EntryPoint\",\"urlTemplate\":\"https:\\\/\\\/talk.swiss\\\/?s={search_term_string}\"},\"query-input\":{\"@type\":\"PropertyValueSpecification\",\"valueRequired\":true,\"valueName\":\"search_term_string\"}}],\"inLanguage\":\"de-CH\"},{\"@type\":\"Organization\",\"@id\":\"https:\\\/\\\/talk.swiss\\\/#organization\",\"name\":\"TALK.SWISS\",\"url\":\"https:\\\/\\\/talk.swiss\\\/\",\"logo\":{\"@type\":\"ImageObject\",\"inLanguage\":\"de-CH\",\"@id\":\"https:\\\/\\\/talk.swiss\\\/#\\\/schema\\\/logo\\\/image\\\/\",\"url\":\"https:\\\/\\\/talk.swiss\\\/wp-content\\\/uploads\\\/2022\\\/08\\\/cropped-Talk_logo.png\",\"contentUrl\":\"https:\\\/\\\/talk.swiss\\\/wp-content\\\/uploads\\\/2022\\\/08\\\/cropped-Talk_logo.png\",\"width\":400,\"height\":400,\"caption\":\"TALK.SWISS\"},\"image\":{\"@id\":\"https:\\\/\\\/talk.swiss\\\/#\\\/schema\\\/logo\\\/image\\\/\"}},{\"@type\":\"Person\",\"@id\":\"https:\\\/\\\/talk.swiss\\\/#\\\/schema\\\/person\\\/ba65540af01fcf4cb41dc98849e57120\",\"name\":\"admin_zaniah\",\"image\":{\"@type\":\"ImageObject\",\"inLanguage\":\"de-CH\",\"@id\":\"https:\\\/\\\/secure.gravatar.com\\\/avatar\\\/6e3c13c5d0ed8529b9c004df48200cfc1996cc9af076b48e60383c0e40604445?s=96&d=mm&r=g\",\"url\":\"https:\\\/\\\/secure.gravatar.com\\\/avatar\\\/6e3c13c5d0ed8529b9c004df48200cfc1996cc9af076b48e60383c0e40604445?s=96&d=mm&r=g\",\"contentUrl\":\"https:\\\/\\\/secure.gravatar.com\\\/avatar\\\/6e3c13c5d0ed8529b9c004df48200cfc1996cc9af076b48e60383c0e40604445?s=96&d=mm&r=g\",\"caption\":\"admin_zaniah\"},\"url\":\"https:\\\/\\\/talk.swiss\\\/de\\\/author\\\/admin_zaniah\\\/\"}]}<\/script>\n<!-- \/ Yoast SEO plugin. -->","yoast_head_json":{"title":"Reportage RTS - TALK.SWISS","robots":{"index":"index","follow":"follow","max-snippet":"max-snippet:-1","max-image-preview":"max-image-preview:large","max-video-preview":"max-video-preview:-1"},"canonical":"https:\/\/talk.swiss\/de\/reportage-rts-talk-swiss-booster-la-communication-orale-en-entreprise\/","og_locale":"de_DE","og_type":"article","og_title":"Reportage RTS - TALK.SWISS","og_description":"\u00c0 Neuch\u00e2tel, TALK.SWISS utilise l\u2019intelligence artificielle pour d\u00e9velopper la communication orale en entreprise.","og_url":"https:\/\/talk.swiss\/de\/reportage-rts-talk-swiss-booster-la-communication-orale-en-entreprise\/","og_site_name":"TALK.SWISS","article_published_time":"2024-02-02T12:57:00+00:00","article_modified_time":"2024-03-12T13:58:49+00:00","og_image":[{"width":1920,"height":1080,"url":"https:\/\/talk.swiss\/wp-content\/uploads\/2024\/02\/Minia-1.jpg","type":"image\/jpeg"}],"author":"admin_zaniah","twitter_card":"summary_large_image","twitter_misc":{"Geschrieben von":"admin_zaniah","Gesch\u00e4tzte Lesezeit":"1\u00a0Minute"},"schema":{"@context":"https:\/\/schema.org","@graph":[{"@type":"Article","@id":"https:\/\/talk.swiss\/reportage-rts-talk-swiss-booster-la-communication-orale-en-entreprise\/#article","isPartOf":{"@id":"https:\/\/talk.swiss\/reportage-rts-talk-swiss-booster-la-communication-orale-en-entreprise\/"},"author":{"name":"admin_zaniah","@id":"https:\/\/talk.swiss\/#\/schema\/person\/ba65540af01fcf4cb41dc98849e57120"},"headline":"Reportage RTS","datePublished":"2024-02-02T12:57:00+00:00","dateModified":"2024-03-12T13:58:49+00:00","mainEntityOfPage":{"@id":"https:\/\/talk.swiss\/reportage-rts-talk-swiss-booster-la-communication-orale-en-entreprise\/"},"wordCount":28,"publisher":{"@id":"https:\/\/talk.swiss\/#organization"},"image":{"@id":"https:\/\/talk.swiss\/reportage-rts-talk-swiss-booster-la-communication-orale-en-entreprise\/#primaryimage"},"thumbnailUrl":"https:\/\/talk.swiss\/wp-content\/uploads\/2024\/02\/Minia-1.jpg","keywords":["Charisme","Energie"],"articleSection":["M\u00e9dias"],"inLanguage":"de-CH"},{"@type":"WebPage","@id":"https:\/\/talk.swiss\/reportage-rts-talk-swiss-booster-la-communication-orale-en-entreprise\/","url":"https:\/\/talk.swiss\/reportage-rts-talk-swiss-booster-la-communication-orale-en-entreprise\/","name":"Reportage RTS - TALK.SWISS","isPartOf":{"@id":"https:\/\/talk.swiss\/#website"},"primaryImageOfPage":{"@id":"https:\/\/talk.swiss\/reportage-rts-talk-swiss-booster-la-communication-orale-en-entreprise\/#primaryimage"},"image":{"@id":"https:\/\/talk.swiss\/reportage-rts-talk-swiss-booster-la-communication-orale-en-entreprise\/#primaryimage"},"thumbnailUrl":"https:\/\/talk.swiss\/wp-content\/uploads\/2024\/02\/Minia-1.jpg","datePublished":"2024-02-02T12:57:00+00:00","dateModified":"2024-03-12T13:58:49+00:00","breadcrumb":{"@id":"https:\/\/talk.swiss\/reportage-rts-talk-swiss-booster-la-communication-orale-en-entreprise\/#breadcrumb"},"inLanguage":"de-CH","potentialAction":[{"@type":"ReadAction","target":["https:\/\/talk.swiss\/reportage-rts-talk-swiss-booster-la-communication-orale-en-entreprise\/"]}]},{"@type":"ImageObject","inLanguage":"de-CH","@id":"https:\/\/talk.swiss\/reportage-rts-talk-swiss-booster-la-communication-orale-en-entreprise\/#primaryimage","url":"https:\/\/talk.swiss\/wp-content\/uploads\/2024\/02\/Minia-1.jpg","contentUrl":"https:\/\/talk.swiss\/wp-content\/uploads\/2024\/02\/Minia-1.jpg","width":1920,"height":1080},{"@type":"BreadcrumbList","@id":"https:\/\/talk.swiss\/reportage-rts-talk-swiss-booster-la-communication-orale-en-entreprise\/#breadcrumb","itemListElement":[{"@type":"ListItem","position":1,"name":"Accueil","item":"https:\/\/talk.swiss\/"},{"@type":"ListItem","position":2,"name":"Reportage RTS"}]},{"@type":"WebSite","@id":"https:\/\/talk.swiss\/#website","url":"https:\/\/talk.swiss\/","name":"TALK.SWISS","description":"Talk, das Wort im Mittelpunkt","publisher":{"@id":"https:\/\/talk.swiss\/#organization"},"potentialAction":[{"@type":"SearchAction","target":{"@type":"EntryPoint","urlTemplate":"https:\/\/talk.swiss\/?s={search_term_string}"},"query-input":{"@type":"PropertyValueSpecification","valueRequired":true,"valueName":"search_term_string"}}],"inLanguage":"de-CH"},{"@type":"Organization","@id":"https:\/\/talk.swiss\/#organization","name":"TALK.SWISS","url":"https:\/\/talk.swiss\/","logo":{"@type":"ImageObject","inLanguage":"de-CH","@id":"https:\/\/talk.swiss\/#\/schema\/logo\/image\/","url":"https:\/\/talk.swiss\/wp-content\/uploads\/2022\/08\/cropped-Talk_logo.png","contentUrl":"https:\/\/talk.swiss\/wp-content\/uploads\/2022\/08\/cropped-Talk_logo.png","width":400,"height":400,"caption":"TALK.SWISS"},"image":{"@id":"https:\/\/talk.swiss\/#\/schema\/logo\/image\/"}},{"@type":"Person","@id":"https:\/\/talk.swiss\/#\/schema\/person\/ba65540af01fcf4cb41dc98849e57120","name":"admin_zaniah","image":{"@type":"ImageObject","inLanguage":"de-CH","@id":"https:\/\/secure.gravatar.com\/avatar\/6e3c13c5d0ed8529b9c004df48200cfc1996cc9af076b48e60383c0e40604445?s=96&d=mm&r=g","url":"https:\/\/secure.gravatar.com\/avatar\/6e3c13c5d0ed8529b9c004df48200cfc1996cc9af076b48e60383c0e40604445?s=96&d=mm&r=g","contentUrl":"https:\/\/secure.gravatar.com\/avatar\/6e3c13c5d0ed8529b9c004df48200cfc1996cc9af076b48e60383c0e40604445?s=96&d=mm&r=g","caption":"admin_zaniah"},"url":"https:\/\/talk.swiss\/de\/author\/admin_zaniah\/"}]}},"_links":{"self":[{"href":"https:\/\/talk.swiss\/de\/wp-json\/wp\/v2\/posts\/6622","targetHints":{"allow":["GET"]}}],"collection":[{"href":"https:\/\/talk.swiss\/de\/wp-json\/wp\/v2\/posts"}],"about":[{"href":"https:\/\/talk.swiss\/de\/wp-json\/wp\/v2\/types\/post"}],"author":[{"embeddable":true,"href":"https:\/\/talk.swiss\/de\/wp-json\/wp\/v2\/users\/12"}],"replies":[{"embeddable":true,"href":"https:\/\/talk.swiss\/de\/wp-json\/wp\/v2\/comments?post=6622"}],"version-history":[{"count":42,"href":"https:\/\/talk.swiss\/de\/wp-json\/wp\/v2\/posts\/6622\/revisions"}],"predecessor-version":[{"id":6913,"href":"https:\/\/talk.swiss\/de\/wp-json\/wp\/v2\/posts\/6622\/revisions\/6913"}],"wp:featuredmedia":[{"embeddable":true,"href":"https:\/\/talk.swiss\/de\/wp-json\/wp\/v2\/media\/6889"}],"wp:attachment":[{"href":"https:\/\/talk.swiss\/de\/wp-json\/wp\/v2\/media?parent=6622"}],"wp:term":[{"taxonomy":"category","embeddable":true,"href":"https:\/\/talk.swiss\/de\/wp-json\/wp\/v2\/categories?post=6622"},{"taxonomy":"post_tag","embeddable":true,"href":"https:\/\/talk.swiss\/de\/wp-json\/wp\/v2\/tags?post=6622"}],"curies":[{"name":"wp","href":"https:\/\/api.w.org\/{rel}","templated":true}]}}