{"id":3379,"date":"2023-03-12T12:37:00","date_gmt":"2023-03-12T11:37:00","guid":{"rendered":"https:\/\/talk.swiss\/?p=3379"},"modified":"2024-02-21T10:23:04","modified_gmt":"2024-02-21T09:23:04","slug":"le-temps-grace-a-lia-une-application-suisse-permet-de-mieux-parler-en-public","status":"publish","type":"post","link":"https:\/\/talk.swiss\/de\/le-temps-grace-a-lia-une-application-suisse-permet-de-mieux-parler-en-public\/","title":{"rendered":"Le Temps: K\u00fcnstliche Intelligenz: Eine Schweizer App hilft, besser vor Publikum zu sprechen"},"content":{"rendered":"<div data-elementor-type=\"wp-post\" data-elementor-id=\"3379\" class=\"elementor elementor-3379\" data-elementor-post-type=\"post\">\n\t\t\t\t\t\t<section class=\"elementor-section elementor-top-section elementor-element elementor-element-5921726 elementor-section-boxed elementor-section-height-default elementor-section-height-default\" data-id=\"5921726\" data-element_type=\"section\" data-e-type=\"section\">\n\t\t\t\t\t\t<div class=\"elementor-container elementor-column-gap-default\">\n\t\t\t\t\t<div class=\"elementor-column elementor-col-100 elementor-top-column elementor-element elementor-element-62fc3165\" data-id=\"62fc3165\" data-element_type=\"column\" data-e-type=\"column\">\n\t\t\t<div class=\"elementor-widget-wrap elementor-element-populated\">\n\t\t\t\t\t\t<div class=\"elementor-element elementor-element-6cb3b78b elementor-widget elementor-widget-heading\" data-id=\"6cb3b78b\" data-element_type=\"widget\" data-e-type=\"widget\" data-widget_type=\"heading.default\">\n\t\t\t\t<div class=\"elementor-widget-container\">\n\t\t\t\t\t<h3 class=\"elementor-heading-title elementor-size-default\"><a href=\"https:\/\/www.letemps.ch\/profil\/anouch-seydtaghia\" target=\"_blank\">Die Zeit - Von Anouch Seydtaghia<\/a><\/h3>\t\t\t\t<\/div>\n\t\t\t\t<\/div>\n\t\t\t\t<div class=\"elementor-element elementor-element-38d8319 elementor-widget-divider--view-line elementor-widget elementor-widget-divider\" data-id=\"38d8319\" data-element_type=\"widget\" data-e-type=\"widget\" data-widget_type=\"divider.default\">\n\t\t\t\t<div class=\"elementor-widget-container\">\n\t\t\t\t\t\t\t<div class=\"elementor-divider\">\n\t\t\t<span class=\"elementor-divider-separator\">\n\t\t\t\t\t\t<\/span>\n\t\t<\/div>\n\t\t\t\t\t\t<\/div>\n\t\t\t\t<\/div>\n\t\t\t\t<div class=\"elementor-element elementor-element-5c488380 elementor-widget elementor-widget-text-editor\" data-id=\"5c488380\" data-element_type=\"widget\" data-e-type=\"widget\" data-widget_type=\"text-editor.default\">\n\t\t\t\t<div class=\"elementor-widget-container\">\n\t\t\t\t\t\t\t\t\tDie App Talkmobile, die von der Westschweizer Firma TALK.SWISS entwickelt wurde, analysiert unsere Sprache, unsere Worte, die nonverbale Kommunikation oder auch den Redefluss. Das alles dank eines leistungsf\u00e4higen Systems k\u00fcnstlicher Intelligenz, das \"Le Temps\" als Erstes testen konnte.\t\t\t\t\t\t\t\t<\/div>\n\t\t\t\t<\/div>\n\t\t\t\t\t<\/div>\n\t\t<\/div>\n\t\t\t\t\t<\/div>\n\t\t<\/section>\n\t\t\t\t<section class=\"elementor-section elementor-top-section elementor-element elementor-element-d9727cd elementor-section-boxed elementor-section-height-default elementor-section-height-default\" data-id=\"d9727cd\" data-element_type=\"section\" data-e-type=\"section\">\n\t\t\t\t\t\t<div class=\"elementor-container elementor-column-gap-default\">\n\t\t\t\t\t<div class=\"elementor-column elementor-col-100 elementor-top-column elementor-element elementor-element-3e56805\" data-id=\"3e56805\" data-element_type=\"column\" data-e-type=\"column\">\n\t\t\t<div class=\"elementor-widget-wrap elementor-element-populated\">\n\t\t\t\t\t\t<div class=\"elementor-element elementor-element-0c011b6 elementor-widget elementor-widget-image\" data-id=\"0c011b6\" data-element_type=\"widget\" data-e-type=\"widget\" data-widget_type=\"image.default\">\n\t\t\t\t<div class=\"elementor-widget-container\">\n\t\t\t\t\t\t\t\t\t\t\t\t<figure class=\"wp-caption\">\n\t\t\t\t\t\t\t\t\t\t<img fetchpriority=\"high\" decoding=\"async\" width=\"1400\" height=\"787\" src=\"https:\/\/talk.swiss\/wp-content\/uploads\/2023\/03\/Le_Temps_Talk_app.webp\" class=\"attachment-full size-full wp-image-6720\" alt=\"Application Talk\" srcset=\"https:\/\/talk.swiss\/wp-content\/uploads\/2023\/03\/Le_Temps_Talk_app.webp 1400w, https:\/\/talk.swiss\/wp-content\/uploads\/2023\/03\/Le_Temps_Talk_app-300x169.webp 300w, https:\/\/talk.swiss\/wp-content\/uploads\/2023\/03\/Le_Temps_Talk_app-1024x576.webp 1024w, https:\/\/talk.swiss\/wp-content\/uploads\/2023\/03\/Le_Temps_Talk_app-768x432.webp 768w, https:\/\/talk.swiss\/wp-content\/uploads\/2023\/03\/Le_Temps_Talk_app-18x10.webp 18w\" sizes=\"(max-width: 1400px) 100vw, 1400px\" \/>\t\t\t\t\t\t\t\t\t\t\t<figcaption class=\"widget-image-caption wp-caption-text\">Die App zeigt deutlich alle Punkte, an denen man sich verbessern kann | TALK.SWISS<\/figcaption>\n\t\t\t\t\t\t\t\t\t\t<\/figure>\n\t\t\t\t\t\t\t\t\t<\/div>\n\t\t\t\t<\/div>\n\t\t\t\t\t<\/div>\n\t\t<\/div>\n\t\t\t\t\t<\/div>\n\t\t<\/section>\n\t\t\t\t<section class=\"elementor-section elementor-top-section elementor-element elementor-element-578ef8da elementor-section-boxed elementor-section-height-default elementor-section-height-default\" data-id=\"578ef8da\" data-element_type=\"section\" data-e-type=\"section\">\n\t\t\t\t\t\t<div class=\"elementor-container elementor-column-gap-default\">\n\t\t\t\t\t<div class=\"elementor-column elementor-col-100 elementor-top-column elementor-element elementor-element-50204d01\" data-id=\"50204d01\" data-element_type=\"column\" data-e-type=\"column\">\n\t\t\t<div class=\"elementor-widget-wrap elementor-element-populated\">\n\t\t\t\t\t\t<div class=\"elementor-element elementor-element-556e881e elementor-widget elementor-widget-text-editor\" data-id=\"556e881e\" data-element_type=\"widget\" data-e-type=\"widget\" data-widget_type=\"text-editor.default\">\n\t\t\t\t<div class=\"elementor-widget-container\">\n\t\t\t\t\t\t\t\t\t<p>Es ist \"ein magischer Spiegel, um seine Kommunikation zu verbessern\", wie Laurent Vuarraz Voisin es formuliert. Und es stimmt, dass die Talkmobile-App etwas Bluffendes hat.  Diese App wurde von dem Start-up Talk.Swiss entwickelt, das seinen Sitz in Orbe (VD) und Microcity Neuch\u00e2tel hat und von dem ehemaligen Journalisten gegr\u00fcndet wurde. Seit seiner Zeit bei RTS hat sich Laurent Vuarraz Voisin auf Schulungen spezialisiert, um jedermann zu helfen, seine Kommunikation zu verbessern.  Seine Schulungen richten sich an Unternehmens- und Teamleiter, Politiker, Anw\u00e4lte und alle, die das Wort ergreifen und ihre Beziehungen pflegen m\u00fcssen.<\/p><p>Die Mission von Talk.Swiss besteht laut ihrem Leiter darin, \"das Wort in den Mittelpunkt zu stellen, um Organisationen wieder zu verzaubern\". Doch hinter diesem Marketingslogan verbirgt sich eine App mit erschreckender Effizienz, \u00fcber die Le Temps als erstes Medium berichtet. Unseren Tests zufolge kann die App durch die intelligente Nutzung von Diensten der k\u00fcnstlichen Intelligenz dazu beitragen, die m\u00fcndliche Kommunikation zu verbessern.<\/p>\t\t\t\t\t\t\t\t<\/div>\n\t\t\t\t<\/div>\n\t\t\t\t\t<\/div>\n\t\t<\/div>\n\t\t\t\t\t<\/div>\n\t\t<\/section>\n\t\t\t\t<section class=\"elementor-section elementor-top-section elementor-element elementor-element-4e5a79e elementor-section-boxed elementor-section-height-default elementor-section-height-default\" data-id=\"4e5a79e\" data-element_type=\"section\" data-e-type=\"section\">\n\t\t\t\t\t\t<div class=\"elementor-container elementor-column-gap-default\">\n\t\t\t\t\t<div class=\"elementor-column elementor-col-100 elementor-top-column elementor-element elementor-element-f270cf0\" data-id=\"f270cf0\" data-element_type=\"column\" data-e-type=\"column\">\n\t\t\t<div class=\"elementor-widget-wrap elementor-element-populated\">\n\t\t\t\t\t\t<div class=\"elementor-element elementor-element-f3193ad elementor-widget elementor-widget-heading\" data-id=\"f3193ad\" data-element_type=\"widget\" data-e-type=\"widget\" data-widget_type=\"heading.default\">\n\t\t\t\t<div class=\"elementor-widget-container\">\n\t\t\t\t\t<h3 class=\"elementor-heading-title elementor-size-default\">Neue App<\/h3>\t\t\t\t<\/div>\n\t\t\t\t<\/div>\n\t\t\t\t<div class=\"elementor-element elementor-element-944b2c3 elementor-widget elementor-widget-text-editor\" data-id=\"944b2c3\" data-element_type=\"widget\" data-e-type=\"widget\" data-widget_type=\"text-editor.default\">\n\t\t\t\t<div class=\"elementor-widget-container\">\n\t\t\t\t\t\t\t\t\t<p>Aber fangen wir am Anfang an. 2011 entwickelt Laurent Vuarraz Voisin aufgrund seiner Erfahrung in der Medienbranche eine Lernmethode, die auf Zahlenindikatoren beruht, da er davon \u00fcberzeugt ist, dass diese P\u00e4dagogik die Ergebnisse beschleunigen muss. Er experimentierte und bildete einzeln oder in kleinen Gruppen von bis zu acht Personen alle Menschen darin aus, besser zu sprechen.<\/p><p>Seit etwa zehn Monaten hat Laurent Vuarraz Voisin eine Smartphone-App hinzugef\u00fcgt. \"Ich hatte schon vor zehn Jahren die Idee, k\u00fcnstliche Intelligenz zur Selbstanalyse einzusetzen, aber die Technologie war noch nicht ausgereift\", erz\u00e4hlt er. Heute haben wir dank unseres internen Teams und Partnerschaften mit dem Institut Idiap in Martigny oder auch der HEIG-VD in Yverdon einen Service, der ausgereift ist.\" Diese Intensivseminare kosten etwa 1500 Franken f\u00fcr zwei Tage Pr\u00e4senzunterricht und einen Parcours mit t\u00e4glichen Mikrolektionen in der auf den Namen Talkmobile getauften App.<\/p><p>Diese App \"macht das gesprochene Wort durch objektive Daten sichtbar\", wie Laurent Vuarraz Voisin sagt. Nachdem man die App heruntergeladen und sein Konto eingerichtet hat, muss man sein Ziel definieren, z. B. \"mit Bravour \u00fcber sich selbst sprechen\", oder \"talentiert verhandeln und verkaufen\" und \"erfolgreich pitchen\". Dann geht es an die praktische Arbeit. Das Smartphone vor sich, die Kamera eingeschaltet, nimmt man sich f\u00fcr Sequenzen von beliebiger L\u00e4nge auf und sagt, was man will. Diese Videos werden dann an die Firma Talk.Swiss gesendet, die sie automatisch auf sichere und vertrauliche Weise analysiert, versichert sie. Kurz darauf sind die Ergebnisse verf\u00fcgbar, ebenfalls innerhalb der App. Und dann hat man eine F\u00fclle von Informationen vor sich, die einfach dargestellt sind. Die App analysiert gleichzeitig drei Hauptkomponenten: verbale, paraverbale und nonverbale Kommunikation.<\/p>\t\t\t\t\t\t\t\t<\/div>\n\t\t\t\t<\/div>\n\t\t\t\t\t<\/div>\n\t\t<\/div>\n\t\t\t\t\t<\/div>\n\t\t<\/section>\n\t\t\t\t<section class=\"elementor-section elementor-top-section elementor-element elementor-element-5fd2d0b elementor-section-boxed elementor-section-height-default elementor-section-height-default\" data-id=\"5fd2d0b\" data-element_type=\"section\" data-e-type=\"section\">\n\t\t\t\t\t\t<div class=\"elementor-container elementor-column-gap-default\">\n\t\t\t\t\t<div class=\"elementor-column elementor-col-100 elementor-top-column elementor-element elementor-element-f506bfd\" data-id=\"f506bfd\" data-element_type=\"column\" data-e-type=\"column\">\n\t\t\t<div class=\"elementor-widget-wrap elementor-element-populated\">\n\t\t\t\t\t\t<div class=\"elementor-element elementor-element-1fb77c8 elementor-widget elementor-widget-heading\" data-id=\"1fb77c8\" data-element_type=\"widget\" data-e-type=\"widget\" data-widget_type=\"heading.default\">\n\t\t\t\t<div class=\"elementor-widget-container\">\n\t\t\t\t\t<h3 class=\"elementor-heading-title elementor-size-default\">Eine Rede objektivieren<\/h3>\t\t\t\t<\/div>\n\t\t\t\t<\/div>\n\t\t\t\t<div class=\"elementor-element elementor-element-d2be9d4 elementor-widget elementor-widget-text-editor\" data-id=\"d2be9d4\" data-element_type=\"widget\" data-e-type=\"widget\" data-widget_type=\"text-editor.default\">\n\t\t\t\t<div class=\"elementor-widget-container\">\n\t\t\t\t\t\t\t\t\t<p>Beginnen wir mit der ersten.  Man sieht zum Beispiel auf dem Bildschirm eine Wolke von Schl\u00fcsselw\u00f6rtern, die aus dem eigenen Video extrahiert wurden. Wenn alle W\u00f6rter eine \u00e4hnliche Gr\u00f6sse haben, bedeutet dies a priori, dass in dem Video keine wirkungsvollen Schl\u00fcsselbotschaften vermittelt wurden. Dies erm\u00f6glicht es, sich zu verbessern. Man sieht auch die Art der verwendeten Verben, zusammen mit dem Prozentsatz der aktiven und passiven Rede. \"Wenn Sie Ihr Publikum mobilisieren, Ihre Mitarbeiter oder Ihr Publikum mitnehmen wollen, sollten Sie aktive Formen verwenden. Mithilfe von k\u00fcnstlicher Intelligenz k\u00f6nnen wir unsere Rede in wenigen Sekunden objektivieren\", erl\u00e4utert Laurent Vuarraz Voisin.\u00a0<\/p><p>Bei der paraverbalen Kommunikation werden die Sprechgeschwindigkeit oder auch Stottern, Pausen und Einatmen in einem Diagramm angezeigt. Bei der nonverbalen Kommunikation wird ein Diagramm angezeigt, das zeigt, wann man Freude, Angst oder Wut ausdr\u00fcckt, und anhand dessen man feststellen kann, ob die Emotion mit der eigenen Rede kongruent ist. Auf spielerische Weise gilt: Je mehr Videos und Mikrolektionen man macht, desto besser wird man, erh\u00e4lt mehr Punkte und macht Fortschritte. \"So lernen Sie, je nach Ihren Zielen, \u00fcberzeugender, selbstbewusster, gelassener oder engagierter zu wirken. Jedes Mal entsprechend dem, was Sie in Ihrem Kontext erreichen wollen\", versichert Laurent Vuarraz Voisin.\u00a0<\/p><p>Die App \u00fcberzeugte in unseren Tests und ist daher an eine zweit\u00e4gige Schulung bei Talk.Swiss gebunden. Laurent Vuarraz Voisin sucht derzeit nach Investoren f\u00fcr sein Unternehmen, um die angemeldeten Patente zu verwerten: \"Sie m\u00fcssen meine ethische Vision von k\u00fcnstlicher Intelligenz teilen\", erg\u00e4nzt er.<\/p>\t\t\t\t\t\t\t\t<\/div>\n\t\t\t\t<\/div>\n\t\t\t\t\t<\/div>\n\t\t<\/div>\n\t\t\t\t\t<\/div>\n\t\t<\/section>\n\t\t\t\t<section class=\"elementor-section elementor-top-section elementor-element elementor-element-de1fce1 elementor-section-boxed elementor-section-height-default elementor-section-height-default\" data-id=\"de1fce1\" data-element_type=\"section\" data-e-type=\"section\">\n\t\t\t\t\t\t<div class=\"elementor-container elementor-column-gap-default\">\n\t\t\t\t\t<div class=\"elementor-column elementor-col-100 elementor-top-column elementor-element elementor-element-a4f37f4\" data-id=\"a4f37f4\" data-element_type=\"column\" data-e-type=\"column\">\n\t\t\t<div class=\"elementor-widget-wrap elementor-element-populated\">\n\t\t\t\t\t\t<div class=\"elementor-element elementor-element-a8361b9 elementor-align-left elementor-widget__width-initial elementor-widget elementor-widget-button\" data-id=\"a8361b9\" data-element_type=\"widget\" data-e-type=\"widget\" data-widget_type=\"button.default\">\n\t\t\t\t<div class=\"elementor-widget-container\">\n\t\t\t\t\t\t\t\t\t<div class=\"elementor-button-wrapper\">\n\t\t\t\t\t<a class=\"elementor-button elementor-button-link elementor-size-sm\" href=\"https:\/\/www.letemps.ch\/economie\/grace-lia-une-application-suisse-permet-mieux-parler-public\" target=\"_blank\">\n\t\t\t\t\t\t<span class=\"elementor-button-content-wrapper\">\n\t\t\t\t\t\t\t\t\t<span class=\"elementor-button-text\">Artikel lesen<\/span>\n\t\t\t\t\t<\/span>\n\t\t\t\t\t<\/a>\n\t\t\t\t<\/div>\n\t\t\t\t\t\t\t\t<\/div>\n\t\t\t\t<\/div>\n\t\t\t\t\t<\/div>\n\t\t<\/div>\n\t\t\t\t\t<\/div>\n\t\t<\/section>\n\t\t\t\t<\/div>","protected":false},"excerpt":{"rendered":"<p>Die App Talkmobile, die von der Westschweizer Firma Talk.Swiss entwickelt wurde, analysiert unsere Sprache, unsere Worte, die nonverbale Kommunikation oder auch den Redefluss. Das alles dank eines leistungsf\u00e4higen Systems k\u00fcnstlicher Intelligenz, das \"Le Temps\" als Erstes testen konnte.<\/p>","protected":false},"author":12,"featured_media":6856,"comment_status":"closed","ping_status":"closed","sticky":false,"template":"","format":"standard","meta":{"footnotes":""},"categories":[39],"tags":[42,43],"class_list":["post-3379","post","type-post","status-publish","format-standard","has-post-thumbnail","hentry","category-medias","tag-charisme","tag-energie"],"yoast_head":"<!-- This site is optimized with the Yoast SEO plugin v28.3 - https:\/\/yoast.com\/product\/yoast-seo-wordpress\/ -->\n<title>Le Temps: Gr\u00e2ce \u00e0 l\u2019IA, une application suisse permet de mieux parler en public - TALK.SWISS<\/title>\n<meta name=\"robots\" content=\"index, follow, max-snippet:-1, max-image-preview:large, max-video-preview:-1\" \/>\n<link rel=\"canonical\" href=\"https:\/\/talk.swiss\/de\/le-temps-grace-a-lia-une-application-suisse-permet-de-mieux-parler-en-public\/\" \/>\n<meta property=\"og:locale\" content=\"de_DE\" \/>\n<meta property=\"og:type\" content=\"article\" \/>\n<meta property=\"og:title\" content=\"Le Temps: Gr\u00e2ce \u00e0 l\u2019IA, une application suisse permet de mieux parler en public - TALK.SWISS\" \/>\n<meta property=\"og:description\" content=\"L\u2019app Talkmobile, d\u00e9velopp\u00e9e par la soci\u00e9t\u00e9 romande Talk.Swiss, analyse notre \u00e9locution, nos paroles, la communication non verbale ou encore le d\u00e9bit. Le tout gr\u00e2ce \u00e0 un syst\u00e8me d\u2019intelligence artificielle performant, que \u00abLe Temps\u00bb a pu tester en primeur.\" \/>\n<meta property=\"og:url\" content=\"https:\/\/talk.swiss\/de\/le-temps-grace-a-lia-une-application-suisse-permet-de-mieux-parler-en-public\/\" \/>\n<meta property=\"og:site_name\" content=\"TALK.SWISS\" \/>\n<meta property=\"article:published_time\" content=\"2023-03-12T11:37:00+00:00\" \/>\n<meta property=\"article:modified_time\" content=\"2024-02-21T09:23:04+00:00\" \/>\n<meta property=\"og:image\" content=\"https:\/\/talk.swiss\/wp-content\/uploads\/2023\/03\/Le-Temps_TALK-SWISS_2023-03-13.webp\" \/>\n\t<meta property=\"og:image:width\" content=\"1500\" \/>\n\t<meta property=\"og:image:height\" content=\"2141\" \/>\n\t<meta property=\"og:image:type\" content=\"image\/webp\" \/>\n<meta name=\"author\" content=\"admin_zaniah\" \/>\n<meta name=\"twitter:card\" content=\"summary_large_image\" \/>\n<meta name=\"twitter:label1\" content=\"Geschrieben von\" \/>\n\t<meta name=\"twitter:data1\" content=\"admin_zaniah\" \/>\n\t<meta name=\"twitter:label2\" content=\"Gesch\u00e4tzte Lesezeit\" \/>\n\t<meta name=\"twitter:data2\" content=\"5\u00a0Minuten\" \/>\n<script type=\"application\/ld+json\" class=\"yoast-schema-graph\">{\"@context\":\"https:\\\/\\\/schema.org\",\"@graph\":[{\"@type\":\"Article\",\"@id\":\"https:\\\/\\\/talk.swiss\\\/le-temps-grace-a-lia-une-application-suisse-permet-de-mieux-parler-en-public\\\/#article\",\"isPartOf\":{\"@id\":\"https:\\\/\\\/talk.swiss\\\/le-temps-grace-a-lia-une-application-suisse-permet-de-mieux-parler-en-public\\\/\"},\"author\":{\"name\":\"admin_zaniah\",\"@id\":\"https:\\\/\\\/talk.swiss\\\/#\\\/schema\\\/person\\\/ba65540af01fcf4cb41dc98849e57120\"},\"headline\":\"Le Temps: Gr\u00e2ce \u00e0 l\u2019IA, une application suisse permet de mieux parler en public\",\"datePublished\":\"2023-03-12T11:37:00+00:00\",\"dateModified\":\"2024-02-21T09:23:04+00:00\",\"mainEntityOfPage\":{\"@id\":\"https:\\\/\\\/talk.swiss\\\/le-temps-grace-a-lia-une-application-suisse-permet-de-mieux-parler-en-public\\\/\"},\"wordCount\":898,\"publisher\":{\"@id\":\"https:\\\/\\\/talk.swiss\\\/#organization\"},\"image\":{\"@id\":\"https:\\\/\\\/talk.swiss\\\/le-temps-grace-a-lia-une-application-suisse-permet-de-mieux-parler-en-public\\\/#primaryimage\"},\"thumbnailUrl\":\"https:\\\/\\\/talk.swiss\\\/wp-content\\\/uploads\\\/2023\\\/03\\\/Le-Temps_TALK-SWISS_2023-03-13.webp\",\"keywords\":[\"Charisme\",\"Energie\"],\"articleSection\":[\"M\u00e9dias\"],\"inLanguage\":\"de-CH\"},{\"@type\":\"WebPage\",\"@id\":\"https:\\\/\\\/talk.swiss\\\/le-temps-grace-a-lia-une-application-suisse-permet-de-mieux-parler-en-public\\\/\",\"url\":\"https:\\\/\\\/talk.swiss\\\/le-temps-grace-a-lia-une-application-suisse-permet-de-mieux-parler-en-public\\\/\",\"name\":\"Le Temps: Gr\u00e2ce \u00e0 l\u2019IA, une application suisse permet de mieux parler en public - TALK.SWISS\",\"isPartOf\":{\"@id\":\"https:\\\/\\\/talk.swiss\\\/#website\"},\"primaryImageOfPage\":{\"@id\":\"https:\\\/\\\/talk.swiss\\\/le-temps-grace-a-lia-une-application-suisse-permet-de-mieux-parler-en-public\\\/#primaryimage\"},\"image\":{\"@id\":\"https:\\\/\\\/talk.swiss\\\/le-temps-grace-a-lia-une-application-suisse-permet-de-mieux-parler-en-public\\\/#primaryimage\"},\"thumbnailUrl\":\"https:\\\/\\\/talk.swiss\\\/wp-content\\\/uploads\\\/2023\\\/03\\\/Le-Temps_TALK-SWISS_2023-03-13.webp\",\"datePublished\":\"2023-03-12T11:37:00+00:00\",\"dateModified\":\"2024-02-21T09:23:04+00:00\",\"breadcrumb\":{\"@id\":\"https:\\\/\\\/talk.swiss\\\/le-temps-grace-a-lia-une-application-suisse-permet-de-mieux-parler-en-public\\\/#breadcrumb\"},\"inLanguage\":\"de-CH\",\"potentialAction\":[{\"@type\":\"ReadAction\",\"target\":[\"https:\\\/\\\/talk.swiss\\\/le-temps-grace-a-lia-une-application-suisse-permet-de-mieux-parler-en-public\\\/\"]}]},{\"@type\":\"ImageObject\",\"inLanguage\":\"de-CH\",\"@id\":\"https:\\\/\\\/talk.swiss\\\/le-temps-grace-a-lia-une-application-suisse-permet-de-mieux-parler-en-public\\\/#primaryimage\",\"url\":\"https:\\\/\\\/talk.swiss\\\/wp-content\\\/uploads\\\/2023\\\/03\\\/Le-Temps_TALK-SWISS_2023-03-13.webp\",\"contentUrl\":\"https:\\\/\\\/talk.swiss\\\/wp-content\\\/uploads\\\/2023\\\/03\\\/Le-Temps_TALK-SWISS_2023-03-13.webp\",\"width\":1500,\"height\":2141,\"caption\":\"Le Temps - 13.03.2'23\"},{\"@type\":\"BreadcrumbList\",\"@id\":\"https:\\\/\\\/talk.swiss\\\/le-temps-grace-a-lia-une-application-suisse-permet-de-mieux-parler-en-public\\\/#breadcrumb\",\"itemListElement\":[{\"@type\":\"ListItem\",\"position\":1,\"name\":\"Accueil\",\"item\":\"https:\\\/\\\/talk.swiss\\\/\"},{\"@type\":\"ListItem\",\"position\":2,\"name\":\"Le Temps: Gr\u00e2ce \u00e0 l\u2019IA, une application suisse permet de mieux parler en public\"}]},{\"@type\":\"WebSite\",\"@id\":\"https:\\\/\\\/talk.swiss\\\/#website\",\"url\":\"https:\\\/\\\/talk.swiss\\\/\",\"name\":\"TALK.SWISS\",\"description\":\"Talk, la parole au centre\",\"publisher\":{\"@id\":\"https:\\\/\\\/talk.swiss\\\/#organization\"},\"potentialAction\":[{\"@type\":\"SearchAction\",\"target\":{\"@type\":\"EntryPoint\",\"urlTemplate\":\"https:\\\/\\\/talk.swiss\\\/?s={search_term_string}\"},\"query-input\":{\"@type\":\"PropertyValueSpecification\",\"valueRequired\":true,\"valueName\":\"search_term_string\"}}],\"inLanguage\":\"de-CH\"},{\"@type\":\"Organization\",\"@id\":\"https:\\\/\\\/talk.swiss\\\/#organization\",\"name\":\"TALK.SWISS\",\"url\":\"https:\\\/\\\/talk.swiss\\\/\",\"logo\":{\"@type\":\"ImageObject\",\"inLanguage\":\"de-CH\",\"@id\":\"https:\\\/\\\/talk.swiss\\\/#\\\/schema\\\/logo\\\/image\\\/\",\"url\":\"https:\\\/\\\/talk.swiss\\\/wp-content\\\/uploads\\\/2022\\\/08\\\/cropped-Talk_logo.png\",\"contentUrl\":\"https:\\\/\\\/talk.swiss\\\/wp-content\\\/uploads\\\/2022\\\/08\\\/cropped-Talk_logo.png\",\"width\":400,\"height\":400,\"caption\":\"TALK.SWISS\"},\"image\":{\"@id\":\"https:\\\/\\\/talk.swiss\\\/#\\\/schema\\\/logo\\\/image\\\/\"}},{\"@type\":\"Person\",\"@id\":\"https:\\\/\\\/talk.swiss\\\/#\\\/schema\\\/person\\\/ba65540af01fcf4cb41dc98849e57120\",\"name\":\"admin_zaniah\",\"image\":{\"@type\":\"ImageObject\",\"inLanguage\":\"de-CH\",\"@id\":\"https:\\\/\\\/secure.gravatar.com\\\/avatar\\\/6e3c13c5d0ed8529b9c004df48200cfc1996cc9af076b48e60383c0e40604445?s=96&d=mm&r=g\",\"url\":\"https:\\\/\\\/secure.gravatar.com\\\/avatar\\\/6e3c13c5d0ed8529b9c004df48200cfc1996cc9af076b48e60383c0e40604445?s=96&d=mm&r=g\",\"contentUrl\":\"https:\\\/\\\/secure.gravatar.com\\\/avatar\\\/6e3c13c5d0ed8529b9c004df48200cfc1996cc9af076b48e60383c0e40604445?s=96&d=mm&r=g\",\"caption\":\"admin_zaniah\"},\"url\":\"https:\\\/\\\/talk.swiss\\\/de\\\/author\\\/admin_zaniah\\\/\"}]}<\/script>\n<!-- \/ Yoast SEO plugin. -->","yoast_head_json":{"title":"Le Temps: Dank KI kann man mit einer Schweizer App besser in der \u00d6ffentlichkeit sprechen - TALK.SWISS","robots":{"index":"index","follow":"follow","max-snippet":"max-snippet:-1","max-image-preview":"max-image-preview:large","max-video-preview":"max-video-preview:-1"},"canonical":"https:\/\/talk.swiss\/de\/le-temps-grace-a-lia-une-application-suisse-permet-de-mieux-parler-en-public\/","og_locale":"de_DE","og_type":"article","og_title":"Le Temps: Gr\u00e2ce \u00e0 l\u2019IA, une application suisse permet de mieux parler en public - TALK.SWISS","og_description":"L\u2019app Talkmobile, d\u00e9velopp\u00e9e par la soci\u00e9t\u00e9 romande Talk.Swiss, analyse notre \u00e9locution, nos paroles, la communication non verbale ou encore le d\u00e9bit. Le tout gr\u00e2ce \u00e0 un syst\u00e8me d\u2019intelligence artificielle performant, que \u00abLe Temps\u00bb a pu tester en primeur.","og_url":"https:\/\/talk.swiss\/de\/le-temps-grace-a-lia-une-application-suisse-permet-de-mieux-parler-en-public\/","og_site_name":"TALK.SWISS","article_published_time":"2023-03-12T11:37:00+00:00","article_modified_time":"2024-02-21T09:23:04+00:00","og_image":[{"width":1500,"height":2141,"url":"https:\/\/talk.swiss\/wp-content\/uploads\/2023\/03\/Le-Temps_TALK-SWISS_2023-03-13.webp","type":"image\/webp"}],"author":"admin_zaniah","twitter_card":"summary_large_image","twitter_misc":{"Geschrieben von":"admin_zaniah","Gesch\u00e4tzte Lesezeit":"5\u00a0Minuten"},"schema":{"@context":"https:\/\/schema.org","@graph":[{"@type":"Article","@id":"https:\/\/talk.swiss\/le-temps-grace-a-lia-une-application-suisse-permet-de-mieux-parler-en-public\/#article","isPartOf":{"@id":"https:\/\/talk.swiss\/le-temps-grace-a-lia-une-application-suisse-permet-de-mieux-parler-en-public\/"},"author":{"name":"admin_zaniah","@id":"https:\/\/talk.swiss\/#\/schema\/person\/ba65540af01fcf4cb41dc98849e57120"},"headline":"Le Temps: Gr\u00e2ce \u00e0 l\u2019IA, une application suisse permet de mieux parler en public","datePublished":"2023-03-12T11:37:00+00:00","dateModified":"2024-02-21T09:23:04+00:00","mainEntityOfPage":{"@id":"https:\/\/talk.swiss\/le-temps-grace-a-lia-une-application-suisse-permet-de-mieux-parler-en-public\/"},"wordCount":898,"publisher":{"@id":"https:\/\/talk.swiss\/#organization"},"image":{"@id":"https:\/\/talk.swiss\/le-temps-grace-a-lia-une-application-suisse-permet-de-mieux-parler-en-public\/#primaryimage"},"thumbnailUrl":"https:\/\/talk.swiss\/wp-content\/uploads\/2023\/03\/Le-Temps_TALK-SWISS_2023-03-13.webp","keywords":["Charisme","Energie"],"articleSection":["M\u00e9dias"],"inLanguage":"de-CH"},{"@type":"WebPage","@id":"https:\/\/talk.swiss\/le-temps-grace-a-lia-une-application-suisse-permet-de-mieux-parler-en-public\/","url":"https:\/\/talk.swiss\/le-temps-grace-a-lia-une-application-suisse-permet-de-mieux-parler-en-public\/","name":"Le Temps: Dank KI kann man mit einer Schweizer App besser in der \u00d6ffentlichkeit sprechen - TALK.SWISS","isPartOf":{"@id":"https:\/\/talk.swiss\/#website"},"primaryImageOfPage":{"@id":"https:\/\/talk.swiss\/le-temps-grace-a-lia-une-application-suisse-permet-de-mieux-parler-en-public\/#primaryimage"},"image":{"@id":"https:\/\/talk.swiss\/le-temps-grace-a-lia-une-application-suisse-permet-de-mieux-parler-en-public\/#primaryimage"},"thumbnailUrl":"https:\/\/talk.swiss\/wp-content\/uploads\/2023\/03\/Le-Temps_TALK-SWISS_2023-03-13.webp","datePublished":"2023-03-12T11:37:00+00:00","dateModified":"2024-02-21T09:23:04+00:00","breadcrumb":{"@id":"https:\/\/talk.swiss\/le-temps-grace-a-lia-une-application-suisse-permet-de-mieux-parler-en-public\/#breadcrumb"},"inLanguage":"de-CH","potentialAction":[{"@type":"ReadAction","target":["https:\/\/talk.swiss\/le-temps-grace-a-lia-une-application-suisse-permet-de-mieux-parler-en-public\/"]}]},{"@type":"ImageObject","inLanguage":"de-CH","@id":"https:\/\/talk.swiss\/le-temps-grace-a-lia-une-application-suisse-permet-de-mieux-parler-en-public\/#primaryimage","url":"https:\/\/talk.swiss\/wp-content\/uploads\/2023\/03\/Le-Temps_TALK-SWISS_2023-03-13.webp","contentUrl":"https:\/\/talk.swiss\/wp-content\/uploads\/2023\/03\/Le-Temps_TALK-SWISS_2023-03-13.webp","width":1500,"height":2141,"caption":"Le Temps - 13.03.2'23"},{"@type":"BreadcrumbList","@id":"https:\/\/talk.swiss\/le-temps-grace-a-lia-une-application-suisse-permet-de-mieux-parler-en-public\/#breadcrumb","itemListElement":[{"@type":"ListItem","position":1,"name":"Accueil","item":"https:\/\/talk.swiss\/"},{"@type":"ListItem","position":2,"name":"Le Temps: Gr\u00e2ce \u00e0 l\u2019IA, une application suisse permet de mieux parler en public"}]},{"@type":"WebSite","@id":"https:\/\/talk.swiss\/#website","url":"https:\/\/talk.swiss\/","name":"TALK.SWISS","description":"Talk, das Wort im Mittelpunkt","publisher":{"@id":"https:\/\/talk.swiss\/#organization"},"potentialAction":[{"@type":"SearchAction","target":{"@type":"EntryPoint","urlTemplate":"https:\/\/talk.swiss\/?s={search_term_string}"},"query-input":{"@type":"PropertyValueSpecification","valueRequired":true,"valueName":"search_term_string"}}],"inLanguage":"de-CH"},{"@type":"Organization","@id":"https:\/\/talk.swiss\/#organization","name":"TALK.SWISS","url":"https:\/\/talk.swiss\/","logo":{"@type":"ImageObject","inLanguage":"de-CH","@id":"https:\/\/talk.swiss\/#\/schema\/logo\/image\/","url":"https:\/\/talk.swiss\/wp-content\/uploads\/2022\/08\/cropped-Talk_logo.png","contentUrl":"https:\/\/talk.swiss\/wp-content\/uploads\/2022\/08\/cropped-Talk_logo.png","width":400,"height":400,"caption":"TALK.SWISS"},"image":{"@id":"https:\/\/talk.swiss\/#\/schema\/logo\/image\/"}},{"@type":"Person","@id":"https:\/\/talk.swiss\/#\/schema\/person\/ba65540af01fcf4cb41dc98849e57120","name":"admin_zaniah","image":{"@type":"ImageObject","inLanguage":"de-CH","@id":"https:\/\/secure.gravatar.com\/avatar\/6e3c13c5d0ed8529b9c004df48200cfc1996cc9af076b48e60383c0e40604445?s=96&d=mm&r=g","url":"https:\/\/secure.gravatar.com\/avatar\/6e3c13c5d0ed8529b9c004df48200cfc1996cc9af076b48e60383c0e40604445?s=96&d=mm&r=g","contentUrl":"https:\/\/secure.gravatar.com\/avatar\/6e3c13c5d0ed8529b9c004df48200cfc1996cc9af076b48e60383c0e40604445?s=96&d=mm&r=g","caption":"admin_zaniah"},"url":"https:\/\/talk.swiss\/de\/author\/admin_zaniah\/"}]}},"_links":{"self":[{"href":"https:\/\/talk.swiss\/de\/wp-json\/wp\/v2\/posts\/3379","targetHints":{"allow":["GET"]}}],"collection":[{"href":"https:\/\/talk.swiss\/de\/wp-json\/wp\/v2\/posts"}],"about":[{"href":"https:\/\/talk.swiss\/de\/wp-json\/wp\/v2\/types\/post"}],"author":[{"embeddable":true,"href":"https:\/\/talk.swiss\/de\/wp-json\/wp\/v2\/users\/12"}],"replies":[{"embeddable":true,"href":"https:\/\/talk.swiss\/de\/wp-json\/wp\/v2\/comments?post=3379"}],"version-history":[{"count":129,"href":"https:\/\/talk.swiss\/de\/wp-json\/wp\/v2\/posts\/3379\/revisions"}],"predecessor-version":[{"id":6861,"href":"https:\/\/talk.swiss\/de\/wp-json\/wp\/v2\/posts\/3379\/revisions\/6861"}],"wp:featuredmedia":[{"embeddable":true,"href":"https:\/\/talk.swiss\/de\/wp-json\/wp\/v2\/media\/6856"}],"wp:attachment":[{"href":"https:\/\/talk.swiss\/de\/wp-json\/wp\/v2\/media?parent=3379"}],"wp:term":[{"taxonomy":"category","embeddable":true,"href":"https:\/\/talk.swiss\/de\/wp-json\/wp\/v2\/categories?post=3379"},{"taxonomy":"post_tag","embeddable":true,"href":"https:\/\/talk.swiss\/de\/wp-json\/wp\/v2\/tags?post=3379"}],"curies":[{"name":"wp","href":"https:\/\/api.w.org\/{rel}","templated":true}]}}